{"id":5323,"date":"2013-08-21T14:22:14","date_gmt":"2013-08-21T11:22:14","guid":{"rendered":"http:\/\/bghaber.org\/bghaber\/?p=5323"},"modified":"2019-07-15T22:10:11","modified_gmt":"2019-07-15T20:10:11","slug":"belene-adasi","status":"publish","type":"post","link":"https:\/\/www.bghaber.org\/bghaber\/belene-adasi\/","title":{"rendered":"Belene Adas\u0131"},"content":{"rendered":"<p><a href=\"https:\/\/i0.wp.com\/bghaber.org\/bghaber\/wp-content\/uploads\/2013\/08\/belene-adasi.jpeg\"><img data-recalc-dims=\"1\" loading=\"lazy\" decoding=\"async\" class=\"alignright size-medium wp-image-5324\" alt=\"belene-adasi\" src=\"https:\/\/i0.wp.com\/bghaber.org\/bghaber\/wp-content\/uploads\/2013\/08\/belene-adasi-188x300.jpeg?resize=188%2C300\" width=\"188\" height=\"300\" srcset=\"https:\/\/i0.wp.com\/www.bghaber.org\/bghaber\/wp-content\/uploads\/2013\/08\/belene-adasi.jpeg?resize=188%2C300&amp;ssl=1 188w, https:\/\/i0.wp.com\/www.bghaber.org\/bghaber\/wp-content\/uploads\/2013\/08\/belene-adasi.jpeg?w=270&amp;ssl=1 270w\" sizes=\"auto, (max-width: 188px) 100vw, 188px\" \/><\/a>Belene Adas\u0131<\/p>\n<p>(Zulm\u00fcn Ate\u015f \u00c7emberinden An\u0131lar )<\/p>\n<p>Mehmet T\u00fcrker<\/p>\n<p>\u00c7a\u011fr\u0131 Yay\u0131nlar\u0131 \/ Roman Dizisi<\/p>\n<p>&nbsp;<\/p>\n<p>Yirminci asr\u0131n sonlar\u0131nda Bulgaristan&#8217;da uygulan soyk\u0131r\u0131m y\u0131llar\u0131nda on binlerce ki\u015fiye mezar olan \u00f6l\u00fcm kamp\u0131 Belene&#8217;ye s\u00fcr\u00fclen T\u00fcrklerin dram\u0131 anlat\u0131l\u0131r.<\/p><div id=\"bghab-3018641021\" class=\"bghab-icerik-icine bghab-entity-placement\"><script async src=\"\/\/pagead2.googlesyndication.com\/pagead\/js\/adsbygoogle.js?client=ca-pub-6203283170189293\" crossorigin=\"anonymous\"><\/script><ins class=\"adsbygoogle\" style=\"display:block; text-align:center;\" data-ad-client=\"ca-pub-6203283170189293\" \ndata-ad-slot=\"7303146466\" \ndata-ad-layout=\"in-article\"\ndata-ad-format=\"fluid\" data-full-width-responsive=\"true\"><\/ins>\n<script> \n(adsbygoogle = window.adsbygoogle || []).push({}); \n<\/script>\n<\/div>\n<p>Gazeteci-yazar Mehmet T\u00fcrker&#8217;in bizzat d\u00f6rt y\u0131la yak\u0131n kald\u0131\u011f\u0131 temerk\u00fcz kamp\u0131 ve s\u00fcrg\u00fcndeki hat\u0131ralar\u0131 bir solukta okunan kitaplar aras\u0131nda yerini alm\u0131\u015ft\u0131r.<\/p>\n<p>K\u0131sa s\u00fcrede \u00fc\u00e7\u00fcnc\u00fc bask\u0131s\u0131 yap\u0131lan &#8220;Belene Adas\u0131&#8221; hat\u0131ralar\u0131nda kom\u00fcnist sistemde ki\u015fi haklar\u0131n\u0131n nas\u0131l gaspedildi\u011fi ak\u0131c\u0131 bir \u00fcslupla anlat\u0131l\u0131rken, totaliter rejim y\u00f6neticilerinin yarg\u0131s\u0131z hapsetti\u011fi T\u00fcrkler&#8217;e uygulad\u0131\u011f\u0131 gayriinsan\u00ee tutum ve tav\u0131rlar\u0131 okuyucunun duygular\u0131n\u0131 ayyuka \u00e7\u0131kar\u0131yor.<br \/>\n(Tan\u0131t\u0131m B\u00fclteninden)<\/p>\n<p>&nbsp;<\/p>\n<div id=\"bghab-3238930659\" class=\"bghab-yazi-altinda bghab-entity-placement\"><script async src=\"https:\/\/pagead2.googlesyndication.com\/pagead\/js\/adsbygoogle.js\"><\/script>\r\n<!-- bghaber-yaz\u0131-sonu -->\r\n<ins class=\"adsbygoogle\"\r\n     style=\"display:block\"\r\n     data-ad-client=\"ca-pub-6203283170189293\"\r\n     data-ad-slot=\"4222328180\"\r\n     data-ad-format=\"auto\"\r\n     data-full-width-responsive=\"true\"><\/ins>\r\n<script>\r\n     (adsbygoogle = window.adsbygoogle || []).push({});\r\n<\/script><\/div><br style=\"clear: both; display: block; float: none;\"\/>","protected":false},"excerpt":{"rendered":"<p>Belene Adas\u0131 (Zulm\u00fcn Ate\u015f \u00c7emberinden An\u0131lar ) Mehmet T\u00fcrker \u00c7a\u011fr\u0131 Yay\u0131nlar\u0131 \/ Roman Dizisi &nbsp; Yirminci asr\u0131n sonlar\u0131nda Bulgaristan&#8217;da uygulan soyk\u0131r\u0131m y\u0131llar\u0131nda on binlerce ki\u015fiye<\/p>\n","protected":false},"author":29,"featured_media":5324,"comment_status":"closed","ping_status":"closed","sticky":false,"template":"","format":"standard","meta":{"advanced_seo_description":"","jetpack_seo_html_title":"","jetpack_seo_noindex":false,"jetpack_seo_schema_type":"","_jetpack_newsletter_access":"","_jetpack_dont_email_post_to_subs":false,"_jetpack_newsletter_tier_id":0,"_jetpack_memberships_contains_paywalled_content":false,"_jetpack_feature_clip_id":0,"_jetpack_memberships_contains_paid_content":false,"footnotes":"","jetpack_post_was_ever_published":false},"categories":[211],"tags":[30,219],"class_list":["post-5323","post","type-post","status-publish","format-standard","has-post-thumbnail","hentry","category-kitap","tag-bulgaristan","tag-mehmet-turker"],"jetpack_sharing_enabled":true,"jetpack_likes_enabled":true,"jetpack-related-posts":[],"jetpack_shortlink":"https:\/\/wp.me\/pc2PfJ-1nR","jetpack_featured_media_url":"https:\/\/i0.wp.com\/www.bghaber.org\/bghaber\/wp-content\/uploads\/2013\/08\/belene-adasi.jpeg?fit=270%2C430&ssl=1","_links":{"self":[{"href":"https:\/\/www.bghaber.org\/bghaber\/wp-json\/wp\/v2\/posts\/5323","targetHints":{"allow":["GET"]}}],"collection":[{"href":"https:\/\/www.bghaber.org\/bghaber\/wp-json\/wp\/v2\/posts"}],"about":[{"href":"https:\/\/www.bghaber.org\/bghaber\/wp-json\/wp\/v2\/types\/post"}],"author":[{"embeddable":true,"href":"https:\/\/www.bghaber.org\/bghaber\/wp-json\/wp\/v2\/users\/29"}],"replies":[{"embeddable":true,"href":"https:\/\/www.bghaber.org\/bghaber\/wp-json\/wp\/v2\/comments?post=5323"}],"version-history":[{"count":0,"href":"https:\/\/www.bghaber.org\/bghaber\/wp-json\/wp\/v2\/posts\/5323\/revisions"}],"wp:featuredmedia":[{"embeddable":true,"href":"https:\/\/www.bghaber.org\/bghaber\/wp-json\/wp\/v2\/media\/5324"}],"wp:attachment":[{"href":"https:\/\/www.bghaber.org\/bghaber\/wp-json\/wp\/v2\/media?parent=5323"}],"wp:term":[{"taxonomy":"category","embeddable":true,"href":"https:\/\/www.bghaber.org\/bghaber\/wp-json\/wp\/v2\/categories?post=5323"},{"taxonomy":"post_tag","embeddable":true,"href":"https:\/\/www.bghaber.org\/bghaber\/wp-json\/wp\/v2\/tags?post=5323"}],"curies":[{"name":"wp","href":"https:\/\/api.w.org\/{rel}","templated":true}]}}