{"id":53104,"date":"2021-03-05T23:14:46","date_gmt":"2021-03-05T20:14:46","guid":{"rendered":"https:\/\/www.bghaber.org\/bghaber\/?p=53104"},"modified":"2026-02-02T19:48:25","modified_gmt":"2026-02-02T16:48:25","slug":"sahtekarligin-bu-kadari-fazla","status":"publish","type":"post","link":"https:\/\/www.bghaber.org\/bghaber\/sahtekarligin-bu-kadari-fazla\/","title":{"rendered":"Sahtek\u00e2rl\u0131\u011f\u0131n Bu Kadar\u0131 Fazla"},"content":{"rendered":"\n<p class=\"wp-block-paragraph\">BGSAM<br>TARIH 5 MART 2021<\/p>\n\n\n\n<p class=\"wp-block-paragraph\">5 Mart sabah\u0131 se\u00e7im kampanyas\u0131 ba\u015flad\u0131.<br>Merkez Se\u00e7im Komisyonu, bu se\u00e7imlerde en kalabal\u0131k se\u00e7im b\u00f6lgesinin Sofya \u201cSredets\u201d belediyesinde oldu\u011funu a\u00e7\u0131klad\u0131. Se\u00e7men listesi 1000 (bin) sayfa, asmaya ve yap\u0131\u015ft\u0131rmaya duvar bulunamam\u0131\u015f.&nbsp; 45 752 (k\u0131rk be\u015f bin yedi y\u00fcz yetmi\u015f iki) se\u00e7menden s\u00f6z ediyoruz. Bu se\u00e7menlerin bir defa bir i\u015f g\u00fcn\u00fcnde, \u201cCovid-19\u201d mesafe k\u0131s\u0131tlamalar\u0131na uyarak bir sand\u0131k kullanmas\u0131 olanakl\u0131 m\u0131 sizce?<\/p>\n\n\n\n<p class=\"wp-block-paragraph\">\u201cSredets\u201d Belediye Ba\u015fkan\u0131 Tray\u00e7o Traykov\u2019un resmen a\u00e7\u0131klad\u0131\u011f\u0131na g\u00f6re, ayn\u0131 se\u00e7im b\u00f6lgesindeki &nbsp;\u201cLege &#8211; 6\u201dadresinde 82 binden fazla Kuzey Makedonya Cumhuriyeti (KMC) vatanda\u015f\u0131 adres kayd\u0131 yapt\u0131rm\u0131\u015f ve Bulgaristan Cumhuriyeti vatanda\u015fl\u0131\u011f\u0131 alm\u0131\u015f, dolay\u0131s\u0131yla se\u00e7ime kat\u0131labilirler.<\/p>\n\n\n\n<p class=\"wp-block-paragraph\">Belediye Ba\u015fkan\u0131 Traykov, KMC vatanda\u015flar\u0131, \u00e7ifte vatanda\u015f olarak, se\u00e7ime kat\u0131lma hakk\u0131 kazanm\u0131\u015f olsalar da, iki \u00fclke aras\u0131ndaki ola\u011fan\u00fcst\u00fc gergin ortamda, \u201coy kullanmaya gelmekten korkuyorlar\u201d diyor. \u00c7ifte vatanda\u015f KMC\u2019ti se\u00e7menlerinin say\u0131s\u0131 150 bindir.<\/p>\n\n\n\n<p class=\"wp-block-paragraph\">\u00c7ifte vatanda\u015f KMC vatanda\u015flar\u0131, 2017 se\u00e7imlerinde Bulgar a\u015f\u0131r\u0131 milliyet\u00e7i \u201cYurtsever Cephe\u201d sine yani VMRO-BND, NDSB ve ATAKA ortakl\u0131\u011f\u0131na oy vermi\u015f ve bu g\u00fc\u00e7ler iktidar ortakl\u0131\u011f\u0131na davet edilmi\u015f ve \u00fclkemizde a\u015f\u0131r\u0131 milliyet\u00e7ilik ve silahlanmaya \u00f6ncelik tan\u0131m\u0131\u015flard\u0131. &nbsp;Bulgaristan-Makedonya ili\u015fkilerindeki kriz ve Bulgaristan\u2019\u0131n KMC\u2019nin Avrupa Birli\u011fi (AB) \u00fcyeli\u011fine \u201cveto\u201d koymas\u0131, bu 150 bin ki\u015finin kullan\u0131lmas\u0131, Bulgaristan\u2019\u0131n Makedon gil, tarihi k\u00fclt\u00fcr ve kimli\u011fini tan\u0131mamas\u0131, \u015fimdiki se\u00e7inde bu ki\u015fileri sand\u0131\u011f\u0131 gitmemeye yemin ettirmi\u015ftir. \u00c7\u00fcnk\u00fc geli\u015fmeler onlar\u0131n hepsine, anadilin, tarihin, soy k\u00f6klerinin ve Milli kimli\u011fin her \u015feyden ama her \u015feyden, hele de Bulgar pasaportundan \u00e7ok daha de\u011ferli oldu\u011funu g\u00f6stermi\u015ftir.&nbsp;<br>Bu kararl\u0131 tav\u0131r Bulgaristan T\u00fcrk se\u00e7meni d\u00fc\u015f\u00fcnd\u00fcrmelidir.<br>Son G\u00fcnlerde Bulgaristan\u2019da \u00e7ok \u00f6nemli baz\u0131 geli\u015fmeler oldu.<br>Bu analizimizde, Bulgaristan T\u00fcrklerinin kimlik sorununa Makedonya a\u00e7\u0131s\u0131ndan baksak da, olaylar 19. Y\u00fczy\u0131l\u0131n sonlar\u0131nda ba\u015flam\u0131\u015f olsa da, birbirine ba\u011fl\u0131 ve sanki birbirinin ayn\u0131d\u0131r.<\/p><div id=\"bghab-3867914608\" class=\"bghab-icerik-icine bghab-entity-placement\"><script async src=\"\/\/pagead2.googlesyndication.com\/pagead\/js\/adsbygoogle.js?client=ca-pub-6203283170189293\" crossorigin=\"anonymous\"><\/script><ins class=\"adsbygoogle\" style=\"display:block; text-align:center;\" data-ad-client=\"ca-pub-6203283170189293\" \ndata-ad-slot=\"7303146466\" \ndata-ad-layout=\"in-article\"\ndata-ad-format=\"fluid\" data-full-width-responsive=\"true\"><\/ins>\n<script> \n(adsbygoogle = window.adsbygoogle || []).push({}); \n<\/script>\n<\/div>\n\n\n\n<p class=\"wp-block-paragraph\">\u00c7ok \u00f6nemli bir a\u00e7\u0131klama:<br>G\u00fcya \u201csoya d\u00f6n\u00fc\u015f\u201d, uygulamada isim ve kimlik de\u011fi\u015ftirerek asimile edip Bulgarla\u015ft\u0131rma ve ard\u0131ndan bir soyk\u0131r\u0131m denemesi, Milli T\u00fcrk \u0130syan\u0131 ve \u201cB\u00fcy\u00fck G\u00f6\u00e7\u201d&nbsp; olarak derinle\u015fen \u015fiddetli sald\u0131r\u0131lar\u0131n ak\u0131l hocalar\u0131ndan biri olan, BKP MK \u00fcyesi, Bulgaristan Bilimler Akademisi\u2019nde (BBA) Akademisyen, Prof.&nbsp; \u0130l\u00e7o Dimitrov\u2019un o\u011fullu \u0130van \u0130L\u00c7EV devleti sarsan bir a\u00e7\u0131klama yapt\u0131. 4 y\u0131l \u201cSofya \u00dcniversitesi\u201d Tarih Fak\u00fcltesi Dekan\u0131 ve 8 y\u0131l bu \u00dcniversitenin Rekt\u00f6r\u00fc olan, tarih profes\u00f6r\u00fc \u0130VAN \u0130L\u00c7EV, Bulgaristan Kuzey Makedonya Cumhuriyeti TAR\u0130H KOM\u0130SYONU \u00fcyesi s\u0131fat\u0131yla, \u201cBulgaristan bir k\u00f6r sokakta bulunuyor. Bulgaristan zavall\u0131 insanlar taraf\u0131ndan y\u00f6netiliyor. Politikac\u0131lar bilimsel sorunlar\u0131 \u00e7\u00f6zemez. Bulgar tarihine politik \u00e7\u00f6z\u00fcmler dayat\u0131l\u0131yor.\u201d dedi.<\/p>\n\n\n\n<p class=\"wp-block-paragraph\">Bir Balkan Tarihi uzman\u0131 olan Prof. \u0130l\u00e7ev\u2019in bu s\u00f6zleri, tarihi dikte eden politik amirler (BKP\u2019nin sahte tarih\u00e7ileri) oldu\u011funa i\u015faret ederken, ger\u00e7eklere dayanan bir bilim adam\u0131n\u0131n, babas\u0131n\u0131n (Akademisyen \u0130l\u00e7o Dimitrov) uydurdu\u011fu \u201cBulgaristan T\u00fcrkleri \u0130slamla\u015ft\u0131r\u0131lm\u0131\u015f Bulgar\u2019d\u0131r. Bulgaristan\u2019da T\u00fcrk yoktur\u201d gibi sa\u00e7mal\u0131klar\u0131 reddetti\u011fini ve tarih \u00fczerindeki kara \u00e7ar\u015faf\u0131n ucunu a\u00e7t\u0131\u011f\u0131n\u0131 g\u00f6r\u00fcyoruz. Bu 19. Y\u00fczy\u0131ldan beri Bulgar bilim tarihinde ilk isyand\u0131r bu, bir ba\u015fkald\u0131r\u0131d\u0131r, Makedon Kimli\u011fi konusunun, Bulgaristan\u2019daki di\u011fer az\u0131nl\u0131klarla ilgili d\u00fc\u011f\u00fcm\u00fc de kesin \u00e7\u00f6z\u00fclece\u011fine ilk i\u015farettir. Gizli ar\u015fivler a\u00e7\u0131lmal\u0131d\u0131r.<\/p>\n\n\n\n<p class=\"wp-block-paragraph\">*<\/p>\n\n\n\n<p class=\"wp-block-paragraph\">Ku\u015fkusuz burada endi\u015felendiren bir nokta var. Bu a\u00e7\u0131klamalar hep VMRO k\u0131sa atl\u0131 eski Makedon \u00e7etecileri partisi ile ba\u011flant\u0131l\u0131 oldu\u011fundan, u\u00e7 milliyet\u00e7ili\u011fi \u00fczerine yeniden basarak, acaba Savunma bakan\u0131 Karaka\u00e7anov partisi yeniden meclise sokulmak m\u0131 isteniyor. 2017-2021 aras\u0131 Birle\u015fik Amerika\u2019ya \u201cF-16\u201d u\u00e7a\u011f\u0131 i\u00e7in 2.5 milyar leva aktarmay\u0131 ba\u015farm\u0131\u015ft\u0131. ABD Sofya B\u00fcy\u00fckel\u00e7isi Bayan H. Mustafa \u201cbereket \u00e7e\u015fmesinin 45. D\u00f6nemde de akmaya devam etmesini\u201d istemi\u015f olabilir.<\/p>\n\n\n\n<p class=\"wp-block-paragraph\"><br>Pirincin ta\u015f\u0131n\u0131 diplomatlar da ay\u0131kl\u0131yor.<br>Se\u00e7imler yakla\u015f\u0131rken, Bulgaristan\u2019\u0131n d\u0131\u015f siyaseti tamamen toslad\u0131. D\u0131\u015f \u0130\u015fleri Bakan\u0131 Zaharieva\u2019n\u0131n B\u00fcy\u00fckel\u00e7ileri tan\u0131mad\u0131\u011f\u0131 konu\u015fulmaya ba\u015flad\u0131. &nbsp;AB, Kuzey Makedonya ve Arnavutluk\u2019la ilgili yeni tez ve g\u00f6r\u00fc\u015f i\u00e7eren rapor haz\u0131rlat\u0131yor. Bu raporlar, Avrupa\u2019n\u0131n en b\u00fcy\u00fck \u00dcniversiteleri\u2019ndeki Makedon Dil ve Tarih Fak\u00fcltelerinde yaz\u0131l\u0131yor. Kaynak olarak da, ABD Merkezi \u0130stihbarat Te\u015fkilat\u0131 (C\u0130A) \/TsRU\/ yay\u0131nlar\u0131, Ansiklopedisi vs. kullan\u0131l\u0131yor. Bu yay\u0131nlarda d\u00fcnya siyasetini y\u00f6nlendiren bir\u00e7ok bilgi var. Hepsinde, \u00f6rne\u011fin Arnavutluk\u2019ta \u201cBulgar az\u0131nl\u0131\u011f\u0131 de\u011fil, Makedon az\u0131nl\u0131\u011f\u0131\u201d ya\u015fad\u0131\u011f\u0131 belgelenmi\u015f.<\/p><div id=\"bghab-567539637\" class=\"bghab-icerik-icine-10-paragraf bghab-entity-placement\"><script async src=\"\/\/pagead2.googlesyndication.com\/pagead\/js\/adsbygoogle.js?client=ca-pub-6203283170189293\" crossorigin=\"anonymous\"><\/script><ins class=\"adsbygoogle\" style=\"display:block; text-align:center;\" data-ad-client=\"ca-pub-6203283170189293\" \ndata-ad-slot=\"7303146466\" \ndata-ad-layout=\"in-article\"\ndata-ad-format=\"fluid\" data-full-width-responsive=\"true\"><\/ins>\n<script> \n(adsbygoogle = window.adsbygoogle || []).push({}); \n<\/script>\n<\/div>\n\n\n\n<p class=\"wp-block-paragraph\">Ayn\u0131 merkezin ayr\u0131nt\u0131l\u0131 bilgilerinde, Bulgaristan\u2019da iki farkl\u0131 grup Makedon ya\u015fad\u0131\u011f\u0131 a\u00e7\u0131klan\u0131yor. Birinci grup, yerli Makedonlar. Bu az\u0131nl\u0131k, &nbsp;\u201cStruma\u201d (Kara Su) nehri boyunda, \u201cPirin\u201d Da\u011flar\u0131n\u0131n Bat\u0131 eteklerinde, \u201cL\u00fclin\u201d Da\u011f\u0131n\u0131n bat\u0131s\u0131ndaki K\u00fcstendil ve Blogoevgrad (Yukar\u0131 Cuma) illerinde ya\u015f\u0131yor ve halen k\u00fclt\u00fcrel ve etnik otonomi istiyor. Yerli Makedonlar d\u0131\u015f\u0131nda, Bulgaristan\u2019da bir de Birinci ve \u0130kinci Balkan Sava\u015flar\u0131ndan sonra, Bulgar Krall\u0131\u011f\u0131na gelip yerle\u015fen bir Makedon g\u00f6\u00e7men grubu var. Makedon g\u00f6\u00e7menler g\u00fcn\u00fcm\u00fczde Kuzey Bulgaristan\u2019a ve Plovdiv (Filibe) ve Sofya\u2019da ya\u015f\u0131yorlar. Bu kitlenin Bulgaristan\u2019a bug\u00fcnk\u00fc Kuzey Makedonya Cumhuriyeti topraklar\u0131ndan gelmedi\u011fi, 1913 ve 1919 bozgunlar\u0131nda, Bulgar yenilgilerinden ve b\u00fcy\u00fck felaketten sonra Yunanistan Trakya\u2019s\u0131ndan geldi\u011fi biliniyor.<\/p>\n\n\n\n<p class=\"wp-block-paragraph\">Bulgaristan\u2019\u0131n eski Atina B\u00fcy\u00fckel\u00e7isi Stoyanov\u2019un g\u00f6r\u00fc\u015fleri.<br>Eski Atina B\u00fcy\u00fckel\u00e7isi Stefan Stoyanov, Bulgaristan\u2019\u0131n tamamen izole olmu\u015f durumunu Bulgar \u201cAvrupa\u201d televizyonunda yorumlad\u0131. Kuzey Makedonya Cumhuriyeti konusunda izlenen d\u0131\u015f siyaset konusunda, 2021 y\u0131l\u0131n ba\u015f\u0131nda tam tecrit durumuna d\u00fc\u015fen Bulgaristan\u2019\u0131n \u015fimdiki durumunun 1913\u2019\u00fc and\u0131rd\u0131\u011f\u0131n\u0131 hat\u0131rlatt\u0131. Diplomat Stoyanov, d\u00f6nemle ilgili Yunanistan ve Bulgaristan okullar\u0131nda okutulan tarih kitaplar\u0131nda \u00e7ok farkl\u0131 \u015feyler yazd\u0131\u011f\u0131n\u0131 a\u00e7\u0131klarken \u015f\u00f6yle dedi:<\/p>\n\n\n\n<p class=\"wp-block-paragraph\">Yunan ders kitaplar\u0131nda, 1913 y\u0131l\u0131nda, Bulgar ordular\u0131n\u0131n \u201cMakedonya\u2019n\u0131n \u2018Drava\u2019 k\u00f6y\u00fcnde 5 016 k\u00f6yl\u00fcy\u00fc kur\u015funa dizdi\u011fi,&nbsp; \u2018Klisura\u2019 k\u00f6y\u00fcnde 270 ya\u015fl\u0131y\u0131 \u00f6ld\u00fcrd\u00fc\u011f\u00fc, Kiril Alfabesini icat eden ve yayan \u201cKiril ve Metodiy\u201d karde\u015flerin Yunan k\u00f6kenli oldu\u011fu, 1901\u2019de patlak veren Selanik Ayaklanmas\u0131 \u00e7etelerini bir Bulgar\u2019\u0131n ele verdi\u011fi vs okutuluyor.<br>Diplomat Stoyanov, 1919\u2019da imzalanan Paris \/Neuilly Anla\u015fmas\u0131ndaki hedefin Balkanlar\u2019da etnik s\u0131n\u0131rlar \u00e7izmek oldu\u011funu, oysa Bulgar ya\u015famayan Balkan topraklar\u0131n\u0131n gasp edildi\u011fine vurgu yapt\u0131. Bu topraklardan bir k\u0131sm\u0131 K\u0131rca Ali ve Smolyan illerine ba\u011fl\u0131 G\u00fcney Do\u011fu Rodoplar\u2019daki T\u00fcrk n\u00fcfuslu 9 belediyedir.<\/p>\n\n\n\n<p class=\"wp-block-paragraph\">Bu arada ABD D\u0131\u015f \u0130\u015fleri Bakanl\u0131\u011f\u0131nda g\u00f6revli Avrupa ve Balkanlardan sorumlu, \u0130talyanca ve Makedonca konu\u015fan, Diplomat Filip Rik\u0131r, bir Makedonya tarihi uzman\u0131 olarak deme\u00e7lerinde \u015fu tezleri savunuyor:&nbsp;<\/p>\n\n\n\n<p class=\"wp-block-paragraph\">\u201c1919\u2019da Makedon devleti kurulamamas\u0131 sebepleri aras\u0131nda belirleyici olan,&nbsp; M\u00fcttefikler aras\u0131 Sava\u015fta(1913) &nbsp;ve Birinci D\u00fcnya Sava\u015f\u0131nda (1914-1918) &nbsp;Yunanistan ve S\u0131rbistan aras\u0131nda bir gizli antla\u015fma olmas\u0131d\u0131r. Bu anla\u015fmaya g\u00f6re, Yunanistan ve S\u0131rbistan sava\u015fta ele ge\u00e7irdikleri topraklara sahip olacak ve kendi devlet topraklar\u0131na katacakt\u0131r. S\u0131rplar ve Yunanlar Makedonya\u2019y\u0131 b\u00f6yle par\u00e7alam\u0131\u015ft\u0131r. Bu sava\u015flarda Makedon \u00e7eteciler ordular\u0131n ard\u0131ndan temizlik ve talan yapm\u0131\u015f ve devlet kurma talebinde bulunmam\u0131\u015ft\u0131r.\u201d<\/p><div id=\"bghab-2258777484\" class=\"bghab-icerik-icine-15-paragraf bghab-entity-placement\"><script async src=\"\/\/pagead2.googlesyndication.com\/pagead\/js\/adsbygoogle.js?client=ca-pub-6203283170189293\" crossorigin=\"anonymous\"><\/script><ins class=\"adsbygoogle\" style=\"display:block; text-align:center;\" data-ad-client=\"ca-pub-6203283170189293\" \ndata-ad-slot=\"7303146466\" \ndata-ad-layout=\"in-article\"\ndata-ad-format=\"fluid\" data-full-width-responsive=\"true\"><\/ins>\n<script> \n(adsbygoogle = window.adsbygoogle || []).push({}); \n<\/script>\n<\/div>\n\n\n\n<p class=\"wp-block-paragraph\">Benzer \u00f6rnek, 1913\u2019te \u00c7ar Ferdinand Bat\u0131 Rodoplar\u2019da M\u00fcsl\u00fcman Pomak n\u00fcfusun dil ve dinini Bulgar ordusunun bask\u0131 g\u00fcc\u00fcyle zorla de\u011fi\u015ftirirken VMRO \u00e7etecilerin M\u00fcsl\u00fcman k\u00f6ylerdeki ya\u011fmalama ve katliam\u0131nda izlenmi\u015f ve belgelenmi\u015ftir.<\/p>\n\n\n\n<p class=\"wp-block-paragraph\">Bu tarihsel ger\u00e7ekler, g\u00fcn\u00fcm\u00fczde \u00e7\u00f6z\u00fclmez bir d\u00fc\u011f\u00fcm haline gelen Makedonya probleminin Moskova \/ KOM\u0130NTERN icatt\u0131 olmad\u0131\u011f\u0131na, Bulgar derin milli bunal\u0131mlar\u0131n\u0131n yanl\u0131\u015f form\u00fcllerle, bask\u0131 ve ter\u00f6rle \u00e7\u00f6z\u00fclmek istendi\u011fine ve kilitlendi\u011fine i\u015faret ediliyor.<\/p>\n\n\n\n<p class=\"wp-block-paragraph\">Diplomat Stoyanov\u2019un belirtti\u011fine g\u00f6re, Bulgar devlet y\u00f6netimi belirledi\u011fi hedeflere uygun tarih yazd\u0131r\u0131yor ve Bulgar doktrini ve milli menfaatleri uydurulmu\u015f tarihsel temellere dayan\u0131yor.<\/p>\n\n\n\n<p class=\"wp-block-paragraph\">Bulgar devleti KMC ile dil, din ve Makedon kimli\u011fi sorunlar\u0131n\u0131n \u00e7\u00f6z\u00fcm\u00fcnde 1964-1989 y\u0131llar\u0131 aras\u0131nda Bulgaristan T\u00fcrklerini &nbsp;\u201c\u0130slamla\u015ft\u0131r\u0131lm\u0131\u015f Bulgar\u201d g\u00f6stererek, asimile edip Bulgarla\u015ft\u0131rma form\u00fcl\u00fcn\u00fc, Makedon dil, soy tarihi ve kimli\u011fini \u00e7arp\u0131tarak yeniden kullan\u0131yor.<\/p>\n\n\n\n<p class=\"wp-block-paragraph\">Bu ger\u00e7e\u011fi belirten, Bulgaristan\u2019\u0131n Atina eski B\u00fcy\u00fckel\u00e7isi Stefan Stoyanov,&nbsp; 1964 y\u0131l\u0131nda uydurulan ve Bulgar devletini resmi politikas\u0131 haline gelen ve 1984 \u2013 1989 y\u0131llar\u0131 aras\u0131nda soyk\u0131r\u0131m denemesi olarak ter\u00f6rle dayat\u0131lan,&nbsp;&nbsp; \u201cBulgaristan T\u00fcrklerinin \u0130slamla\u015ft\u0131r\u0131lm\u0131\u015f Bulgarlar\u201d oldu\u011fu yalan tezi, 2017\u2019den sonra Makedonlar konusunda da uygulanmaya \u00e7al\u0131\u015f\u0131l\u0131yor. &nbsp;Dikkati \u00e7eken hususlar.<\/p><div id=\"bghab-3953501594\" class=\"bghab-icerik-icine-20-paragraf bghab-entity-placement\"><script async src=\"\/\/pagead2.googlesyndication.com\/pagead\/js\/adsbygoogle.js?client=ca-pub-6203283170189293\" crossorigin=\"anonymous\"><\/script><ins class=\"adsbygoogle\" style=\"display:block; text-align:center;\" data-ad-client=\"ca-pub-6203283170189293\" \ndata-ad-slot=\"7303146466\" \ndata-ad-layout=\"in-article\"\ndata-ad-format=\"fluid\" data-full-width-responsive=\"true\"><\/ins>\n<script> \n(adsbygoogle = window.adsbygoogle || []).push({}); \n<\/script>\n<\/div>\n\n\n\n<p class=\"wp-block-paragraph\"><strong>Bir)&nbsp;<\/strong> Bulgaristan\u2019daki yerli Makedonlara 1945\u2019te tan\u0131nan, Makedon kimli\u011fi \u015fimdi kesinlikle reddedilirken, bu konuda Avrupa \u0130nsan Haklar\u0131 Mahkemesi kararlar\u0131 da hi\u00e7e say\u0131l\u0131yor. Bir milli az\u0131nl\u0131k olan \u00fclkemizdeki yerli Makedonlar\u0131n dernekle\u015fme ve siyasi \u00f6rg\u00fctlenme gibi haklar\u0131 tan\u0131nmazken, okul, k\u00fclt\u00fcr evi, etnik k\u00fclt\u00fcr geli\u015ftirme gibi haklar\u0131 da unutturulmaya \u00e7al\u0131\u015f\u0131l\u0131yor.<\/p>\n\n\n\n<p class=\"wp-block-paragraph\"><strong>\u0130ki)<\/strong> Makedonlar\u0131n \u201cBulgar as\u0131ll\u0131 olduklar\u0131\u201d yalan\u0131 hi\u00e7bir Balkan devlet ve halk\u0131 taraf\u0131ndan kabul edilmedi. \u00c7ek Cumhuriyeti ve Slovenya Bulgar devletinin AB Konseyinde \u201cveto\u201d kullanarak, Bat\u0131 Balkanlara geni\u015flemeye duvar \u00f6rmesini k\u0131nad\u0131.<\/p>\n\n\n\n<p class=\"wp-block-paragraph\">1913\u2019den ve 1918\u2019den sonra Yunanistan Trakya\u2019s\u0131ndan gelip Bulgaristan\u2019a yerle\u015fen ve Bulgar olma \u015fart\u0131n\u0131 kabul eden Makedonlar \u015fimdiki kar\u0131\u015f\u0131kl\u0131kta ba\u015frol g\u00f6r\u00fcyor. Bulgar devleti ad\u0131na konu\u015fuyorlar. Bu konudaki politik ve ideolojik i\u015fleri VMRO partisi \u00fcslenmi\u015f olan VMRO-partisi Bulgaristan d\u0131\u015f siyasetini tamamen toslatm\u0131\u015ft\u0131r. Bulgaristan\u2019\u0131n Balkanlarda ve d\u00fcnyada otoritesi s\u0131f\u0131rlanm\u0131\u015ft\u0131r. (Bulgaristan T\u00fcrklerine de isimleri zorla de\u011fi\u015ftirilirken T\u00fcrkiye\u2019de \u201cakrabam yok\u201d belgesi imzalat\u0131lm\u0131\u015ft\u0131. Zorla isim de\u011fi\u015ftirme d\u00f6neminde Bulgaristan\u2019\u0131n uluslararas\u0131 itibar\u0131 s\u0131f\u0131rlanm\u0131\u015ft\u0131.) Biz, ayn\u0131 olay\u0131n 1913\u2019ten sonra 1985\u2019te ve 2017\u2019den bug\u00fcne kadar ders al\u0131nmadan uygulanan Bulgar kimli\u011fi dayatma devlet siyasetinin yeniden toslay\u0131p \u00e7\u00f6kt\u00fc\u011f\u00fcne tan\u0131k oluyoruz.<\/p>\n\n\n\n<p class=\"wp-block-paragraph\"><strong>\u00dc\u00e7) <\/strong>Kuzey Makedonya Cumhuriyeti\u2019nde ya\u015fayan ve \u201cBulgar oldu\u011fumu kabul ediyorum\u201d belgesini imzalamak \u015fart\u0131yla AB \u00fclkelerine i\u015fe \u00e7\u0131kabilmek i\u00e7in kimliklerine ihanet eden Bulgaristan vatanda\u015f\u0131 pasaportlu Makedonlar bug\u00fcn pi\u015fmanl\u0131k ya\u015f\u0131yor. Yapt\u0131klar\u0131ndan utan\u0131yorlar.<\/p>\n\n\n\n<p class=\"wp-block-paragraph\">Diplomat Stoyanov\u2019un 4 Nisan 2021 se\u00e7imlerinden sonra kurulacak yeni Bulgar kabinesinin, \u201cbilimi politik hedeflerle uygulamaktan vaz ge\u00e7ilmelidir\u201d diyor. \u201cSoya d\u00f6n\u00fc\u015f\u201d ser\u00fcveninden ders \u00e7\u0131kar\u0131lmas\u0131n\u0131 istiyor. &nbsp;\u00d6yleyse Bulgar tarih biliminin 20. Y\u00fczy\u0131lda geli\u015ftirdi\u011fi b\u00fct\u00fcn tezlerin yalan ve savlar\u0131n uydurma, T\u00fcrkler, Makedonlar, Pomaklar, Gagavuzlar, Tatarlar, \u00c7erkezler, Ulahlar, Yahudiler ve di\u011fer az\u0131nl\u0131klarla ilgili devlet taraf\u0131ndan al\u0131nan ve dayat\u0131lan kararlar\u0131n ve Bulgar tarih\u00e7ilerin yazd\u0131klar\u0131n\u0131n yanl\u0131\u015f oldu\u011fu ve ge\u00e7ersiz k\u0131l\u0131nmal\u0131d\u0131r, vurgusunu yap\u0131yor. Amerika Merkezi \u0130stihbarat Dairesi (C\u0130A) resmi belgelerinde yer alan Bulgaristan az\u0131nl\u0131klar\u0131n\u0131n hepsinin az\u0131nl\u0131k, dil, din, milli kimlik haklar\u0131, bireysel ve kolektif, do\u011fal, az\u0131nl\u0131k ve insan haklar\u0131, k\u00fclt\u00fcrel haklar\u0131 tan\u0131nmal\u0131 ve yasalla\u015ft\u0131r\u0131lmal\u0131d\u0131r. \u00c7ok k\u00fclt\u00fcrl\u00fc bir \u00fclke olan Bulgaristan\u2019\u0131n kom\u015fular ortam\u0131nda, Ba\u015fkanlarda ve d\u00fcnya \u00e7ap\u0131nda otorite sahibi olmas\u0131n\u0131n tek yolu budur. \u015eimdiki siyaset Bulgaristan halk\u0131n\u0131 par\u00e7al\u0131yor, birbirine d\u00fc\u015f\u00fcr\u00fcyor ve huzursuzluklar\u0131 k\u0131\u015fk\u0131rt\u0131yor.<\/p><div id=\"bghab-3945920364\" class=\"bghab-icerik-icine-25-paragraf bghab-entity-placement\"><script async src=\"\/\/pagead2.googlesyndication.com\/pagead\/js\/adsbygoogle.js?client=ca-pub-6203283170189293\" crossorigin=\"anonymous\"><\/script><ins class=\"adsbygoogle\" style=\"display:block; text-align:center;\" data-ad-client=\"ca-pub-6203283170189293\" \ndata-ad-slot=\"7303146466\" \ndata-ad-layout=\"in-article\"\ndata-ad-format=\"fluid\" data-full-width-responsive=\"true\"><\/ins>\n<script> \n(adsbygoogle = window.adsbygoogle || []).push({}); \n<\/script>\n<\/div>\n\n\n\n<p class=\"wp-block-paragraph\">20. y\u00fczy\u0131l Bulgar devlet politikas\u0131, az\u0131nl\u0131klar\u0131 \u00f6teleyerek ezme ve asimile ederek Bulgarla\u015ft\u0131rma siyaseti \u00fcst\u00fcne bir k\u0131rm\u0131z\u0131\u00e7izgi \u00e7izip reddetme zaman\u0131 gelmi\u015ftir. Zaman gen\u00e7 ku\u015fa\u011f\u0131n babalar\u0131n\u0131n yanl\u0131\u015flar\u0131n\u0131, BKP\u2019nin i\u011fren\u00e7 siyasi \u00e7izgisini tamamen red etmekle ba\u015flamal\u0131 ve derinle\u015ftirilmelidir. Bu ad\u0131mlar at\u0131lmadan se\u00e7im yap\u0131labilir, reform ve d\u00f6n\u00fc\u015f\u00fcm yap\u0131lamaz. Yeni Anayasa ise hen\u00fcz mayalanmam\u0131\u015ft\u0131r.<br>Bulgarlar Bulgar ise, T\u00fcrkler de T\u00fcrk, Makedonlar da Makedon\u2019dur.<br>Yeni bir d\u00fcnya bizi bekliyor.<\/p>\n\n\n\n<p class=\"wp-block-paragraph\"><br>Okuyanlar l\u00fctfen payla\u015f\u0131n\u0131z.<\/p>\n<div id=\"bghab-1396902143\" class=\"bghab-yazi-altinda bghab-entity-placement\"><script async src=\"https:\/\/pagead2.googlesyndication.com\/pagead\/js\/adsbygoogle.js\"><\/script>\r\n<!-- bghaber-yaz\u0131-sonu -->\r\n<ins class=\"adsbygoogle\"\r\n     style=\"display:block\"\r\n     data-ad-client=\"ca-pub-6203283170189293\"\r\n     data-ad-slot=\"4222328180\"\r\n     data-ad-format=\"auto\"\r\n     data-full-width-responsive=\"true\"><\/ins>\r\n<script>\r\n     (adsbygoogle = window.adsbygoogle || []).push({});\r\n<\/script><\/div><br style=\"clear: both; display: block; float: none;\"\/>","protected":false},"excerpt":{"rendered":"<p>BGSAMTARIH 5 MART 2021 5 Mart sabah\u0131 se\u00e7im kampanyas\u0131 ba\u015flad\u0131.Merkez Se\u00e7im Komisyonu, bu se\u00e7imlerde en kalabal\u0131k se\u00e7im b\u00f6lgesinin Sofya \u201cSredets\u201d belediyesinde oldu\u011funu a\u00e7\u0131klad\u0131. Se\u00e7men listesi<\/p>\n","protected":false},"author":25,"featured_media":17690,"comment_status":"closed","ping_status":"closed","sticky":false,"template":"","format":"standard","meta":{"advanced_seo_description":"","jetpack_seo_html_title":"","jetpack_seo_noindex":false,"jetpack_seo_schema_type":"","_jetpack_newsletter_access":"","_jetpack_dont_email_post_to_subs":false,"_jetpack_newsletter_tier_id":0,"_jetpack_memberships_contains_paywalled_content":false,"_jetpack_feature_clip_id":0,"_jetpack_memberships_contains_paid_content":false,"footnotes":"","jetpack_post_was_ever_published":false},"categories":[3848,6],"tags":[],"class_list":["post-53104","post","type-post","status-publish","format-standard","has-post-thumbnail","hentry","category-secim","category-yorum"],"jetpack_sharing_enabled":true,"jetpack_likes_enabled":true,"jetpack-related-posts":[],"jetpack_shortlink":"https:\/\/wp.me\/pc2PfJ-dOw","jetpack_featured_media_url":"https:\/\/i0.wp.com\/www.bghaber.org\/bghaber\/wp-content\/uploads\/2016\/01\/1-logo-yk.jpg?fit=552%2C531&ssl=1","_links":{"self":[{"href":"https:\/\/www.bghaber.org\/bghaber\/wp-json\/wp\/v2\/posts\/53104","targetHints":{"allow":["GET"]}}],"collection":[{"href":"https:\/\/www.bghaber.org\/bghaber\/wp-json\/wp\/v2\/posts"}],"about":[{"href":"https:\/\/www.bghaber.org\/bghaber\/wp-json\/wp\/v2\/types\/post"}],"author":[{"embeddable":true,"href":"https:\/\/www.bghaber.org\/bghaber\/wp-json\/wp\/v2\/users\/25"}],"replies":[{"embeddable":true,"href":"https:\/\/www.bghaber.org\/bghaber\/wp-json\/wp\/v2\/comments?post=53104"}],"version-history":[{"count":0,"href":"https:\/\/www.bghaber.org\/bghaber\/wp-json\/wp\/v2\/posts\/53104\/revisions"}],"wp:featuredmedia":[{"embeddable":true,"href":"https:\/\/www.bghaber.org\/bghaber\/wp-json\/wp\/v2\/media\/17690"}],"wp:attachment":[{"href":"https:\/\/www.bghaber.org\/bghaber\/wp-json\/wp\/v2\/media?parent=53104"}],"wp:term":[{"taxonomy":"category","embeddable":true,"href":"https:\/\/www.bghaber.org\/bghaber\/wp-json\/wp\/v2\/categories?post=53104"},{"taxonomy":"post_tag","embeddable":true,"href":"https:\/\/www.bghaber.org\/bghaber\/wp-json\/wp\/v2\/tags?post=53104"}],"curies":[{"name":"wp","href":"https:\/\/api.w.org\/{rel}","templated":true}]}}