{"id":5303,"date":"2013-08-21T14:07:34","date_gmt":"2013-08-21T11:07:34","guid":{"rendered":"http:\/\/bghaber.org\/bghaber\/?p=5303"},"modified":"2019-07-15T22:10:11","modified_gmt":"2019-07-15T20:10:11","slug":"gormedin-mi-alisimi-tuna-boyunda","status":"publish","type":"post","link":"https:\/\/www.bghaber.org\/bghaber\/gormedin-mi-alisimi-tuna-boyunda\/","title":{"rendered":"G\u00f6rmedin mi Ali\u015f&#8217;imi Tuna Boyunda"},"content":{"rendered":"<p><a href=\"https:\/\/i0.wp.com\/bghaber.org\/bghaber\/wp-content\/uploads\/2013\/08\/gormedin-mi-alisimi-tuna-boyunda.jpeg\"><img data-recalc-dims=\"1\" loading=\"lazy\" decoding=\"async\" class=\"alignright size-medium wp-image-5304\" alt=\"gormedin-mi-alisimi-tuna-boyunda\" src=\"https:\/\/i0.wp.com\/bghaber.org\/bghaber\/wp-content\/uploads\/2013\/08\/gormedin-mi-alisimi-tuna-boyunda-200x300.jpeg?resize=200%2C300\" width=\"200\" height=\"300\" srcset=\"https:\/\/i0.wp.com\/www.bghaber.org\/bghaber\/wp-content\/uploads\/2013\/08\/gormedin-mi-alisimi-tuna-boyunda.jpeg?resize=200%2C300&amp;ssl=1 200w, https:\/\/i0.wp.com\/www.bghaber.org\/bghaber\/wp-content\/uploads\/2013\/08\/gormedin-mi-alisimi-tuna-boyunda.jpeg?w=270&amp;ssl=1 270w\" sizes=\"auto, (max-width: 200px) 100vw, 200px\" \/><\/a>G\u00f6rmedin mi Ali\u015f&#8217;imi Tuna Boyunda<\/p>\n<p>Ali\u015f ile Zeynep&#8217;in Destans\u0131 A\u015fklar\u0131<\/p>\n<p>Halil Delice<\/p>\n<p>Bab\u0131ali K\u00fclt\u00fcr Yay\u0131nc\u0131l\u0131\u011f\u0131 \/ Yay\u0131nevi Genel Dizisi<\/p>\n<p>&nbsp;<\/p>\n<p>Ali\u015f ile Zeynep&#8217;in destans\u0131 a\u015fklar\u0131n\u0131n roman\u0131. 93 Harbi s\u0131ras\u0131nda Plevne&#8217;nin, Gazi Osman Pa\u015fa&#8217;n\u0131n, katledilen y\u00fcz binlerin, g\u00f6\u00e7 yoluna d\u00fc\u015fen milyonlar\u0131n hik\u00e2yesi&#8230;<\/p><div id=\"bghab-1726096024\" class=\"bghab-icerik-icine bghab-entity-placement\"><script async src=\"\/\/pagead2.googlesyndication.com\/pagead\/js\/adsbygoogle.js?client=ca-pub-6203283170189293\" crossorigin=\"anonymous\"><\/script><ins class=\"adsbygoogle\" style=\"display:block; text-align:center;\" data-ad-client=\"ca-pub-6203283170189293\" \ndata-ad-slot=\"7303146466\" \ndata-ad-layout=\"in-article\"\ndata-ad-format=\"fluid\" data-full-width-responsive=\"true\"><\/ins>\n<script> \n(adsbygoogle = window.adsbygoogle || []).push({}); \n<\/script>\n<\/div>\n<p>&#8220;D\u00fcn; Budin, Estergon, Kanije, Uyvar, Tima\u015fvar, Belgrat&#8230; Bug\u00fcn; Ni\u011fbolu, Zi\u015ftovi, Yeni Za\u011fra, Gabrova, T\u0131rnova, K\u0131zanl\u0131k&#8230; Yar\u0131n Plevne, Silistre, Rus\u00e7uk, \u015eumnu, Sofya, Filipe&#8217;de de mi ayn\u0131 \u015fey olacak? Daha sonra Edirne&#8217;de mi ya\u015fayaca\u011f\u0131z bunlar\u0131? En sonunda da \u0130stanbul i\u00e7in mi a\u011f\u0131t yakaca\u011f\u0131z? Bu ac\u0131lar, bu utan\u00e7, bu y\u00fcz karas\u0131 neden ya Rabbi? Nerede hata yapt\u0131k?&#8221;<\/p>\n<p>***<\/p>\n<p>Bahar r\u00fczg\u00e2r\u0131 esmesinde bir ses, ye\u015fil duvak alt\u0131ndan y\u00fckseldi ve kanat \u00e7\u0131rpt\u0131:<br \/>\n&#8220;Pa\u015fa babam! Ali\u015f&#8217;imi g\u00f6rd\u00fcn m\u00fc?&#8221;<br \/>\nPa\u015fa \u015fa\u015f\u0131rd\u0131, babam diyen sahipleni\u015fe, suale ve sese:<br \/>\n&#8220;Bac\u0131m, hangi Ali\u015f? Bizim ordumuzda Ali\u015f \u00e7ok.&#8221;<br \/>\nKad\u0131n, Pa\u015fa&#8217;n\u0131n Ali\u015f&#8217;i tan\u0131mamas\u0131na \u015fa\u015f\u0131rm\u0131\u015f gibiydi:<br \/>\n&#8220;Benim Ali\u015f&#8217;imi, e\u015fimi&#8230;<\/p>\n<p>Sol ka\u015f\u0131n\u0131n \u00fczerinde benleri var. \u00c7ok g\u00fc\u00e7l\u00fc, att\u0131\u011f\u0131n\u0131 vurur, selvi boyluydu. Tuna boyuna gitti. G\u00f6rmedin mi Ali\u015f&#8217;imi Tuna boyunda?&#8221;<br \/>\nPa\u015fa boyun b\u00fckm\u00fc\u015f, sesinin her nefesiyle kendisinden &#8220;Ali\u015f&#8217;ini g\u00f6rd\u00fcm&#8221; haberini bekleyen esrarengiz kad\u0131na bakt\u0131. &#8220;G\u00f6rmedim&#8221; diyemedi. G\u00f6rd\u00fcm diyerek \u00fcmit de veremedi. Ne yaps\u0131n bilemedi. Mitraly\u00f6zler, makineli t\u00fcfekler, toplar, on binlerce d\u00fc\u015fman askeri kar\u015f\u0131s\u0131nda bir an bocalamayan&#8230;<br \/>\n(Tan\u0131t\u0131m B\u00fclteninden)<\/p>\n<div id=\"bghab-673744828\" class=\"bghab-yazi-altinda bghab-entity-placement\"><script async src=\"https:\/\/pagead2.googlesyndication.com\/pagead\/js\/adsbygoogle.js\"><\/script>\r\n<!-- bghaber-yaz\u0131-sonu -->\r\n<ins class=\"adsbygoogle\"\r\n     style=\"display:block\"\r\n     data-ad-client=\"ca-pub-6203283170189293\"\r\n     data-ad-slot=\"4222328180\"\r\n     data-ad-format=\"auto\"\r\n     data-full-width-responsive=\"true\"><\/ins>\r\n<script>\r\n     (adsbygoogle = window.adsbygoogle || []).push({});\r\n<\/script><\/div><br style=\"clear: both; display: block; float: none;\"\/>","protected":false},"excerpt":{"rendered":"<p>G\u00f6rmedin mi Ali\u015f&#8217;imi Tuna Boyunda Ali\u015f ile Zeynep&#8217;in Destans\u0131 A\u015fklar\u0131 Halil Delice Bab\u0131ali K\u00fclt\u00fcr Yay\u0131nc\u0131l\u0131\u011f\u0131 \/ Yay\u0131nevi Genel Dizisi &nbsp; Ali\u015f ile Zeynep&#8217;in destans\u0131 a\u015fklar\u0131n\u0131n<\/p>\n","protected":false},"author":29,"featured_media":5304,"comment_status":"closed","ping_status":"closed","sticky":false,"template":"","format":"standard","meta":{"advanced_seo_description":"","jetpack_seo_html_title":"","jetpack_seo_noindex":false,"jetpack_seo_schema_type":"","_jetpack_newsletter_access":"","_jetpack_dont_email_post_to_subs":false,"_jetpack_newsletter_tier_id":0,"_jetpack_memberships_contains_paywalled_content":false,"_jetpack_feature_clip_id":0,"_jetpack_memberships_contains_paid_content":false,"footnotes":"","jetpack_post_was_ever_published":false},"categories":[211],"tags":[30,217,167],"class_list":["post-5303","post","type-post","status-publish","format-standard","has-post-thumbnail","hentry","category-kitap","tag-bulgaristan","tag-halil-delice","tag-tuna"],"jetpack_sharing_enabled":true,"jetpack_likes_enabled":true,"jetpack-related-posts":[],"jetpack_shortlink":"https:\/\/wp.me\/pc2PfJ-1nx","jetpack_featured_media_url":"https:\/\/i0.wp.com\/www.bghaber.org\/bghaber\/wp-content\/uploads\/2013\/08\/gormedin-mi-alisimi-tuna-boyunda.jpeg?fit=270%2C405&ssl=1","_links":{"self":[{"href":"https:\/\/www.bghaber.org\/bghaber\/wp-json\/wp\/v2\/posts\/5303","targetHints":{"allow":["GET"]}}],"collection":[{"href":"https:\/\/www.bghaber.org\/bghaber\/wp-json\/wp\/v2\/posts"}],"about":[{"href":"https:\/\/www.bghaber.org\/bghaber\/wp-json\/wp\/v2\/types\/post"}],"author":[{"embeddable":true,"href":"https:\/\/www.bghaber.org\/bghaber\/wp-json\/wp\/v2\/users\/29"}],"replies":[{"embeddable":true,"href":"https:\/\/www.bghaber.org\/bghaber\/wp-json\/wp\/v2\/comments?post=5303"}],"version-history":[{"count":0,"href":"https:\/\/www.bghaber.org\/bghaber\/wp-json\/wp\/v2\/posts\/5303\/revisions"}],"wp:featuredmedia":[{"embeddable":true,"href":"https:\/\/www.bghaber.org\/bghaber\/wp-json\/wp\/v2\/media\/5304"}],"wp:attachment":[{"href":"https:\/\/www.bghaber.org\/bghaber\/wp-json\/wp\/v2\/media?parent=5303"}],"wp:term":[{"taxonomy":"category","embeddable":true,"href":"https:\/\/www.bghaber.org\/bghaber\/wp-json\/wp\/v2\/categories?post=5303"},{"taxonomy":"post_tag","embeddable":true,"href":"https:\/\/www.bghaber.org\/bghaber\/wp-json\/wp\/v2\/tags?post=5303"}],"curies":[{"name":"wp","href":"https:\/\/api.w.org\/{rel}","templated":true}]}}