{"id":52566,"date":"2021-01-31T21:22:40","date_gmt":"2021-01-31T18:22:40","guid":{"rendered":"https:\/\/www.bghaber.org\/bghaber\/?p=52566"},"modified":"2021-02-03T01:54:18","modified_gmt":"2021-02-02T22:54:18","slug":"dusunenlerin-dusunceleri","status":"publish","type":"post","link":"https:\/\/www.bghaber.org\/bghaber\/dusunenlerin-dusunceleri\/","title":{"rendered":"D\u00fc\u015f\u00fcnenlerin D\u00fc\u015f\u00fcnceleri"},"content":{"rendered":"<p><em><strong>\u0130brahim SOYT\u00dcRK<\/strong><\/em><br \/>\nTarih: 31 01 2021<\/p>\n<p>28 Haziran 2018 y\u0131l\u0131nda ba\u011f\u0131ms\u0131z milletvekili, Prof. \u0130vo Hristov, Plovdiv (Filibe) iline ba\u011fl\u0131 Karlovo \u015fehri k\u00fclt\u00fcr Evinde kamuoyu temsilcileri \u00f6n\u00fcnde yapt\u0131\u011f\u0131 bir konu\u015fmada \u201c<strong>Roman (\u00c7ingene) Problemi Bulgarlar\u0131 yok edecektir<\/strong>\u201d dedi.<\/p>\n<p>Bu konu\u015fmay\u0131 yorumlayan Bulgarlar, \u201c<strong>bir y\u0131l \u00f6n\u00fcm\u00fcze bak\u0131yorsak, fidan dikelim, 100 y\u0131l \u00f6n\u00fcm\u00fcze bak\u0131yorsak \u00e7ocuklar\u0131m\u0131z\u0131 okutal\u0131m ve iyi yeti\u015ftirelim<\/strong>\u201d dediler.<\/p>\n<p>Hristov\u2019un fikirleri \u00fcst\u00fcne g\u00f6r\u00fc\u015flerini beyan eden, ayn\u0131 \u015fehirden Bayan\u00a0 Elena Nedel\u00e7eva, \u201c<strong>Bizi kurtaracak kimse kalmad\u0131. Ruhumuzu paraya satmaya al\u0131\u015ft\u0131k. Bulgarlar i\u00e7in ba\u015f\u0131n\u0131 k\u00fct\u00fc\u011fe koyacak kimse kalmam\u0131\u015ft\u0131r. Topraklar\u0131m\u0131z\u0131 kullanmak istiyorlar. Onlar geldik\u00e7e \u00e7ocuklar\u0131m\u0131z otob\u00fcs ve u\u00e7ak terminallerine ko\u015farak vatan\u0131m\u0131z\u0131 terk ediyor. Sorun budu<\/strong>r,\u201d yorumunu yapt\u0131.<\/p>\n<p>Ayn\u0131 konferansta bulunan Sali Terziev: \u201c<strong>Gelece\u011fimizi bilmek hakk\u0131m\u0131zd\u0131r. Bilmek istiyoruz.<\/strong>\u201d<\/p><div id=\"bghab-4089041332\" class=\"bghab-icerik-icine bghab-entity-placement\"><script async src=\"\/\/pagead2.googlesyndication.com\/pagead\/js\/adsbygoogle.js?client=ca-pub-6203283170189293\" crossorigin=\"anonymous\"><\/script><ins class=\"adsbygoogle\" style=\"display:block; text-align:center;\" data-ad-client=\"ca-pub-6203283170189293\" \ndata-ad-slot=\"7303146466\" \ndata-ad-layout=\"in-article\"\ndata-ad-format=\"fluid\" data-full-width-responsive=\"true\"><\/ins>\n<script> \n(adsbygoogle = window.adsbygoogle || []).push({}); \n<\/script>\n<\/div>\n<p>Prof. \u0130vo Hristo: \u201c\u00c7ingene problemini dedelerimiz ve babalar\u0131m\u0131z da ya\u015fad\u0131lar. \u00c7ingeneler yap\u0131\u015facaklar\u0131, kar\u0131\u015facaklar\u0131 modeller, \u00f6rnekler, g\u00f6lgesinde ya\u015fayacaklar\u0131 a\u011fa\u00e7 \u00a0ar\u0131yorlar. Kendi k\u00fclt\u00fcrlerinden daha geli\u015fmi\u015f bir ya\u015fam tarz\u0131 ve k\u00fclt\u00fcr ar\u0131yorlar. Bizde bulamad\u0131klar\u0131ndan dolay\u0131, bize sald\u0131r\u0131yorlar, \u00e7\u00fcnk\u00fc biz tarihin s\u0131nav\u0131n\u0131 veremedik.\u201d<\/p>\n<p>Dinleyiciden g\u00f6r\u00fc\u015f ve soru: \u201c<strong>Demografik kaza ya\u015f\u0131yoruz ve siz bu kaza bizim milletimizin sonu olacak<\/strong>\u201d dediniz. Ne ki, Bulgarlar\u0131n yok olmas\u0131 \u00c7ingenelerle ba\u015flamad\u0131.<\/p>\n<p>1950 y\u0131l\u0131nda Bulgaristan k\u00f6ylerinde 180 bin \u00e7ocuk d\u00fcnyaya geldi. Bu \u00e7ocuklar \u00c7ift\u00e7i Partili ailelerde do\u011fdu. Kom\u00fcnist Partisi \u00c7ift\u00e7i partisinin iktidar\u0131 ele ge\u00e7irece\u011finden korktu ve k\u0131sa s\u00fcrede k\u00f6yl\u00fclerin mal\u0131n\u0131 m\u00fclk\u00fcn\u00fc, hayvan ve topraklar\u0131n\u0131, ba\u011f\u0131n\u0131 bah\u00e7esini kooperatifle\u015ftirerek 350 bin k\u00f6yl\u00fcy\u00fc \u015fehirlere ta\u015f\u0131d\u0131. \u0130\u015fte o zaman 1950\u2019de % 4.5 oran\u0131nda olan do\u011fum, hemen 1.5\u2019e d\u00fc\u015ft\u00fc. \u00c7arl\u0131k Bulgaristan\u2019da do\u011fum 1000 ki\u015fide 41 idi. Sosyalizmin sonunda 1000 ki\u015fide do\u011fum 13\u2019e d\u00fc\u015ft\u00fc yani 4 defa azald\u0131. 2018\u2019de bu orak 1000 ki\u015fide 9 (dokuz) \u00e7ocuktur.<\/p>\n<p>Not: (Bu konu\u015fmay\u0131 yapan 1950\u2019de Bulgaristan\u2019da BKP\u2019nin iktidar\u0131 s\u0131ms\u0131k\u0131 elinde tuttu\u011funu, Bulgaristan\u2019\u0131n 1944\u2019te 2. defa i\u015fgal edildi\u011fini unutmu\u015f gibi konu\u015fuyor. 1944-1990 y\u0131llar\u0131 aras\u0131nda k\u00f6yl\u00fcler Bulgaristan\u2019\u0131 kentlere ta\u015f\u0131nd\u0131, fakat kentlerde sivil toplum vatanda\u015f\u0131 yeti\u015ftirilemedi. K\u00f6yden kente inenler karyola, \u00e7ar\u015faf ve \u00e7e\u015fmeden s\u0131cak su akt\u0131\u011f\u0131n\u0131 g\u00f6rd\u00fcler, fakat, fakat kendilerini ve ailelerini k\u00f6yl\u00fc ya\u015fam tarz\u0131ndan kurtulamad\u0131lar, \u015fehirli olamad\u0131lar.)<\/p>\n<p><strong>Fakat bu ba\u015f\u0131m\u0131za gelen felaketin sadece yar\u0131s\u0131d\u0131r. \u00d6teki yar\u0131s\u0131n\u0131 da anlatay\u0131m<\/strong>:<\/p><div id=\"bghab-2099325149\" class=\"bghab-icerik-icine-10-paragraf bghab-entity-placement\"><script async src=\"\/\/pagead2.googlesyndication.com\/pagead\/js\/adsbygoogle.js?client=ca-pub-6203283170189293\" crossorigin=\"anonymous\"><\/script><ins class=\"adsbygoogle\" style=\"display:block; text-align:center;\" data-ad-client=\"ca-pub-6203283170189293\" \ndata-ad-slot=\"7303146466\" \ndata-ad-layout=\"in-article\"\ndata-ad-format=\"fluid\" data-full-width-responsive=\"true\"><\/ins>\n<script> \n(adsbygoogle = window.adsbygoogle || []).push({}); \n<\/script>\n<\/div>\n<p>Bulgar \u00c7arl\u0131\u011f\u0131nda d\u00fcnyaya gelen \u00e7ocuklar\u0131n \u00fc\u00e7te ikisi Bulgar ailelerde, Bulgar as\u0131l\u0131 \u00e7ocuklard\u0131. \u015eimdi bu \u00e7ocuklar \u00c7ingene ailelerde d\u00fcnyaya gelen \u00c7ingene \u00e7ocuklar\u0131d\u0131r.<\/p>\n<p>(<em>Toplant\u0131ya kar\u0131lanlar\u0131n iste\u011fi: Bulgar Anayasas\u0131n\u0131n ve Ceza Kanunun 151. Maddesinde, erginlik ya\u015f\u0131na gelmemi\u015flerle birlikte olanlar\u0131n 2-6 y\u0131l aras\u0131nda hapsi isteniyor, uygulanmal\u0131d\u0131r<\/em>. 16 ya\u015f\u0131na kadar \u00e7ocuklar\u0131n okulda olmas\u0131 gerekiyor. Neden okula gitmiyorlar? 18 ya\u015fa kadar herkes \u00e7ocuktur. 14 ya\u015f\u0131nda do\u011fum yapanlara neden \u00e7ocuk paras\u0131, sosyal yard\u0131m \u00f6deniyor?<\/p>\n<p><strong>\u0130steklere:<br \/>\n<\/strong>18 ya\u015f alt\u0131nda do\u011fum yapanlara \u00e7ocuk paras\u0131 \u00f6denmesin.<\/p>\n<p>\u00c7ingene ailelerden gelir vergisi al\u0131ns\u0131n, \u00e7ocuk bakan \u00c7ingene ailelerine \u2013Amerika\u2019da oldu\u011fu gibi \u2013 \u00f6dedikleri verdilerin bir k\u0131sm\u0131 y\u0131lsonunda geri verilsin.)<\/p>\n<p><em><strong>Prof: \u0130vo Hristov:<\/strong><\/em>\u00a0 Bulgaristan N\u00fcfusu azal\u0131yor. Devlet kurucu olan Bulgar etni\u011fi azal\u0131yor. N\u00fcfus 3 y\u00f6nde azal\u0131yor.<\/p><div id=\"bghab-443970019\" class=\"bghab-icerik-icine-15-paragraf bghab-entity-placement\"><script async src=\"\/\/pagead2.googlesyndication.com\/pagead\/js\/adsbygoogle.js?client=ca-pub-6203283170189293\" crossorigin=\"anonymous\"><\/script><ins class=\"adsbygoogle\" style=\"display:block; text-align:center;\" data-ad-client=\"ca-pub-6203283170189293\" \ndata-ad-slot=\"7303146466\" \ndata-ad-layout=\"in-article\"\ndata-ad-format=\"fluid\" data-full-width-responsive=\"true\"><\/ins>\n<script> \n(adsbygoogle = window.adsbygoogle || []).push({}); \n<\/script>\n<\/div>\n<ul>\n<li>Kuzey Bulgaristan\u2019da Tuna boyu \u015fehirlerindeki n\u00fcfus Romanya\u2019da \u00e7al\u0131\u015f\u0131yor ve oraya yerle\u015fiyor. Sosyalizmde 380 nin n\u00fcfuslu Ruse (Rus\u00e7uk) \u015fehrinde art\u0131k 100-120 bin ki\u015fi kalm\u0131\u015f. Vidin, Montarana ve Vratsa \u015fehirleri ve k\u00f6yler bo\u015falm\u0131\u015f. \u0130nsanlar Romanya ak\u0131yor. T\u00fcrkiye\u2019ye kovulanlar geri d\u00f6nmediler.<\/li>\n<li>G\u00fcneyimizde \u0130stanbul 25 milyonluk bir kent ve muazzam \u00e7ekim g\u00fcc\u00fc var. Bu b\u00fcy\u00fck n\u00fcfus, ekonomi ve teknoloji etraf\u0131nda ne varsa hepsini yan\u0131na \u00e7ekiyor. Zaman sorunu. AB\u2019nin Fransa-Almanya n\u00fcvesi d\u0131\u015f\u0131nda, ayr\u0131 bir grup olu\u015fturmaya \u00e7al\u0131\u015fan Polonya, Macaristan, \u00c7ekler, Slovenler ve Avusturya d\u0131\u015f\u0131ndaki uzak b\u00f6lgede kalan bir Bulgaristan var.<\/li>\n<li>Avrupa Birli\u011fi da\u011f\u0131lacakt\u0131r. Avronun yaln\u0131z kendi \u00fclkelerinde kullan\u0131lmas\u0131n\u0131 istiyorlar. Dolay\u0131s\u0131yla biz hi\u00e7 hesapta yokuz. Alman-Fransa etraf\u0131nda olu\u015facak n\u00fcvenin d\u0131\u015f\u0131nda bir varo\u015fuz biz. T\u00fcrkiye\u2019nin Balkanlarda iki stratejik dostu var \u2013 Bosna ve Arnavutluk. Bat\u0131 Balkanlarda yak\u0131n zamanda olu\u015facak olan Arnavutluk, Bosna, Kosova ve Makedonya n\u00fcvesi T\u00fcrkiye\u2019ye y\u00f6nelecektir veya T\u00fcrkiye Balkanlara ta\u015facakt\u0131r. T\u00fcrkiye\u2019nin Balkanlara, Kafkaslara ve Yak\u0131n Do\u011fuya d\u00f6nmesi do\u011fal bir s\u00fcre\u00e7tir. Buna engel olunamaz.<\/li>\n<li>Avrupa Birli\u011finin gelece\u011fi bir\u00e7ok milli devletlerin birli\u011fi olmas\u0131na sa\u011fd\u0131k m\u0131 kal\u0131nacak, yoksa Birle\u015fik Amerika birli\u011fi \u00f6rne\u011fime m\u0131 kayacak veya Federatif bir Avrupa m\u0131 yap\u0131lanacak. Bu 3 olas\u0131l\u0131k i\u00e7inde Bulgaristan AB\u2019nin milletlerin birli\u011fi \u015feklini (birinci \u015fekli) arzulad\u0131\u011f\u0131 biliniyor. \u00c7\u00fcnk\u00fc Amerikan veya federatif modele ge\u00e7ilirse, Bulgaristan\u2019da devlet yap\u0131s\u0131n\u0131n ba\u015ftanba\u015fa de\u011fi\u015fmesi zorunlu olacakt\u0131r. Burada s\u00f6ylenmesi gereken, Ba\u015fkanlar\u0131n merkezinde yani Bulgaristan\u2019da n\u00fcfus, medeniyet, k\u00fclt\u00fcr, teknoloji bo\u015flu\u011fu (vakum) olu\u015fuyor. Ve Balkanlar Avrupa yolu oldu\u011fundan dolay\u0131 kimse bu vakumun b\u00fcy\u00fcmesini ve derinle\u015fmesini istemez ve kabul etmez. \u015eu an Bulgaristan yok edilmi\u015f bir \u00fclkedir. Bunu bildi\u011fimizden dolay\u0131, \u201cTrakya\u201d iki y\u00f6nl\u00fc 4 \u015feritli \u201cTrakya\u201d otoban\u0131n\u0131 kuruyoruz, ABD\u2019ye u\u00e7ak alanlar\u0131 ve askeri kara ve deniz \u00fcsleri veriyoruz. Hedef T\u00fcrkiye\u2019nin Balkanlara yay\u0131lma yolu kesmektir.<\/li>\n<\/ul>\n<p>***<\/p>\n<p>D\u00fcnya de\u011fi\u015fiyor tabii. Birle\u015fik Amerika II. D\u00fcnya Sava\u015f\u0131ndan sonra imzalanan antla\u015fmalara ba\u011fl\u0131 kalmak istemiyor. Avrupa\u2019ya ayakta kalmak isterseniz \u00f6deyeceksiniz, diyor. Rusya da AB\u2019nin g\u00fc\u00e7l\u00fc olmas\u0131n\u0131 de\u011fil, kendinden ba\u011f\u0131ml\u0131 olmas\u0131n\u0131 istiyor.<\/p>\n<p><strong>Bulgar milli g\u00fcvenli\u011fi ve \u00c7ingeneler.<\/strong><\/p>\n<p><strong>Halk Meclisi g\u00f6r\u00fc\u015fmesi:<\/strong><\/p>\n<p>Prof: \u0130vo Hristov\u2019un k\u00fcrs\u00fc konu\u015fmas\u0131ndan \u00f6zet: Sorun Bulgaristan\u2019\u0131n bir medeniyet olarak gelece\u011fini belirleyen niteliktedir. Meclis komisyonunda haz\u0131rlanm\u0131\u015f olan rapor \u00fclkemizin 10-15 y\u0131l sonras\u0131na ve Romen sorundan ve e\u015fit \u015fartlarda ya\u015famayan di\u011fer az\u0131nl\u0131klar\u0131n durumuna ili\u015fkindir.<\/p><div id=\"bghab-66240313\" class=\"bghab-icerik-icine-20-paragraf bghab-entity-placement\"><script async src=\"\/\/pagead2.googlesyndication.com\/pagead\/js\/adsbygoogle.js?client=ca-pub-6203283170189293\" crossorigin=\"anonymous\"><\/script><ins class=\"adsbygoogle\" style=\"display:block; text-align:center;\" data-ad-client=\"ca-pub-6203283170189293\" \ndata-ad-slot=\"7303146466\" \ndata-ad-layout=\"in-article\"\ndata-ad-format=\"fluid\" data-full-width-responsive=\"true\"><\/ins>\n<script> \n(adsbygoogle = window.adsbygoogle || []).push({}); \n<\/script>\n<\/div>\n<p>Bu rapor Romanlar i\u00e7in de\u011fil Bulgaristan\u2019da ya\u015fayan \u00c7ingeneler i\u00e7in kaleme al\u0131nm\u0131\u015ft\u0131r, sorun ters konmu\u015ftur ve yap\u0131lan analiz ve \u00f6nerilerin hepsi yanl\u0131\u015ft\u0131r.<\/p>\n<p><strong>Bulgar toplumunda \u00c7ingene sorunu, Bulgaristan\u2019da ya\u015fayan \u00c7ingenelerin temel problemi, onlar\u0131n son 25-30 y\u0131lda Bulgar medeni toplumundan, devletten tamamen d\u0131\u015flanm\u0131\u015f olmalar\u0131ndan gizlenir.<\/strong><\/p>\n<p>\u00c7ingenelerle ilgili temel sorun e\u011fitim, \u00f6\u011fretim, konut ve sa\u011fl\u0131k sorunlar\u0131 de\u011fildir, bunlar \u00f6teden beri izlenen yanl\u0131\u015f siyasetlerin neticesinde beliren sorunlard\u0131r.<\/p>\n<p>1990\u2019dan sonra \u00c7ingeneler reform yapmay\u0131 hayal eden Bulgar ekonomisinden d\u0131\u015fland\u0131lar. Sosyalist end\u00fcstrinin yok edilmesiyle \u00c7ingeneler en ilkel ekonomik ve sosyal haklar\u0131n\u0131 yittirdiler yoksulla\u015ft\u0131lar, cahil kal\u0131nca, hayvanla\u015ft\u0131lar, ya\u015fad\u0131klar\u0131 gettolar cinayet \u00fcss\u00fcne d\u00f6n\u00fc\u015ft\u00fc, ahlaklar\u0131 bozuldu. \u00c7ingenelerin ya\u015fad\u0131\u011f\u0131 gettolar (mahalleler) bir d\u0131\u015f \u00fclke taraf\u0131ndan ku\u015fat\u0131lm\u0131\u015f cinayet merkezleri haline d\u00f6n\u00fc\u015ft\u00fc. Bulgaristan\u2019da ve Avrupa\u2019da en b\u00fcy\u00fck \u00c7ingene gettosu Plovdiv\u2019in Stolipenovo (Yeni Mahalle) sidir. Bu Getto Bulgaristan \u0130slam k\u00f6kten dincili\u011finin ana merkezidir. Burada gen\u00e7 ya\u015fta 1 milyondan fazla toplu halde ya\u015fayan \u00c7ingene n\u00fcfus var ve n\u00fcfusu 5 milyonun alt\u0131na d\u00fc\u015fen Bulgaristan\u2019da bu gerginlik ne zamana kadar s\u00fcrebilir?<\/p>\n<p>\u0130kinci olarak belirtmek istedi\u011fim, bizdeki \u00c7ingene gettolar\u0131nda fitilli bombalar patlamaya ba\u015flad\u0131. Burada patlamaya haz\u0131r bir topluluktan s\u00f6z ediyorum ve devletlerin ve topluluklar\u0131n patlay\u0131p par\u00e7alanmas\u0131n\u0131n i\u00e7indeki bu saatli bomba ortamlar\u0131nda ba\u015flad\u0131\u011f\u0131n\u0131 hat\u0131rlatmak isterim.<\/p><div id=\"bghab-90152961\" class=\"bghab-icerik-icine-25-paragraf bghab-entity-placement\"><script async src=\"\/\/pagead2.googlesyndication.com\/pagead\/js\/adsbygoogle.js?client=ca-pub-6203283170189293\" crossorigin=\"anonymous\"><\/script><ins class=\"adsbygoogle\" style=\"display:block; text-align:center;\" data-ad-client=\"ca-pub-6203283170189293\" \ndata-ad-slot=\"7303146466\" \ndata-ad-layout=\"in-article\"\ndata-ad-format=\"fluid\" data-full-width-responsive=\"true\"><\/ins>\n<script> \n(adsbygoogle = window.adsbygoogle || []).push({}); \n<\/script>\n<\/div>\n<p>Gelecekte Bulgar-\u00c7ingene ili\u015fkileri Bulgar aleyhinde meyve verecektir. Parlamentonun bu konu \u00fczerinde kafa yormas\u0131 gerekir. Bundan 120 y\u0131l \u00f6nce \u00f6nc\u00fc millet olan Bulgarlar, bug\u00fcn birka\u00e7 b\u00fcy\u00fck kentte toplan\u0131yor veya \u00fclkeyi terk edip ka\u00e7\u0131yorlar. Sofya u\u00e7ak liman\u0131n\u0131n 2. terminalinden \u00e7\u0131kanlar Bulgaristan\u2019dan ka\u00e7\u0131yorlar.<\/p>\n<p>\u00c7ingene n\u00fcfus ise, Bulgaristan\u2019\u0131n \u00e7\u00f6k\u00fc\u015f s\u00fcrecinde kurban n\u00fcfustur. \u00c7ingenelerle sorun ya\u015fayanlar\u0131n, kenti toplumlar\u0131nda, kendi end\u00fcstrisinde, kendi devletinde sorunlar\u0131 oldu\u011fu anlam\u0131na gelir. B\u00fcy\u00fck \u00c7ingene topluluklar\u0131n\u0131n \u015fehirleri i\u015fgal etmesine izin veren kimdi? \u00c7ingeneler kendileri yapmad\u0131lar bunu. Gettolarda yasa d\u0131\u015f\u0131 yap\u0131lanmaya kim izin verdi? Uyu\u015fturucu ticaretinin gettolara yo\u011funla\u015fmas\u0131na izin veren \u00c7ingeneler kendileri miydi? Gettolarda legal ve illegal dini k\u00f6kten dincili\u011fin geli\u015fmesine kim izin verdi? Bulgaristan \u00c7ingeneleri bu sorunlar\u0131n ancak neticesidir. Bulgarlar\u0131n \u00c7ingenelerle sorunu varsa kendilerinin i\u00e7inde ya\u015fad\u0131klar\u0131 medeniyetle sorunlar\u0131 oldu\u011fu anlam\u0131na gelir.<\/p>\n<p><strong>Yugoslav devletinin i\u00e7inden patlamas\u0131na neden olan bomban\u0131n Arnavutlar oldu\u011fu gibi, \u00c7ingeneler de Bulgaristan devletini i\u00e7inden patlatacak kaps\u00fcll\u00fc patlay\u0131c\u0131 olaca\u011f\u0131n\u0131 \u015fimdiden s\u00f6yl\u00fcyorum.<\/strong><\/p>\n<p>Konu\u015fmam\u0131 kesiyorum. \u00c7\u00fcnk\u00fc siz konunun d\u00fczeyinde de\u011filsiniz.<\/p>\n<p>Konumuz devam edecektir.<\/p><div id=\"bghab-784800602\" class=\"bghab-icerik-icine-30-paragraf bghab-entity-placement\"><script async src=\"\/\/pagead2.googlesyndication.com\/pagead\/js\/adsbygoogle.js?client=ca-pub-6203283170189293\" crossorigin=\"anonymous\"><\/script><ins class=\"adsbygoogle\" style=\"display:block; text-align:center;\" data-ad-client=\"ca-pub-6203283170189293\" \ndata-ad-slot=\"7303146466\" \ndata-ad-layout=\"in-article\"\ndata-ad-format=\"fluid\" data-full-width-responsive=\"true\"><\/ins>\n<script> \n(adsbygoogle = window.adsbygoogle || []).push({}); \n<\/script>\n<\/div>\n<p>Az\u0131nl\u0131klar konusunda kimin ne d\u00fc\u015f\u00fcnd\u00fc\u011f\u00fcn\u00fc bilmek hakk\u0131m\u0131zd\u0131r.<\/p>\n<p>Okuyanlara te\u015fekk\u00fcrler.<\/p>\n<p>Vir\u00fcs belas\u0131 3 ayda bir \u015fekil de\u011fi\u015ftiriyormu\u015f ve asl\u0131nda \u00f6mr\u00fc 2-3 saatimmi\u015f, ama s\u00fcrekli par\u00e7alan\u0131p \u00fcredi\u011fi i\u00e7in \u00e7ok tehlikeli olmaya devam edelim: Ellerimizi y\u0131kayal\u0131m, 3 metre sosyal mesafeye uyal\u0131m ve\u00a0 k\u0131s\u0131tlay\u0131c\u0131 kurallar\u0131 bozmayal\u0131m.<\/p>\n<p>Okuyanlara te\u015fekk\u00fcrler.<\/p>\n<p>Payla\u015fmay\u0131 uyutmay\u0131n\u0131z.<\/p><div id=\"bghab-530601291\" class=\"bghab-icerik-icine-35-paragraf bghab-entity-placement\"><script async src=\"\/\/pagead2.googlesyndication.com\/pagead\/js\/adsbygoogle.js?client=ca-pub-6203283170189293\" crossorigin=\"anonymous\"><\/script><ins class=\"adsbygoogle\" style=\"display:block; text-align:center;\" data-ad-client=\"ca-pub-6203283170189293\" \ndata-ad-slot=\"7303146466\" \ndata-ad-layout=\"in-article\"\ndata-ad-format=\"fluid\" data-full-width-responsive=\"true\"><\/ins>\n<script> \n(adsbygoogle = window.adsbygoogle || []).push({}); \n<\/script>\n<\/div>\n<div id=\"bghab-1939987266\" class=\"bghab-yazi-altinda bghab-entity-placement\"><script async src=\"https:\/\/pagead2.googlesyndication.com\/pagead\/js\/adsbygoogle.js\"><\/script>\r\n<!-- bghaber-yaz\u0131-sonu -->\r\n<ins class=\"adsbygoogle\"\r\n     style=\"display:block\"\r\n     data-ad-client=\"ca-pub-6203283170189293\"\r\n     data-ad-slot=\"4222328180\"\r\n     data-ad-format=\"auto\"\r\n     data-full-width-responsive=\"true\"><\/ins>\r\n<script>\r\n     (adsbygoogle = window.adsbygoogle || []).push({});\r\n<\/script><\/div><br style=\"clear: both; display: block; float: none;\"\/>","protected":false},"excerpt":{"rendered":"<p>\u0130brahim SOYT\u00dcRK Tarih: 31 01 2021 28 Haziran 2018 y\u0131l\u0131nda ba\u011f\u0131ms\u0131z milletvekili, Prof. \u0130vo Hristov, Plovdiv (Filibe) iline ba\u011fl\u0131 Karlovo \u015fehri k\u00fclt\u00fcr Evinde kamuoyu temsilcileri<\/p>\n","protected":false},"author":13,"featured_media":34147,"comment_status":"closed","ping_status":"closed","sticky":false,"template":"","format":"standard","meta":{"advanced_seo_description":"","jetpack_seo_html_title":"","jetpack_seo_noindex":false,"jetpack_seo_schema_type":"","_jetpack_newsletter_access":"","_jetpack_dont_email_post_to_subs":false,"_jetpack_newsletter_tier_id":0,"_jetpack_memberships_contains_paywalled_content":false,"_jetpack_feature_clip_id":0,"_jetpack_memberships_contains_paid_content":false,"footnotes":"","jetpack_post_was_ever_published":false},"categories":[6],"tags":[],"class_list":["post-52566","post","type-post","status-publish","format-standard","has-post-thumbnail","hentry","category-yorum"],"jetpack_sharing_enabled":true,"jetpack_likes_enabled":true,"jetpack-related-posts":[],"jetpack_shortlink":"https:\/\/wp.me\/pc2PfJ-dFQ","jetpack_featured_media_url":"https:\/\/i0.wp.com\/www.bghaber.org\/bghaber\/wp-content\/uploads\/2019\/02\/ibo11.jpg?fit=952%2C1024&ssl=1","_links":{"self":[{"href":"https:\/\/www.bghaber.org\/bghaber\/wp-json\/wp\/v2\/posts\/52566","targetHints":{"allow":["GET"]}}],"collection":[{"href":"https:\/\/www.bghaber.org\/bghaber\/wp-json\/wp\/v2\/posts"}],"about":[{"href":"https:\/\/www.bghaber.org\/bghaber\/wp-json\/wp\/v2\/types\/post"}],"author":[{"embeddable":true,"href":"https:\/\/www.bghaber.org\/bghaber\/wp-json\/wp\/v2\/users\/13"}],"replies":[{"embeddable":true,"href":"https:\/\/www.bghaber.org\/bghaber\/wp-json\/wp\/v2\/comments?post=52566"}],"version-history":[{"count":0,"href":"https:\/\/www.bghaber.org\/bghaber\/wp-json\/wp\/v2\/posts\/52566\/revisions"}],"wp:featuredmedia":[{"embeddable":true,"href":"https:\/\/www.bghaber.org\/bghaber\/wp-json\/wp\/v2\/media\/34147"}],"wp:attachment":[{"href":"https:\/\/www.bghaber.org\/bghaber\/wp-json\/wp\/v2\/media?parent=52566"}],"wp:term":[{"taxonomy":"category","embeddable":true,"href":"https:\/\/www.bghaber.org\/bghaber\/wp-json\/wp\/v2\/categories?post=52566"},{"taxonomy":"post_tag","embeddable":true,"href":"https:\/\/www.bghaber.org\/bghaber\/wp-json\/wp\/v2\/tags?post=52566"}],"curies":[{"name":"wp","href":"https:\/\/api.w.org\/{rel}","templated":true}]}}