{"id":52564,"date":"2021-01-31T12:20:00","date_gmt":"2021-01-31T09:20:00","guid":{"rendered":"https:\/\/www.bghaber.org\/bghaber\/?p=52564"},"modified":"2021-02-03T01:54:32","modified_gmt":"2021-02-02T22:54:32","slug":"karantinada-veya-hastanede-olan-secmenler-seyyar-sandikta-oy-kullanacak","status":"publish","type":"post","link":"https:\/\/www.bghaber.org\/bghaber\/karantinada-veya-hastanede-olan-secmenler-seyyar-sandikta-oy-kullanacak\/","title":{"rendered":"Karantinada veya hastanede olan se\u00e7menler seyyar sand\u0131kta oy kullanacak"},"content":{"rendered":"\n<p class=\"wp-block-paragraph\">Halk Meclisi OHAL Yasas\u0131nda de\u011fi\u015fiklikleri kabul ederek, se\u00e7im s\u00fcreciyle ilgili baz\u0131 d\u00fczenlemelere cevap verdi.&nbsp;<strong>Karantinada veya hastanede olan vatanda\u015flar seyyar se\u00e7im sand\u0131\u011f\u0131nda oylar\u0131n\u0131 kullanabilecek.<\/strong>&nbsp;<strong>Se\u00e7imlerden en ge\u00e7 \u00fc\u00e7 g\u00fcn \u00f6nce ki\u015filer bu do\u011frultuda talebini gereken makamlara bildirmekle y\u00fck\u00fcml\u00fc olacak.<\/strong><\/p>\n\n\n\n<p class=\"wp-block-paragraph\">\u00dclke i\u00e7i veya d\u0131\u015f\u0131nda fark etmeksizin, her se\u00e7im komisyonu en az \u00fc\u00e7 \u00fcyeden ibaret olacak. BNR muhabiri Violeta A\u015fikova,\u00a0<strong>vatanda\u015flar\u0131n\u00a0 ge\u00e7erlilik s\u00fcresi ge\u00e7mi\u015f kimlik kart\u0131yla da oylamaya kat\u0131labileceklerini bildirdi.\u00a0<\/strong><\/p>\n\n\n\n<p class=\"wp-block-paragraph\"><\/p>\n\n\n\n<p class=\"wp-block-paragraph\">BNR<\/p>\n<div id=\"bghab-96895809\" class=\"bghab-yazi-altinda bghab-entity-placement\"><script async src=\"https:\/\/pagead2.googlesyndication.com\/pagead\/js\/adsbygoogle.js\"><\/script>\r\n<!-- bghaber-yaz\u0131-sonu -->\r\n<ins class=\"adsbygoogle\"\r\n     style=\"display:block\"\r\n     data-ad-client=\"ca-pub-6203283170189293\"\r\n     data-ad-slot=\"4222328180\"\r\n     data-ad-format=\"auto\"\r\n     data-full-width-responsive=\"true\"><\/ins>\r\n<script>\r\n     (adsbygoogle = window.adsbygoogle || []).push({});\r\n<\/script><\/div><br style=\"clear: both; display: block; float: none;\"\/>","protected":false},"excerpt":{"rendered":"<p>Halk Meclisi OHAL Yasas\u0131nda de\u011fi\u015fiklikleri kabul ederek, se\u00e7im s\u00fcreciyle ilgili baz\u0131 d\u00fczenlemelere cevap verdi.&nbsp;Karantinada veya hastanede olan vatanda\u015flar seyyar se\u00e7im sand\u0131\u011f\u0131nda oylar\u0131n\u0131 kullanabilecek.&nbsp;Se\u00e7imlerden en ge\u00e7<\/p>\n","protected":false},"author":29,"featured_media":48786,"comment_status":"closed","ping_status":"closed","sticky":false,"template":"","format":"standard","meta":{"advanced_seo_description":"","jetpack_seo_html_title":"","jetpack_seo_noindex":false,"jetpack_seo_schema_type":"","_jetpack_newsletter_access":"","_jetpack_dont_email_post_to_subs":false,"_jetpack_newsletter_tier_id":0,"_jetpack_memberships_contains_paywalled_content":false,"_jetpack_feature_clip_id":0,"_jetpack_memberships_contains_paid_content":false,"footnotes":"","jetpack_post_was_ever_published":false},"categories":[1,4],"tags":[30,3018,2933,2188,604],"class_list":["post-52564","post","type-post","status-publish","format-standard","has-post-thumbnail","hentry","category-haberler","category-siyaset","tag-bulgaristan","tag-karantina","tag-oy","tag-sandik","tag-secim"],"jetpack_sharing_enabled":true,"jetpack_likes_enabled":true,"jetpack-related-posts":[],"jetpack_shortlink":"https:\/\/wp.me\/pc2PfJ-dFO","jetpack_featured_media_url":"https:\/\/i0.wp.com\/www.bghaber.org\/bghaber\/wp-content\/uploads\/2020\/09\/karantina.jpg?fit=925%2C520&ssl=1","_links":{"self":[{"href":"https:\/\/www.bghaber.org\/bghaber\/wp-json\/wp\/v2\/posts\/52564","targetHints":{"allow":["GET"]}}],"collection":[{"href":"https:\/\/www.bghaber.org\/bghaber\/wp-json\/wp\/v2\/posts"}],"about":[{"href":"https:\/\/www.bghaber.org\/bghaber\/wp-json\/wp\/v2\/types\/post"}],"author":[{"embeddable":true,"href":"https:\/\/www.bghaber.org\/bghaber\/wp-json\/wp\/v2\/users\/29"}],"replies":[{"embeddable":true,"href":"https:\/\/www.bghaber.org\/bghaber\/wp-json\/wp\/v2\/comments?post=52564"}],"version-history":[{"count":0,"href":"https:\/\/www.bghaber.org\/bghaber\/wp-json\/wp\/v2\/posts\/52564\/revisions"}],"wp:featuredmedia":[{"embeddable":true,"href":"https:\/\/www.bghaber.org\/bghaber\/wp-json\/wp\/v2\/media\/48786"}],"wp:attachment":[{"href":"https:\/\/www.bghaber.org\/bghaber\/wp-json\/wp\/v2\/media?parent=52564"}],"wp:term":[{"taxonomy":"category","embeddable":true,"href":"https:\/\/www.bghaber.org\/bghaber\/wp-json\/wp\/v2\/categories?post=52564"},{"taxonomy":"post_tag","embeddable":true,"href":"https:\/\/www.bghaber.org\/bghaber\/wp-json\/wp\/v2\/tags?post=52564"}],"curies":[{"name":"wp","href":"https:\/\/api.w.org\/{rel}","templated":true}]}}