{"id":52561,"date":"2021-01-31T11:00:00","date_gmt":"2021-01-31T08:00:00","guid":{"rendered":"https:\/\/www.bghaber.org\/bghaber\/?p=52561"},"modified":"2021-02-03T01:54:40","modified_gmt":"2021-02-02T22:54:40","slug":"covid-19a-karsi-asilamanin-ikinci-asamasi-basladi","status":"publish","type":"post","link":"https:\/\/www.bghaber.org\/bghaber\/covid-19a-karsi-asilamanin-ikinci-asamasi-basladi\/","title":{"rendered":"Covid-19\u2019a kar\u015f\u0131 a\u015f\u0131laman\u0131n ikinci a\u015famas\u0131 ba\u015flad\u0131"},"content":{"rendered":"\n<p class=\"wp-block-paragraph\">Koronavir\u00fcse kar\u015f\u0131 a\u015f\u0131 kampanyas\u0131n\u0131n ikinci a\u015famas\u0131 ba\u015flad\u0131. Bug\u00fcn birka\u00e7 \u015fehirde huzur evlerindeki ya\u015fl\u0131lar a\u015f\u0131 oldu, di\u011fer baz\u0131 \u015fehirlerde 28 Ocak\u2019ta giri\u015filen \u00f6\u011fretmen a\u015f\u0131lanmas\u0131na haz\u0131rl\u0131klar s\u00fcr\u00fcyor.<\/p>\n\n\n\n<p class=\"wp-block-paragraph\">Sofya\u2019da a\u015f\u0131lama \u2018Nadejda\u2019 ve \u2018Zona B-5\u2019 semtlerindeki huzur evlerinden ba\u015flad\u0131. Ya\u015fl\u0131lar ve personelden toplam 30 ki\u015fi a\u015f\u0131 olmak istedi.&nbsp;A\u015f\u0131lamada haz\u0131r bulunan belediye ba\u015fkan\u0131 Yordanka Fand\u0131kova \u2018 \u015fimdilik belediye huzur evlerinde bulunanlar\u0131n y\u00fczde 30 kadar\u0131 a\u015f\u0131 olmak istedi\u2019 diye a\u00e7\u0131klad\u0131.<\/p>\n\n\n\n<p class=\"wp-block-paragraph\">BTA<\/p>\n<div id=\"bghab-2057472966\" class=\"bghab-yazi-altinda bghab-entity-placement\"><script async src=\"https:\/\/pagead2.googlesyndication.com\/pagead\/js\/adsbygoogle.js\"><\/script>\r\n<!-- bghaber-yaz\u0131-sonu -->\r\n<ins class=\"adsbygoogle\"\r\n     style=\"display:block\"\r\n     data-ad-client=\"ca-pub-6203283170189293\"\r\n     data-ad-slot=\"4222328180\"\r\n     data-ad-format=\"auto\"\r\n     data-full-width-responsive=\"true\"><\/ins>\r\n<script>\r\n     (adsbygoogle = window.adsbygoogle || []).push({});\r\n<\/script><\/div><br style=\"clear: both; display: block; float: none;\"\/>","protected":false},"excerpt":{"rendered":"<p>Koronavir\u00fcse kar\u015f\u0131 a\u015f\u0131 kampanyas\u0131n\u0131n ikinci a\u015famas\u0131 ba\u015flad\u0131. Bug\u00fcn birka\u00e7 \u015fehirde huzur evlerindeki ya\u015fl\u0131lar a\u015f\u0131 oldu, di\u011fer baz\u0131 \u015fehirlerde 28 Ocak\u2019ta giri\u015filen \u00f6\u011fretmen a\u015f\u0131lanmas\u0131na haz\u0131rl\u0131klar s\u00fcr\u00fcyor.<\/p>\n","protected":false},"author":29,"featured_media":52562,"comment_status":"closed","ping_status":"closed","sticky":false,"template":"","format":"standard","meta":{"advanced_seo_description":"","jetpack_seo_html_title":"","jetpack_seo_noindex":false,"jetpack_seo_schema_type":"","_jetpack_newsletter_access":"","_jetpack_dont_email_post_to_subs":false,"_jetpack_newsletter_tier_id":0,"_jetpack_memberships_contains_paywalled_content":false,"_jetpack_feature_clip_id":0,"_jetpack_memberships_contains_paid_content":false,"footnotes":"","jetpack_post_was_ever_published":false},"categories":[1,7],"tags":[1961,30,2902,2884],"class_list":["post-52561","post","type-post","status-publish","format-standard","has-post-thumbnail","hentry","category-haberler","category-saglik-spor","tag-asi","tag-bulgaristan","tag-korona","tag-virus"],"jetpack_sharing_enabled":true,"jetpack_likes_enabled":true,"jetpack-related-posts":[],"jetpack_shortlink":"https:\/\/wp.me\/pc2PfJ-dFL","jetpack_featured_media_url":"https:\/\/i0.wp.com\/www.bghaber.org\/bghaber\/wp-content\/uploads\/2021\/01\/bulgaristan-harita-ve-asi-koronavirus.jpg?fit=925%2C520&ssl=1","_links":{"self":[{"href":"https:\/\/www.bghaber.org\/bghaber\/wp-json\/wp\/v2\/posts\/52561","targetHints":{"allow":["GET"]}}],"collection":[{"href":"https:\/\/www.bghaber.org\/bghaber\/wp-json\/wp\/v2\/posts"}],"about":[{"href":"https:\/\/www.bghaber.org\/bghaber\/wp-json\/wp\/v2\/types\/post"}],"author":[{"embeddable":true,"href":"https:\/\/www.bghaber.org\/bghaber\/wp-json\/wp\/v2\/users\/29"}],"replies":[{"embeddable":true,"href":"https:\/\/www.bghaber.org\/bghaber\/wp-json\/wp\/v2\/comments?post=52561"}],"version-history":[{"count":0,"href":"https:\/\/www.bghaber.org\/bghaber\/wp-json\/wp\/v2\/posts\/52561\/revisions"}],"wp:featuredmedia":[{"embeddable":true,"href":"https:\/\/www.bghaber.org\/bghaber\/wp-json\/wp\/v2\/media\/52562"}],"wp:attachment":[{"href":"https:\/\/www.bghaber.org\/bghaber\/wp-json\/wp\/v2\/media?parent=52561"}],"wp:term":[{"taxonomy":"category","embeddable":true,"href":"https:\/\/www.bghaber.org\/bghaber\/wp-json\/wp\/v2\/categories?post=52561"},{"taxonomy":"post_tag","embeddable":true,"href":"https:\/\/www.bghaber.org\/bghaber\/wp-json\/wp\/v2\/tags?post=52561"}],"curies":[{"name":"wp","href":"https:\/\/api.w.org\/{rel}","templated":true}]}}