{"id":52399,"date":"2021-01-26T04:00:00","date_gmt":"2021-01-26T01:00:00","guid":{"rendered":"https:\/\/www.bghaber.org\/bghaber\/?p=52399"},"modified":"2021-02-03T01:57:50","modified_gmt":"2021-02-02T22:57:50","slug":"navalninin-goz-altina-alinmasi-sofya-ve-varnada-protesto-edildi","status":"publish","type":"post","link":"https:\/\/www.bghaber.org\/bghaber\/navalninin-goz-altina-alinmasi-sofya-ve-varnada-protesto-edildi\/","title":{"rendered":"Navalni\u2019nin g\u00f6z alt\u0131na al\u0131nmas\u0131 Sofya ve Varna\u2019da protesto edildi"},"content":{"rendered":"\n<p class=\"wp-block-paragraph\">Sofya\u2019da onlarca ki\u015fi bir araya gelerek Rusya B\u00fcy\u00fckel\u00e7ili\u011fi binas\u0131 \u00f6n\u00fcnde Rus muhalif lider Aleksey Navalni\u2019nin g\u00f6z alt\u0131na al\u0131nmas\u0131n\u0131 protesto ettiler.<\/p>\n\n\n\n<p class=\"wp-block-paragraph\">Eylemciler, \u201cNavalni ile ya\u015fananlar demokrasiye y\u00f6nelik a\u011f\u0131r bir darbedir, yakla\u015f\u0131k 20 y\u0131ld\u0131z Rusya\u2019da \u201cbozgunluk\u201d yaratan Putin rejimine bir darbedir. Navalni\u2019nin tek silah\u0131 ger\u00e7ektir, Rusya\u2019da ise bunun i\u00e7in insanlar g\u00f6z alt\u0131na al\u0131n\u0131yor. Bizim mottomuz \u201cRusya\u2019ya bak\u0131n, Bulgaristan\u2019\u0131 d\u00fc\u015f\u00fcn\u00fcn\u201d diye payla\u015ft\u0131.<\/p>\n\n\n\n<p class=\"wp-block-paragraph\">Protesto eylemi, bir y\u0131l \u00f6nce Bulgaristan\u2019dan siyasi himaye talebinde bulunan Rusyal\u0131 muhalif Evgeniy \u00c7upov taraf\u0131ndan organize edildi.<\/p>\n\n\n\n<p class=\"wp-block-paragraph\">Varna\u2019da ise Rusya Ba\u015fkonsoloslu\u011fu binas\u0131 \u00f6n\u00fcnde yakla\u015f\u0131k 120 Rusyal\u0131 vatanda\u015f protesto eylemi d\u00fczenledi.&nbsp;<\/p>\n\n\n\n<p class=\"wp-block-paragraph\">Bulgaristan D\u0131\u015fi\u015fleri Bakan\u0131 Ekaterina Zahariva, Rusya&#8217;da Navalni taraftarlar\u0131n\u0131n d\u00fczenledi\u011fi protestolarda g\u00f6z alt\u0131 olaylar\u0131 ile ilgili Twitter hesab\u0131 \u00fczerinden &#8220;B\u00fct\u00fcn Rusya&#8217;da Aleksey Navalni&#8217;yi destekleme amac\u0131 ile eylem ger\u00e7ekle\u015ftiren bar\u0131\u015f\u00e7\u0131l protestocular\u0131n g\u00f6z alt\u0131na al\u0131nmas\u0131n\u0131 k\u0131n\u0131yor ve derhal serbest b\u0131rak\u0131lmamalar\u0131 y\u00f6n\u00fcnde \u00e7a\u011fr\u0131da bulunuyoruz&#8221; yazd\u0131.<\/p><div id=\"bghab-2522858605\" class=\"bghab-icerik-icine bghab-entity-placement\"><script async src=\"\/\/pagead2.googlesyndication.com\/pagead\/js\/adsbygoogle.js?client=ca-pub-6203283170189293\" crossorigin=\"anonymous\"><\/script><ins class=\"adsbygoogle\" style=\"display:block; text-align:center;\" data-ad-client=\"ca-pub-6203283170189293\" \ndata-ad-slot=\"7303146466\" \ndata-ad-layout=\"in-article\"\ndata-ad-format=\"fluid\" data-full-width-responsive=\"true\"><\/ins>\n<script> \n(adsbygoogle = window.adsbygoogle || []).push({}); \n<\/script>\n<\/div>\n\n\n\n<p class=\"wp-block-paragraph\"><\/p>\n\n\n\n<p class=\"wp-block-paragraph\">BNR<\/p>\n<div id=\"bghab-138903210\" class=\"bghab-yazi-altinda bghab-entity-placement\"><script async src=\"https:\/\/pagead2.googlesyndication.com\/pagead\/js\/adsbygoogle.js\"><\/script>\r\n<!-- bghaber-yaz\u0131-sonu -->\r\n<ins class=\"adsbygoogle\"\r\n     style=\"display:block\"\r\n     data-ad-client=\"ca-pub-6203283170189293\"\r\n     data-ad-slot=\"4222328180\"\r\n     data-ad-format=\"auto\"\r\n     data-full-width-responsive=\"true\"><\/ins>\r\n<script>\r\n     (adsbygoogle = window.adsbygoogle || []).push({});\r\n<\/script><\/div><br style=\"clear: both; display: block; float: none;\"\/>","protected":false},"excerpt":{"rendered":"<p>Sofya\u2019da onlarca ki\u015fi bir araya gelerek Rusya B\u00fcy\u00fckel\u00e7ili\u011fi binas\u0131 \u00f6n\u00fcnde Rus muhalif lider Aleksey Navalni\u2019nin g\u00f6z alt\u0131na al\u0131nmas\u0131n\u0131 protesto ettiler. Eylemciler, \u201cNavalni ile ya\u015fananlar demokrasiye<\/p>\n","protected":false},"author":29,"featured_media":52400,"comment_status":"closed","ping_status":"closed","sticky":false,"template":"","format":"standard","meta":{"advanced_seo_description":"","jetpack_seo_html_title":"","jetpack_seo_noindex":false,"jetpack_seo_schema_type":"","_jetpack_newsletter_access":"","_jetpack_dont_email_post_to_subs":false,"_jetpack_newsletter_tier_id":0,"_jetpack_memberships_contains_paywalled_content":false,"_jetpack_feature_clip_id":0,"_jetpack_memberships_contains_paid_content":false,"footnotes":"","jetpack_post_was_ever_published":false},"categories":[1,5],"tags":[1266,51,158],"class_list":["post-52399","post","type-post","status-publish","format-standard","has-post-thumbnail","hentry","category-haberler","category-yasam","tag-protesto","tag-sofya","tag-varna"],"jetpack_sharing_enabled":true,"jetpack_likes_enabled":true,"jetpack-related-posts":[],"jetpack_shortlink":"https:\/\/wp.me\/pc2PfJ-dD9","jetpack_featured_media_url":"https:\/\/i0.wp.com\/www.bghaber.org\/bghaber\/wp-content\/uploads\/2021\/01\/Navalninin-goz-altina-alinmasi-Sofya-ve-Varnada-protesto-edildi.jpg?fit=925%2C520&ssl=1","_links":{"self":[{"href":"https:\/\/www.bghaber.org\/bghaber\/wp-json\/wp\/v2\/posts\/52399","targetHints":{"allow":["GET"]}}],"collection":[{"href":"https:\/\/www.bghaber.org\/bghaber\/wp-json\/wp\/v2\/posts"}],"about":[{"href":"https:\/\/www.bghaber.org\/bghaber\/wp-json\/wp\/v2\/types\/post"}],"author":[{"embeddable":true,"href":"https:\/\/www.bghaber.org\/bghaber\/wp-json\/wp\/v2\/users\/29"}],"replies":[{"embeddable":true,"href":"https:\/\/www.bghaber.org\/bghaber\/wp-json\/wp\/v2\/comments?post=52399"}],"version-history":[{"count":0,"href":"https:\/\/www.bghaber.org\/bghaber\/wp-json\/wp\/v2\/posts\/52399\/revisions"}],"wp:featuredmedia":[{"embeddable":true,"href":"https:\/\/www.bghaber.org\/bghaber\/wp-json\/wp\/v2\/media\/52400"}],"wp:attachment":[{"href":"https:\/\/www.bghaber.org\/bghaber\/wp-json\/wp\/v2\/media?parent=52399"}],"wp:term":[{"taxonomy":"category","embeddable":true,"href":"https:\/\/www.bghaber.org\/bghaber\/wp-json\/wp\/v2\/categories?post=52399"},{"taxonomy":"post_tag","embeddable":true,"href":"https:\/\/www.bghaber.org\/bghaber\/wp-json\/wp\/v2\/tags?post=52399"}],"curies":[{"name":"wp","href":"https:\/\/api.w.org\/{rel}","templated":true}]}}