{"id":52396,"date":"2021-01-26T03:00:00","date_gmt":"2021-01-26T00:00:00","guid":{"rendered":"https:\/\/www.bghaber.org\/bghaber\/?p=52396"},"modified":"2021-01-31T02:42:30","modified_gmt":"2021-01-30T23:42:30","slug":"kuresel-salginla-ilgili-bircok-bilinmez-secimleri-ongorulemez-yapar","status":"publish","type":"post","link":"https:\/\/www.bghaber.org\/bghaber\/kuresel-salginla-ilgili-bircok-bilinmez-secimleri-ongorulemez-yapar\/","title":{"rendered":"K\u00fcresel salg\u0131nla ilgili bir\u00e7ok bilinmez se\u00e7imleri \u00f6ng\u00f6r\u00fclemez yapar"},"content":{"rendered":"\n<p class=\"wp-block-paragraph\">4 Nisan\u2019da d\u00fczenlenecek genel se\u00e7imler \u015fimdiye kadarki di\u011fer se\u00e7imlerden farkl\u0131 olacak. Bunun sebebi pandemi ko\u015fullar\u0131nda yap\u0131lacaklar\u0131d\u0131r. Avrupa veya d\u00fcnyada hi\u00e7bir kurum ya da h\u00fck\u00fcmet \u00fc\u00e7 ay sonraki epidemiyolojik durumun nas\u0131l olaca\u011f\u0131n\u0131 \u00f6ng\u00f6rmek durumda de\u011fildir. Bu, se\u00e7im kampanyas\u0131n\u0131n ge\u00e7ece\u011fi ortam konusunda bir s\u0131ra soru i\u015fareti beraberinde getiriyor. K\u0131s\u0131tlama \u00f6nlemleri hakl\u0131 olsa da sa\u011fl\u0131k sistemi \u00fczerinde azalan bask\u0131 sonucu salg\u0131nla ilgili tahmin edilemeyen durum iktidara belirli olumsuzluklar yaratmaya ba\u015fl\u0131yor.&nbsp;&nbsp;<\/p>\n\n\n\n<p class=\"wp-block-paragraph\">Sosyolog Kolyo Kolev BNR\u2019ye a\u00e7\u0131klamas\u0131nda \u015funlar\u0131 belirtti:&#8221;\u0130ktidardakilere kar\u015f\u0131 dev gerilim topland\u0131. Sosyoloji ara\u015ft\u0131rmalar\u0131na g\u00f6re vatanda\u015flar\u0131n y\u00fczde 19\u2019u&nbsp; GERB\u2019in iktidarda kalmas\u0131n\u0131 isterken y\u00fczde 52\u2019si GERB\u2019siz bir y\u00f6netimden yana. Y\u00fczde 19\u2019luk bu kesim birle\u015fip GERB\u2019i egemen bir siyasi g\u00fcce d\u00f6n\u00fc\u015ft\u00fcrmeyi becerirse bu sand\u0131k ba\u015f\u0131na gitmeyenleri de aya\u011fa kald\u0131racak. \u015eimdiki se\u00e7imlerin psikolojik \u00f6zelli\u011fi budur.&#8221;<\/p>\n\n\n\n<p class=\"wp-block-paragraph\">Se\u00e7menlerin \u00f6nemli bir b\u00f6l\u00fcm\u00fc parlamento d\u0131\u015f\u0131ndaki siyasi formasyonlardan birinde alternatif arayacak.\u00a0Sosyolog Kolyo Kolev devamla \u015f\u00f6yle konu\u015ftu:<\/p>\n\n\n\n<p class=\"wp-block-paragraph\"><img data-recalc-dims=\"1\" decoding=\"async\" src=\"https:\/\/i0.wp.com\/static.bnr.bg\/gallery\/cr\/5a2f8277c369f2c2b07f38210d7140ec.jpg?w=640\" alt=\"\"><\/p>\n\n\n\n<p class=\"wp-block-paragraph\">&#8220;Siyasi elite duyulan g\u00fcvende dev bir erozyon g\u00f6zleniyor ve bu GERB ve BSP\u2019nin d\u0131\u015f\u0131nda alternatif aray\u0131\u015f\u0131na yol a\u00e7ar. Tek DPS\u2019nin nispeten iyi bir siyasi sa\u011fl\u0131\u011f\u0131 mevcut. \u0130stikrarl\u0131 koalisyon kurulmas\u0131 da zor ger\u00e7ekle\u015ftirilebilir.<\/p>\n\n\n\n<p class=\"wp-block-paragraph\">\u00d6te yandan vatanda\u015flar\u0131n sand\u0131k ba\u015f\u0131na gitme motivasyonu olmas\u0131 i\u00e7in se\u00e7imlerin ve oylar\u0131n say\u0131lmas\u0131n\u0131n d\u00fcr\u00fcstl\u00fc\u011f\u00fcne dair teminatlar almal\u0131. &nbsp;Cumhurba\u015fkan\u0131n\u0131n nezdinde yap\u0131lan isti\u015farelere kat\u0131lan b\u00fct\u00fcn Meclis d\u0131\u015f\u0131 siyasi olu\u015fumlar\u0131n liderleri insanlar\u0131n sa\u011fl\u0131\u011f\u0131 ile se\u00e7imlerin d\u00fcr\u00fcst\u00e7e ger\u00e7ekle\u015ftirilmesinin ola\u011fan\u00fcst\u00fc b\u00fcy\u00fck \u00f6nemi oldu\u011fu g\u00f6r\u00fc\u015f\u00fcndeydi. \u00d6nerilerinin bir k\u0131sm\u0131, paralel say\u0131m yap\u0131lmas\u0131 hakk\u0131 da dahil, cumhurba\u015fkan\u0131n\u0131n himayesi alt\u0131nda se\u00e7im s\u00fcreciyle vatanda\u015flardan kurulu &nbsp;sand\u0131k kurullar\u0131nin video g\u00f6zetiminin ger\u00e7ekle\u015ftirilmesiyle ilgilidir. Yurt d\u0131\u015f\u0131ndaki soyda\u015flar\u0131m\u0131z\u0131n temsilcilerinin \u00f6nerileri de se\u00e7im s\u00fcrecine etkin kat\u0131l\u0131mlar\u0131n\u0131 yard\u0131mlayabilir. Onlar Se\u00e7im Yasas\u0131\u2019na de\u011fi\u015fiklik getirilerek a\u00e7\u0131k oylama yap\u0131lmas\u0131n\u0131 \u0131srarla istiyorlar. Soyda\u015flar\u0131m\u0131z oyunu kullananlar\u0131n verilen oylar\u0131n\u0131n nas\u0131l say\u0131lm\u0131\u015f oldu\u011funu yoklama olana\u011f\u0131 sayesinde se\u00e7im hilelerinin \u00f6n\u00fcne ge\u00e7ilece\u011fini savunuyor. &nbsp;A\u00e7\u0131k oylama yoluyla \u00e7al\u0131\u015fmalar\u0131ndan memnun olmayan se\u00e7men ilgili adaya deste\u011finden vazge\u00e7ebilir. &nbsp;A\u00e7\u0131k oylama bir de se\u00e7im s\u00fcreci masraflar\u0131n\u0131n d\u00fc\u015f\u00fcr\u00fclmesine de yol a\u00e7acak \u00e7\u00fcnk\u00fc oy sayanlara gerek daha s\u0131n\u0131rl\u0131 kalacak.<\/p><div id=\"bghab-1403309601\" class=\"bghab-icerik-icine bghab-entity-placement\"><script async src=\"\/\/pagead2.googlesyndication.com\/pagead\/js\/adsbygoogle.js?client=ca-pub-6203283170189293\" crossorigin=\"anonymous\"><\/script><ins class=\"adsbygoogle\" style=\"display:block; text-align:center;\" data-ad-client=\"ca-pub-6203283170189293\" \ndata-ad-slot=\"7303146466\" \ndata-ad-layout=\"in-article\"\ndata-ad-format=\"fluid\" data-full-width-responsive=\"true\"><\/ins>\n<script> \n(adsbygoogle = window.adsbygoogle || []).push({}); \n<\/script>\n<\/div>\n\n\n\n<p class=\"wp-block-paragraph\">D\u0131\u015fi\u015fleri bakan yard\u0131mc\u0131s\u0131 Georg Georgiev\u2019e g\u00f6re yurt d\u0131\u015f\u0131nda oy kullanmak s\u0131k\u0131 epidemiyolojik \u00f6nlemlerden ve katolik ile protestanlar\u0131n 4 Nisan\u2019a denk gelen Paskalya Yortusu\u2019ndan dolay\u0131 ger\u00e7ek bir meydanokumaya d\u00f6n\u00fc\u015fecek.\u00a0\u015e\u00f6yle konu\u015ftu:<\/p>\n\n\n\n<p class=\"wp-block-paragraph\"><img data-recalc-dims=\"1\" decoding=\"async\" src=\"https:\/\/i0.wp.com\/static.bnr.bg\/gallery\/cr\/634e77b3d5f99d4357a787cdbfedc9b6.jpg?w=640\" alt=\"\"><\/p>\n\n\n\n<p class=\"wp-block-paragraph\">\u200b&#8221;Se\u00e7im tarihi art\u0131k bellidir ve bu diplomatik misyonlar\u0131m\u0131zla koordinasyonu sa\u011flay\u0131p ilgili devletlerden temsilciliklerimizde ve bunlar\u0131n d\u0131\u015f\u0131nda &nbsp;se\u00e7im sand\u0131klar\u0131 a\u00e7\u0131lmas\u0131na dair m\u00fcsaade istememize olanak yaratt\u0131. &nbsp;Ancak di\u011fer \u00fclkelerin edindikleri tecr\u00fcbeden&nbsp; baz\u0131lar\u0131n\u0131n bu izinleri se\u00e7im tarihinden yaln\u0131z iki g\u00fcn \u00f6nce ald\u0131klar\u0131n\u0131 anlad\u0131k. \u015eunu da unutmayal\u0131m: olas\u0131 izinden sonra altyap\u0131n\u0131n, g\u00f6revlilerin seferber edilmesi, se\u00e7im sand\u0131klar\u0131nda \u00e7al\u0131\u015fanlar\u0131n &nbsp;teknik ve sa\u011fl\u0131k teminat\u0131n\u0131n sa\u011flanmas\u0131 gereklidir.\u201c<\/p>\n\n\n\n<p class=\"wp-block-paragraph\">Bakan yard\u0131mc\u0131s\u0131 Georgiev, Bulgaristan\u2019\u0131n diplomatik ili\u015fkileri oldu\u011fu t\u00fcm devletlerde se\u00e7im sand\u0131klar\u0131 a\u00e7\u0131laca\u011f\u0131n\u0131 kesin olarak belirtti. Bu baak\u0131mdan en b\u00fcy\u00fck Bulgar topluluklar\u0131 bulunan\u00a0 devletler \u00f6ncelikli olacak.<\/p>\n\n\n\n<p class=\"wp-block-paragraph\"><\/p>\n\n\n\n<p class=\"wp-block-paragraph\">BNR<\/p>\n<div id=\"bghab-2796226482\" class=\"bghab-yazi-altinda bghab-entity-placement\"><script async src=\"https:\/\/pagead2.googlesyndication.com\/pagead\/js\/adsbygoogle.js\"><\/script>\r\n<!-- bghaber-yaz\u0131-sonu -->\r\n<ins class=\"adsbygoogle\"\r\n     style=\"display:block\"\r\n     data-ad-client=\"ca-pub-6203283170189293\"\r\n     data-ad-slot=\"4222328180\"\r\n     data-ad-format=\"auto\"\r\n     data-full-width-responsive=\"true\"><\/ins>\r\n<script>\r\n     (adsbygoogle = window.adsbygoogle || []).push({});\r\n<\/script><\/div><br style=\"clear: both; display: block; float: none;\"\/>","protected":false},"excerpt":{"rendered":"<p>4 Nisan\u2019da d\u00fczenlenecek genel se\u00e7imler \u015fimdiye kadarki di\u011fer se\u00e7imlerden farkl\u0131 olacak. Bunun sebebi pandemi ko\u015fullar\u0131nda yap\u0131lacaklar\u0131d\u0131r. Avrupa veya d\u00fcnyada hi\u00e7bir kurum ya da h\u00fck\u00fcmet \u00fc\u00e7<\/p>\n","protected":false},"author":29,"featured_media":52397,"comment_status":"closed","ping_status":"closed","sticky":false,"template":"","format":"standard","meta":{"advanced_seo_description":"","jetpack_seo_html_title":"","jetpack_seo_noindex":false,"jetpack_seo_schema_type":"","_jetpack_newsletter_access":"","_jetpack_dont_email_post_to_subs":false,"_jetpack_newsletter_tier_id":0,"_jetpack_memberships_contains_paywalled_content":false,"_jetpack_feature_clip_id":0,"_jetpack_memberships_contains_paid_content":false,"footnotes":"","jetpack_post_was_ever_published":false},"categories":[1,4],"tags":[30,604],"class_list":["post-52396","post","type-post","status-publish","format-standard","has-post-thumbnail","hentry","category-haberler","category-siyaset","tag-bulgaristan","tag-secim"],"jetpack_sharing_enabled":true,"jetpack_likes_enabled":true,"jetpack-related-posts":[],"jetpack_shortlink":"https:\/\/wp.me\/pc2PfJ-dD6","jetpack_featured_media_url":"https:\/\/i0.wp.com\/www.bghaber.org\/bghaber\/wp-content\/uploads\/2021\/01\/secim-sandik-oy-verme.jpg?fit=925%2C520&ssl=1","_links":{"self":[{"href":"https:\/\/www.bghaber.org\/bghaber\/wp-json\/wp\/v2\/posts\/52396","targetHints":{"allow":["GET"]}}],"collection":[{"href":"https:\/\/www.bghaber.org\/bghaber\/wp-json\/wp\/v2\/posts"}],"about":[{"href":"https:\/\/www.bghaber.org\/bghaber\/wp-json\/wp\/v2\/types\/post"}],"author":[{"embeddable":true,"href":"https:\/\/www.bghaber.org\/bghaber\/wp-json\/wp\/v2\/users\/29"}],"replies":[{"embeddable":true,"href":"https:\/\/www.bghaber.org\/bghaber\/wp-json\/wp\/v2\/comments?post=52396"}],"version-history":[{"count":0,"href":"https:\/\/www.bghaber.org\/bghaber\/wp-json\/wp\/v2\/posts\/52396\/revisions"}],"wp:featuredmedia":[{"embeddable":true,"href":"https:\/\/www.bghaber.org\/bghaber\/wp-json\/wp\/v2\/media\/52397"}],"wp:attachment":[{"href":"https:\/\/www.bghaber.org\/bghaber\/wp-json\/wp\/v2\/media?parent=52396"}],"wp:term":[{"taxonomy":"category","embeddable":true,"href":"https:\/\/www.bghaber.org\/bghaber\/wp-json\/wp\/v2\/categories?post=52396"},{"taxonomy":"post_tag","embeddable":true,"href":"https:\/\/www.bghaber.org\/bghaber\/wp-json\/wp\/v2\/tags?post=52396"}],"curies":[{"name":"wp","href":"https:\/\/api.w.org\/{rel}","templated":true}]}}