{"id":52346,"date":"2021-01-25T11:30:00","date_gmt":"2021-01-25T08:30:00","guid":{"rendered":"https:\/\/www.bghaber.org\/bghaber\/?p=52346"},"modified":"2021-01-25T02:17:31","modified_gmt":"2021-01-24T23:17:31","slug":"bulgaristan-abdye-gitmek-icin-vizelerin-kaldirilmasini-bekliyor","status":"publish","type":"post","link":"https:\/\/www.bghaber.org\/bghaber\/bulgaristan-abdye-gitmek-icin-vizelerin-kaldirilmasini-bekliyor\/","title":{"rendered":"Bulgaristan, ABD&#8217;ye gitmek i\u00e7in vizelerin kald\u0131r\u0131lmas\u0131n\u0131 bekliyor"},"content":{"rendered":"\n<p class=\"wp-block-paragraph\">Nova TV\u2019ye konu\u015fan Bulgaristan\u2019\u0131n ABD B\u00fcy\u00fckel\u00e7isi<strong>&nbsp;Tihomir&nbsp;<\/strong><strong>Stoytchev<\/strong><strong>, \u201cVizesiz seyahat program\u0131 a\u00e7\u0131s\u0131ndan Bulgaristan&#8217;\u0131n ABD ile stratejik ortakl\u0131\u011f\u0131 \u00e7ok \u00f6nemli.&nbsp;<\/strong>Bulgaristan&#8217;\u0131n t\u00fcm kriterleri yerine getirdi\u011fini d\u00fc\u015f\u00fcn\u00fcyoruz. Tek eksiklik, &nbsp;reddedilen vizelerle ilgilidir, ancak e\u011filim olumlu y\u00f6nde geli\u015fiyor. Y\u0131llar \u00f6nce red cevab\u0131 alan vize oran\u0131 y\u00fczde 18 iken 2019&#8217;da bu oran y\u00fczde 9,75.<\/p>\n\n\n\n<p class=\"wp-block-paragraph\">\u00a0B\u00fcy\u00fckel\u00e7iStoytchev, \u201c<strong>AB i\u00e7ersinde vatanda\u015flar\u0131n iki kategoride ayr\u0131lmas\u0131, kabul edilemez bir durum. Bulgaristan\u2019\u0131n uzun y\u0131llard\u0131r ABD i\u00e7in bir risk olu\u015fturmad\u0131\u011f\u0131 da bir ger\u00e7ek. Kanada, bu konuda iyi bir \u00f6rnek. Yeni Devlet Ba\u015fkan\u0131 d\u00f6neminde vize rejiminin kald\u0131r\u0131lmas\u0131n\u0131 umuyorum\u201d\u00a0<\/strong>dedi.<\/p>\n\n\n\n<p class=\"wp-block-paragraph\"><\/p>\n\n\n\n<p class=\"wp-block-paragraph\">BNR<\/p>\n<div id=\"bghab-3710714656\" class=\"bghab-yazi-altinda bghab-entity-placement\"><script async src=\"https:\/\/pagead2.googlesyndication.com\/pagead\/js\/adsbygoogle.js\"><\/script>\r\n<!-- bghaber-yaz\u0131-sonu -->\r\n<ins class=\"adsbygoogle\"\r\n     style=\"display:block\"\r\n     data-ad-client=\"ca-pub-6203283170189293\"\r\n     data-ad-slot=\"4222328180\"\r\n     data-ad-format=\"auto\"\r\n     data-full-width-responsive=\"true\"><\/ins>\r\n<script>\r\n     (adsbygoogle = window.adsbygoogle || []).push({});\r\n<\/script><\/div><br style=\"clear: both; display: block; float: none;\"\/>","protected":false},"excerpt":{"rendered":"<p>Nova TV\u2019ye konu\u015fan Bulgaristan\u2019\u0131n ABD B\u00fcy\u00fckel\u00e7isi&nbsp;Tihomir&nbsp;Stoytchev, \u201cVizesiz seyahat program\u0131 a\u00e7\u0131s\u0131ndan Bulgaristan&#8217;\u0131n ABD ile stratejik ortakl\u0131\u011f\u0131 \u00e7ok \u00f6nemli.&nbsp;Bulgaristan&#8217;\u0131n t\u00fcm kriterleri yerine getirdi\u011fini d\u00fc\u015f\u00fcn\u00fcyoruz. Tek eksiklik, &nbsp;reddedilen<\/p>\n","protected":false},"author":29,"featured_media":52291,"comment_status":"closed","ping_status":"closed","sticky":false,"template":"","format":"standard","meta":{"advanced_seo_description":"","jetpack_seo_html_title":"","jetpack_seo_noindex":false,"jetpack_seo_schema_type":"","_jetpack_newsletter_access":"","_jetpack_dont_email_post_to_subs":false,"_jetpack_newsletter_tier_id":0,"_jetpack_memberships_contains_paywalled_content":false,"_jetpack_feature_clip_id":0,"_jetpack_memberships_contains_paid_content":false,"footnotes":"","jetpack_post_was_ever_published":false},"categories":[1,4],"tags":[74,1194,30,1179],"class_list":["post-52346","post","type-post","status-publish","format-standard","has-post-thumbnail","hentry","category-haberler","category-siyaset","tag-abd","tag-amerika","tag-bulgaristan","tag-vize"],"jetpack_sharing_enabled":true,"jetpack_likes_enabled":true,"jetpack-related-posts":[],"jetpack_shortlink":"https:\/\/wp.me\/pc2PfJ-dCi","jetpack_featured_media_url":"https:\/\/i0.wp.com\/www.bghaber.org\/bghaber\/wp-content\/uploads\/2021\/01\/Bulgaristanin-Washington-Buyukelcisi-Tihomir-Stoycev.jpg?fit=925%2C520&ssl=1","_links":{"self":[{"href":"https:\/\/www.bghaber.org\/bghaber\/wp-json\/wp\/v2\/posts\/52346","targetHints":{"allow":["GET"]}}],"collection":[{"href":"https:\/\/www.bghaber.org\/bghaber\/wp-json\/wp\/v2\/posts"}],"about":[{"href":"https:\/\/www.bghaber.org\/bghaber\/wp-json\/wp\/v2\/types\/post"}],"author":[{"embeddable":true,"href":"https:\/\/www.bghaber.org\/bghaber\/wp-json\/wp\/v2\/users\/29"}],"replies":[{"embeddable":true,"href":"https:\/\/www.bghaber.org\/bghaber\/wp-json\/wp\/v2\/comments?post=52346"}],"version-history":[{"count":0,"href":"https:\/\/www.bghaber.org\/bghaber\/wp-json\/wp\/v2\/posts\/52346\/revisions"}],"wp:featuredmedia":[{"embeddable":true,"href":"https:\/\/www.bghaber.org\/bghaber\/wp-json\/wp\/v2\/media\/52291"}],"wp:attachment":[{"href":"https:\/\/www.bghaber.org\/bghaber\/wp-json\/wp\/v2\/media?parent=52346"}],"wp:term":[{"taxonomy":"category","embeddable":true,"href":"https:\/\/www.bghaber.org\/bghaber\/wp-json\/wp\/v2\/categories?post=52346"},{"taxonomy":"post_tag","embeddable":true,"href":"https:\/\/www.bghaber.org\/bghaber\/wp-json\/wp\/v2\/tags?post=52346"}],"curies":[{"name":"wp","href":"https:\/\/api.w.org\/{rel}","templated":true}]}}