{"id":52343,"date":"2021-01-25T10:30:00","date_gmt":"2021-01-25T07:30:00","guid":{"rendered":"https:\/\/www.bghaber.org\/bghaber\/?p=52343"},"modified":"2021-01-25T02:16:45","modified_gmt":"2021-01-24T23:16:45","slug":"istanbul-varna-arasinda-duzenli-ucak-seferleri-basliyor","status":"publish","type":"post","link":"https:\/\/www.bghaber.org\/bghaber\/istanbul-varna-arasinda-duzenli-ucak-seferleri-basliyor\/","title":{"rendered":"\u0130stanbul &#8211; Varna aras\u0131nda d\u00fczenli u\u00e7ak seferleri ba\u015fl\u0131yor"},"content":{"rendered":"\n<p class=\"wp-block-paragraph\">Bulgaristan Turizm Bakan\u0131 Mariyana Nikolova, T\u00fcrk Hava Yollar\u0131 (THY) Sofya M\u00fcd\u00fcr\u00fc\u00a0Mehmet G\u00fcrkaynak ile g\u00f6r\u00fc\u015ft\u00fc. \u0130kili, \u00a0Bulgaristan ile T\u00fcrkiye aras\u0131nda turizm sekt\u00f6r\u00fcn\u00fcn geli\u015fimini ele ald\u0131.<\/p>\n\n\n\n<p class=\"wp-block-paragraph\">Bakan Nikolova \u201cT\u00fcrkiye, hem vatanda\u015flar\u0131m\u0131z\u0131n, hem de oradan gelen turistler &nbsp;a\u00e7\u0131s\u0131ndan en \u00f6nemli pazarlar\u0131m\u0131zdan biridir. G\u00fcney kom\u015fumuzdan gelen konuklar, \u00f6zellikle k\u0131\u015f tatil beldeleri ve SPA destinasyonlar\u0131 olmak \u00fczere, Bulgaristan&#8217;\u0131 \u00e7ok seviyor\u201d dedi.<\/p>\n\n\n\n<p class=\"wp-block-paragraph\"><strong>Mehmet G\u00fcrkaynak<\/strong><strong>, Sofya-\u0130stanbul aras\u0131nda haftada 8 u\u00e7ak seferinin, \u015eubat ay\u0131ndan itibaren ise Cuma ve Pazartesi olmak \u00fczere, Varna-\u0130stanbul aras\u0131nda d\u00fczenli u\u00e7ak seferlerinin yap\u0131lca\u011f\u0131 konusunda Ba\u015fbakan Yard\u0131mc\u0131s\u0131 Nikolova\u2019ya bilgi verdi.<\/strong><\/p>\n\n\n\n<p class=\"wp-block-paragraph\">Ayr\u0131ca T\u00fcrk Hava Yollar\u0131 Sofya M\u00fcd\u00fcr\u00fc, a\u015f\u0131lama kampanyas\u0131n\u0131n ard\u0131ndan turizm sekt\u00f6r\u00fcndeki durumun iyile\u015fece\u011fine dair umutlar\u0131n\u0131 dile getirdi.<\/p>\n\n\n\n<p class=\"wp-block-paragraph\"><\/p>\n\n\n\n<p class=\"wp-block-paragraph\">BNR<\/p><div id=\"bghab-306527617\" class=\"bghab-icerik-icine bghab-entity-placement\"><script async src=\"\/\/pagead2.googlesyndication.com\/pagead\/js\/adsbygoogle.js?client=ca-pub-6203283170189293\" crossorigin=\"anonymous\"><\/script><ins class=\"adsbygoogle\" style=\"display:block; text-align:center;\" data-ad-client=\"ca-pub-6203283170189293\" \ndata-ad-slot=\"7303146466\" \ndata-ad-layout=\"in-article\"\ndata-ad-format=\"fluid\" data-full-width-responsive=\"true\"><\/ins>\n<script> \n(adsbygoogle = window.adsbygoogle || []).push({}); \n<\/script>\n<\/div>\n<div id=\"bghab-2505792320\" class=\"bghab-yazi-altinda bghab-entity-placement\"><script async src=\"https:\/\/pagead2.googlesyndication.com\/pagead\/js\/adsbygoogle.js\"><\/script>\r\n<!-- bghaber-yaz\u0131-sonu -->\r\n<ins class=\"adsbygoogle\"\r\n     style=\"display:block\"\r\n     data-ad-client=\"ca-pub-6203283170189293\"\r\n     data-ad-slot=\"4222328180\"\r\n     data-ad-format=\"auto\"\r\n     data-full-width-responsive=\"true\"><\/ins>\r\n<script>\r\n     (adsbygoogle = window.adsbygoogle || []).push({});\r\n<\/script><\/div><br style=\"clear: both; display: block; float: none;\"\/>","protected":false},"excerpt":{"rendered":"<p>Bulgaristan Turizm Bakan\u0131 Mariyana Nikolova, T\u00fcrk Hava Yollar\u0131 (THY) Sofya M\u00fcd\u00fcr\u00fc\u00a0Mehmet G\u00fcrkaynak ile g\u00f6r\u00fc\u015ft\u00fc. \u0130kili, \u00a0Bulgaristan ile T\u00fcrkiye aras\u0131nda turizm sekt\u00f6r\u00fcn\u00fcn geli\u015fimini ele ald\u0131. Bakan<\/p>\n","protected":false},"author":29,"featured_media":52344,"comment_status":"closed","ping_status":"closed","sticky":false,"template":"","format":"standard","meta":{"advanced_seo_description":"","jetpack_seo_html_title":"","jetpack_seo_noindex":false,"jetpack_seo_schema_type":"","_jetpack_newsletter_access":"","_jetpack_dont_email_post_to_subs":false,"_jetpack_newsletter_tier_id":0,"_jetpack_memberships_contains_paywalled_content":false,"_jetpack_feature_clip_id":0,"_jetpack_memberships_contains_paid_content":false,"footnotes":"","jetpack_post_was_ever_published":false},"categories":[5],"tags":[30,67,675,76,678,158],"class_list":["post-52343","post","type-post","status-publish","format-standard","has-post-thumbnail","hentry","category-yasam","tag-bulgaristan","tag-istanbul","tag-thy","tag-turkiye","tag-ucak","tag-varna"],"jetpack_sharing_enabled":true,"jetpack_likes_enabled":true,"jetpack-related-posts":[],"jetpack_shortlink":"https:\/\/wp.me\/pc2PfJ-dCf","jetpack_featured_media_url":"https:\/\/i0.wp.com\/www.bghaber.org\/bghaber\/wp-content\/uploads\/2021\/01\/Turizm-Bakani-Mariyana-Nikolova-Turk-Hava-Yollari-THY-Sofya-Muduru-Mehmet-Gurkaynak-ile-gorustu.jpg?fit=925%2C520&ssl=1","_links":{"self":[{"href":"https:\/\/www.bghaber.org\/bghaber\/wp-json\/wp\/v2\/posts\/52343","targetHints":{"allow":["GET"]}}],"collection":[{"href":"https:\/\/www.bghaber.org\/bghaber\/wp-json\/wp\/v2\/posts"}],"about":[{"href":"https:\/\/www.bghaber.org\/bghaber\/wp-json\/wp\/v2\/types\/post"}],"author":[{"embeddable":true,"href":"https:\/\/www.bghaber.org\/bghaber\/wp-json\/wp\/v2\/users\/29"}],"replies":[{"embeddable":true,"href":"https:\/\/www.bghaber.org\/bghaber\/wp-json\/wp\/v2\/comments?post=52343"}],"version-history":[{"count":0,"href":"https:\/\/www.bghaber.org\/bghaber\/wp-json\/wp\/v2\/posts\/52343\/revisions"}],"wp:featuredmedia":[{"embeddable":true,"href":"https:\/\/www.bghaber.org\/bghaber\/wp-json\/wp\/v2\/media\/52344"}],"wp:attachment":[{"href":"https:\/\/www.bghaber.org\/bghaber\/wp-json\/wp\/v2\/media?parent=52343"}],"wp:term":[{"taxonomy":"category","embeddable":true,"href":"https:\/\/www.bghaber.org\/bghaber\/wp-json\/wp\/v2\/categories?post=52343"},{"taxonomy":"post_tag","embeddable":true,"href":"https:\/\/www.bghaber.org\/bghaber\/wp-json\/wp\/v2\/tags?post=52343"}],"curies":[{"name":"wp","href":"https:\/\/api.w.org\/{rel}","templated":true}]}}