{"id":52340,"date":"2021-01-25T09:30:00","date_gmt":"2021-01-25T06:30:00","guid":{"rendered":"https:\/\/www.bghaber.org\/bghaber\/?p=52340"},"modified":"2021-01-25T02:07:53","modified_gmt":"2021-01-24T23:07:53","slug":"isperih-halkindan-dr-zargara-destek","status":"publish","type":"post","link":"https:\/\/www.bghaber.org\/bghaber\/isperih-halkindan-dr-zargara-destek\/","title":{"rendered":"\u0130sperih halk\u0131ndan Dr. Zargar\u2019a destek"},"content":{"rendered":"\n<p class=\"wp-block-paragraph\">Deliorman\u2019\u0131n sevilen doktoruna Bulgaristan vatanda\u015fl\u0131\u011f\u0131<\/p>\n\n\n\n<p class=\"wp-block-paragraph\">BNT\u2019nin verdi\u011fi habere g\u00f6r, \u0130sperih Hastanesinin M\u00fcd\u00fcr\u00fc, \u0130ran as\u0131ll\u0131 doktor Abdullah Zargar\u2019a Bulgaristan vatanda\u015fl\u0131\u011f\u0131 verilecek.<\/p>\n\n\n\n<p class=\"wp-block-paragraph\">\u0130ran uyruklu sevilen doktor, y\u0131llardan beri Deliroman\u2019da \u00e7al\u0131\u015f\u0131yor. Dr. Zargar ayn\u0131 zamanda Varna\u2019da da \u00e7al\u0131\u015f\u0131yor.<\/p>\n\n\n\n<p class=\"wp-block-paragraph\">Kamu kurulu\u015flar\u0131 yasas\u0131ndaki de\u011fi\u015fiklikler, bu kurum ba\u015fkanlar\u0131n\u0131n Bulgaristan ve AB \u00fckesi vatanda\u015f\u0131 olma zorunlulu\u011fu getirildi.<\/p>\n\n\n\n<p class=\"wp-block-paragraph\">Doktor Zargar bu yeni d\u00fczenlemeden dolay\u0131 \u0130sperih hastanesindeki m\u00fcd\u00fcr ve y\u00f6netici g\u00f6revinde kalamayaca\u011f\u0131 anla\u015f\u0131l\u0131nca geni\u015f \u00e7apl\u0131 bir imza kampanyas\u0131 ba\u015flat\u0131ld\u0131.<\/p><div id=\"bghab-555890113\" class=\"bghab-icerik-icine bghab-entity-placement\"><script async src=\"\/\/pagead2.googlesyndication.com\/pagead\/js\/adsbygoogle.js?client=ca-pub-6203283170189293\" crossorigin=\"anonymous\"><\/script><ins class=\"adsbygoogle\" style=\"display:block; text-align:center;\" data-ad-client=\"ca-pub-6203283170189293\" \ndata-ad-slot=\"7303146466\" \ndata-ad-layout=\"in-article\"\ndata-ad-format=\"fluid\" data-full-width-responsive=\"true\"><\/ins>\n<script> \n(adsbygoogle = window.adsbygoogle || []).push({}); \n<\/script>\n<\/div>\n\n\n\n<p class=\"wp-block-paragraph\">\u0130sperih Hastanesinin M\u00fcd\u00fcr\u00fc Dr. Abdullah Zargar&#8217;\u0131 desteklemek \u00fczere 5000\u2019den fazla ki\u015fi imzas\u0131n\u0131 verdi.Bunun \u00fczerine Deliorman\u2019\u0131n sevilen doktorunun Bulgaristan vatanda\u015fl\u0131\u011f\u0131na ge\u00e7mesi i\u00e7in prosed\u00fcrler ba\u015flad\u0131.<\/p>\n\n\n\n<p class=\"wp-block-paragraph\">\u0130sperih Hastanesinin ba\u015f\u0131na ge\u00e7ti\u011finden beri, hastane personeli ve te\u00e7hizat\u0131yla, b\u00f6lgeye hizmet veren modern bir sa\u011fl\u0131k kurulu\u015funa d\u00f6n\u00fc\u015ft\u00fc. Ancak doktorun Bulgar vatanda\u015fl\u0131\u011f\u0131 bulunmamas\u0131ndan dolay\u0131, g\u00f6revinden al\u0131nmas\u0131 s\u00f6z konusu oldu. \u0130sperih halk\u0131 bu yeni d\u00fczenlemeye kar\u015f\u0131 \u00e7\u0131karak, doktorlar\u0131n\u0131 destekleyen kampanyaya \u00f6n ayak oldu.<\/p>\n\n\n\n<p class=\"wp-block-paragraph\">K\u0131sa s\u00fcrede Dr. Zargar\u2019\u0131n m\u00fcd\u00fcr g\u00f6revinde kalmas\u0131 talebiyle a\u00e7\u0131lan kampanyaya 5 000 ki\u015fi imzas\u0131n\u0131 att\u0131.<\/p>\n\n\n\n<p class=\"wp-block-paragraph\">Doktor Zargar BNT\u2019ye verdi\u011fi m\u00fclakatta: \u201cBu benim i\u00e7in \u00e7ok onur verici bir durum. \u015eimdiye kadar yapt\u0131\u011f\u0131m\u0131n fazlas\u0131n\u0131 yapmak ad\u0131na b\u00fcy\u00fck bir sorumluluk anlam\u0131na geliyor bu g\u00fcven. \u00d6yle bir destek ald\u0131m ki, adeta utan\u0131yorum. Bu jeste nas\u0131l kar\u015f\u0131l\u0131k verece\u011fim ve bu toplumun g\u00fcvenine nas\u0131l cevaplayaca\u011f\u0131ma \u015fa\u015f\u0131rd\u0131m. Sa\u011fl\u0131k Bakanl\u0131\u011f\u0131na, Bakan Prof. Angelov\u2019a da \u00e7ok minnettar\u0131m\u201d dedi.<\/p>\n\n\n\n<p class=\"wp-block-paragraph\">\u0130sperih halk\u0131ndan doktora destek<\/p><div id=\"bghab-396622664\" class=\"bghab-icerik-icine-10-paragraf bghab-entity-placement\"><script async src=\"\/\/pagead2.googlesyndication.com\/pagead\/js\/adsbygoogle.js?client=ca-pub-6203283170189293\" crossorigin=\"anonymous\"><\/script><ins class=\"adsbygoogle\" style=\"display:block; text-align:center;\" data-ad-client=\"ca-pub-6203283170189293\" \ndata-ad-slot=\"7303146466\" \ndata-ad-layout=\"in-article\"\ndata-ad-format=\"fluid\" data-full-width-responsive=\"true\"><\/ins>\n<script> \n(adsbygoogle = window.adsbygoogle || []).push({}); \n<\/script>\n<\/div>\n\n\n\n<p class=\"wp-block-paragraph\">Razgrad Valisi G\u00fcnay H\u00fcsmen doktorun \u0130sperih Hastanesinin yenilenmesi ve modernizasyonu yolunda b\u00fcy\u00fck \u00e7aba harcad\u0131\u011f\u0131n\u0131, \u00e7a\u011fda\u015f cihazlar\u0131n al\u0131nd\u0131\u011f\u0131n\u0131 vurgulad\u0131.<\/p>\n\n\n\n<p class=\"wp-block-paragraph\">Vali H\u00fcsmen bu hafta sonuna kadar Dr. Zargar\u2019\u0131n vatanda\u015fl\u0131k prosed\u00fcr\u00fcyle ilgili t\u00fcm evraklar\u0131n Adalet Bakanl\u0131\u011f\u0131na sunulaca\u011f\u0131n\u0131 ve en k\u0131sa zamanda Bulgaristan uyru\u011funa ge\u00e7ece\u011fi umutlar\u0131n\u0131 ifade etti.<\/p>\n\n\n\n<p class=\"wp-block-paragraph\">\u201c5000\u2019den fazla imza topland\u0131. Vatanda\u015flar sorumlu davrand\u0131. Toplum doktor Zargar\u2019\u0131 sevdi\u011fini g\u00f6sterdi ve ona vatanda\u015fl\u0131k verilmemesi i\u00e7in bir neden g\u00f6rm\u00fcyorum\u201d dedi.<\/p>\n\n\n\n<p class=\"wp-block-paragraph\"><\/p>\n\n\n\n<p class=\"wp-block-paragraph\">BNR<\/p>\n<div id=\"bghab-3706085882\" class=\"bghab-yazi-altinda bghab-entity-placement\"><script async src=\"https:\/\/pagead2.googlesyndication.com\/pagead\/js\/adsbygoogle.js\"><\/script>\r\n<!-- bghaber-yaz\u0131-sonu -->\r\n<ins class=\"adsbygoogle\"\r\n     style=\"display:block\"\r\n     data-ad-client=\"ca-pub-6203283170189293\"\r\n     data-ad-slot=\"4222328180\"\r\n     data-ad-format=\"auto\"\r\n     data-full-width-responsive=\"true\"><\/ins>\r\n<script>\r\n     (adsbygoogle = window.adsbygoogle || []).push({});\r\n<\/script><\/div><br style=\"clear: both; display: block; float: none;\"\/>","protected":false},"excerpt":{"rendered":"<p>Deliorman\u2019\u0131n sevilen doktoruna Bulgaristan vatanda\u015fl\u0131\u011f\u0131 BNT\u2019nin verdi\u011fi habere g\u00f6r, \u0130sperih Hastanesinin M\u00fcd\u00fcr\u00fc, \u0130ran as\u0131ll\u0131 doktor Abdullah Zargar\u2019a Bulgaristan vatanda\u015fl\u0131\u011f\u0131 verilecek. \u0130ran uyruklu sevilen doktor, y\u0131llardan<\/p>\n","protected":false},"author":29,"featured_media":52341,"comment_status":"closed","ping_status":"closed","sticky":false,"template":"","format":"standard","meta":{"advanced_seo_description":"","jetpack_seo_html_title":"","jetpack_seo_noindex":false,"jetpack_seo_schema_type":"","_jetpack_newsletter_access":"","_jetpack_dont_email_post_to_subs":false,"_jetpack_newsletter_tier_id":0,"_jetpack_memberships_contains_paywalled_content":false,"_jetpack_feature_clip_id":0,"_jetpack_memberships_contains_paid_content":false,"footnotes":"","jetpack_post_was_ever_published":false},"categories":[5],"tags":[30,1576,1243,3611,148,92],"class_list":["post-52340","post","type-post","status-publish","format-standard","has-post-thumbnail","hentry","category-yasam","tag-bulgaristan","tag-destek","tag-doktor","tag-imza","tag-isperih","tag-razgrad"],"jetpack_sharing_enabled":true,"jetpack_likes_enabled":true,"jetpack-related-posts":[],"jetpack_shortlink":"https:\/\/wp.me\/pc2PfJ-dCc","jetpack_featured_media_url":"https:\/\/i0.wp.com\/www.bghaber.org\/bghaber\/wp-content\/uploads\/2021\/01\/doktor-zargar-isperih.jpg?fit=925%2C520&ssl=1","_links":{"self":[{"href":"https:\/\/www.bghaber.org\/bghaber\/wp-json\/wp\/v2\/posts\/52340","targetHints":{"allow":["GET"]}}],"collection":[{"href":"https:\/\/www.bghaber.org\/bghaber\/wp-json\/wp\/v2\/posts"}],"about":[{"href":"https:\/\/www.bghaber.org\/bghaber\/wp-json\/wp\/v2\/types\/post"}],"author":[{"embeddable":true,"href":"https:\/\/www.bghaber.org\/bghaber\/wp-json\/wp\/v2\/users\/29"}],"replies":[{"embeddable":true,"href":"https:\/\/www.bghaber.org\/bghaber\/wp-json\/wp\/v2\/comments?post=52340"}],"version-history":[{"count":0,"href":"https:\/\/www.bghaber.org\/bghaber\/wp-json\/wp\/v2\/posts\/52340\/revisions"}],"wp:featuredmedia":[{"embeddable":true,"href":"https:\/\/www.bghaber.org\/bghaber\/wp-json\/wp\/v2\/media\/52341"}],"wp:attachment":[{"href":"https:\/\/www.bghaber.org\/bghaber\/wp-json\/wp\/v2\/media?parent=52340"}],"wp:term":[{"taxonomy":"category","embeddable":true,"href":"https:\/\/www.bghaber.org\/bghaber\/wp-json\/wp\/v2\/categories?post=52340"},{"taxonomy":"post_tag","embeddable":true,"href":"https:\/\/www.bghaber.org\/bghaber\/wp-json\/wp\/v2\/tags?post=52340"}],"curies":[{"name":"wp","href":"https:\/\/api.w.org\/{rel}","templated":true}]}}