{"id":51858,"date":"2021-01-05T06:00:00","date_gmt":"2021-01-05T03:00:00","guid":{"rendered":"https:\/\/www.bghaber.org\/bghaber\/?p=51858"},"modified":"2021-01-05T01:22:54","modified_gmt":"2021-01-04T22:22:54","slug":"bulgaristanda-123-elektrikli-arac-sarj-istasyonu-bulunmaktadir","status":"publish","type":"post","link":"https:\/\/www.bghaber.org\/bghaber\/bulgaristanda-123-elektrikli-arac-sarj-istasyonu-bulunmaktadir\/","title":{"rendered":"Bulgaristan&#8217;da 123 elektrikli ara\u00e7 \u015farj istasyonu bulunmaktad\u0131r"},"content":{"rendered":"\n<p class=\"wp-block-paragraph\">\u00dclkemiz elektrikli ara\u00e7lar\u0131n temiz, \u00e7evre dostu ve tasarruflu bir ula\u015f\u0131m arac\u0131 olarak kullan\u0131m\u0131na ko\u015fullar yarat\u0131yor. Elektrikli ara\u00e7 s\u00fcr\u00fcc\u00fcleri \u00fclke genelinde art\u0131k 123 \u015farj istasyonundan yararlanabilir. <\/p>\n\n\n\n<p class=\"wp-block-paragraph\">B\u00f6lgeleri kalk\u0131nd\u0131rma operasyonel programlar\u0131n\u0131n\u00a0 arac\u0131l\u0131\u011f\u0131yla di\u011fer 76 \u015farj istasyonunun in\u015fas\u0131 \u00f6ng\u00f6r\u00fcl\u00fcyor. Yaln\u0131z ba\u015fkentte 25 \u015farj istasyonu mevcut.<\/p>\n\n\n\n<p class=\"wp-block-paragraph\">Daha geni\u015f \u015farj istasyonu \u015febekesinin olu\u015fturulmas\u0131n\u0131n elektrikli ara\u00e7 ve otob\u00fcslerin daha yayg\u0131n kullan\u0131m\u0131na yol a\u00e7mas\u0131, hava kirlenmesi ile g\u00fcr\u00fclt\u00fc d\u00fczeyinin d\u00fc\u015f\u00fcr\u00fclmesine ko\u015fullar yaratmas\u0131 bekleniyor.<br><\/p>\n\n\n\n<p class=\"wp-block-paragraph\"><\/p>\n\n\n\n<p class=\"wp-block-paragraph\">BNR<\/p>\n<div id=\"bghab-829589530\" class=\"bghab-yazi-altinda bghab-entity-placement\"><script async src=\"https:\/\/pagead2.googlesyndication.com\/pagead\/js\/adsbygoogle.js\"><\/script>\r\n<!-- bghaber-yaz\u0131-sonu -->\r\n<ins class=\"adsbygoogle\"\r\n     style=\"display:block\"\r\n     data-ad-client=\"ca-pub-6203283170189293\"\r\n     data-ad-slot=\"4222328180\"\r\n     data-ad-format=\"auto\"\r\n     data-full-width-responsive=\"true\"><\/ins>\r\n<script>\r\n     (adsbygoogle = window.adsbygoogle || []).push({});\r\n<\/script><\/div><br style=\"clear: both; display: block; float: none;\"\/>","protected":false},"excerpt":{"rendered":"<p>\u00dclkemiz elektrikli ara\u00e7lar\u0131n temiz, \u00e7evre dostu ve tasarruflu bir ula\u015f\u0131m arac\u0131 olarak kullan\u0131m\u0131na ko\u015fullar yarat\u0131yor. Elektrikli ara\u00e7 s\u00fcr\u00fcc\u00fcleri \u00fclke genelinde art\u0131k 123 \u015farj istasyonundan yararlanabilir.<\/p>\n","protected":false},"author":29,"featured_media":25869,"comment_status":"closed","ping_status":"closed","sticky":false,"template":"","format":"standard","meta":{"advanced_seo_description":"","jetpack_seo_html_title":"","jetpack_seo_noindex":false,"jetpack_seo_schema_type":"","_jetpack_newsletter_access":"","_jetpack_dont_email_post_to_subs":false,"_jetpack_newsletter_tier_id":0,"_jetpack_memberships_contains_paywalled_content":false,"_jetpack_feature_clip_id":0,"_jetpack_memberships_contains_paid_content":false,"footnotes":"","jetpack_post_was_ever_published":false},"categories":[5],"tags":[30,1175,3586],"class_list":["post-51858","post","type-post","status-publish","format-standard","has-post-thumbnail","hentry","category-yasam","tag-bulgaristan","tag-elektrikli-araba","tag-sarj"],"jetpack_sharing_enabled":true,"jetpack_likes_enabled":true,"jetpack-related-posts":[],"jetpack_shortlink":"https:\/\/wp.me\/pc2PfJ-duq","jetpack_featured_media_url":"https:\/\/i0.wp.com\/www.bghaber.org\/bghaber\/wp-content\/uploads\/2018\/01\/elektrikli-araba.jpg?fit=925%2C520&ssl=1","_links":{"self":[{"href":"https:\/\/www.bghaber.org\/bghaber\/wp-json\/wp\/v2\/posts\/51858","targetHints":{"allow":["GET"]}}],"collection":[{"href":"https:\/\/www.bghaber.org\/bghaber\/wp-json\/wp\/v2\/posts"}],"about":[{"href":"https:\/\/www.bghaber.org\/bghaber\/wp-json\/wp\/v2\/types\/post"}],"author":[{"embeddable":true,"href":"https:\/\/www.bghaber.org\/bghaber\/wp-json\/wp\/v2\/users\/29"}],"replies":[{"embeddable":true,"href":"https:\/\/www.bghaber.org\/bghaber\/wp-json\/wp\/v2\/comments?post=51858"}],"version-history":[{"count":0,"href":"https:\/\/www.bghaber.org\/bghaber\/wp-json\/wp\/v2\/posts\/51858\/revisions"}],"wp:featuredmedia":[{"embeddable":true,"href":"https:\/\/www.bghaber.org\/bghaber\/wp-json\/wp\/v2\/media\/25869"}],"wp:attachment":[{"href":"https:\/\/www.bghaber.org\/bghaber\/wp-json\/wp\/v2\/media?parent=51858"}],"wp:term":[{"taxonomy":"category","embeddable":true,"href":"https:\/\/www.bghaber.org\/bghaber\/wp-json\/wp\/v2\/categories?post=51858"},{"taxonomy":"post_tag","embeddable":true,"href":"https:\/\/www.bghaber.org\/bghaber\/wp-json\/wp\/v2\/tags?post=51858"}],"curies":[{"name":"wp","href":"https:\/\/api.w.org\/{rel}","templated":true}]}}