{"id":5176,"date":"2013-08-18T12:50:23","date_gmt":"2013-08-18T09:50:23","guid":{"rendered":"http:\/\/bghaber.org\/bghaber\/?p=5176"},"modified":"2020-04-25T18:28:34","modified_gmt":"2020-04-25T15:28:34","slug":"suyunun-suyunu-cikarmaliyiz","status":"publish","type":"post","link":"https:\/\/www.bghaber.org\/bghaber\/suyunun-suyunu-cikarmaliyiz\/","title":{"rendered":"Suyunun suyunu \u00e7\u0131karmal\u0131y\u0131z"},"content":{"rendered":"<p>Raziye \u00c7AKIR<\/p>\n<p>Say\u0131n okurlar, bir y\u0131ldan beri devam eden Bulgaristan T\u00fcrkl\u00fc\u011f\u00fcn\u00fc ve M\u00fcsl\u00fcmanl\u0131\u011f\u0131n\u0131 bir ejderha, bir tedavisiz kanser gibi amans\u0131z sald\u0131r\u0131lar\u0131yla dil, din, bilin\u00e7 ve k\u00fclt\u00fcr olarak bo\u011fazlam\u0131\u015f ve yok etmeye \u00e7al\u0131\u015fan totalitarizm hurdas\u0131 Bulgar y\u00f6netimi ve onlara yamakl\u0131k eden H\u00d6H \u2013 eliti ile T\u00fcrk kimli\u011fimizi koruyarak halk\u0131m\u0131z\u0131 uyand\u0131rma davam\u0131z devam ediyor.<!--more--><\/p>\n<p>Biz, BULT\u00dcRK Derne\u011fi ve Bulgaristan Stratejik Ara\u015ft\u0131rma Merkezi ile ortakla\u015fa bu m\u00fccadelemizde hakl\u0131 oldu\u011fumuza ve zafer kazanaca\u011f\u0131m\u0131za inand\u0131\u011f\u0131m\u0131z i\u00e7in seferber olduk ve saflar\u0131m\u0131zda hepinize yer oldu\u011funu duyuruyoruz. Kap\u0131m\u0131z ve g\u00f6nl\u00fcm\u00fcz insan olanlara a\u00e7\u0131kt\u0131r.<\/p>\n<p>Biz her konuyu s\u00f6zl\u00fc ve yaz\u0131l\u0131, y\u00fcz y\u00fcze g\u00f6z g\u00f6ze tart\u0131\u015fmaya 365 g\u00fcn 24 saat haz\u0131r oldu\u011fumuzu beyan ettik, sizlerde bunu zaten biliyorsunuz. G\u00f6r\u00fc\u015flerimizi, \u00f6ncelikle T\u00fcrk\u00e7e ve Bulgarca olarak her dilde ve t\u00fcm yay\u0131n organlar\u0131nda savunmaya var\u0131z.<\/p>\n<p>\u00d6rg\u00fct ve kurulu\u015flar\u0131m\u0131z\u0131n, yay\u0131n organlar\u0131m\u0131z\u0131n hi\u00e7bir kimseyle ki\u015fisel hesapla\u015fma niyeti, hedefi ve plan\u0131 yoktur.<\/p><div id=\"bghab-3929004367\" class=\"bghab-icerik-icine bghab-entity-placement\"><script async src=\"\/\/pagead2.googlesyndication.com\/pagead\/js\/adsbygoogle.js?client=ca-pub-6203283170189293\" crossorigin=\"anonymous\"><\/script><ins class=\"adsbygoogle\" style=\"display:block; text-align:center;\" data-ad-client=\"ca-pub-6203283170189293\" \ndata-ad-slot=\"7303146466\" \ndata-ad-layout=\"in-article\"\ndata-ad-format=\"fluid\" data-full-width-responsive=\"true\"><\/ins>\n<script> \n(adsbygoogle = window.adsbygoogle || []).push({}); \n<\/script>\n<\/div>\n<p>Bulgaristan\u2019da ya\u015fayan halk toplulu\u011fumuzun bizim insanlar\u0131m\u0131z\u0131n en ufak sorunu bile bizim de sorunumuzdur. Orada, bu gece do\u011fan bebe\u011fimizin sa\u011fl\u0131k ve mutlulu\u011fundan, mezara yaslanm\u0131\u015f son an\u0131t ta\u015f\u0131m\u0131za kadar her \u015fey bizim \u00f6z\u00fcm\u00fczden, can\u0131m\u0131zdan, b\u00f6l\u00fcnmez ve par\u00e7alanmaz b\u00fct\u00fcnl\u00fc\u011f\u00fcm\u00fczden kopmaz, ayr\u0131lmaz, ay\u0131r\u0131lamaz bir \u00f6z par\u00e7ad\u0131r. Biz, d\u00fcn, bug\u00fcn ve yar\u0131n olarak biriz, bir b\u00fct\u00fcn\u00fcz, ortak Kaderliyiz.\u00a0 Biz bu yola \u00e7\u0131karken bunu b\u00f6yle bildik, b\u00f6yle kabullendik ve asla \u015fa\u015fmadan b\u00f6yle bilece\u011fiz.<\/p>\n<p>BULT\u00dcRK Derne\u011fi \u00fcyesi ve bghaber yazar\u0131 s\u0131fat\u0131yla \u201cSUYUNUN SUYUNU \u00c7IKARACA\u011eIZ\u201d BA\u015eLIKLI SON DERECE \u0130DD\u0130ALI B\u0130R YAZI YAZARAK KAR\u015eINIZA \u00c7IKMAMIN NEDEN\u0130, SON G\u00dcNLERDE FECEBOOK YAYINLARINDA BULT\u00dcRK DERNE\u011e\u0130NE VE GENEL BA\u015eKANIMIZ RAFET ULUT\u00dcRK\u2019E, AYRICA BULGAR\u0130STAN STRATEJ\u0130K ARA\u015eTIRMALAR DERNE\u011e\u0130 YAZARLARINA KAR\u015eI SAVRULAN K\u0130\u015e\u0130SEL KARALAMA VE TEHD\u0130TLERD\u0130R.<\/p>\n<ol>\n<li>Biz kimseden korkmuyoruz. T\u00fcrk do\u011fumu\u015f olmam\u0131zdan ald\u0131\u011f\u0131m\u0131z cesaretle, atalar\u0131m\u0131z\u0131n zek\u00e2s\u0131; d\u00fcn\u00fc ve bug\u00fcn\u00fc do\u011fru alg\u0131layarak yar\u0131nlar\u0131m\u0131z\u0131 apa\u00e7\u0131k g\u00f6rebilmemizle donanm\u0131\u015f ayd\u0131nl\u0131kla ihtiyac\u0131 olan insan\u0131m\u0131za do\u011fru bilgi, g\u00fc\u00e7 ve umut veriyoruz. Kar\u015f\u0131l\u0131\u011f\u0131nda hi\u00e7bir \u015fey istemiyoruz. Oyunuzu bile istemiyoruz. \u00d6nemli olan siz sa\u011fl\u0131kl\u0131 olun, iyi ya\u015fay\u0131n, mutluluklar\u0131 payla\u015f\u0131n. Biz en iyi niyetle, en derin alicenapl\u0131kla yakla\u015fsak da sizlere aram\u0131zda derin u\u00e7urumlar oldu\u011funun fark\u0131nday\u0131z. Bu y\u00fczden \u00f6nce birbirimize el uzatarak, selamla\u015farak, yard\u0131mla\u015farak, davay\u0131 birlikte omuzlayarak ayn\u0131 yolun yolcusu olmak istiyoruz. \u015e\u00f6yle, biz yan\u0131lm\u0131\u015fsak siz bize do\u011fru yolu g\u00f6sterin, do\u011fru yolu biz g\u00f6rebilmi\u015f isek gelin hep birlikte y\u00fcr\u00fcyelim. Son hedefimiz iktidar olmak de\u011fildir. Allah\u2019\u0131m\u0131n nasip eyledi\u011fi son lokmay\u0131 sizinle payla\u015fma mutlulu\u011funu beraberce ya\u015famakt\u0131r.<\/li>\n<\/ol>\n<p>&nbsp;<\/p>\n<ol>\n<li>SUYUNUN SUYUNU \u00c7IKARACA\u011eIZ! \u0130ddiam\u0131n ard\u0131ndaki ger\u00e7ek \u015fudur. Biz hakk\u0131m\u0131z\u0131 gammazlayanlarla, \u00f6z davam\u0131za ihanet edenlerle, sizi demokrasi ko\u015fullar\u0131nda da muhta\u00e7, korku i\u00e7inde ya\u015famaya zorlayanlarla er veya ge\u00e7 mutlaka hesapla\u015faca\u011f\u0131z. Bunu bizler ekip olarak dava bildik, gelecekteki zaferler bizim olacakt\u0131r.<\/li>\n<\/ol>\n<p><b>Biz hainlerin suyunun suyunu \u00e7\u0131karana kadar bu i\u015fin pe\u015fini b\u0131rakmayaca\u011f\u0131z. <\/b><\/p>\n<p>Biz, Bulgaristanl\u0131 T\u00fcrk annelerin bu dava i\u00e7in dudaklar\u0131m\u0131z\u0131 \u0131s\u0131r\u0131p en cesur, en y\u00fcrekli, en g\u00f6z\u00fc pek, \u00e7\u0131lg\u0131n y\u0131lmaz gen\u00e7leri do\u011furaca\u011f\u0131na inan\u0131yor ve bundan dolay\u0131 yolumuza dinlenme yapmadan devam ediyoruz.<\/p>\n<p>Bug\u00fcn art\u0131k Bulgaristan T\u00fcrk ve M\u00fcsl\u00fcman gen\u00e7li\u011finin m\u00fccadele ve cesaret sembol\u00fc olan Gen\u00e7 OKTAY\u2019\u0131n ihanet\u00e7i hain Ahmet Do\u011fan\u2019\u0131 3 000 yaltak ve 500 z\u0131rhl\u0131 yelekli koruma \u00f6n\u00fcnde Sofya\u2019n\u0131n en titiz korumal\u0131 K\u00fclt\u00fcr Saray\u0131\u2019nda H\u00d6H 8. Kurultay k\u00fcrs\u00fcs\u00fcnden saman \u00e7uval\u0131 gibi savurup att\u0131\u011f\u0131 gibi hesapla\u015f\u0131lacakt\u0131r halk\u0131m\u0131za ve hak alma ve \u00f6zg\u00fc-r ya\u015fama davam\u0131za ihanet eden her hainle. Unutulmas\u0131n, bize ve m\u00fccadele arkada\u015flar\u0131m\u0131za dil uzatanlar\u0131n da suyunun suyu \u00e7\u0131kar\u0131lacakt\u0131r.<\/p><div id=\"bghab-824833163\" class=\"bghab-icerik-icine-10-paragraf bghab-entity-placement\"><script async src=\"\/\/pagead2.googlesyndication.com\/pagead\/js\/adsbygoogle.js?client=ca-pub-6203283170189293\" crossorigin=\"anonymous\"><\/script><ins class=\"adsbygoogle\" style=\"display:block; text-align:center;\" data-ad-client=\"ca-pub-6203283170189293\" \ndata-ad-slot=\"7303146466\" \ndata-ad-layout=\"in-article\"\ndata-ad-format=\"fluid\" data-full-width-responsive=\"true\"><\/ins>\n<script> \n(adsbygoogle = window.adsbygoogle || []).push({}); \n<\/script>\n<\/div>\n<p>&nbsp;<\/p>\n<p>\u015eimdi gelelim g\u00fcncel konular\u0131m\u0131za: Bulgaristan\u2019da T\u00fcrkl\u00fc\u011f\u00fc ve M\u00fcsl\u00fcmanl\u0131\u011f\u0131 ya\u015fatma davam\u0131zda, orada kalan karde\u015f ve yak\u0131nlar\u0131m\u0131zla ebedi b\u00fct\u00fcnle\u015fip kenetle\u015fme m\u00fccadelemizde asla taviz, \u00f6d\u00fcn verilmeyecektir.<\/p>\n<p><b>Siz hepiniz HALKIMIZ alt\u0131n kalpli \u015ferefli insanlars\u0131n\u0131z. <\/b><\/p>\n<p>\u015eu d\u00f6nemde ezilmi\u015flik, gariplik var \u00fczerinizde, boynu b\u00fck\u00fck oldu\u011funuzu, ge\u00e7im davas\u0131nda iki ucunu ba\u011flayamad\u0131\u011f\u0131n\u0131z\u0131 biliyoruz, biz sizlerden oldu\u011fumuzdan, sizi iyi tan\u0131yoruz. \u0130nan\u0131n bize, t\u00fcm dertlerinize derman olma yolunday\u0131z, size \u00e7ok yak\u0131n\u0131z, geliyoruz, dermanla eri\u015fece\u011fiz.<\/p>\n<p><b>\u0130deallerimiz ve \u00fclk\u00fcm\u00fcz var bizim: <\/b><\/p>\n<p>\u00dclk\u00fcm\u00fcz sizin \u00f6zlemlerinizle tamamen \u00f6rt\u00fc\u015f\u00fcyor. Ana hedefimiz camileri, dinimizi, ana dilimizi, okullar\u0131m\u0131z\u0131, k\u00fclt\u00fcr\u00fcm\u00fcz\u00fc zalimlerin pen\u00e7esinden kurtarmak ve ya\u015fatmakt\u0131r. Yar\u0131nlar hepimizin g\u00f6nl\u00fcnde bahar a\u00e7acak, saracak, dallar\u0131m\u0131za bol bol meyveler y\u00fcklenecek, bolluklar ambarlara ve g\u00f6n\u00fcllere s\u0131\u011fmayacak. Bu nimetler \u00f6z\u00fcnde ve s\u00f6z\u00fcnde T\u00fcrk olan T\u00fcrk\u2019e, \u00f6zde ve imanda M\u00fcsl\u00fcman olan M\u00fcsl\u00fcmana, bizimle karde\u015fli\u011fi ve kom\u015fulu\u011fu y\u00fcrekten kabul eden herkese g\u00f6nderilmi\u015ftir, geliyor.<\/p><div id=\"bghab-530990423\" class=\"bghab-icerik-icine-15-paragraf bghab-entity-placement\"><script async src=\"\/\/pagead2.googlesyndication.com\/pagead\/js\/adsbygoogle.js?client=ca-pub-6203283170189293\" crossorigin=\"anonymous\"><\/script><ins class=\"adsbygoogle\" style=\"display:block; text-align:center;\" data-ad-client=\"ca-pub-6203283170189293\" \ndata-ad-slot=\"7303146466\" \ndata-ad-layout=\"in-article\"\ndata-ad-format=\"fluid\" data-full-width-responsive=\"true\"><\/ins>\n<script> \n(adsbygoogle = window.adsbygoogle || []).push({}); \n<\/script>\n<\/div>\n<p>\u201cNe anadil kalm\u0131\u015f, ne baba dil!\u201d feryad\u0131na kap\u0131lm\u0131\u015f olanlarad\u0131r s\u00f6z\u00fcm. Biz sizi de \u00e7ok seviyoruz. Yataktaki a\u011f\u0131r hastadan, tutunup tay durmaya \u00e7al\u0131\u015fan afacana kadar hepimiz bir b\u00fct\u00fcn\u00fcz, b\u00fct\u00fcn kalaca\u011f\u0131z.<\/p>\n<p><b>Sizin de\u011fiminizle, cesur, sat\u0131lmaz, kaliteli ve g\u00fc\u00e7l\u00fc dava erlerine ihtiya\u00e7 var. <\/b><\/p>\n<p>Biz onlar\u0131 kara\u00e7al\u0131l\u0131kta aram\u0131yoruz, anlar hepimizin aras\u0131nda, hepsi bizlerden biridir, hatta arad\u0131\u011f\u0131m\u0131z O siz kendinizsiniz.<\/p>\n<p><b>Soruyorum size:<\/b> Eski bir \u00f6\u011fretmensiniz Vatan sevginiz ate\u015fli. \u015eiirleriniz var. Bulgaristan okullar\u0131ndan T\u00fcrk \u00e7ocuklar Ege ve Marmara Denizi sayfiyelerinde kamp yap\u0131yor. Gittiniz mi yanlar\u0131na. Okudunuz mu \u015fiirlerinizden y\u00fcreklendirici se\u00e7meleri? Bir\u00e7ok emekli \u00f6\u011fretmenimiz var. \u015eu \u201c\u015f\u00fck\u00fcr i\u015fim iyidir, emekliyim, rahat\u0131m!\u201d havas\u0131ndan \u00e7\u0131k\u0131p dedenizin ve nenenizin yatt\u0131\u011f\u0131 \u00f6z k\u00f6y\u00fcn\u00fcze gidip, top oynayan, \u00e7elik atan, \u0131rmakta bal\u0131k kovalayan \u00e7ocuklar\u0131m\u0131zla T\u00fcrk\u00e7e konu\u015fsan\u0131za. Onlar dede sevgisine, kendilerine T\u00fcrk\u00e7e \u00e7\u0131k\u0131\u015f\u0131lmas\u0131na hasret. Bir dede tokat\u0131na hasret\u2026 Ne dersiniz?<\/p>\n<p><b>Ele\u015ftirinin ele\u015ftirisinden \u00e7\u0131kacakt\u0131r,\u00a0 i\u00e7ilecek \u015fifa suyu\u2026<\/b><\/p><div id=\"bghab-19689439\" class=\"bghab-icerik-icine-20-paragraf bghab-entity-placement\"><script async src=\"\/\/pagead2.googlesyndication.com\/pagead\/js\/adsbygoogle.js?client=ca-pub-6203283170189293\" crossorigin=\"anonymous\"><\/script><ins class=\"adsbygoogle\" style=\"display:block; text-align:center;\" data-ad-client=\"ca-pub-6203283170189293\" \ndata-ad-slot=\"7303146466\" \ndata-ad-layout=\"in-article\"\ndata-ad-format=\"fluid\" data-full-width-responsive=\"true\"><\/ins>\n<script> \n(adsbygoogle = window.adsbygoogle || []).push({}); \n<\/script>\n<\/div>\n<p>Yeni \u00f6nderler yeti\u015fecek aralar\u0131ndan. Yar\u0131n en y\u00fcksek a\u011faca \u00e7\u0131k\u0131p orman\u0131n \u00f6tesini g\u00f6r\u00fcp bize yol g\u00f6sterecekler. Biz de omuz omuza y\u00fcr\u00fcyece\u011fiz arkalar\u0131ndan. Onlar evet i\u015fte o s\u00fcm\u00fckl\u00fc deli\u015fmen afacanlar\u0131m\u0131z\u2026<\/p>\n<p>Siz de biliyorsunuz. T\u00fcrkiye Cumhuriyeti\u2019nin Ba\u015fbakan Yard\u0131mc\u0131s\u0131 Bekir Bozda\u011f\u2019\u0131n\u0131n K\u0131rcaali Cami ziyaretinde kendisine bilgi verirken iki s\u00f6z\u00fcnden biri \u201ckomple\u201d olan cahil m\u00fcft\u00fclerin ne \u00f6devi ne de i\u015fi olacak bu dava.<\/p>\n<p>M\u00fcft\u00fclerimiz ne yaz\u0131k ki, \u201ckomple\u201d ezilmemize hep g\u00f6z yumdular, \u201ckomple\u201d tekmelenmemizi g\u00f6rmezden gelirken hep devletten \u201ckomple\u201d maa\u015f ald\u0131lar. Olumsuz laman\u0131n olumsuz lanmas\u0131 yani reddin reddi i\u015fte buradan ba\u015flamal\u0131d\u0131r. Bir din adam\u0131n\u0131n vicdan\u0131 ve bilinci kirliyse hemen camiden \u00e7\u0131kmal\u0131d\u0131r. Cami ekmek teknesi de\u011fildir\u2026<\/p>\n<p>Son:<\/p>\n<p>Zaten, B. Bozda\u011f i\u015fitmek bile istemese de ger\u00e7ek \u015fudur: Halk\u0131m\u0131z\u0131n 1929 ile 1953 y\u0131llar\u0131 arlar\u0131nda \u015eumnu N\u00fcvvab \u00dcniversitesinde yeti\u015ftirdi\u011fi T\u00fcrk ve Pomak din adamlar\u0131ndan % 85 ilk f\u0131rsatta okul odalar\u0131n\u0131, medrese ve camileri b\u0131rak\u0131p Vatandan ka\u00e7m\u0131\u015ft\u0131r (kovulmu\u015flard\u0131r). 1968-1978\u2019de olay tekrarlanm\u0131\u015f. 1989\u2019da son defa yinelemi\u015ftir. Laf\u0131 uzatmayay\u0131m, T\u00fcrkiye Cumhuriyeti de bol keseden harcay\u0131p \u00f6m\u00fcr boyu k\u00f6r cahil din adam\u0131 yeti\u015ftirmekle y\u00fck\u00fcml\u00fc de\u011fildir. Bizim ayd\u0131n ve bilin\u00e7li, halk\u0131m\u0131z\u0131n davas\u0131na sevdal\u0131 kadrolara ihtiyac\u0131m\u0131z var. Bunu da yapabilecek d\u00fcnyada tek devlet var o da Ankara bunu alg\u0131layabilmelidir. Menfaat\u00e7\u0131larla de\u011fil dava adamlar\u0131yla de\u011fi\u015fimleri ger\u00e7ekle\u015ftirebilece\u011fini art\u0131k \u00f6\u011frenmelidirler.<\/p><div id=\"bghab-1831720713\" class=\"bghab-icerik-icine-25-paragraf bghab-entity-placement\"><script async src=\"\/\/pagead2.googlesyndication.com\/pagead\/js\/adsbygoogle.js?client=ca-pub-6203283170189293\" crossorigin=\"anonymous\"><\/script><ins class=\"adsbygoogle\" style=\"display:block; text-align:center;\" data-ad-client=\"ca-pub-6203283170189293\" \ndata-ad-slot=\"7303146466\" \ndata-ad-layout=\"in-article\"\ndata-ad-format=\"fluid\" data-full-width-responsive=\"true\"><\/ins>\n<script> \n(adsbygoogle = window.adsbygoogle || []).push({}); \n<\/script>\n<\/div>\n<p><strong>\u015eu s\u00f6zlerimden kesin eminim:<\/strong><\/p>\n<p>B. Bozda\u011f BULGAR\u0130STAN T\u00dcRKLER\u0130 \u00d6\u011eRETMENLER B\u0130RL\u0130\u011e\u0130 BA\u015eKANLI\u011eI \u0130LE G\u00d6R\u00dc\u015eMEL\u0130 VE ONLARI Y\u00dcREKLEND\u0130RMEL\u0130YD\u0130. \u015eahsen ben ne cennette ne de cehennemde Arap\u00e7a konu\u015fuldu\u011funa inanm\u0131yorum. T\u00fcrklerin cennet dili anadilimiz T\u00fcrk\u00e7edir. Ba\u015fbakan Yard\u0131mc\u0131s\u0131n\u0131n bu noktada a\u011f\u0131rl\u0131\u011f\u0131n\u0131 koymas\u0131 \u00e7ok beklendi. \u015eimdi, her \u015fey yine eski hamam eski tas.<\/p>\n<p><b>Bulgarlar bize, Bekir Bozda\u011f\u2019\u0131 geldi \u201cana dili falan demedi!\u201d diyorlar. <\/b><\/p>\n<p>1989 A\u011fustosunda o zaman\u0131n T.C. D\u0131\u015f \u0130\u015fleri Bakan\u0131 Mesut Y\u0131lmaz Kuveyt\u2019te \u201cBulgaristan T\u00fcrk ve M\u00fcsl\u00fcmanlar\u0131n\u0131n haklar\u0131 Doruk Toplant\u0131s\u0131nda \u201cyorgan alt\u0131nda T\u00fcrk\u00e7e konu\u015fsunlar, engel olmay\u0131n!\u201d demi\u015fti.<\/p>\n<p>Evet, de\u011fi\u015fen bir \u015fey yok. Dava bizim kendi \u00f6z davam\u0131zd\u0131r ve hep yanl\u0131\u015f insanlara g\u00fcven ba\u011fland\u0131k\u00e7a suyun suyunu \u00e7\u0131kar\u0131p, halk\u0131m\u0131za \u015fifa suyu i\u00e7irmek de zor olacak tabii.<\/p><div id=\"bghab-3114000117\" class=\"bghab-icerik-icine-30-paragraf bghab-entity-placement\"><script async src=\"\/\/pagead2.googlesyndication.com\/pagead\/js\/adsbygoogle.js?client=ca-pub-6203283170189293\" crossorigin=\"anonymous\"><\/script><ins class=\"adsbygoogle\" style=\"display:block; text-align:center;\" data-ad-client=\"ca-pub-6203283170189293\" \ndata-ad-slot=\"7303146466\" \ndata-ad-layout=\"in-article\"\ndata-ad-format=\"fluid\" data-full-width-responsive=\"true\"><\/ins>\n<script> \n(adsbygoogle = window.adsbygoogle || []).push({}); \n<\/script>\n<\/div>\n<p>Evet dava bizim kendi \u00f6z davam\u0131zd\u0131r.<\/p>\n<div id=\"bghab-2022111299\" class=\"bghab-yazi-altinda bghab-entity-placement\"><script async src=\"https:\/\/pagead2.googlesyndication.com\/pagead\/js\/adsbygoogle.js\"><\/script>\r\n<!-- bghaber-yaz\u0131-sonu -->\r\n<ins class=\"adsbygoogle\"\r\n     style=\"display:block\"\r\n     data-ad-client=\"ca-pub-6203283170189293\"\r\n     data-ad-slot=\"4222328180\"\r\n     data-ad-format=\"auto\"\r\n     data-full-width-responsive=\"true\"><\/ins>\r\n<script>\r\n     (adsbygoogle = window.adsbygoogle || []).push({});\r\n<\/script><\/div><br style=\"clear: both; display: block; float: none;\"\/>","protected":false},"excerpt":{"rendered":"<p>Raziye \u00c7AKIR Say\u0131n okurlar, bir y\u0131ldan beri devam eden Bulgaristan T\u00fcrkl\u00fc\u011f\u00fcn\u00fc ve M\u00fcsl\u00fcmanl\u0131\u011f\u0131n\u0131 bir ejderha, bir tedavisiz kanser gibi amans\u0131z sald\u0131r\u0131lar\u0131yla dil, din, bilin\u00e7 ve<\/p>\n","protected":false},"author":19,"featured_media":0,"comment_status":"closed","ping_status":"closed","sticky":false,"template":"","format":"standard","meta":{"advanced_seo_description":"","jetpack_seo_html_title":"","jetpack_seo_noindex":false,"jetpack_seo_schema_type":"","_jetpack_newsletter_access":"","_jetpack_dont_email_post_to_subs":false,"_jetpack_newsletter_tier_id":0,"_jetpack_memberships_contains_paywalled_content":false,"_jetpack_feature_clip_id":0,"_jetpack_memberships_contains_paid_content":false,"footnotes":"","jetpack_post_was_ever_published":false},"categories":[6],"tags":[30,37],"class_list":["post-5176","post","type-post","status-publish","format-standard","hentry","category-yorum","tag-bulgaristan","tag-bulturk"],"jetpack_sharing_enabled":true,"jetpack_likes_enabled":true,"jetpack-related-posts":[],"jetpack_shortlink":"https:\/\/wp.me\/pc2PfJ-1lu","jetpack_featured_media_url":"","_links":{"self":[{"href":"https:\/\/www.bghaber.org\/bghaber\/wp-json\/wp\/v2\/posts\/5176","targetHints":{"allow":["GET"]}}],"collection":[{"href":"https:\/\/www.bghaber.org\/bghaber\/wp-json\/wp\/v2\/posts"}],"about":[{"href":"https:\/\/www.bghaber.org\/bghaber\/wp-json\/wp\/v2\/types\/post"}],"author":[{"embeddable":true,"href":"https:\/\/www.bghaber.org\/bghaber\/wp-json\/wp\/v2\/users\/19"}],"replies":[{"embeddable":true,"href":"https:\/\/www.bghaber.org\/bghaber\/wp-json\/wp\/v2\/comments?post=5176"}],"version-history":[{"count":0,"href":"https:\/\/www.bghaber.org\/bghaber\/wp-json\/wp\/v2\/posts\/5176\/revisions"}],"wp:attachment":[{"href":"https:\/\/www.bghaber.org\/bghaber\/wp-json\/wp\/v2\/media?parent=5176"}],"wp:term":[{"taxonomy":"category","embeddable":true,"href":"https:\/\/www.bghaber.org\/bghaber\/wp-json\/wp\/v2\/categories?post=5176"},{"taxonomy":"post_tag","embeddable":true,"href":"https:\/\/www.bghaber.org\/bghaber\/wp-json\/wp\/v2\/tags?post=5176"}],"curies":[{"name":"wp","href":"https:\/\/api.w.org\/{rel}","templated":true}]}}