{"id":51752,"date":"2020-12-31T22:36:06","date_gmt":"2020-12-31T19:36:06","guid":{"rendered":"https:\/\/www.bghaber.org\/bghaber\/?p=51752"},"modified":"2021-01-31T02:45:20","modified_gmt":"2021-01-30T23:45:20","slug":"kultur-ilerleme-ve-kimlik","status":"publish","type":"post","link":"https:\/\/www.bghaber.org\/bghaber\/kultur-ilerleme-ve-kimlik\/","title":{"rendered":"K\u00fclt\u00fcr, \u0130lerleme ve Kimlik"},"content":{"rendered":"<p>Neriman KALYONCUO\u011eLU<br \/>\nTarih: 31 Aral\u0131k 2020<\/p>\n<p>Medeni k\u00fclt\u00fcr ile teknik k\u00fclt\u00fcr birbirinden ayr\u0131 \u015feylerdir. Kimli\u011fi etkileyen medeniyet k\u00fclt\u00fcr\u00fcd\u00fcr.<\/p>\n<p><strong>Bulgaristan T\u00fcrklerinin medeni k\u00fclt\u00fcr g\u00f6nderi (Ufku) 1989 Ayaklanmas\u0131nda 5 istek \u015feklinde belirlenmi\u015ftir.<\/strong><\/p>\n<ul>\n<li>G\u00fcya \u201cisim de\u011fi\u015ftirme\u201d ad\u0131 alt\u0131nda ger\u00e7ekle\u015ftirilen soy k\u0131r\u0131m denemesi ma\u011fdurlar\u0131na tazminat \u00f6denmesi;<\/li>\n<li>T\u00fcrk isimlerinin k\u00fclt\u00fcrel haklar\u0131n geri verilmesi, T\u00fcrk\u00e7e e\u011fitim;<\/li>\n<li>T\u00fcrk dili ba\u015fta olmak \u00fczere az\u0131nl\u0131k dillerinin serbest kullan\u0131m\u0131n\u0131n yasalla\u015ft\u0131r\u0131lmas\u0131;<\/li>\n<li>Din \u00f6zg\u00fcrl\u00fc\u011f\u00fcn\u00fcn tan\u0131nmas\u0131 ve<\/li>\n<li>T\u00fcrkiye Cumhuriyetine serbest g\u00f6\u00e7 hakk\u0131 tan\u0131nmas\u0131.<\/li>\n<\/ul>\n<p><strong>Bu istekler d\u00fcnyaya duyurulmu\u015ftur.<\/strong><\/p>\n<p>Bir halka zul\u00fcm edilmesi ne kadar yasalsa, zulme ve ter\u00f6re kar\u015f\u0131 m\u00fccadele de yasald\u0131r. M\u00fccadele bi\u00e7imini mazlumlar kendisi belirler. Zalimlere kar\u015f\u0131 m\u00fccadele edenler \u201cter\u00f6rist\u201d de\u011fildir.<\/p><div id=\"bghab-2682193996\" class=\"bghab-icerik-icine bghab-entity-placement\"><script async src=\"\/\/pagead2.googlesyndication.com\/pagead\/js\/adsbygoogle.js?client=ca-pub-6203283170189293\" crossorigin=\"anonymous\"><\/script><ins class=\"adsbygoogle\" style=\"display:block; text-align:center;\" data-ad-client=\"ca-pub-6203283170189293\" \ndata-ad-slot=\"7303146466\" \ndata-ad-layout=\"in-article\"\ndata-ad-format=\"fluid\" data-full-width-responsive=\"true\"><\/ins>\n<script> \n(adsbygoogle = window.adsbygoogle || []).push({}); \n<\/script>\n<\/div>\n<p>2020 y\u0131l\u0131n\u0131n son g\u00fcn\u00fcnde bu konuya d\u00f6nmemin nedenlerinin ba\u015f\u0131nda, 30 y\u0131ldan beri \u00e7\u00f6z\u00fclmemi\u015f olmas\u0131d\u0131r. Ne karde\u015flerimiz tazminat alabildi, ne \u00f6z\u00fcrl\u00fclerimiz g\u00f6r\u00fcld\u00fc, ne \u00e7ocuklar\u0131m\u0131z T\u00fcrk okullar\u0131na gidebildi, ne de bilimiz, k\u00fclt\u00fcr\u00fcm\u00fcz serbest b\u0131rak\u0131ld\u0131 ve ne de ufkumuz a\u00e7\u0131ld\u0131.<\/p>\n<p>Ne var ki, ne de olsa 2020 kimli\u011fimiz \u00fczerinde \u00f6nemli izler b\u0131rakt\u0131. Bulgaristan T\u00fcrkleri bir\u00e7ok konuda etkiledi. \u0130nsan\u0131m\u0131z\u0131n g\u00f6z\u00fc bir daha a\u00e7\u0131ld\u0131. Bu daha 2005\u2019te ba\u015flayan yeni s\u00fcrecin devam\u0131 oldu. 15 y\u0131l \u00f6nce kendini g\u00f6steren s\u00fcre\u00e7 ise \u015fudur:<\/p>\n<p>1950\u2019lerden ba\u015flayarak de\u011fi\u015fik \u00fclkelerden, Birle\u015fik Amerika, Kanada ve Bat\u0131 Avrupa\u2019ya g\u00f6\u00e7 edenler art\u0131k \u00fc\u00e7\u00fcnc\u00fc ku\u015fak etnik ve k\u00fclt\u00fcrel kimliklerini korudular. B\u00fcy\u00fck devletlerin anayasalar\u0131ndan hi\u00e7 birinde \u201c<strong>milli kimlik belirleme \u00f6zg\u00fcrl\u00fc\u011f\u00fc<\/strong>\u201d yer almasa ve devlet ve h\u00fck\u00fcmet y\u00f6neticileri g\u00f6rmek istemeseler de<strong>, insanlar\u0131n hayat\u0131nda \u00f6nemli rol oynayan \u00f6zg\u00fcn ihtiya\u00e7lar ve menfaatlerin kimlik belirlemede \u00e7\u00f6z\u00fcmleyici rol oynad\u0131\u011f\u0131 ortaya \u00e7\u0131kt\u0131<\/strong>. Bu \u00f6zellikler, el \u00f6pmeden, ayn\u0131 sofrada ayn\u0131 kaseden \u00e7orba i\u00e7mekten, mezarla defnedilmeye kadar \u00e7ok \u00e7e\u015fitlidir. U\u00e7akla s\u0131k yolculuk yapanlar bilir. Y\u0131llar \u00f6nce Almanya\u2019da hayata g\u00f6zlerini yuman T\u00fcrklerin tabutlar\u0131 u\u00e7ak hangarlar\u0131nda memlekete g\u00f6t\u00fcr\u00fcl\u00fcrd\u00fc. K\u00f6y mezarl\u0131klar\u0131nda defnedilirlerdi. Art\u0131k bu sorun bir\u00e7ok yerde \u00e7\u00f6z\u00fcld\u00fc, Alman Eyalet makamlar\u0131 M\u00fcsl\u00fcman mezarl\u0131\u011f\u0131 i\u00e7in yer ay\u0131rd\u0131lar ve sorun \u00e7\u00f6z\u00fcld\u00fc. Yaln\u0131z Sofya\u2019da \u00e7\u00f6z\u00fclemiyor bu sorun\u2026<\/p>\n<p>Hat\u0131rlayaca\u011f\u0131n\u0131z \u00fczere 1960\u2019lardan ba\u015flayarak Bulgaristan\u2019\u0131n sanayile\u015fme ba\u015flamas\u0131yla, el eme\u011finin makinalarla de\u011fi\u015ftirilmesiyle ve teknolojinin etkisiyle kimli\u011fin de\u011fi\u015fti\u011fi, ortak sosyalist kimlik olu\u015ftu\u011fu yalanlar\u0131 savrulmaya ba\u015flanm\u0131\u015ft\u0131. Y\u0131llar\u0131n ge\u00e7mesiyle manevi hayat\u0131n ve kimli\u011fin teknolojiden de\u011fi\u015fmedi\u011fi ortaya \u00e7\u0131kt\u0131. T\u00fcrkler,\u00a0 T\u00fcrkler kald\u0131. \u00c7ingeneler \u00c7ingene, Bulgarlar da Bulgar\u2026 G-4 devrine girdik, durum ayn\u0131.<\/p>\n<p>Ayr\u0131ca 1980\u2019li y\u0131llarda yalanla pudralanm\u0131\u015f bask\u0131lar\u0131n da kimlik de\u011fi\u015ftiremeyece\u011fi kan\u0131tland\u0131. Fakat bencil ve \u00e7\u0131karc\u0131 insanlar\u0131n para pul h\u0131rs\u0131na kap\u0131l\u0131nca T\u00fcrk kimli\u011finden \u00f6d\u00fcn vermeye yatk\u0131n oldu\u011funu bug\u00fcn de g\u00f6rebiliyoruz. \u00d6rne\u011fin, 2017 se\u00e7imlerinde Kas\u0131m Dal\u0131n H\u015eHP\u2019ne Genel Sekreterlik yapan Orhan \u0130smailov art\u0131k T\u00fcrkl\u00fckten ve Bulgarl\u0131ktan vazge\u00e7mi\u015f ve \u201c<strong>d\u00fcnya vatanda\u015f\u0131y\u0131m<\/strong>\u201d diyor. Ne ki, d\u00fcnya vatanda\u015f\u0131n\u0131n kimlik \u00e7izgileri belli de\u011fil. Kimliksiz biri olan Ahmet Do\u011fan\u2019\u0131n \u201cerkek sekreteri\u201d, (aram\u0131zda olmayanlardan s\u00f6z etmenin iyi olmad\u0131\u011f\u0131n\u0131 bilsem de) Ahmet Emin de \u201c<strong>mason te\u015fkilat\u0131nda maske takt\u0131\u011f\u0131nda<\/strong>\u201d ben d\u00fcnya vatanda\u015f\u0131y\u0131m havalar\u0131na girmi\u015fti. K\u00f6r kur\u015funa kurban gidince k\u00f6y\u00fcn\u00fcn mezarl\u0131\u011f\u0131na g\u00f6m\u00fcld\u00fc. Bizim d\u00fcnyam\u0131z k\u00f6y\u00fcm\u00fczd\u00fcr.\u00a0 Ahmet Do\u011fan \u0130\u00e7 i\u015fleri Bakanl\u0131\u011f\u0131 Kadrolar\u0131 \u00f6n\u00fcnde 1986\u2019da \u201cDoktora tezi\u201d savunmu\u015f ama Varna Mahkemesinde yarg\u0131lan\u0131rken, mahkeme karar\u0131nda \u201cdiplomas\u0131 ve yezi ge\u00e7ersizdir\u201d yaz\u0131yor, ama bug\u00fcn gene \u201cdoktor\u201d falan filan ge\u00e7iyor. Bunlar\u0131n hepsi balon. Bunun i\u00e7in diyorum. Bizim maneviyat\u0131m\u0131z, Bulgar milli maneviyat\u0131ndan farkl\u0131d\u0131r, biz do\u011fru d\u00fcr\u00fcst, kalbi temiz Allah adam\u0131y\u0131z.<\/p><div id=\"bghab-2941054787\" class=\"bghab-icerik-icine-10-paragraf bghab-entity-placement\"><script async src=\"\/\/pagead2.googlesyndication.com\/pagead\/js\/adsbygoogle.js?client=ca-pub-6203283170189293\" crossorigin=\"anonymous\"><\/script><ins class=\"adsbygoogle\" style=\"display:block; text-align:center;\" data-ad-client=\"ca-pub-6203283170189293\" \ndata-ad-slot=\"7303146466\" \ndata-ad-layout=\"in-article\"\ndata-ad-format=\"fluid\" data-full-width-responsive=\"true\"><\/ins>\n<script> \n(adsbygoogle = window.adsbygoogle || []).push({}); \n<\/script>\n<\/div>\n<p>\u0130nsan kimli\u011finin korunmas\u0131nda \u00f6ncelikle ki\u015fisel hak ve \u00f6zg\u00fcrl\u00fcklerin yasalarla g\u00fcvence alt\u0131na al\u0131nmas\u0131, hukukun \u00fcst\u00fcnl\u00fc\u011f\u00fc ve demokratik haklar ola\u011fan\u00fcst\u00fc b\u00fcy\u00fck rol oynad\u0131. Bu bak\u0131ma, 20. y\u00fczy\u0131lda Bulgaristan T\u00fcrklerinin M\u00fcsl\u00fcman T\u00fcrk kimli\u011fi u\u011fruna verdi\u011fi kimliksiz biri. Kahramanl\u0131k dolu m\u00fccadele pek \u00e7ok ki\u015fiye \u00f6rnek olmu\u015ftur. Bu bak\u0131ma 26 Aral\u0131k 2020 sabah\u0131 \u201cT\u00fcrkan \u00c7e\u015fme\u201d anma t\u00f6renlerine 30 y\u0131ldan sonra ilk kez olmak \u00fczere, baz\u0131 Bulgar siyasi partilerinin \u00e7i\u00e7ek ve \u00e7elenk g\u00f6ndermesi, verilen deme\u00e7ler ola\u011fan\u00fcst\u00fc \u00f6nemlidir. \u00a0Y\u00fczkaras\u0131 ge\u00e7mi\u015finden kurtulmayan toplum uzla\u015fma sa\u011flayamaz, ileri ad\u0131m atamaz bilinci \u00fcst\u00fcnl\u00fck sa\u011flamaya ba\u015flad\u0131. Bu yolun yak\u0131n dura\u011f\u0131 Bulgaristan T\u00fcrk kimli\u011finin resmen tan\u0131nmas\u0131 olmal\u0131d\u0131r. Ve olacakt\u0131r.<\/p>\n<p>Buraya ilave etmemiz gereken bir ilave var. Biz politik kimli\u011fimiz yolunda y\u0131llarca hi\u00e7 aras\u0131z sava\u015ft\u0131k. 55 \u00f6rg\u00fct kurduk. Bulgarlar bizi anlatan \u00e7ok kitap yazd\u0131lar ve hedeflerinde hep olaylar\u0131 kar\u0131\u015ft\u0131rmak, bizi birbirimize d\u00fc\u015f\u00fcrmek, suyu bunaltmak, kafam\u0131z\u0131 sislendirmek vard\u0131. Bu olay\u0131 size \u015f\u00f6yle de anlatabilirim. Bir yol var. Hayat bolumuz, Biz politikle\u015fmek, partile\u015fmek ve siyasi sahneye \u00e7\u0131kmak i\u00e7in direndik, \u00f6rg\u00fctlendik, bayrak diktik, 150 m\u00fcebbetlik kahraman\u0131m\u0131z Eski Zara \u2013Stara Zagora hapishanesindeydi. Sofya Hapishanesinde kur\u015funlanan kahramanlar\u0131m\u0131z var. Toplama kamplar\u0131nda yatanlara ve s\u00fcrg\u00fcnlere de \u201cter\u00f6rist\u201d dediler. Oysa hak aramaz davam\u0131z do\u011fal ve yasald\u0131. Bu bizim partiye uzanma davam\u0131zd\u0131. K\u0131sacas\u0131 \u015fudur.. Karde\u015flerimizin karar\u0131 siyasete olgunla\u015fan irademizin ifadesidir.<\/p>\n<p>Biz politik \u00f6rg\u00fctlenme emrini d\u0131\u015fardan almad\u0131k.\u00a0 Bulgar Bilimler Akademisi (BAN) K\u00fclt\u00fcr Tarihi Ara\u015ft\u0131rmalar\u0131 Profes\u00f6rlerinden Valeri Stoyanov, Hak ve \u00d6zg\u00fcrl\u00fck Hareketinin ilk d\u00f6nemine ili\u015fkin 2 ciltlik ara\u015ft\u0131rma eseri yay\u0131nlad\u0131 \u2013 Valeristica Polyhistorica.\u00a0 Gerek Bulgaristan T\u00fcrk Milli Kurtulu\u015f Hareketi (BTMKH) ve ard\u0131ndan Hak ve \u00d6zg\u00fcrl\u00fck Hareketi (H\u00d6H-DPS) \u00f6rg\u00fctlerinin Bulgaristan \u0130\u00e7 \u0130\u015fleri Bakanl\u0131\u011f\u0131 Devlet G\u00fcvenlik (DS) \u00f6rg\u00fct\u00fcn\u00fcn \u201c<strong>B \u2013 1396<\/strong>\u201d n.o.\u2019lu emriyle (direktifi) kuruldu\u011funu yaz\u0131yor. Cilt 2, sayfa 592.<\/p>\n<p>Halk\u0131m\u0131z\u0131n \u201c<strong>kendini bir \u015fey sayanlar<\/strong>\u201d s\u00f6z\u00fc vard\u0131r. Onlardan biri olan, polis ve ajan okul, enstit\u00fc ve akademilerinde \u201c<strong>Bulgaristan\u2019da T\u00fcrk d\u00fc\u015fmanl\u0131\u011f\u0131 a\u015famalar\u0131<\/strong>\u201d dersi hocas\u0131, Veliko T\u0131rnovo\u2019da askeri Akademi bitirmi\u015f \u201c<strong>askersiz Y\u00fczba\u015f\u0131<\/strong>\u201d Orhan \u0130smailov \u201c<strong>ben Bulgaristan T\u00fcrk az\u0131nl\u0131\u011f\u0131n\u0131 ve T\u00fcrk kimli\u011finin tan\u0131nmas\u0131na kar\u015f\u0131y\u0131m, ben bir d\u00fcnya vatanda\u015f\u0131y\u0131m<\/strong>\u201d derken, siyasile\u015fme kanal\u0131n\u0131 kazarken bizimle beraber olmad\u0131\u011f\u0131n\u0131 kan\u0131tlam\u0131\u015f oluyor. Ama g\u00f6z\u00fc lider olmakta. Bu kendine hayran ki\u015fi, T\u00fcrk dilinin Bulgaristan\u2019da ikinci resmi dil olmas\u0131n\u0131 isteyen Kas\u0131m Dal politikaya davet etmi\u015f ve kurdu\u011fu H\u015eHP Genel Ba\u015fkanl\u0131\u011f\u0131na atamamla yanl\u0131\u015f yapm\u0131\u015f, halk\u0131m\u0131za dayatmak istemi\u015ftir. Ne ki bu istekler, halk\u0131m\u0131z\u0131n kaderini belirlemede \u00f6zg\u00fcr davrand\u0131\u011f\u0131n\u0131n ifadesidir. Ba\u015fka bir halk olmak, ba\u015fka bir dille konu\u015fmak ve ba\u015fka bir kimlik sahibi olmak istemeyi\u015finin ifadesidir.<\/p>\n<p>Bu ki\u015filerin, kendi aralar\u0131nda, \u00a0T\u00fcrk Milli Kimli\u011fi meselelerinde anla\u015famamalar\u0131 ve ayr\u0131lmalar\u0131 isabet olmu\u015f. Son y\u0131llarda oldu\u011fu gibi bu y\u0131l da Bat\u0131 Avrupa \u00fclkelerinde M\u00fcsl\u00fcman kimli\u011finin ya\u015fad\u0131\u011f\u0131n\u0131 ve g\u00fc\u00e7lendi\u011fini g\u00f6rebildik. Bu kayna\u015fma ve kendinle olma meselesidir. \u0130\u015fler insan haklar\u0131 alan\u0131na gelince, her devletin enstit\u00fclerini geli\u015ftirmesi zorunludur.<\/p><div id=\"bghab-3889427132\" class=\"bghab-icerik-icine-15-paragraf bghab-entity-placement\"><script async src=\"\/\/pagead2.googlesyndication.com\/pagead\/js\/adsbygoogle.js?client=ca-pub-6203283170189293\" crossorigin=\"anonymous\"><\/script><ins class=\"adsbygoogle\" style=\"display:block; text-align:center;\" data-ad-client=\"ca-pub-6203283170189293\" \ndata-ad-slot=\"7303146466\" \ndata-ad-layout=\"in-article\"\ndata-ad-format=\"fluid\" data-full-width-responsive=\"true\"><\/ins>\n<script> \n(adsbygoogle = window.adsbygoogle || []).push({}); \n<\/script>\n<\/div>\n<p><strong>Ge\u00e7en sene bu konuda Almanya\u2019da ilgin\u00e7 eserler \u00e7\u0131kt\u0131.<\/strong><\/p>\n<p>Alman Sosyal Demokrat Partisi Berlin Maliye Bakan\u0131, ara\u015ft\u0131rmac\u0131 yazar Tilo Sarrazin M\u00fcnih\u2019te \u201c<strong>D\u00fc\u015fman Bizi Yutuyor<\/strong>\u201d ba\u015fl\u0131kl\u0131 bir kitap yay\u0131nlad\u0131. Konusu \u0130slam ve M\u00fcsl\u00fcmanlar. Ayn\u0131 yazar daha \u00f6nce de \u201c<strong>Almanya Kendini Nas\u0131l Yok Ediyor?<\/strong>\u201d ba\u015fl\u0131kl\u0131 bir ara\u015ft\u0131rma yay\u0131nlam\u0131\u015ft\u0131. 26 bask\u0131 yapan 2. eserde be\u015f ba\u015fl\u0131k yer al\u0131yor:<\/p>\n<ul>\n<li>\u0130slam dinini Do\u011fu\u015fu;<\/li>\n<li>\u0130slam devletleri sisteminin kurulmas\u0131;<\/li>\n<li>M\u00fcsl\u00fcman cemaatlerin yap\u0131s\u0131;<\/li>\n<li>Bat\u0131 Avrupa \u00fclkelerindeki M\u00fcsl\u00fcman Cemaatleri ve<\/li>\n<li>M\u00fcsl\u00fcman kimli\u011fine kar\u015f\u0131 nas\u0131l sava\u015fmal\u0131?<\/li>\n<\/ul>\n<p>Yazar \u00e7al\u0131\u015fmas\u0131nda 2-3 ku\u015fa\u011fa kadar Avrupa\u2019n\u0131n \u0130slam ve M\u00fcsl\u00fcmanlar taraf\u0131ndan tamamen ele ge\u00e7irece\u011fini ve k\u0131tan\u0131n \u0130slam\u2019\u0131n egemenlik alan\u0131 olaca\u011f\u0131n\u0131 kan\u0131tlamaya \u00e7al\u0131\u015fm\u0131\u015f. \u00a0K\u00fclt\u00fcr olarak H\u0131ristiyanl\u0131ktan da etkili ve disiplinli bir ya\u015fam tarz\u0131 sunan \u0130slam dininin Avrupa\u2019da h\u0131zla yay\u0131ld\u0131\u011f\u0131na dikkat \u00e7ekiyor.<\/p>\n<p>\u0130slam \u00fclkelerinin Fas\u2019tan Kazakistan\u2019a kadar Hristiyan d\u00fcnyas\u0131n\u0131 ku\u015fatm\u0131\u015f oldu\u011funa yer verilen bu ara\u015ft\u0131rmada, Bat\u0131 Avrupa \u00fclkelerinde H\u0131ristiyan n\u00fcfusun y\u0131lda ortalama % 1,25 art\u0131\u015f g\u00f6sterirken M\u00fcsl\u00fcman ailelerin % 2.5 h\u0131zla \u00e7o\u011fald\u0131\u011f\u0131 bildiriliyor. M\u00fcsl\u00fcman Asya\u2019n\u0131n da H\u0131ristiyanlar\u0131ndan \u00f6teki kesimden \u00e7ok daha h\u0131zl\u0131 \u00e7o\u011fald\u0131\u011f\u0131na vurgu yap\u0131yor. Almanya\u2019n\u0131n kalk\u0131nma ve ilerleme i\u00e7in yabanc\u0131lara gerek duymad\u0131\u011f\u0131 savunulan bu eserde, ancak Alman toplumuna bilgisi, h\u00fcneri ve \u00e7al\u0131\u015fkanl\u0131\u011f\u0131 ile yard\u0131mlar\u0131 ve katk\u0131lar\u0131 bunan yabanc\u0131 ailelere sosyal yard\u0131m verilmesi g\u00f6r\u00fc\u015f\u00fc savunuluyor. Teknik ve teknolojik geli\u015fmelerin M\u00fcsl\u00fcman medeniyetini etkilemedi\u011fi anlat\u0131l\u0131yor, \u00f6rnekler veriliyor. Avrupa\u2019daki fakir ve yard\u0131ma muhta\u00e7 yabanc\u0131lara sosyal yard\u0131mlar\u0131n kesilmesini isteyen yazar, Avrupa\u2019n\u0131n topluma yararl\u0131 olmayan yabanc\u0131lardan temizlenmesini istiyor. Fakir \u00fclkelere yard\u0131m yap\u0131lmas\u0131 sorunlar\u0131n\u0131 da irdeleyen ara\u015ft\u0131rmac\u0131 yazar, yoksul \u00fclkelere ancak isabetli \u00f6\u011f\u00fctlerle yard\u0131m etmeliyiz diyor. Bu halklara maddi ve mali yard\u0131mlar\u0131n kesilmesini isteyen Sarrazin, o \u00fclkelerde birka\u00e7 ki\u015filik bir y\u00f6netici elit grubu yeti\u015ftirilerek paran\u0131n o ki\u015filere verilmesinde \u0131srar ediyor. Bu yoksul kitle y\u00f6neticileri \u00f6zel e\u011fitilirken kafalar\u0131na \u201csorunlar\u0131n\u0131z\u0131n \u00e7\u00f6z\u00fcm\u00fc sizin kendi elinizdedir\u201d fikrinin zorla a\u015f\u0131lanmas\u0131 \u00a0ve al\u0131nan tepkiler \u00fczerinde duruyor.<\/p>\n<p><strong>Asimilasyon siyasetinde uygulanan \u015fiddetle ilgili bir Bulgaristan \u00f6rne\u011fi vermek istiyorum:<\/strong><\/p><div id=\"bghab-2368845022\" class=\"bghab-icerik-icine-20-paragraf bghab-entity-placement\"><script async src=\"\/\/pagead2.googlesyndication.com\/pagead\/js\/adsbygoogle.js?client=ca-pub-6203283170189293\" crossorigin=\"anonymous\"><\/script><ins class=\"adsbygoogle\" style=\"display:block; text-align:center;\" data-ad-client=\"ca-pub-6203283170189293\" \ndata-ad-slot=\"7303146466\" \ndata-ad-layout=\"in-article\"\ndata-ad-format=\"fluid\" data-full-width-responsive=\"true\"><\/ins>\n<script> \n(adsbygoogle = window.adsbygoogle || []).push({}); \n<\/script>\n<\/div>\n<p>BKP MK Aral\u0131k 1989 toplant\u0131s\u0131nda bask\u0131 kullan\u0131larak \u201c<strong>etnik olarak tek v\u00fccut Bulgar ulus<\/strong>u\u201d olu\u015fturma politikas\u0131 ve elde edilen k\u00f6t\u00fc sonu\u00e7lar ele\u015ftirildi. Halk\u0131n tepkisi, etnik n\u00fcfusun ya\u015fad\u0131\u011f\u0131 b\u00f6lgelerde halk hareketlerine, g\u00f6sterilere, mitinglere ve grevlere neden oldu.\u00a0 \u0130simlerin iade edilmesine kar\u015f\u0131 \u00e7\u0131kan Bulgarlar\u0131n ise\u00a0 etnik haklar ve T\u00fcrklerin kimli\u011fi konusunda bir referandum yap\u0131lmas\u0131n\u0131 istedi\u011fi, ifade edildi.<\/p>\n<p><strong>\u00a0<\/strong><strong>\u015eunu hemen belirtelim hi\u00e7bir halk\u0131n kimli\u011fi halk oylamas\u0131yla belirlenemez. Ayn\u0131 yanl\u0131\u015fl\u0131\u011f\u0131n Makedon kimli\u011fi ile ilgili ya\u015fand\u0131. <\/strong><\/p>\n<p>Ayn\u0131 kitab\u0131n 333. sayfas\u0131nda Avrupa\u2019ya gelen s\u0131\u011f\u0131nmac\u0131lardan % 70\u2019inin g\u00fc\u00e7l\u00fc, sa\u011fl\u0131kl\u0131, gen\u00e7 erkekler, \u00f6\u011frenim g\u00f6rm\u00fc\u015f, fakat Almanya\u2019n\u0131n arad\u0131\u011f\u0131 uzman kesimi d\u00fczeyine yetersiz ki\u015filer oldu\u011funu ve i\u015f hayat\u0131na adapte olabilmeleri i\u00e7in \u015fimdiye kadar 700 milyar Avro harcand\u0131\u011f\u0131n\u0131 a\u00e7\u0131kl\u0131yor. Toplum kimli\u011fini koruyanlar etraf\u0131na toplan\u0131yor. \u0130slam insanlar\u0131 huzura \u00e7ekiyor. Son 2 y\u0131lda Almanya\u2019ya Yak\u0131n Do\u011fu \u00fclkelerinden 2.5 milyon M\u00fcsl\u00fcman s\u0131\u011f\u0131nmac\u0131 gelmi\u015f. Bunlardan en b\u00fcy\u00fck k\u0131sm\u0131 Suriye, Irak ve Afganistan\u2019dan gelmi\u015f. Suriyelilerin okuma yazma k\u00fclt\u00fcr\u00fc oldu\u011funa, Almancay\u0131 kolay \u00f6\u011frendi\u011fine, Afganistanl\u0131lar\u0131 ise i\u00e7 sava\u015f\u0131n i\u00e7inden, okul g\u00f6rmeden geldiklerini, Almanca \u00f6\u011frenmekte zorland\u0131klar\u0131n\u0131 ve toplumla kayna\u015famad\u0131klar\u0131na i\u015faret ediyor. Berlin\u2019de 80 cemaat ve 80 cami var. D\u0131\u015f \u00fclkelerde de ana dili, din ve milli k\u00fclt\u00fcr Kimlik korunmas\u0131nda \u00e7ok \u00f6nemli rol oynuyor.<\/p>\n<p>\u201cAlene Bach\u201d ajans\u0131n\u0131n yapt\u0131\u011f\u0131 bir ara\u015ft\u0131rmaya g\u00f6re, kat\u0131l\u0131mc\u0131lar\u0131n % 63\u2019\u00fc \u0130slam ve M\u00fcsl\u00fcman kimli\u011finin Almanya\u2019n\u0131n bir par\u00e7as\u0131 olmad\u0131\u011f\u0131n\u0131 iddia ederken, % 23 bu soruya \u201cEvet\u201d cevab\u0131 vermi\u015ftir. Avrupa M\u00fcsl\u00fcman T\u00fcrk kimli\u011finin y\u0131kay\u0131p kurulamakla, yasaklarla de\u011fi\u015ftirilemedi\u011finin bilincine varm\u0131\u015f durumdad\u0131r. T\u00fcrklerin \u00f6z kimlikleri i\u00e7in can feda etmeye haz\u0131r oldu\u011funa inanm\u0131\u015flard\u0131r. Ve bir T\u00fcrk i\u00e7in T\u00fcrk kimli\u011fi ile var olman\u0131n, kariyer yapman\u0131n hayat anlam\u0131 oldu\u011funu fart etmi\u015flerdir. Bu bak\u0131ma bir Avrupa\u2019da art\u0131k b\u00fcy\u00fck bir d\u00f6n\u00fc\u015f\u00fcm ya\u015fand\u0131\u011f\u0131n\u0131 g\u00f6r\u00fcrken, Bulgaristan\u2019da bu alg\u0131ya ters bak\u0131lmas\u0131, ayr\u0131mc\u0131l\u0131k temelleri olu\u015fturmaya devam ediyor.<\/p>\n<p>2020 y\u0131l\u0131nda \u015funu \u00f6zellikle belirtmemiz yerinde olur. K\u00fclt\u00fcr ve \u0130lerleme (tekniksel y\u00fckseli\u015f) aras\u0131ndaki \u00e7arp\u0131\u015fmalarda her zaman galip (\u00fcst\u00fcn) gelen k\u00fclt\u00fcr olmu\u015ftur. K\u00fclt\u00fcr dendi\u011finde, T\u00fcrklerin hayat tarz\u0131n\u0131, ya\u015fam bi\u00e7imini belirleyenden s\u00f6z ediyorum. Geleneklerini ya\u015fatmalar\u0131ndan. Biz hayata k\u00fclt\u00fcr\u00fcn \u00f6nemsiz oldu\u011funu, belirleyici olmad\u0131\u011f\u0131n\u0131, isimlerin, dinlerin, \u00f6rf ve adetin de\u011fi\u015ftirilebilece\u011fini iddia edenleri g\u00f6rd\u00fck. 1985\u2019te \u201cBunovo t\u00fcnelinde\u201d vagon patlamas\u0131na \u201cter\u00f6r\u201d dediler. Da\u011fl\u0131k Karaba\u011f\u2019da \u00f6\u00e7 topra\u011f\u0131 ve vatan i\u00e7in can verenlere y\u0131llarca \u201cter\u00f6rist\u201d dediler. Bunu K\u0131r\u0131mda, Ukrayna\u2019n\u0131n Donbas b\u00f6lgesinde, Paris\u2019teki patlamalarda ya\u015fand\u0131. \u0130nsanlar\u0131 d\u00fc\u015f\u00fcnmeye iten \u015f\u00f6yle olaylar oldu. \u201cTer\u00f6r\u201d en geli\u015fmi\u015f kentlerde en iyi ko\u015fullarda ya\u015fayanlar\u0131n sokaklar\u0131nda, kahve i\u00e7tikleri mek\u00e2nlarda ya\u015fand\u0131. Ve \u201cter\u00f6r\u201d olay\u0131n\u0131n cebinde paras\u0131 olmayan, ruhunu satan insanlar\u0131n, i\u015fi olmayanlar\u0131n kimli\u011finde de\u011fil, binlerce insan\u0131n \u201cter\u00f6r\u201d eylemine kat\u0131lmay\u0131 kurgulad\u0131\u011f\u0131 ortaya \u00e7\u0131kt\u0131. En basit haklar\u0131 elinden al\u0131nanlar hak arama davas\u0131na \u00f6rnek oldu ve ter\u00f6r eylemleri ger\u00e7ekle\u015ftirdi. Bu tepki insanlar\u0131n kendi k\u00fclt\u00fcrel ortam\u0131ndan al\u0131nmas\u0131na, k\u00fclt\u00fcrel ortam\u0131n de\u011fi\u015ftirilmesine, insanlar\u0131n kendilerini yabanc\u0131 k\u00fclt\u00fcrle zehirlenmi\u015f hissetmesine tepkiydi. Ve k\u00fclt\u00fcrel kimlikleri de\u011fi\u015ftirilen insanlar hi\u00e7bir zaman yeni d\u00fc\u015ft\u00fcre al\u0131\u015fmad\u0131lar, hep tepki g\u00f6sterdiler, onlar\u0131 de\u011fi\u015ftirmek isteyenleri kendine benzetmeye \u00e7al\u0131\u015ft\u0131lar ki, bug\u00fcn Bulgarlar\u0131n yar\u0131s\u0131 memleketi terk etmi\u015f ve ne zaman d\u00f6necekleri belli de\u011fildir. D\u0131\u015f \u00fclkeler gidip okuyup d\u00f6nmeyenlerin sebebi ise, d\u00f6n\u00fcnce bilgilerini uygulayacak k\u00fclt\u00fcrel alan bulamamalar\u0131d\u0131r.<\/p><div id=\"bghab-3302178084\" class=\"bghab-icerik-icine-25-paragraf bghab-entity-placement\"><script async src=\"\/\/pagead2.googlesyndication.com\/pagead\/js\/adsbygoogle.js?client=ca-pub-6203283170189293\" crossorigin=\"anonymous\"><\/script><ins class=\"adsbygoogle\" style=\"display:block; text-align:center;\" data-ad-client=\"ca-pub-6203283170189293\" \ndata-ad-slot=\"7303146466\" \ndata-ad-layout=\"in-article\"\ndata-ad-format=\"fluid\" data-full-width-responsive=\"true\"><\/ins>\n<script> \n(adsbygoogle = window.adsbygoogle || []).push({}); \n<\/script>\n<\/div>\n<p>Bu k\u00fclt\u00fcrel olay 2020\u2019de belirmedi. Daha \u00f6nce totalitarizm y\u0131llar\u0131nda ve Bulgar k\u00fclt\u00fcr\u00fc dayatma zulm\u00fcne kar\u015f\u0131 tepki olarak k\u00fckredi ve yanar da\u011f g\u00fcc\u00fcyle toplumu etkilemeye devam ediyor.\u00a0 D\u0131\u015f \u00fclkeden gelen ve 3. Nesilde yeni ortama adapte olma s\u00fcreci 2015\u2019ta durdu. Bu nedenledir ki, GERB Partisinin Boyko Borisov h\u00fck\u00fcmeti Orta Do\u011fudan gelecek ve Bulgaristan\u2019a yerle\u015fecek M\u00fcsl\u00fcman kitlenin toplum kurup Bulgaristan M\u00fcsl\u00fcmanlar\u0131yla kayna\u015fma ihtimalinden de korktu. S\u0131n\u0131r\u0131 tel \u00f6rg\u00fclerle kapamalar\u0131n\u0131n sebeplerinden biri de budur. Yerli M\u00fcsl\u00fcman az\u0131nl\u0131klar ve M\u00fcsl\u00fcman g\u00f6\u00e7 seli hakk\u0131nda nitel de\u011fi\u015fme 2020\u2019de daha da peki\u015fti diyebiliriz.<\/p>\n<p>Bulgaristan\u2019da, Balkanlarda ve Bat\u0131 Avrupa\u2019da modern T\u00fcrk kimli\u011finin yerle\u015fmesinde ve g\u00fc\u00e7lenmesinde en b\u00fcy\u00fck rol\u00fc 2020 y\u0131l\u0131nda da T\u00fcrkiye Cumhuriyeti ve B\u00fcy\u00fck \u00f6nder Say\u0131n Recep Tayyip Erdo\u011fan g\u00f6rd\u00fc.<\/p>\n<p>Yeni y\u0131l\u0131n\u0131z kutlu olsun.<\/p>\n<p>Hepinize sa\u011fl\u0131k ve mutluluk diliyorum.<\/p>\n<p>Kendinize iyi bak\u0131n\u0131z!<\/p><div id=\"bghab-4108952262\" class=\"bghab-icerik-icine-30-paragraf bghab-entity-placement\"><script async src=\"\/\/pagead2.googlesyndication.com\/pagead\/js\/adsbygoogle.js?client=ca-pub-6203283170189293\" crossorigin=\"anonymous\"><\/script><ins class=\"adsbygoogle\" style=\"display:block; text-align:center;\" data-ad-client=\"ca-pub-6203283170189293\" \ndata-ad-slot=\"7303146466\" \ndata-ad-layout=\"in-article\"\ndata-ad-format=\"fluid\" data-full-width-responsive=\"true\"><\/ins>\n<script> \n(adsbygoogle = window.adsbygoogle || []).push({}); \n<\/script>\n<\/div>\n<div id=\"bghab-1754240959\" class=\"bghab-yazi-altinda bghab-entity-placement\"><script async src=\"https:\/\/pagead2.googlesyndication.com\/pagead\/js\/adsbygoogle.js\"><\/script>\r\n<!-- bghaber-yaz\u0131-sonu -->\r\n<ins class=\"adsbygoogle\"\r\n     style=\"display:block\"\r\n     data-ad-client=\"ca-pub-6203283170189293\"\r\n     data-ad-slot=\"4222328180\"\r\n     data-ad-format=\"auto\"\r\n     data-full-width-responsive=\"true\"><\/ins>\r\n<script>\r\n     (adsbygoogle = window.adsbygoogle || []).push({});\r\n<\/script><\/div><br style=\"clear: both; display: block; float: none;\"\/>","protected":false},"excerpt":{"rendered":"<p>Neriman KALYONCUO\u011eLU Tarih: 31 Aral\u0131k 2020 Medeni k\u00fclt\u00fcr ile teknik k\u00fclt\u00fcr birbirinden ayr\u0131 \u015feylerdir. Kimli\u011fi etkileyen medeniyet k\u00fclt\u00fcr\u00fcd\u00fcr. Bulgaristan T\u00fcrklerinin medeni k\u00fclt\u00fcr g\u00f6nderi (Ufku) 1989<\/p>\n","protected":false},"author":13,"featured_media":33258,"comment_status":"closed","ping_status":"closed","sticky":false,"template":"","format":"standard","meta":{"advanced_seo_description":"","jetpack_seo_html_title":"","jetpack_seo_noindex":false,"jetpack_seo_schema_type":"","_jetpack_newsletter_access":"","_jetpack_dont_email_post_to_subs":false,"_jetpack_newsletter_tier_id":0,"_jetpack_memberships_contains_paywalled_content":false,"_jetpack_feature_clip_id":0,"_jetpack_memberships_contains_paid_content":false,"footnotes":"","jetpack_post_was_ever_published":false},"categories":[6],"tags":[],"class_list":["post-51752","post","type-post","status-publish","format-standard","has-post-thumbnail","hentry","category-yorum"],"jetpack_sharing_enabled":true,"jetpack_likes_enabled":true,"jetpack-related-posts":[],"jetpack_shortlink":"https:\/\/wp.me\/pc2PfJ-dsI","jetpack_featured_media_url":"https:\/\/i0.wp.com\/www.bghaber.org\/bghaber\/wp-content\/uploads\/2018\/12\/Neriman-K1.jpg?fit=207%2C237&ssl=1","_links":{"self":[{"href":"https:\/\/www.bghaber.org\/bghaber\/wp-json\/wp\/v2\/posts\/51752","targetHints":{"allow":["GET"]}}],"collection":[{"href":"https:\/\/www.bghaber.org\/bghaber\/wp-json\/wp\/v2\/posts"}],"about":[{"href":"https:\/\/www.bghaber.org\/bghaber\/wp-json\/wp\/v2\/types\/post"}],"author":[{"embeddable":true,"href":"https:\/\/www.bghaber.org\/bghaber\/wp-json\/wp\/v2\/users\/13"}],"replies":[{"embeddable":true,"href":"https:\/\/www.bghaber.org\/bghaber\/wp-json\/wp\/v2\/comments?post=51752"}],"version-history":[{"count":0,"href":"https:\/\/www.bghaber.org\/bghaber\/wp-json\/wp\/v2\/posts\/51752\/revisions"}],"wp:featuredmedia":[{"embeddable":true,"href":"https:\/\/www.bghaber.org\/bghaber\/wp-json\/wp\/v2\/media\/33258"}],"wp:attachment":[{"href":"https:\/\/www.bghaber.org\/bghaber\/wp-json\/wp\/v2\/media?parent=51752"}],"wp:term":[{"taxonomy":"category","embeddable":true,"href":"https:\/\/www.bghaber.org\/bghaber\/wp-json\/wp\/v2\/categories?post=51752"},{"taxonomy":"post_tag","embeddable":true,"href":"https:\/\/www.bghaber.org\/bghaber\/wp-json\/wp\/v2\/tags?post=51752"}],"curies":[{"name":"wp","href":"https:\/\/api.w.org\/{rel}","templated":true}]}}