{"id":51747,"date":"2020-12-30T23:18:49","date_gmt":"2020-12-30T20:18:49","guid":{"rendered":"https:\/\/www.bghaber.org\/bghaber\/?p=51747"},"modified":"2021-01-31T02:45:29","modified_gmt":"2021-01-30T23:45:29","slug":"mili-devletler-dagilinca-azinliklar-ne-olacak","status":"publish","type":"post","link":"https:\/\/www.bghaber.org\/bghaber\/mili-devletler-dagilinca-azinliklar-ne-olacak\/","title":{"rendered":"Milli Devletler Da\u011f\u0131l\u0131nca Az\u0131nl\u0131klar Ne Olacak?"},"content":{"rendered":"<p>BGSAM<br \/>\nTarih: 30 Aral\u0131k 2020<\/p>\n<p><strong>\u201cEgemenlik isteyen, Avrupa Birli\u011fi\u2019nden \u00e7\u0131ks\u0131n!\u201d<\/strong><\/p>\n<p>Bu konu, y\u0131lsonunda g\u00fcndeme getiren Almanya\u2019n\u0131n Augsburg \u00dcniversitesi hukuk Prof. Kristof Weder\u2019in<em><strong> \u201cZ\u00fcddeutsche Zeitund\u201d<\/strong><\/em> gazetesinde yay\u0131nlanan s\u00f6yle\u015fisinde yer ald\u0131.<\/p>\n<p>Ba\u015fbakan Angele Merkel \u00fclkesinde s\u00f6z\u00fc ge\u00e7en bu profes\u00f6r\u00fcn Berlin ve Br\u00fcksel siyaset\u00e7ilerine haz\u0131rlad\u0131\u011f\u0131 raporlarda, <em><strong>\u201cAvrupa\u2019da Bir Devletler \u00fcst\u00fc Devlet (\u0130mparatorluk) kurulmas\u0131 i\u00e7in milli devletlerin \u00e7\u00f6z\u00fclmesini ve da\u011f\u0131lmas\u0131n\u0131 \u00f6neriyor.<\/strong><\/em><\/p>\n<p>Avrupa imparatorlu\u011fu kurmak hem Adolf Hitler\u2019in hem de Napolyon Bonapard\u2019\u0131n \u00f6zlem ve hedefiydi.<\/p><div id=\"bghab-2888077845\" class=\"bghab-icerik-icine bghab-entity-placement\"><script async src=\"\/\/pagead2.googlesyndication.com\/pagead\/js\/adsbygoogle.js?client=ca-pub-6203283170189293\" crossorigin=\"anonymous\"><\/script><ins class=\"adsbygoogle\" style=\"display:block; text-align:center;\" data-ad-client=\"ca-pub-6203283170189293\" \ndata-ad-slot=\"7303146466\" \ndata-ad-layout=\"in-article\"\ndata-ad-format=\"fluid\" data-full-width-responsive=\"true\"><\/ins>\n<script> \n(adsbygoogle = window.adsbygoogle || []).push({}); \n<\/script>\n<\/div>\n<p>Yeni e\u011filim de b\u00f6yle. \u0130ngilizler bu nedenle <strong><em>\u201cbrekzit\u201d<\/em><\/strong> deyiverdiler. Bu geli\u015fme 2020\u2019de \u00f6yle bir s\u00fcrat yapt\u0131 ki, son 30 y\u0131lda b\u00f6yle bir hamle izlenmemi\u015fti. Corona vir\u00fcs somunlar\u0131 bu ama\u00e7la s\u0131kmak yani Avrupa Birli\u011fini derleyip toparlamak i\u00e7in sanki kuvvet i\u011fnesi oldu. Berlin ve Br\u00fcksel\u2019deki merkez \u00e7eker g\u00fc\u00e7ler y\u0131l boyu faaliyet halindeydi. TV programlar\u0131nda Br\u00fcksel veya AB her c\u00fcmleye girdi. O \u00fclkelerde ne yap\u0131ld\u0131ysa gerekli gereksiz bizde de hemen uyguland\u0131.<\/p>\n<p>K\u00f6r gidi\u015fi anlayan \u0130ngiltere 1 \u015eubat 2020\u2019de AB\u2019den ayr\u0131ld\u0131. \u0130ngilizler, Fransa ve Almanya\u2019n\u0131n AB\u2019yi<strong><em> \u201cdevletler birli\u011fi\u201d<\/em><\/strong> de\u011fil de, ekonomik, ticaret ve politik d\u00fczeyde\u00a0 <strong><em>\u201cfederal bir topluluk\u201d<\/em><\/strong> olmas\u0131na en b\u00fcy\u00fck engeldi. Kendi \u00fclkelerini idare edemeyenler nas\u0131l olur da 27 \u00fclkeyi birden y\u00f6netir fikri ak\u0131ldan \u00e7\u0131kmad\u0131.<\/p>\n<p>Ya\u015fl\u0131lar hat\u0131rlar. \u0130\u00e7ine d\u00fc\u015ft\u00fc\u011f\u00fcm\u00fcz \u00e7\u0131k\u0131\u015f\u0131 olmayan Ge\u00e7i\u015f D\u00f6neminden \u00f6nce, Bulgaristan da sosyalist \u00fclkeler aras\u0131 Ekonomik Yard\u0131mla\u015fma Birli\u011fi (S\u0130F) \/1949-1989\/ \u00fcyesiydi. SIF ekonomik ve mali bak\u0131mdan b\u00f6yle bir i\u015fbirli\u011fi \u00f6rg\u00fct\u00fcyd\u00fc. Fedarati Avrupa Birli\u011fi kuruldu\u011funda, T\u00fcrkiye\u2019de bir \u015fey satacak olsak, Br\u00fcksel\u2019den izin almam\u0131z gerekecek. \u00a0Bu bak\u0131ma S\u0130F i\u00e7inde sanki serbestlik vard\u0131. \u00a0\u00d6rne\u011fin Bulgaristan Japonya ile \u00e7ok s\u0131k\u0131 i\u015fbirli\u011fi geli\u015ftirebilmi\u015fti. Rusya\u2019dan ham petrol al\u0131p benzin ve polietilen ve polipropilen vb t\u00fcrevleri T\u00fcrkiye\u2019ye satabiliyorduk. Ukrayna\u2019dan kereste al\u0131p kab\u0131n\u0131 soyup yine T\u00fcrkiye\u2019ye satabilirdik.<\/p>\n<p><strong>Br\u00fcksel\u2019in 2021\u2019den ba\u015flayarak olu\u015fturmaya \u00e7al\u0131\u015faca\u011f\u0131 federatif y\u00f6netimde merkezden izin almadan federasyon d\u0131\u015f\u0131 \u00fclkelerle al\u0131\u015f veri\u015f yap\u0131lamayacakm\u0131\u015f.<\/strong><\/p>\n<p>Ayn\u0131 zamanda Yeni Avrupa Projesine kar\u015f\u0131 olan Vi\u015figrad d\u00f6rtl\u00fcs\u00fc ad\u0131yla \u00fcnlenen Macaristan, Polonya, \u00c7ek ve Slovakya gibi milli devletlerin yok edilmesi \u00f6ng\u00f6r\u00fcl\u00fcyor. Avusturya, Danimarka, Hollanda ve \u0130sve\u00e7 gibi merkez \u00e7ek kuvvetini azaltmak ve yetkisiz k\u0131lmak isteyen devletlere kar\u015f\u0131 da \u00f6nlemler al\u0131n\u0131yor. Kuzey Avrupal\u0131 bu d\u00f6rtli AB paralar\u0131n\u0131n Do\u011fu ve G\u00fcney Do\u011fu Avrupa \u00fclkeleri i\u00e7in harcanmas\u0131n\u0131 anlams\u0131z buluyor.<\/p><div id=\"bghab-4241402264\" class=\"bghab-icerik-icine-10-paragraf bghab-entity-placement\"><script async src=\"\/\/pagead2.googlesyndication.com\/pagead\/js\/adsbygoogle.js?client=ca-pub-6203283170189293\" crossorigin=\"anonymous\"><\/script><ins class=\"adsbygoogle\" style=\"display:block; text-align:center;\" data-ad-client=\"ca-pub-6203283170189293\" \ndata-ad-slot=\"7303146466\" \ndata-ad-layout=\"in-article\"\ndata-ad-format=\"fluid\" data-full-width-responsive=\"true\"><\/ins>\n<script> \n(adsbygoogle = window.adsbygoogle || []).push({}); \n<\/script>\n<\/div>\n<p>Prof. Weber, Macaristan ve Polonya gibi <strong><em>\u201ckararlara uymayanlar\u201d<\/em><\/strong> i\u00e7in \u00f6zel \u00f6nlemler geli\u015ftirmi\u015f ve bu 2 \u00fclke <em><strong>\u201cveto\u201d<\/strong> <\/em>hakk\u0131 kullanamayacak. B\u00fct\u00e7e konusunda oy kullanma hakk\u0131ndan yoksun b\u0131rak\u0131lmak isteniyor. Bulgaristan gibi <em><strong>\u201chukuk \u00fcst\u00fcnl\u00fc\u011f\u00fc\u201d<\/strong><\/em> ilkesini uygulamayan ama Br\u00fcksel \u00f6n\u00fcnde boyun e\u011fen mafya ve derebeylik \u00fclkesi yolsuzluklar\u0131na g\u00f6z yumuluyor. Bulgaristan\u2019daki yolsuzluk ve doland\u0131r\u0131c\u0131l\u0131k d\u00fczeni Br\u00fcksel\u2019i sanki rahats\u0131z etmiyor.<\/p>\n<p><em><strong>\u201cRemiks N\u00fcz\u201d<\/strong><\/em> yay\u0131n\u0131 da Prof. Weber\u2019in \u00f6nerilerini destekliyor. <em><strong>\u201cHukukun \u00fcst\u00fcnl\u00fc\u011f\u00fc\u201d<\/strong><\/em> ilkesinin Bulgaristan gibi r\u00fc\u015fvet batakl\u0131\u011f\u0131ndan \u00e7\u0131kamayan \u00fclkelerde uygulanmas\u0131nda \u0131srar edilmesi AB i\u00e7inde tepki uyand\u0131r\u0131yor.<\/p>\n<p>Avrupa Federatif Devleti ad\u0131 alt\u0131nda bir AB imparatorlu\u011fu kurulacaksa bir ideolojiye de gerek var. \u015eimdilik d\u00fc\u015f\u00fcn\u00fclen, AB imparatorlu\u011fu bir s\u00fcpermarket \u015feklinde olacak ve kim nas\u0131l ideoloji isterse se\u00e7ip alabilecek.<\/p>\n<p>Neo-liberalizm ve globalist yakla\u015f\u0131m \u015fimdilik birle\u015ftirici ideoloji olarak tan\u0131t\u0131l\u0131yor. K\u00fcreselcilerde de\u011fi\u015fik bi\u00e7imler var. Daha sa\u011fc\u0131 vatanda\u015flar i\u00e7in <em><strong>\u201cHristiyan Demokrat\u201d<\/strong><\/em> merkezcilik. Daha sol yakla\u015f\u0131ml\u0131lar i\u00e7in sosyal Liberalizm ve Avrupa gen\u00e7li\u011fin sefil ayak tak\u0131m\u0131 i\u00e7in sol marjinallik. Fa\u015fizmin ve fa\u015fist etkinliklerin yasaklanmas\u0131ndan s\u00f6z eden yok. Bir de az\u0131nl\u0131klar\u0131n ad\u0131 ge\u00e7miyor. Avrupa bireyler \u00fczerine bir federatif yap\u0131lanmaya giderse az\u0131nl\u0131klar zaten eritilecektir.<\/p>\n<p>\u0130kinci D\u00fcnya Sava\u015f\u0131ndan beri Avrupa\u2019da b\u00fct\u00fcnle\u015fme e\u011filimini Almanya ve Fransa y\u00f6nlendiriyor. Yak\u0131n zamana kadar uyumlu ve ba\u015f ba\u015fa gidiyorlard\u0131. Fransa Ba\u015fkan\u0131 Em. Mackron Berlin\u2019in lider pozisyonuna talep olunca \u00e7eli\u015fkiler belirdi. Fransa\u2019n\u0131n bir n\u00fckleer bombal\u0131 tek AB devleti olmas\u0131 da Paris h\u00fck\u00fcmetine a\u011f\u0131rl\u0131k kazand\u0131r\u0131yor.<\/p><div id=\"bghab-2932022457\" class=\"bghab-icerik-icine-15-paragraf bghab-entity-placement\"><script async src=\"\/\/pagead2.googlesyndication.com\/pagead\/js\/adsbygoogle.js?client=ca-pub-6203283170189293\" crossorigin=\"anonymous\"><\/script><ins class=\"adsbygoogle\" style=\"display:block; text-align:center;\" data-ad-client=\"ca-pub-6203283170189293\" \ndata-ad-slot=\"7303146466\" \ndata-ad-layout=\"in-article\"\ndata-ad-format=\"fluid\" data-full-width-responsive=\"true\"><\/ins>\n<script> \n(adsbygoogle = window.adsbygoogle || []).push({}); \n<\/script>\n<\/div>\n<p>Mackron, g\u00f6reve geldi\u011fi g\u00fcnden beri finans sekt\u00f6r\u00fcnde b\u00fct\u00fcnle\u015fmeden ve ba\u011f\u0131ms\u0131z devletlerin kendi ordular\u0131n\u0131 da\u011f\u0131tarak Avrupa Ortak Silahl\u0131 Kuvvetleri kurulmas\u0131nda \u0131srar ediyor. Bu fikir Avusturya, \u0130sve\u00e7, Hollanda ve Danimarka\u2019da destek buluyor.<\/p>\n<p>Bu konuda Covid -19 ko\u015fullar\u0131nda Avrupa Merkez Bankas\u0131 1 8500 milyar Avro yani (1.8 trilyon Avro) yard\u0131m ve kalk\u0131nma program\u0131 a\u00e7\u0131klad\u0131. Bu, AB \u00fclkeleri GSMH program\u0131n\u0131n % 15,5\u2019ine e\u015fittir.<\/p>\n<p>B\u00f6ylece istedikleri kadar kredi \u00e7ekebilen Avrupa \u00fclkeleri, 1930 y\u0131llar\u0131n tarihin en derin ekonomik \u00e7\u00f6k\u00fc\u015f\u00fc olan d\u00fcnya \u00e7\u00f6k\u00fc\u015f krizini ya\u015famay\u0131 \u015fimdilik \u00f6nleyebildi. Fakat bu kriz \u015fimdilik AB \u00fclkelerini kuzey ve g\u00fcney olmak \u00fczere ikiye b\u00f6lm\u00fc\u015f durumdad\u0131r. Kuzey \u00fclkeleri \u00f6rne\u011fin \u015fimdiki pandemi d\u00f6neminde AB\u2019nin Bat\u0131 Balkanlara geni\u015flemesine pek olumlu bakmad\u0131lar. \u201cS\u0131rt\u0131m\u0131za yen, y\u00fck\u201d dediler.<\/p>\n<p>Bu \u00f6nemler sayesinde \u00f6zellikle Yunanistan teslim bayra\u011f\u0131n\u0131 kald\u0131rmaktan kurtuldu. AB ve \u00f6zellikle Almanya, standard\u0131n\u0131 koruyan Yunanistan halk\u0131n\u0131n egemenli\u011fine el koyarak, siyasi ko\u015fullar\u0131 dikte etmeye ba\u015flad\u0131. Covid yard\u0131mlar\u0131na kar\u015f\u0131 egemenlik ve ba\u011f\u0131ms\u0131zl\u0131k. Bu programa g\u00f6re Bulgaristan mafyas\u0131 da 60 milyar bekliyor. Fakat bu parayla kurulacak 2 fabrika plan\u0131 yok. Turistik tesislerimiz de \u00fc\u00e7\u00fcnc\u00fc s\u0131n\u0131f.<\/p>\n<p>Almanya d\u0131\u015f siyasetini de\u011fi\u015ftirdi. Finans pazarlar\u0131na serbestlik tan\u0131d\u0131. AB <em><strong>\u201cG\u00fcney\u201d<\/strong> <\/em>\u00fclkeleri grubundan olan \u0130spanya ve \u0130talya\u2019ya yap\u0131lan kar\u015f\u0131l\u0131ks\u0131z yard\u0131mlar, <em><strong>\u201cKuzey\u201d<\/strong><\/em> d\u00f6rtl\u00fcs\u00fc taraf\u0131ndan <em>\u201csavurganl\u0131k\u201d<\/em> olarak nitelendi.<\/p><div id=\"bghab-1875787141\" class=\"bghab-icerik-icine-20-paragraf bghab-entity-placement\"><script async src=\"\/\/pagead2.googlesyndication.com\/pagead\/js\/adsbygoogle.js?client=ca-pub-6203283170189293\" crossorigin=\"anonymous\"><\/script><ins class=\"adsbygoogle\" style=\"display:block; text-align:center;\" data-ad-client=\"ca-pub-6203283170189293\" \ndata-ad-slot=\"7303146466\" \ndata-ad-layout=\"in-article\"\ndata-ad-format=\"fluid\" data-full-width-responsive=\"true\"><\/ins>\n<script> \n(adsbygoogle = window.adsbygoogle || []).push({}); \n<\/script>\n<\/div>\n<p>Bu arada Em. Mackron 2023 y\u0131l\u0131na kadar AB b\u00fct\u00e7esinin % 150 oran\u0131nda y\u00fckseltilmesinde direniyor. Bu da \u00e7ok ciddi s\u0131k\u0131nt\u0131 yaratabilir. T\u00fcm \u00fclkeler darbo\u011fazda.<\/p>\n<p>Br\u00fcksel\u2019in yeni ko\u015fulu ortada. Daha fazla para isteyenler milli devletlerinden vaz ge\u00e7meliler. Milli devletsiz bir toplumsal model de hen\u00fcz ancak bilgisayar programlar\u0131nda yer al\u0131yor\u00e7. Sanal bir devleten s\u00f6z ediyoruz. Bug\u00fcnk\u00fc Sofya\u2019da <em><strong>\u201cBa\u011f\u0131ms\u0131zl\u0131k meydan\u0131\u201d<\/strong><\/em> n\u0131n da ad\u0131 de\u011fi\u015fecek besbelli. \u00c7\u00fcnk\u00fc ba\u011f\u0131ms\u0131zl\u0131\u011f\u0131ndan vaz ge\u00e7en bir devletin <strong><em>\u201cBa\u011f\u0131ms\u0131zl\u0131k\u201d<\/em><\/strong> meydan\u0131na ne ihtiyac\u0131 olabilir. Milli bayraklar, milli mar\u015f korunacak m\u0131 bilmiyorum. Bakanlar Kurulu Br\u00fcksel\u2019e ba\u011fl\u0131 ofis haline getirilebilir. Cumhurba\u015fkanl\u0131\u011f\u0131nda ise besbelli Avrupa Federal Devleti Ba\u015fkomiseri oturacak.<\/p>\n<p>Halen G\u00fcney Do\u011fu \u00fclkelerine yap\u0131lan para yard\u0131mlar\u0131yla \u00fclkeleri y\u00f6neten k\u00fc\u00e7\u00fck feodal, mafya, derebeyi gruplar\u0131 olu\u015fturuldu. Bunlar tamamen AB paras\u0131yla ya\u015f\u0131yor. \u00dclkede daha k\u00fc\u00e7\u00fck gruplar \u00f6rg\u00fctleyerek, y\u00f6netim sertle\u015fiyor. Federatif Avrupa Devletinde se\u00e7ime gerek olacak m\u0131 bilemiyorum. Belki de komiser se\u00e7imleri yap\u0131labilir. Meclise gerek olmayaca\u011f\u0131n\u0131 d\u00fc\u015f\u00fcn\u00fcyorum. Belkide Ba\u015f Komiserler Dan\u0131\u015fmanlar Meclisi kurulabilir. \u00a0AB fonlar\u0131ndan beslenen bu gruplar kendilerine ba\u011fl\u0131 ve g\u00fcvenilir yeni grupla\u015fma sistemleri olu\u015fturacakt\u0131r.<\/p>\n<p>Br\u00fcksel, Bulgaristan\u2019a g\u00f6nderdi\u011fi paralar\u0131n ancak r\u00fc\u015fvetle nefes alan sistemler i\u00e7in kullan\u0131ld\u0131\u011f\u0131n\u0131 biliyor ama susuyor. S\u0131radan vatanda\u015flar\u0131n bu paralar\u0131 koklamad\u0131\u011f\u0131n\u0131n da bilincinde ama g\u00f6rmezden geliyor.<\/p>\n<p>Almanya\u2019da ge\u00e7en y\u00fczy\u0131l Nazi rejimi b\u00f6yle yarat\u0131lm\u0131\u015ft\u0131. Yerel idarecilerin masraflar\u0131 kar\u015f\u0131lan\u0131rken Br\u00fcksel denetim a\u011f\u0131n\u0131 geni\u015fletmeye devam ediyordu. Bulgaristan\u2019da fa\u015fist g\u00fc\u00e7lerin iktidara t\u0131rmanmas\u0131na yol a\u00e7\u0131lmas\u0131 nedenlerinden biri de budur, denetim alan\u0131n\u0131 geni\u015fletmek. Bu gidi\u015fe, 2020\u2019de Macaristan ve Polonya tepki g\u00f6sterdi. Bu iki \u00fclke hem Covid vir\u00fcs\u00fcyle m\u00fccadele fonlar\u0131na hem de AB\u2019nin 2027 d\u00f6nem b\u00fct\u00e7esine <em><strong>\u201cveto\u201d<\/strong><\/em> koyacaklar\u0131n\u0131 a\u00e7\u0131klad\u0131. Ve bu sakat durumu yok saymak amac\u0131yla, Br\u00fcksel 27 \u00fcye devleti bir <em><strong>\u201cdevlet \u00fcst\u00fc devlette birle\u015ftirecek\u201d<\/strong><\/em> form\u00fcl\u00fc ar\u0131yor. Anla\u015f\u0131lan bu yeni federatif devlette veto hakk\u0131 olmayacakt\u0131.<\/p><div id=\"bghab-2395943901\" class=\"bghab-icerik-icine-25-paragraf bghab-entity-placement\"><script async src=\"\/\/pagead2.googlesyndication.com\/pagead\/js\/adsbygoogle.js?client=ca-pub-6203283170189293\" crossorigin=\"anonymous\"><\/script><ins class=\"adsbygoogle\" style=\"display:block; text-align:center;\" data-ad-client=\"ca-pub-6203283170189293\" \ndata-ad-slot=\"7303146466\" \ndata-ad-layout=\"in-article\"\ndata-ad-format=\"fluid\" data-full-width-responsive=\"true\"><\/ins>\n<script> \n(adsbygoogle = window.adsbygoogle || []).push({}); \n<\/script>\n<\/div>\n<p>Daha somut olmak gerekirse, Polonya ve Macar h\u00fck\u00fcmeti geleneksel aileden ve evlilik d\u0131\u015f\u0131 birliktelik kar\u015f\u0131t\u0131 tutum i\u00e7indedir. Yahudi d\u00fc\u015fman\u0131, trans seks\u00fcel, hem cinslerin evlili\u011fine ve Jenden ideolojisine kar\u015f\u0131 \u00e7\u0131k\u0131yor. Bu konularda Br\u00fcksel kararlar\u0131n\u0131 hi\u00e7e say\u0131yor. \u00a0Olay Avrupa\u2019n\u0131n kendi i\u00e7inde yeniden \u00fcremesi ya da yok olmas\u0131 sava\u015f\u0131 \u015feklini ald\u0131 y\u00fcr\u00fcd\u00fc, dertle\u015fti. K\u0131tan\u0131n sosyal ve biyolojik deney tahtas\u0131 olmas\u0131na kar\u015f\u0131 ba\u015fkald\u0131ranlar \u00e7o\u011fald\u0131. Jender ideolojisinin toplumda karga\u015fa, kar\u0131\u015f\u0131kl\u0131k, adli su\u00e7 ortam\u0131, \u00e7ocuklar\u0131n fiziksel yaralanmas\u0131na ortam olu\u015fturdu\u011fu savunuldu. Macaristan\u2019da Orban, Polonya\u2019da Ka\u015finski h\u00fck\u00fcmetlerinin geleneksel aileyi savunmas\u0131 Br\u00fcksel\u2019i iyice hiddetlendirdi. Bulgaristan da jender anla\u015fmas\u0131n\u0131 imzalamad\u0131, fakat az\u0131nl\u0131klara kar\u015f\u0131 azdan aza uygulama yolunu se\u00e7ti.<\/p>\n<p>Macaristan ve Polonya Avrupa fonlar\u0131ndan b\u00fcy\u00fck paralar al\u0131yor. \u0130ngiltere\u2019nin ayr\u0131lmas\u0131yla, Fransa\u2019da \u015earl de Golle siyasetinin de\u011fi\u015fmesiyle, art\u0131k Avrupa makinas\u0131n\u0131n gidi\u015fini frenleyebilecek birileri olmad\u0131\u011f\u0131n\u0131 fark ediyorlar. \u015eu durumda AB n\u00fcfusunun % 65\u2019ini temsil deden \u00fclkelerin % 55\u2019i bu 2 devletin fonlar\u0131n\u0131 kesebilirdi.<\/p>\n<p>Prof. Weber\u2019in \u00f6nerileriyle, art\u0131k AB paralar\u0131n\u0131n kesilmesi i\u015fi <em><strong>\u201chukukun \u00fcst\u00fcnl\u00fc\u011f\u00fc\u201d<\/strong> <\/em>insan haklar\u0131n\u0131n \u00e7i\u011fnenmesi, az\u0131nl\u0131k siyasetinin bask\u0131l\u0131 ve \u015fiddetle uygulanmas\u0131 gibi nedenlerde ba\u011f\u0131ms\u0131zla\u015ft\u0131r\u0131ld\u0131.\u00a0 Bundan b\u00f6yle paralar\u0131n ne ama\u00e7la harcand\u0131\u011f\u0131 de\u011ferlendirilecek ve ona g\u00f6re karar al\u0131nacak.<\/p>\n<p>\u00dcstelik fonlar\u0131n kesilmesi ancak Avrupa Mahkemesi karar\u0131yla olacak. Yaln\u0131z bu de\u011fi\u015fiklikler de yeni bir Avrupa imparatorlu\u011fu kurulmas\u0131 i\u00e7in yeterli say\u0131lmaz. Anayasas\u0131 olmayan AB\u2019nin genel ge\u00e7erli kurallar\u0131 da yok.<\/p>\n<p>\u015eimdi<em><strong> \u201cCovid \u2013 19\u201d<\/strong><\/em> yaralar\u0131 sar\u0131l\u0131rken, a\u015f\u0131lar yap\u0131l\u0131rken ve ortak AB ordusu konusu hen\u00fcz g\u00f6r\u00fc\u015fme a\u015famas\u0131ndayken ilk ad\u0131m olarak, AB Finansa Bakanl\u0131\u011f\u0131 kurulmas\u0131 kararla\u015ft\u0131r\u0131ld\u0131. Giderlerin daha s\u0131k\u0131 kontrol edilmesi \u00f6ng\u00f6r\u00fcl\u00fcyor.<\/p><div id=\"bghab-1742143323\" class=\"bghab-icerik-icine-30-paragraf bghab-entity-placement\"><script async src=\"\/\/pagead2.googlesyndication.com\/pagead\/js\/adsbygoogle.js?client=ca-pub-6203283170189293\" crossorigin=\"anonymous\"><\/script><ins class=\"adsbygoogle\" style=\"display:block; text-align:center;\" data-ad-client=\"ca-pub-6203283170189293\" \ndata-ad-slot=\"7303146466\" \ndata-ad-layout=\"in-article\"\ndata-ad-format=\"fluid\" data-full-width-responsive=\"true\"><\/ins>\n<script> \n(adsbygoogle = window.adsbygoogle || []).push({}); \n<\/script>\n<\/div>\n<p>\u00c7ok toplant\u0131lar yap\u0131ld\u0131 yap\u0131l\u0131yor. Yaz\u0131p \u00e7iziliyor fakat Avrupa imparatorlu\u011funda yeni bir medeniyet modeli \u00fczerinde d\u00fc\u015f\u00fcnen sanki yok. \u00d6rne\u011fin milli devletlerin y\u0131k\u0131lmas\u0131yla az\u0131nl\u0131k topluluklar\u0131n\u0131n durumu ne olacak.\u00a0 Milli devletlerin y\u0131k\u0131lmas\u0131yla, bu devletlerin ana dayana\u011f\u0131 olan siyasi sistem ve bu sistemin siyasi partileri ne olacak. Federatif sistemin y\u00f6netimi siyasi partiler sistemine mi dayanacak?<\/p>\n<p>Biz G\u00fcney Do\u011fu Avrupa \u00fclkeleri imparatorlu\u011fun kenar\u0131nda k\u00f6\u015fesinde kalanlar koloni stat\u00fcs\u00fcnde mi olaca\u011f\u0131z? Az\u0131nl\u0131klar\u0131m\u0131z 3. d\u00f6rd\u00fcnc\u00fc derece insan muamelesi mi g\u00f6recekler? <strong><em>\u201c\u0130nsan haklar\u0131 kalkacak\u201d<\/em><\/strong> diyorlar. Kolektif insan haklar\u0131ndan s\u00f6 eden zaten sok. \u00d6rg\u00fcts\u00fcz bireyler kitlesinden s\u00f6z ediliyor. Fransa\u2019daki sar\u0131 yelekliler, Sofya\u2019daki yaz aylar\u0131 gece y\u00fcr\u00fcy\u00fc\u015flerine kat\u0131lanlar\u0131n derneksiz partisiz y\u00fcr\u00fcy\u00fc\u015fleri gibi. B\u00fct\u00fcn siyasi partiler da\u011f\u0131ld\u0131\u011f\u0131nda toplumun politik alt yap\u0131s\u0131 derneklere dayand\u0131\u011f\u0131nda, federatif dikey yap\u0131lanma nas\u0131l olacak. Bu sorular yan\u0131t bekliyor. Siyasi sistem, insanlar\u0131n akl\u0131, duygular\u0131, h\u0131rslar\u0131, \u00f6fkesi, hesapla\u015fma kararl\u0131l\u0131\u011f\u0131 bilgisayar programlar\u0131na y\u00fcklenebilir mi? Bilgisayar bir zek\u00e2n\u0131n sanal \u00fcr\u00fcn\u00fcd\u00fcr, duygu d\u00fcnyas\u0131n\u0131n alg\u0131layamaz. \u0130nsan ruhu zaten bilgisayar sanall\u0131\u011f\u0131n\u0131n tamamen d\u0131\u015f\u0131nda\u2026. Cevap bekleyen \u00e7ok sorular var!<\/p>\n<p>\u00d6yleyse aile hakk\u0131 da m\u0131 kalkacak? Adam gibi adam yeti\u015ftiren toplumsal d\u00fczen olmadan, ortak de\u011ferler olmadan, toplum anla\u015fmas\u0131 olmadan,\u00a0 toplumun ahlak d\u00fczeni da\u011f\u0131l\u0131r ki, \u00f6tesini ben de d\u00fc\u015f\u00fcnmek istemiyorum\u2026<\/p>\n<p><strong>Anla\u015f\u0131lan bug\u00fcn de\u011ferli buldu\u011fumuz, pek \u00e7ok \u015feyin son zili \u00e7al\u0131yor.<\/strong><\/p>\n<p>Din haklar\u0131 ne olacak. Tanr\u0131 var veya yok XVII. Y\u00fczy\u0131ldan beri eski k\u0131tan\u0131n ana kavgas\u0131d\u0131r ve hen\u00fcz cevaps\u0131zd\u0131r. O ne olacak. Yan\u0131t bulmadan g\u00f6m\u00fclecek mi?<\/p><div id=\"bghab-3004347393\" class=\"bghab-icerik-icine-35-paragraf bghab-entity-placement\"><script async src=\"\/\/pagead2.googlesyndication.com\/pagead\/js\/adsbygoogle.js?client=ca-pub-6203283170189293\" crossorigin=\"anonymous\"><\/script><ins class=\"adsbygoogle\" style=\"display:block; text-align:center;\" data-ad-client=\"ca-pub-6203283170189293\" \ndata-ad-slot=\"7303146466\" \ndata-ad-layout=\"in-article\"\ndata-ad-format=\"fluid\" data-full-width-responsive=\"true\"><\/ins>\n<script> \n(adsbygoogle = window.adsbygoogle || []).push({}); \n<\/script>\n<\/div>\n<p><strong>2020\u2019de Bulgar tarih\u00e7ileri art\u0131k ger\u00e7ekleri yazmaya ba\u015flad\u0131lar. XIX. y\u00fczy\u0131l\u0131n Bulgar tarihinde insanlar\u0131n huzur i\u00e7inde ve mutlu ya\u015fad\u0131\u011f\u0131 en iyi y\u00fczy\u0131l oldu\u011fu yaz\u0131l\u0131yor<\/strong>. \u00d6yleyse yeni bir \u015feyler arama sevdas\u0131ndan vaz ge\u00e7elim ve ge\u00e7mi\u015fin en g\u00f6nen\u00e7li y\u00fczy\u0131l\u0131na d\u00f6nelim. O zaman \u00fcmmet sistemi vard\u0131. \u00d6yleyse Avrupa Federal h\u00fck\u00fcmeti prtakl\u0131\u011f\u0131n medeniyet dengelerini \u00fcmmet sistemine g\u00f6re kursun. Az\u0131nl\u0131klara da elit haklar tan\u0131ns\u0131n. \u00a0Amerika da kurulurken \u00f6rnek olarak Osmanl\u0131 medeniyetini se\u00e7medi mi?<\/p>\n<p>T\u00fcrkiye Cumhuriyeti\u2019nin de Avrupa Federasyonuna girmesi ve en kalabal\u0131k ve en b\u00fcy\u00fck \u00fclke ve devlet olarak Ba\u015fkanl\u0131k Merkezi se\u00e7ilse ve en b\u00fcy\u00fck Avrupa \u015fehri olarak \u0130stanbul da Federatif Avrupa Ba\u015fkenti se\u00e7ilse ne g\u00fczel olur de\u011fil mi?<\/p>\n<p>Su konular\u0131 2021\u2019de ara\u015ft\u0131r\u0131p \u00a0yazmaya devam edece\u011fiz.<\/p>\n<p>Hepinize sa\u011fl\u0131kl\u0131 ve mutlu bir y\u0131lba\u015f\u0131 dileriz.<\/p>\n<p>En iyi g\u00fcnler sizin olsun.<\/p><div id=\"bghab-1662899940\" class=\"bghab-icerik-icine-40-paragraf bghab-entity-placement\"><script async src=\"\/\/pagead2.googlesyndication.com\/pagead\/js\/adsbygoogle.js?client=ca-pub-6203283170189293\" crossorigin=\"anonymous\"><\/script><ins class=\"adsbygoogle\" style=\"display:block; text-align:center;\" data-ad-client=\"ca-pub-6203283170189293\" \ndata-ad-slot=\"7303146466\" \ndata-ad-layout=\"in-article\"\ndata-ad-format=\"fluid\" data-full-width-responsive=\"true\"><\/ins>\n<script> \n(adsbygoogle = window.adsbygoogle || []).push({}); \n<\/script>\n<\/div>\n<p>Payla\u015f\u0131n\u0131z.<\/p>\n<div id=\"bghab-948633921\" class=\"bghab-yazi-altinda bghab-entity-placement\"><script async src=\"https:\/\/pagead2.googlesyndication.com\/pagead\/js\/adsbygoogle.js\"><\/script>\r\n<!-- bghaber-yaz\u0131-sonu -->\r\n<ins class=\"adsbygoogle\"\r\n     style=\"display:block\"\r\n     data-ad-client=\"ca-pub-6203283170189293\"\r\n     data-ad-slot=\"4222328180\"\r\n     data-ad-format=\"auto\"\r\n     data-full-width-responsive=\"true\"><\/ins>\r\n<script>\r\n     (adsbygoogle = window.adsbygoogle || []).push({});\r\n<\/script><\/div><br style=\"clear: both; display: block; float: none;\"\/>","protected":false},"excerpt":{"rendered":"<p>BGSAM Tarih: 30 Aral\u0131k 2020 \u201cEgemenlik isteyen, Avrupa Birli\u011fi\u2019nden \u00e7\u0131ks\u0131n!\u201d Bu konu, y\u0131lsonunda g\u00fcndeme getiren Almanya\u2019n\u0131n Augsburg \u00dcniversitesi hukuk Prof. Kristof Weder\u2019in \u201cZ\u00fcddeutsche Zeitund\u201d gazetesinde<\/p>\n","protected":false},"author":13,"featured_media":24365,"comment_status":"closed","ping_status":"closed","sticky":false,"template":"","format":"standard","meta":{"advanced_seo_description":"","jetpack_seo_html_title":"","jetpack_seo_noindex":false,"jetpack_seo_schema_type":"","_jetpack_newsletter_access":"","_jetpack_dont_email_post_to_subs":false,"_jetpack_newsletter_tier_id":0,"_jetpack_memberships_contains_paywalled_content":false,"_jetpack_feature_clip_id":0,"_jetpack_memberships_contains_paid_content":false,"footnotes":"","jetpack_post_was_ever_published":false},"categories":[6],"tags":[],"class_list":["post-51747","post","type-post","status-publish","format-standard","has-post-thumbnail","hentry","category-yorum"],"jetpack_sharing_enabled":true,"jetpack_likes_enabled":true,"jetpack-related-posts":[],"jetpack_shortlink":"https:\/\/wp.me\/pc2PfJ-dsD","jetpack_featured_media_url":"https:\/\/i0.wp.com\/www.bghaber.org\/bghaber\/wp-content\/uploads\/2017\/10\/bgsam-banner.jpg?fit=468%2C90&ssl=1","_links":{"self":[{"href":"https:\/\/www.bghaber.org\/bghaber\/wp-json\/wp\/v2\/posts\/51747","targetHints":{"allow":["GET"]}}],"collection":[{"href":"https:\/\/www.bghaber.org\/bghaber\/wp-json\/wp\/v2\/posts"}],"about":[{"href":"https:\/\/www.bghaber.org\/bghaber\/wp-json\/wp\/v2\/types\/post"}],"author":[{"embeddable":true,"href":"https:\/\/www.bghaber.org\/bghaber\/wp-json\/wp\/v2\/users\/13"}],"replies":[{"embeddable":true,"href":"https:\/\/www.bghaber.org\/bghaber\/wp-json\/wp\/v2\/comments?post=51747"}],"version-history":[{"count":0,"href":"https:\/\/www.bghaber.org\/bghaber\/wp-json\/wp\/v2\/posts\/51747\/revisions"}],"wp:featuredmedia":[{"embeddable":true,"href":"https:\/\/www.bghaber.org\/bghaber\/wp-json\/wp\/v2\/media\/24365"}],"wp:attachment":[{"href":"https:\/\/www.bghaber.org\/bghaber\/wp-json\/wp\/v2\/media?parent=51747"}],"wp:term":[{"taxonomy":"category","embeddable":true,"href":"https:\/\/www.bghaber.org\/bghaber\/wp-json\/wp\/v2\/categories?post=51747"},{"taxonomy":"post_tag","embeddable":true,"href":"https:\/\/www.bghaber.org\/bghaber\/wp-json\/wp\/v2\/tags?post=51747"}],"curies":[{"name":"wp","href":"https:\/\/api.w.org\/{rel}","templated":true}]}}