{"id":51746,"date":"2020-12-31T00:01:00","date_gmt":"2020-12-30T21:01:00","guid":{"rendered":"https:\/\/www.bghaber.org\/bghaber\/?p=51746"},"modified":"2020-12-31T02:24:42","modified_gmt":"2020-12-30T23:24:42","slug":"sofyada-duzensiz-atik-yakilma-olaylari-yangin-kulesinden-takip-edilecek","status":"publish","type":"post","link":"https:\/\/www.bghaber.org\/bghaber\/sofyada-duzensiz-atik-yakilma-olaylari-yangin-kulesinden-takip-edilecek\/","title":{"rendered":"Sofya&#8217;da d\u00fczensiz at\u0131k yak\u0131lma olaylar\u0131 yang\u0131n kulesinden takip edilecek"},"content":{"rendered":"\n<p class=\"wp-block-paragraph\">Sofya&#8217;da in\u015fa edilecek olan 24 metrelik yang\u0131n kulesinden ba\u015fkentte d\u00fczensiz lastik ve tehlikeli at\u0131k yak\u0131lma takibi yap\u0131lacak.<\/p>\n\n\n\n<p class=\"wp-block-paragraph\">BNR muhabiri Evelina Stoyanova&#8217;n\u0131n aktard\u0131\u011f\u0131 \u00fczere yang\u0131n kulesi, bu t\u00fcrden en \u00e7ok ihlalin yap\u0131ld\u0131\u011f\u0131 &#8220;Krasna Polyana&#8221; semtinin en y\u00fcksek noktas\u0131nda kurulacak.<\/p>\n\n\n\n<p class=\"wp-block-paragraph\">Kulede bulunan be\u015f kamera ile tespit edilen at\u0131k yak\u0131lma olaylar\u0131na ili\u015fkin itfaiye, polis ve belediyeye bilgi verilecek.<\/p>\n\n\n\n<p class=\"wp-block-paragraph\">B\u00f6ylelikle Sofya&#8217;da hava kirlili\u011finin en az\u0131ndan k\u0131smen azalt\u0131laca\u011f\u0131 \u00fcmit ediliyor. Hava kirlili\u011fi, defalarca ba\u015fkentlilerin protesto etmelerine sebep oldu.<\/p>\n\n\n\n<p class=\"wp-block-paragraph\"><\/p>\n\n\n\n<p class=\"wp-block-paragraph\">BNR<\/p><div id=\"bghab-91247973\" class=\"bghab-icerik-icine bghab-entity-placement\"><script async src=\"\/\/pagead2.googlesyndication.com\/pagead\/js\/adsbygoogle.js?client=ca-pub-6203283170189293\" crossorigin=\"anonymous\"><\/script><ins class=\"adsbygoogle\" style=\"display:block; text-align:center;\" data-ad-client=\"ca-pub-6203283170189293\" \ndata-ad-slot=\"7303146466\" \ndata-ad-layout=\"in-article\"\ndata-ad-format=\"fluid\" data-full-width-responsive=\"true\"><\/ins>\n<script> \n(adsbygoogle = window.adsbygoogle || []).push({}); \n<\/script>\n<\/div>\n<div id=\"bghab-1989542121\" class=\"bghab-yazi-altinda bghab-entity-placement\"><script async src=\"https:\/\/pagead2.googlesyndication.com\/pagead\/js\/adsbygoogle.js\"><\/script>\r\n<!-- bghaber-yaz\u0131-sonu -->\r\n<ins class=\"adsbygoogle\"\r\n     style=\"display:block\"\r\n     data-ad-client=\"ca-pub-6203283170189293\"\r\n     data-ad-slot=\"4222328180\"\r\n     data-ad-format=\"auto\"\r\n     data-full-width-responsive=\"true\"><\/ins>\r\n<script>\r\n     (adsbygoogle = window.adsbygoogle || []).push({});\r\n<\/script><\/div><br style=\"clear: both; display: block; float: none;\"\/>","protected":false},"excerpt":{"rendered":"<p>Sofya&#8217;da in\u015fa edilecek olan 24 metrelik yang\u0131n kulesinden ba\u015fkentte d\u00fczensiz lastik ve tehlikeli at\u0131k yak\u0131lma takibi yap\u0131lacak. BNR muhabiri Evelina Stoyanova&#8217;n\u0131n aktard\u0131\u011f\u0131 \u00fczere yang\u0131n kulesi,<\/p>\n","protected":false},"author":29,"featured_media":51750,"comment_status":"closed","ping_status":"closed","sticky":false,"template":"","format":"standard","meta":{"advanced_seo_description":"","jetpack_seo_html_title":"","jetpack_seo_noindex":false,"jetpack_seo_schema_type":"","_jetpack_newsletter_access":"","_jetpack_dont_email_post_to_subs":false,"_jetpack_newsletter_tier_id":0,"_jetpack_memberships_contains_paywalled_content":false,"_jetpack_feature_clip_id":0,"_jetpack_memberships_contains_paid_content":false,"footnotes":"","jetpack_post_was_ever_published":false},"categories":[5],"tags":[2255,30,2497,51],"class_list":["post-51746","post","type-post","status-publish","format-standard","has-post-thumbnail","hentry","category-yasam","tag-atik","tag-bulgaristan","tag-cop","tag-sofya"],"jetpack_sharing_enabled":true,"jetpack_likes_enabled":true,"jetpack-related-posts":[],"jetpack_shortlink":"https:\/\/wp.me\/pc2PfJ-dsC","jetpack_featured_media_url":"https:\/\/i0.wp.com\/www.bghaber.org\/bghaber\/wp-content\/uploads\/2020\/12\/sofyada-hava-kirligi.jpg?fit=720%2C405&ssl=1","_links":{"self":[{"href":"https:\/\/www.bghaber.org\/bghaber\/wp-json\/wp\/v2\/posts\/51746","targetHints":{"allow":["GET"]}}],"collection":[{"href":"https:\/\/www.bghaber.org\/bghaber\/wp-json\/wp\/v2\/posts"}],"about":[{"href":"https:\/\/www.bghaber.org\/bghaber\/wp-json\/wp\/v2\/types\/post"}],"author":[{"embeddable":true,"href":"https:\/\/www.bghaber.org\/bghaber\/wp-json\/wp\/v2\/users\/29"}],"replies":[{"embeddable":true,"href":"https:\/\/www.bghaber.org\/bghaber\/wp-json\/wp\/v2\/comments?post=51746"}],"version-history":[{"count":0,"href":"https:\/\/www.bghaber.org\/bghaber\/wp-json\/wp\/v2\/posts\/51746\/revisions"}],"wp:featuredmedia":[{"embeddable":true,"href":"https:\/\/www.bghaber.org\/bghaber\/wp-json\/wp\/v2\/media\/51750"}],"wp:attachment":[{"href":"https:\/\/www.bghaber.org\/bghaber\/wp-json\/wp\/v2\/media?parent=51746"}],"wp:term":[{"taxonomy":"category","embeddable":true,"href":"https:\/\/www.bghaber.org\/bghaber\/wp-json\/wp\/v2\/categories?post=51746"},{"taxonomy":"post_tag","embeddable":true,"href":"https:\/\/www.bghaber.org\/bghaber\/wp-json\/wp\/v2\/tags?post=51746"}],"curies":[{"name":"wp","href":"https:\/\/api.w.org\/{rel}","templated":true}]}}