{"id":51743,"date":"2020-12-30T22:50:00","date_gmt":"2020-12-30T19:50:00","guid":{"rendered":"https:\/\/www.bghaber.org\/bghaber\/?p=51743"},"modified":"2020-12-30T21:54:56","modified_gmt":"2020-12-30T18:54:56","slug":"bagcilik-ve-sarap-sektoru-basarili-fakat-zor-yil-gecirdi","status":"publish","type":"post","link":"https:\/\/www.bghaber.org\/bghaber\/bagcilik-ve-sarap-sektoru-basarili-fakat-zor-yil-gecirdi\/","title":{"rendered":"Ba\u011fc\u0131l\u0131k ve \u015farap sekt\u00f6r\u00fc ba\u015far\u0131l\u0131, fakat zor y\u0131l ge\u00e7irdi"},"content":{"rendered":"\n<p class=\"wp-block-paragraph\">Ba\u011fc\u0131l\u0131k ve \u015earap\u00e7\u0131l\u0131k Enstit\u00fcs\u00fc Ba\u015fkan\u0131 Prof. \u0130van Pa\u00e7ev BTA\u2019ya verdi\u011fi bilgide, 2020 y\u0131l\u0131nda kurakl\u0131\u011f\u0131n \u00fcz\u00fcm hasad\u0131n\u0131n \u00e7ok iyi olmas\u0131na yol a\u00e7t\u0131\u011f\u0131n\u0131 s\u00f6yledi.<\/p>\n\n\n\n<p class=\"wp-block-paragraph\"><strong>Pandemi ortam\u0131nda ge\u00e7en 2020, sekt\u00f6rde ba\u015far\u0131l\u0131, fakat \u00e7al\u0131\u015fmalar\u0131 zor ge\u00e7en bir y\u0131l oldu.<\/strong><\/p>\n\n\n\n<p class=\"wp-block-paragraph\">Bulgaristan\u2019\u0131n farkl\u0131 b\u00f6lgelerinde \u015farapl\u0131k \u00fcz\u00fcm rekoltesi bir d\u00f6n\u00fcmden 600- 900 kilograma ula\u015ft\u0131. Sofral\u0131k \u00fcz\u00fcm cinslerinde ise bir d\u00f6n\u00fcmden elde edilen rekolte bir- bir bu\u00e7uk ton civar\u0131nda oldu.<\/p>\n\n\n\n<p class=\"wp-block-paragraph\"><strong>Bu y\u0131l \u00fcz\u00fcm\u00fcn \u00e7ok kaliteli oldu\u011fu, fakat pandemiden dolay\u0131 sat\u0131\u015flar\u0131n zor oldu\u011fu a\u00e7\u0131kland\u0131.\u00a0<\/strong><\/p>\n\n\n\n<p class=\"wp-block-paragraph\"><\/p>\n\n\n\n<p class=\"wp-block-paragraph\">BNR<\/p><div id=\"bghab-2001346306\" class=\"bghab-icerik-icine bghab-entity-placement\"><script async src=\"\/\/pagead2.googlesyndication.com\/pagead\/js\/adsbygoogle.js?client=ca-pub-6203283170189293\" crossorigin=\"anonymous\"><\/script><ins class=\"adsbygoogle\" style=\"display:block; text-align:center;\" data-ad-client=\"ca-pub-6203283170189293\" \ndata-ad-slot=\"7303146466\" \ndata-ad-layout=\"in-article\"\ndata-ad-format=\"fluid\" data-full-width-responsive=\"true\"><\/ins>\n<script> \n(adsbygoogle = window.adsbygoogle || []).push({}); \n<\/script>\n<\/div>\n<div id=\"bghab-171697882\" class=\"bghab-yazi-altinda bghab-entity-placement\"><script async src=\"https:\/\/pagead2.googlesyndication.com\/pagead\/js\/adsbygoogle.js\"><\/script>\r\n<!-- bghaber-yaz\u0131-sonu -->\r\n<ins class=\"adsbygoogle\"\r\n     style=\"display:block\"\r\n     data-ad-client=\"ca-pub-6203283170189293\"\r\n     data-ad-slot=\"4222328180\"\r\n     data-ad-format=\"auto\"\r\n     data-full-width-responsive=\"true\"><\/ins>\r\n<script>\r\n     (adsbygoogle = window.adsbygoogle || []).push({});\r\n<\/script><\/div><br style=\"clear: both; display: block; float: none;\"\/>","protected":false},"excerpt":{"rendered":"<p>Ba\u011fc\u0131l\u0131k ve \u015earap\u00e7\u0131l\u0131k Enstit\u00fcs\u00fc Ba\u015fkan\u0131 Prof. \u0130van Pa\u00e7ev BTA\u2019ya verdi\u011fi bilgide, 2020 y\u0131l\u0131nda kurakl\u0131\u011f\u0131n \u00fcz\u00fcm hasad\u0131n\u0131n \u00e7ok iyi olmas\u0131na yol a\u00e7t\u0131\u011f\u0131n\u0131 s\u00f6yledi. Pandemi ortam\u0131nda ge\u00e7en<\/p>\n","protected":false},"author":29,"featured_media":51744,"comment_status":"closed","ping_status":"closed","sticky":false,"template":"","format":"standard","meta":{"advanced_seo_description":"","jetpack_seo_html_title":"","jetpack_seo_noindex":false,"jetpack_seo_schema_type":"","_jetpack_newsletter_access":"","_jetpack_dont_email_post_to_subs":false,"_jetpack_newsletter_tier_id":0,"_jetpack_memberships_contains_paywalled_content":false,"_jetpack_feature_clip_id":0,"_jetpack_memberships_contains_paid_content":false,"footnotes":"","jetpack_post_was_ever_published":false},"categories":[9,1],"tags":[30,2905,2501],"class_list":["post-51743","post","type-post","status-publish","format-standard","has-post-thumbnail","hentry","category-ekonomi","category-haberler","tag-bulgaristan","tag-sarap","tag-uzum"],"jetpack_sharing_enabled":true,"jetpack_likes_enabled":true,"jetpack-related-posts":[],"jetpack_shortlink":"https:\/\/wp.me\/pc2PfJ-dsz","jetpack_featured_media_url":"https:\/\/i0.wp.com\/www.bghaber.org\/bghaber\/wp-content\/uploads\/2020\/12\/Bagcilik-ve-Sarapcilik-Enstitusu-Baskani-Prof.-Ivan-Pacev-.jpg?fit=925%2C520&ssl=1","_links":{"self":[{"href":"https:\/\/www.bghaber.org\/bghaber\/wp-json\/wp\/v2\/posts\/51743","targetHints":{"allow":["GET"]}}],"collection":[{"href":"https:\/\/www.bghaber.org\/bghaber\/wp-json\/wp\/v2\/posts"}],"about":[{"href":"https:\/\/www.bghaber.org\/bghaber\/wp-json\/wp\/v2\/types\/post"}],"author":[{"embeddable":true,"href":"https:\/\/www.bghaber.org\/bghaber\/wp-json\/wp\/v2\/users\/29"}],"replies":[{"embeddable":true,"href":"https:\/\/www.bghaber.org\/bghaber\/wp-json\/wp\/v2\/comments?post=51743"}],"version-history":[{"count":0,"href":"https:\/\/www.bghaber.org\/bghaber\/wp-json\/wp\/v2\/posts\/51743\/revisions"}],"wp:featuredmedia":[{"embeddable":true,"href":"https:\/\/www.bghaber.org\/bghaber\/wp-json\/wp\/v2\/media\/51744"}],"wp:attachment":[{"href":"https:\/\/www.bghaber.org\/bghaber\/wp-json\/wp\/v2\/media?parent=51743"}],"wp:term":[{"taxonomy":"category","embeddable":true,"href":"https:\/\/www.bghaber.org\/bghaber\/wp-json\/wp\/v2\/categories?post=51743"},{"taxonomy":"post_tag","embeddable":true,"href":"https:\/\/www.bghaber.org\/bghaber\/wp-json\/wp\/v2\/tags?post=51743"}],"curies":[{"name":"wp","href":"https:\/\/api.w.org\/{rel}","templated":true}]}}