{"id":51740,"date":"2020-12-30T21:50:39","date_gmt":"2020-12-30T18:50:39","guid":{"rendered":"https:\/\/www.bghaber.org\/bghaber\/?p=51740"},"modified":"2020-12-30T21:50:41","modified_gmt":"2020-12-30T18:50:41","slug":"bulgaristanda-ortodoks-kilisesi-temsilcisinden-asilamaya-destek","status":"publish","type":"post","link":"https:\/\/www.bghaber.org\/bghaber\/bulgaristanda-ortodoks-kilisesi-temsilcisinden-asilamaya-destek\/","title":{"rendered":"Bulgaristan&#8217;da Ortodoks Kilisesi temsilcisinden a\u015f\u0131lamaya destek"},"content":{"rendered":"\n<p class=\"wp-block-paragraph\">Aziz Stefan yortusunda Piskopos Tihon Tiveriopolski, Bulgaristan Sa\u011fl\u0131k Bakan\u0131 Kostadin Angelov&#8217;tan sonra a\u015f\u0131 olan ikinci ki\u015fi oldu.<\/p>\n\n\n\n<p class=\"wp-block-paragraph\">Kendini kiliseye adamadan \u00f6nce Stuttgart&#8217;ta pratisyen doktor olarak \u00e7al\u0131\u015fm\u0131\u015f olan piskopos: &#8220;Bu jestle hastalara hizmet veren herkes i\u00e7in ve Bulgaristan&#8217;daki Hristiyanlar i\u00e7in t\u00fcnelde \u0131\u015f\u0131k yakmak istiyorum. Nihayet uzun zamand\u0131r ayr\u0131 kald\u0131\u011f\u0131m\u0131z yak\u0131nlar\u0131m\u0131z\u0131 g\u00f6rebilece\u011fiz&#8221; \u015feklinde konu\u015ftu.<\/p>\n\n\n\n<p class=\"wp-block-paragraph\"><\/p>\n\n\n\n<p class=\"wp-block-paragraph\">BNR<\/p>\n<div id=\"bghab-3288112939\" class=\"bghab-yazi-altinda bghab-entity-placement\"><script async src=\"https:\/\/pagead2.googlesyndication.com\/pagead\/js\/adsbygoogle.js\"><\/script>\r\n<!-- bghaber-yaz\u0131-sonu -->\r\n<ins class=\"adsbygoogle\"\r\n     style=\"display:block\"\r\n     data-ad-client=\"ca-pub-6203283170189293\"\r\n     data-ad-slot=\"4222328180\"\r\n     data-ad-format=\"auto\"\r\n     data-full-width-responsive=\"true\"><\/ins>\r\n<script>\r\n     (adsbygoogle = window.adsbygoogle || []).push({});\r\n<\/script><\/div><br style=\"clear: both; display: block; float: none;\"\/>","protected":false},"excerpt":{"rendered":"<p>Aziz Stefan yortusunda Piskopos Tihon Tiveriopolski, Bulgaristan Sa\u011fl\u0131k Bakan\u0131 Kostadin Angelov&#8217;tan sonra a\u015f\u0131 olan ikinci ki\u015fi oldu. Kendini kiliseye adamadan \u00f6nce Stuttgart&#8217;ta pratisyen doktor olarak<\/p>\n","protected":false},"author":29,"featured_media":51741,"comment_status":"closed","ping_status":"closed","sticky":false,"template":"","format":"standard","meta":{"advanced_seo_description":"","jetpack_seo_html_title":"","jetpack_seo_noindex":false,"jetpack_seo_schema_type":"","_jetpack_newsletter_access":"","_jetpack_dont_email_post_to_subs":false,"_jetpack_newsletter_tier_id":0,"_jetpack_memberships_contains_paywalled_content":false,"_jetpack_feature_clip_id":0,"_jetpack_memberships_contains_paid_content":false,"footnotes":"","jetpack_post_was_ever_published":false},"categories":[5],"tags":[30,1576,834],"class_list":["post-51740","post","type-post","status-publish","format-standard","has-post-thumbnail","hentry","category-yasam","tag-bulgaristan","tag-destek","tag-ortodoks-kilisesi"],"jetpack_sharing_enabled":true,"jetpack_likes_enabled":true,"jetpack-related-posts":[],"jetpack_shortlink":"https:\/\/wp.me\/pc2PfJ-dsw","jetpack_featured_media_url":"https:\/\/i0.wp.com\/www.bghaber.org\/bghaber\/wp-content\/uploads\/2020\/12\/Ortodoks-Kilisesi-temsilcisinden-asilamaya-destek.jpg?fit=925%2C520&ssl=1","_links":{"self":[{"href":"https:\/\/www.bghaber.org\/bghaber\/wp-json\/wp\/v2\/posts\/51740","targetHints":{"allow":["GET"]}}],"collection":[{"href":"https:\/\/www.bghaber.org\/bghaber\/wp-json\/wp\/v2\/posts"}],"about":[{"href":"https:\/\/www.bghaber.org\/bghaber\/wp-json\/wp\/v2\/types\/post"}],"author":[{"embeddable":true,"href":"https:\/\/www.bghaber.org\/bghaber\/wp-json\/wp\/v2\/users\/29"}],"replies":[{"embeddable":true,"href":"https:\/\/www.bghaber.org\/bghaber\/wp-json\/wp\/v2\/comments?post=51740"}],"version-history":[{"count":0,"href":"https:\/\/www.bghaber.org\/bghaber\/wp-json\/wp\/v2\/posts\/51740\/revisions"}],"wp:featuredmedia":[{"embeddable":true,"href":"https:\/\/www.bghaber.org\/bghaber\/wp-json\/wp\/v2\/media\/51741"}],"wp:attachment":[{"href":"https:\/\/www.bghaber.org\/bghaber\/wp-json\/wp\/v2\/media?parent=51740"}],"wp:term":[{"taxonomy":"category","embeddable":true,"href":"https:\/\/www.bghaber.org\/bghaber\/wp-json\/wp\/v2\/categories?post=51740"},{"taxonomy":"post_tag","embeddable":true,"href":"https:\/\/www.bghaber.org\/bghaber\/wp-json\/wp\/v2\/tags?post=51740"}],"curies":[{"name":"wp","href":"https:\/\/api.w.org\/{rel}","templated":true}]}}