{"id":51737,"date":"2020-12-30T01:13:56","date_gmt":"2020-12-29T22:13:56","guid":{"rendered":"https:\/\/www.bghaber.org\/bghaber\/?p=51737"},"modified":"2020-12-30T01:13:59","modified_gmt":"2020-12-29T22:13:59","slug":"sofyada-siddetli-ruzgar-hasarlara-yol-acti","status":"publish","type":"post","link":"https:\/\/www.bghaber.org\/bghaber\/sofyada-siddetli-ruzgar-hasarlara-yol-acti\/","title":{"rendered":"Sofya\u2019da \u015fiddetli r\u00fczg\u00e2r hasarlara yol a\u00e7t\u0131"},"content":{"rendered":"\n<p class=\"wp-block-paragraph\">Ba\u015fkentte d\u00fcn gece ve sabaha kar\u015f\u0131 etkili olan \u015fiddetli r\u00fczg\u00e2r afet ve kaza ekiplerini seferber etti.<\/p>\n\n\n\n<p class=\"wp-block-paragraph\"><strong>Sofya\u2019n\u0131n bir\u00e7ok yerinde a\u011fa\u00e7lar devrildi, dallar k\u0131r\u0131ld\u0131, baz\u0131 binalar\u0131ndan \u00e7at\u0131 ve duvarlar\u0131ndan cisimler u\u00e7u\u015ftu ve olumsuz hava ko\u015fullar\u0131 nedeniyle bir\u00e7ok hasar meydana geldi.&nbsp;<\/strong><\/p>\n\n\n\n<p class=\"wp-block-paragraph\">BNR muhabiri Evelina Stoyanova, f\u0131rt\u0131nan\u0131n g\u00fcney semtlerde daha \u015fiddetli oldu\u011funu uyard\u0131.<\/p>\n\n\n\n<p class=\"wp-block-paragraph\">Sofya Belediyesi vatanda\u015flar\u0131n balkonlar\u0131n\u0131 g\u00fcvene almalar\u0131, in\u015faat firmalar\u0131n\u0131n ise \u015fantiyelerde gereken \u00f6nlemleri alma \u00e7a\u011fr\u0131s\u0131nda bulundu. \u00a0<\/p>\n\n\n\n<p class=\"wp-block-paragraph\"><\/p>\n\n\n\n<p class=\"wp-block-paragraph\">BNR<\/p><div id=\"bghab-3643170947\" class=\"bghab-icerik-icine bghab-entity-placement\"><script async src=\"\/\/pagead2.googlesyndication.com\/pagead\/js\/adsbygoogle.js?client=ca-pub-6203283170189293\" crossorigin=\"anonymous\"><\/script><ins class=\"adsbygoogle\" style=\"display:block; text-align:center;\" data-ad-client=\"ca-pub-6203283170189293\" \ndata-ad-slot=\"7303146466\" \ndata-ad-layout=\"in-article\"\ndata-ad-format=\"fluid\" data-full-width-responsive=\"true\"><\/ins>\n<script> \n(adsbygoogle = window.adsbygoogle || []).push({}); \n<\/script>\n<\/div>\n<div id=\"bghab-3699107497\" class=\"bghab-yazi-altinda bghab-entity-placement\"><script async src=\"https:\/\/pagead2.googlesyndication.com\/pagead\/js\/adsbygoogle.js\"><\/script>\r\n<!-- bghaber-yaz\u0131-sonu -->\r\n<ins class=\"adsbygoogle\"\r\n     style=\"display:block\"\r\n     data-ad-client=\"ca-pub-6203283170189293\"\r\n     data-ad-slot=\"4222328180\"\r\n     data-ad-format=\"auto\"\r\n     data-full-width-responsive=\"true\"><\/ins>\r\n<script>\r\n     (adsbygoogle = window.adsbygoogle || []).push({});\r\n<\/script><\/div><br style=\"clear: both; display: block; float: none;\"\/>","protected":false},"excerpt":{"rendered":"<p>Ba\u015fkentte d\u00fcn gece ve sabaha kar\u015f\u0131 etkili olan \u015fiddetli r\u00fczg\u00e2r afet ve kaza ekiplerini seferber etti. Sofya\u2019n\u0131n bir\u00e7ok yerinde a\u011fa\u00e7lar devrildi, dallar k\u0131r\u0131ld\u0131, baz\u0131 binalar\u0131ndan<\/p>\n","protected":false},"author":29,"featured_media":51738,"comment_status":"closed","ping_status":"closed","sticky":false,"template":"","format":"standard","meta":{"advanced_seo_description":"","jetpack_seo_html_title":"","jetpack_seo_noindex":false,"jetpack_seo_schema_type":"","_jetpack_newsletter_access":"","_jetpack_dont_email_post_to_subs":false,"_jetpack_newsletter_tier_id":0,"_jetpack_memberships_contains_paywalled_content":false,"_jetpack_feature_clip_id":0,"_jetpack_memberships_contains_paid_content":false,"footnotes":"","jetpack_post_was_ever_published":false},"categories":[5],"tags":[1851,30,51],"class_list":["post-51737","post","type-post","status-publish","format-standard","has-post-thumbnail","hentry","category-yasam","tag-agac","tag-bulgaristan","tag-sofya"],"jetpack_sharing_enabled":true,"jetpack_likes_enabled":true,"jetpack-related-posts":[],"jetpack_shortlink":"https:\/\/wp.me\/pc2PfJ-dst","jetpack_featured_media_url":"https:\/\/i0.wp.com\/www.bghaber.org\/bghaber\/wp-content\/uploads\/2020\/12\/sofyada-agac-devrildi.jpg?fit=925%2C520&ssl=1","_links":{"self":[{"href":"https:\/\/www.bghaber.org\/bghaber\/wp-json\/wp\/v2\/posts\/51737","targetHints":{"allow":["GET"]}}],"collection":[{"href":"https:\/\/www.bghaber.org\/bghaber\/wp-json\/wp\/v2\/posts"}],"about":[{"href":"https:\/\/www.bghaber.org\/bghaber\/wp-json\/wp\/v2\/types\/post"}],"author":[{"embeddable":true,"href":"https:\/\/www.bghaber.org\/bghaber\/wp-json\/wp\/v2\/users\/29"}],"replies":[{"embeddable":true,"href":"https:\/\/www.bghaber.org\/bghaber\/wp-json\/wp\/v2\/comments?post=51737"}],"version-history":[{"count":0,"href":"https:\/\/www.bghaber.org\/bghaber\/wp-json\/wp\/v2\/posts\/51737\/revisions"}],"wp:featuredmedia":[{"embeddable":true,"href":"https:\/\/www.bghaber.org\/bghaber\/wp-json\/wp\/v2\/media\/51738"}],"wp:attachment":[{"href":"https:\/\/www.bghaber.org\/bghaber\/wp-json\/wp\/v2\/media?parent=51737"}],"wp:term":[{"taxonomy":"category","embeddable":true,"href":"https:\/\/www.bghaber.org\/bghaber\/wp-json\/wp\/v2\/categories?post=51737"},{"taxonomy":"post_tag","embeddable":true,"href":"https:\/\/www.bghaber.org\/bghaber\/wp-json\/wp\/v2\/tags?post=51737"}],"curies":[{"name":"wp","href":"https:\/\/api.w.org\/{rel}","templated":true}]}}