{"id":51734,"date":"2020-12-30T06:30:00","date_gmt":"2020-12-30T03:30:00","guid":{"rendered":"https:\/\/www.bghaber.org\/bghaber\/?p=51734"},"modified":"2020-12-30T00:56:09","modified_gmt":"2020-12-29T21:56:09","slug":"pazarcikde-100-hemsirenin-ogretiminin-saglanacagi-egitim-kompleksi-yenileniyor","status":"publish","type":"post","link":"https:\/\/www.bghaber.org\/bghaber\/pazarcikde-100-hemsirenin-ogretiminin-saglanacagi-egitim-kompleksi-yenileniyor\/","title":{"rendered":"Pazarcik\u2019de 100 hem\u015firenin \u00f6\u011fretiminin sa\u011flanaca\u011f\u0131 e\u011fitim kompleksi yenileniyor"},"content":{"rendered":"\n<p class=\"wp-block-paragraph\">H\u00fck\u00fcmet Bas\u0131n Merkezi, 100 hem\u015firenin e\u011fitim alabilece\u011f\u0131 ve yurtta kalabilece\u011fi eski Pazarcik \u00d6\u011fretmenler Enstit\u00fcs\u00fc\u2019n\u00fcn tamir \u00e7al\u0131\u015fmalar\u0131 i\u00e7in H\u00fck\u00fcmetin 1 milyon leva tahsis etti\u011fini a\u00e7\u0131klad\u0131.<\/p>\n\n\n\n<p class=\"wp-block-paragraph\">Pazarcik \u015fehrini ziyaret eden Ba\u015fbakan Boyko Borisov, \u00f6zellikle koronavir\u00fcs salg\u0131n\u0131 s\u0131ras\u0131nda sa\u011fl\u0131k personeline ihtiya\u00e7 duyuldu\u011fu i\u00e7in projenin h\u0131zl\u0131 bir \u015fekilde uygulanmas\u0131nda \u0131srar etti ve sadece b\u00fcy\u00fck hastanelere de\u011fil, ayn\u0131 zamanda \u00fclkedeki muhta\u00e7 hastanelere de tahsis edildi\u011fine dikkat \u00e7ekti.<\/p>\n\n\n\n<p class=\"wp-block-paragraph\"><\/p>\n\n\n\n<p class=\"wp-block-paragraph\">BNR<\/p>\n<div id=\"bghab-185334088\" class=\"bghab-yazi-altinda bghab-entity-placement\"><script async src=\"https:\/\/pagead2.googlesyndication.com\/pagead\/js\/adsbygoogle.js\"><\/script>\r\n<!-- bghaber-yaz\u0131-sonu -->\r\n<ins class=\"adsbygoogle\"\r\n     style=\"display:block\"\r\n     data-ad-client=\"ca-pub-6203283170189293\"\r\n     data-ad-slot=\"4222328180\"\r\n     data-ad-format=\"auto\"\r\n     data-full-width-responsive=\"true\"><\/ins>\r\n<script>\r\n     (adsbygoogle = window.adsbygoogle || []).push({});\r\n<\/script><\/div><br style=\"clear: both; display: block; float: none;\"\/>","protected":false},"excerpt":{"rendered":"<p>H\u00fck\u00fcmet Bas\u0131n Merkezi, 100 hem\u015firenin e\u011fitim alabilece\u011f\u0131 ve yurtta kalabilece\u011fi eski Pazarcik \u00d6\u011fretmenler Enstit\u00fcs\u00fc\u2019n\u00fcn tamir \u00e7al\u0131\u015fmalar\u0131 i\u00e7in H\u00fck\u00fcmetin 1 milyon leva tahsis etti\u011fini a\u00e7\u0131klad\u0131. Pazarcik<\/p>\n","protected":false},"author":29,"featured_media":51735,"comment_status":"closed","ping_status":"closed","sticky":false,"template":"","format":"standard","meta":{"advanced_seo_description":"","jetpack_seo_html_title":"","jetpack_seo_noindex":false,"jetpack_seo_schema_type":"","_jetpack_newsletter_access":"","_jetpack_dont_email_post_to_subs":false,"_jetpack_newsletter_tier_id":0,"_jetpack_memberships_contains_paywalled_content":false,"_jetpack_feature_clip_id":0,"_jetpack_memberships_contains_paid_content":false,"footnotes":"","jetpack_post_was_ever_published":false},"categories":[8,1],"tags":[30,1248,458,1508],"class_list":["post-51734","post","type-post","status-publish","format-standard","has-post-thumbnail","hentry","category-egitim","category-haberler","tag-bulgaristan","tag-hemsire","tag-pazarcik","tag-tip"],"jetpack_sharing_enabled":true,"jetpack_likes_enabled":true,"jetpack-related-posts":[],"jetpack_shortlink":"https:\/\/wp.me\/pc2PfJ-dsq","jetpack_featured_media_url":"https:\/\/i0.wp.com\/www.bghaber.org\/bghaber\/wp-content\/uploads\/2020\/12\/Pazarcikde-100-hemsirenin-ogretiminin-saglanacagi-egitim-kompleksi-yenileniyor.jpg?fit=925%2C520&ssl=1","_links":{"self":[{"href":"https:\/\/www.bghaber.org\/bghaber\/wp-json\/wp\/v2\/posts\/51734","targetHints":{"allow":["GET"]}}],"collection":[{"href":"https:\/\/www.bghaber.org\/bghaber\/wp-json\/wp\/v2\/posts"}],"about":[{"href":"https:\/\/www.bghaber.org\/bghaber\/wp-json\/wp\/v2\/types\/post"}],"author":[{"embeddable":true,"href":"https:\/\/www.bghaber.org\/bghaber\/wp-json\/wp\/v2\/users\/29"}],"replies":[{"embeddable":true,"href":"https:\/\/www.bghaber.org\/bghaber\/wp-json\/wp\/v2\/comments?post=51734"}],"version-history":[{"count":0,"href":"https:\/\/www.bghaber.org\/bghaber\/wp-json\/wp\/v2\/posts\/51734\/revisions"}],"wp:featuredmedia":[{"embeddable":true,"href":"https:\/\/www.bghaber.org\/bghaber\/wp-json\/wp\/v2\/media\/51735"}],"wp:attachment":[{"href":"https:\/\/www.bghaber.org\/bghaber\/wp-json\/wp\/v2\/media?parent=51734"}],"wp:term":[{"taxonomy":"category","embeddable":true,"href":"https:\/\/www.bghaber.org\/bghaber\/wp-json\/wp\/v2\/categories?post=51734"},{"taxonomy":"post_tag","embeddable":true,"href":"https:\/\/www.bghaber.org\/bghaber\/wp-json\/wp\/v2\/tags?post=51734"}],"curies":[{"name":"wp","href":"https:\/\/api.w.org\/{rel}","templated":true}]}}