{"id":51729,"date":"2020-12-30T03:40:00","date_gmt":"2020-12-30T00:40:00","guid":{"rendered":"https:\/\/www.bghaber.org\/bghaber\/?p=51729"},"modified":"2020-12-30T00:52:11","modified_gmt":"2020-12-29T21:52:11","slug":"isletmelerin-42si-kasim-ayinda-gelirlerinde-dusus-kaydetti","status":"publish","type":"post","link":"https:\/\/www.bghaber.org\/bghaber\/isletmelerin-42si-kasim-ayinda-gelirlerinde-dusus-kaydetti\/","title":{"rendered":"\u0130\u015fletmelerin % 42&#8217;si Kas\u0131m ay\u0131nda gelirlerinde d\u00fc\u015f\u00fc\u015f kaydetti"},"content":{"rendered":"\n<p class=\"wp-block-paragraph\">Ekim ay\u0131na k\u0131yasla Kas\u0131m ay\u0131nda i\u015fletmelerin&nbsp;<strong>yakla\u015f\u0131k % 42&#8217;si mal ve hizmet sat\u0131\u015f gelirlerinde d\u00fc\u015f\u00fc\u015f kaydetti.<\/strong><\/p>\n\n\n\n<p class=\"wp-block-paragraph\">Ulusal \u0130statistik Kurumu Covid-19 salg\u0131n\u0131n\u0131n<strong>&nbsp;ekonomi \u00fczerindeki etkilerini ara\u015ft\u0131rd\u0131.<\/strong><\/p>\n\n\n\n<p class=\"wp-block-paragraph\">Ankete kat\u0131lan firmalar\u0131n% 46&#8217;s\u0131 gelirlerinde bir de\u011fi\u015fiklik olmad\u0131\u011f\u0131n\u0131<strong>, % 11,8&#8217;inde art\u0131\u015f oldu\u011funu belirtti.<\/strong><\/p>\n\n\n\n<p class=\"wp-block-paragraph\">Ankete kat\u0131lanlar\u0131n sadece<strong>\u00a0% 9,8&#8217;i, i\u015fverenleri destekleyen \u00f6nlemlerden faydaland\u0131\u011f\u0131n\u0131 belirtti<\/strong>.<\/p>\n\n\n\n<p class=\"wp-block-paragraph\"><\/p>\n\n\n\n<p class=\"wp-block-paragraph\">BNR<\/p><div id=\"bghab-3262130309\" class=\"bghab-icerik-icine bghab-entity-placement\"><script async src=\"\/\/pagead2.googlesyndication.com\/pagead\/js\/adsbygoogle.js?client=ca-pub-6203283170189293\" crossorigin=\"anonymous\"><\/script><ins class=\"adsbygoogle\" style=\"display:block; text-align:center;\" data-ad-client=\"ca-pub-6203283170189293\" \ndata-ad-slot=\"7303146466\" \ndata-ad-layout=\"in-article\"\ndata-ad-format=\"fluid\" data-full-width-responsive=\"true\"><\/ins>\n<script> \n(adsbygoogle = window.adsbygoogle || []).push({}); \n<\/script>\n<\/div>\n<div id=\"bghab-4066665147\" class=\"bghab-yazi-altinda bghab-entity-placement\"><script async src=\"https:\/\/pagead2.googlesyndication.com\/pagead\/js\/adsbygoogle.js\"><\/script>\r\n<!-- bghaber-yaz\u0131-sonu -->\r\n<ins class=\"adsbygoogle\"\r\n     style=\"display:block\"\r\n     data-ad-client=\"ca-pub-6203283170189293\"\r\n     data-ad-slot=\"4222328180\"\r\n     data-ad-format=\"auto\"\r\n     data-full-width-responsive=\"true\"><\/ins>\r\n<script>\r\n     (adsbygoogle = window.adsbygoogle || []).push({});\r\n<\/script><\/div><br style=\"clear: both; display: block; float: none;\"\/>","protected":false},"excerpt":{"rendered":"<p>Ekim ay\u0131na k\u0131yasla Kas\u0131m ay\u0131nda i\u015fletmelerin&nbsp;yakla\u015f\u0131k % 42&#8217;si mal ve hizmet sat\u0131\u015f gelirlerinde d\u00fc\u015f\u00fc\u015f kaydetti. Ulusal \u0130statistik Kurumu Covid-19 salg\u0131n\u0131n\u0131n&nbsp;ekonomi \u00fczerindeki etkilerini ara\u015ft\u0131rd\u0131. Ankete kat\u0131lan<\/p>\n","protected":false},"author":29,"featured_media":51199,"comment_status":"closed","ping_status":"closed","sticky":false,"template":"","format":"standard","meta":{"advanced_seo_description":"","jetpack_seo_html_title":"","jetpack_seo_noindex":false,"jetpack_seo_schema_type":"","_jetpack_newsletter_access":"","_jetpack_dont_email_post_to_subs":false,"_jetpack_newsletter_tier_id":0,"_jetpack_memberships_contains_paywalled_content":false,"_jetpack_feature_clip_id":0,"_jetpack_memberships_contains_paid_content":false,"footnotes":"","jetpack_post_was_ever_published":false},"categories":[9,1],"tags":[30,2428,2902,2884],"class_list":["post-51729","post","type-post","status-publish","format-standard","has-post-thumbnail","hentry","category-ekonomi","category-haberler","tag-bulgaristan","tag-isletme","tag-korona","tag-virus"],"jetpack_sharing_enabled":true,"jetpack_likes_enabled":true,"jetpack-related-posts":[],"jetpack_shortlink":"https:\/\/wp.me\/pc2PfJ-dsl","jetpack_featured_media_url":"https:\/\/i0.wp.com\/www.bghaber.org\/bghaber\/wp-content\/uploads\/2020\/11\/leva-insanlar-maas.jpg?fit=925%2C520&ssl=1","_links":{"self":[{"href":"https:\/\/www.bghaber.org\/bghaber\/wp-json\/wp\/v2\/posts\/51729","targetHints":{"allow":["GET"]}}],"collection":[{"href":"https:\/\/www.bghaber.org\/bghaber\/wp-json\/wp\/v2\/posts"}],"about":[{"href":"https:\/\/www.bghaber.org\/bghaber\/wp-json\/wp\/v2\/types\/post"}],"author":[{"embeddable":true,"href":"https:\/\/www.bghaber.org\/bghaber\/wp-json\/wp\/v2\/users\/29"}],"replies":[{"embeddable":true,"href":"https:\/\/www.bghaber.org\/bghaber\/wp-json\/wp\/v2\/comments?post=51729"}],"version-history":[{"count":0,"href":"https:\/\/www.bghaber.org\/bghaber\/wp-json\/wp\/v2\/posts\/51729\/revisions"}],"wp:featuredmedia":[{"embeddable":true,"href":"https:\/\/www.bghaber.org\/bghaber\/wp-json\/wp\/v2\/media\/51199"}],"wp:attachment":[{"href":"https:\/\/www.bghaber.org\/bghaber\/wp-json\/wp\/v2\/media?parent=51729"}],"wp:term":[{"taxonomy":"category","embeddable":true,"href":"https:\/\/www.bghaber.org\/bghaber\/wp-json\/wp\/v2\/categories?post=51729"},{"taxonomy":"post_tag","embeddable":true,"href":"https:\/\/www.bghaber.org\/bghaber\/wp-json\/wp\/v2\/tags?post=51729"}],"curies":[{"name":"wp","href":"https:\/\/api.w.org\/{rel}","templated":true}]}}