{"id":510,"date":"2013-04-16T01:18:27","date_gmt":"2013-04-15T22:18:27","guid":{"rendered":"http:\/\/bghaber.org\/bghaber\/?p=510"},"modified":"2013-07-14T18:55:17","modified_gmt":"2013-07-14T15:55:17","slug":"onumuzdeki-2013-secimlerinde-musluman-turk-toplulugunun-kader-secimi-olacaktir-2","status":"publish","type":"post","link":"https:\/\/www.bghaber.org\/bghaber\/onumuzdeki-2013-secimlerinde-musluman-turk-toplulugunun-kader-secimi-olacaktir-2\/","title":{"rendered":"\u00d6n\u00fcm\u00fczdeki 2013 se\u00e7imlerinde M\u00fcsl\u00fcman-T\u00fcrk Toplulu\u011funun kader se\u00e7imi olacakt\u0131r."},"content":{"rendered":"<p><b>Bir sofra tart\u0131\u015fmas\u0131n\u0131n d\u00fc\u015f\u00fcnd\u00fcrd\u00fckleri<\/b><\/p>\n<p><b>\u0130deolojisiz politika olmaz.<\/b><\/p>\n<p>Mestanl\u0131 y\u00f6resi\u00a0 K\u00fclt\u00fcr ve Dayan\u0131\u015fma Derne\u011fi&#8217;nin Bursada d\u00fczenledi\u011fi yemekli toplant\u0131 buna kesin kan\u0131tt\u0131r. Bulgaristan\u2019da Hak ve \u00d6zg\u00fcrl\u00fck Hareketi&#8217;nin yerel temsilcisi s\u0131fat\u0131yla bu toplant\u0131ya kat\u0131lanlar ve H\u00d6H ad\u0131na konu\u015fanlar T\u00fcrkiye&#8217;den H\u00d6H&#8217;e \u00f6zel destek talep etmekle <b>politik cahilli\u011fini ortaya koymu\u015flard\u0131r. <!--more--><\/b><\/p>\n<figure id=\"attachment_3719\" aria-describedby=\"caption-attachment-3719\" style=\"width: 150px\" class=\"wp-caption alignright\"><a href=\"https:\/\/i0.wp.com\/bghaber.org\/bghaber\/wp-content\/uploads\/2013\/07\/Nedim-Birinci1.jpg\"><img data-recalc-dims=\"1\" loading=\"lazy\" decoding=\"async\" class=\"size-thumbnail wp-image-3719\" alt=\"Dr. Nedim Birinci\" src=\"https:\/\/i0.wp.com\/bghaber.org\/bghaber\/wp-content\/uploads\/2013\/07\/Nedim-Birinci1-150x150.jpg?resize=150%2C150\" width=\"150\" height=\"150\" \/><\/a><figcaption id=\"caption-attachment-3719\" class=\"wp-caption-text\">Dr. Nedim Birinci<\/figcaption><\/figure>\n<p><b>Son 2O y\u0131lda s\u00fcregelen tek yanl\u0131 politikalara saplanm\u0131\u015f olan ve h\u0131zla meydana gelen son de\u011fi\u015fiklikleri, Bulgaristan T\u00fcrklerinin uyan\u0131\u015f\u0131n\u0131 ve yeni politik \u00e7\u00f6z\u00fcmler aray\u0131\u015f\u0131n\u0131 g\u00f6remeyen H\u00d6H y\u00f6netimi baltay\u0131 Bursa&#8217;da da ta\u015fa vurdu.<\/b><\/p>\n<p>T\u00fcm H\u00d6H elitini niteleyen ve izlenen politika i\u00e7in tamamen ge\u00e7erli olan bu tan\u0131mlama, yeni ba\u015flayan se\u00e7im kampanyas\u0131nda i\u00e7te ve d\u0131\u015fta\u00a0 aciz sald\u0131r\u0131lar\u0131n \u015fiddetli ucunu T\u00fcrkiye&#8217;ye, g\u00f6\u00e7men derneklerine, AK Partiye, h\u00fck\u00fcmete ve \u015fahsen Ba\u015fbakan\u0131m\u0131z Sn.Tayip Erdo\u011fan&#8217;a y\u00f6neltmi\u015flerdir.<\/p><div id=\"bghab-152595771\" class=\"bghab-icerik-icine bghab-entity-placement\"><script async src=\"\/\/pagead2.googlesyndication.com\/pagead\/js\/adsbygoogle.js?client=ca-pub-6203283170189293\" crossorigin=\"anonymous\"><\/script><ins class=\"adsbygoogle\" style=\"display:block; text-align:center;\" data-ad-client=\"ca-pub-6203283170189293\" \ndata-ad-slot=\"7303146466\" \ndata-ad-layout=\"in-article\"\ndata-ad-format=\"fluid\" data-full-width-responsive=\"true\"><\/ins>\n<script> \n(adsbygoogle = window.adsbygoogle || []).push({}); \n<\/script>\n<\/div>\n<p>Bu yeni durumun nedeni \u015fudur:<\/p>\n<p>H\u00d6H elitine g\u00f6re, T\u00fcrkiye (H\u00d6H-Mon\u015ferleri) H\u00d6H&#8217;\u00fc kay\u0131ts\u0131z \u015farts\u0131z desteklemiyorsa yanl\u0131\u015f yapmaktad\u0131r. Ne yaz\u0131k ki, A. Do\u011fan&#8217;\u0131n (ajan\u0131n) \u00e7izgisinden \u00e7\u0131kamayan H\u00d6H&#8217;\u00fcn de\u011fi\u015fen eliti,\u00a0 politikay\u0131 okuyamad\u0131, de\u011fi\u015ftiremedi, yenilemeyi ise hi\u00e7 mi hi\u00e7 d\u00fc\u015f\u00fcnmedi.<\/p>\n<p>&nbsp;<\/p>\n<p><b>Yeni \u00e7at\u0131\u015fman\u0131n ana konusu ideolojik ve dolay\u0131s\u0131yla politiktir.<\/b><\/p>\n<p>H\u00d6H-elitinin ba\u011fland\u0131\u011f\u0131 neo-liberal ideolojiden Bulgaristan\u2019da M\u00fcsl\u00fcmanlara ge\u00e7mi\u015fte faydas\u0131 olmam\u0131\u015ft\u0131r ve gelecekte de faydas\u0131 yoktur. H\u00d6H&#8217;\u00fcn sarma\u015f dola\u015f oldu\u011fu Rus enerji tekelleri Bulgaristan\u2019\u0131 \u00e7\u00f6kertiyor. Neo-liberal geli\u015fmeler, halk\u0131m\u0131z\u0131n ezilmesi, s\u00f6m\u00fcr\u00fclmesi ve yok pahas\u0131na bir avu\u00e7 zengini palazland\u0131rma ve ihya etme anlay\u0131\u015f\u0131na hizmet ediyor. A. Do\u011fan&#8217;\u0131n \u00e7evresinde k\u00fcmelenen zenginler bizdeki neo-liberallerdir. Bunlar\u0131n dayatt\u0131klar\u0131 politika son ayda 6 vatanda\u015f\u0131n kendilerini yakmas\u0131na neden olmu\u015ftu. Onlar\u0131n hi\u00e7 biri, 3.l\u00fc koalisyon ve A. Do\u011fan, \u00f6l\u00fcm yata\u011f\u0131nda olsak bile bir ka\u015f\u0131k su vermezler. Neo-liberal ideolojiden kaynaklanan politika bizde ancak ve ancak \u00f6z halk\u0131m\u0131za, k\u00f6yde\u015flerimize, kentli ve t\u00fcm karde\u015flerimize, yoksul halk\u0131m\u0131za ihanet politikas\u0131 izlenmi\u015f ve izlenmeye de devam etmektedir.<\/p>\n<p>Bu ideolojiden ve politikadan bize fayda gelmedi ve gelmeyecektir. Bunlar, hep bana ver, ben merkezli, ben kazanay\u0131m politikas\u0131n\u0131 takip etmi\u015flerd\u0131r. Hala anla\u015f\u0131lamam\u0131\u015f olan bu politik aldatmaca, Bursadaki toplant\u0131da AK Partinin H\u00d6H konusunda sert tutum almas\u0131yla balon gibi patlam\u0131\u015ft\u0131r. Bunlar ilerki zamanlarda da her yerde patlamaya devam edecektir. \u0130nsan\u0131m\u0131z\u00a0 art\u0131k bu politik zehirden ar\u0131nma zaman\u0131 gelmi\u015ftir, bunu da bu 2013 genel secimlerinde bunu g\u00f6sterecektir.<\/p><div id=\"bghab-3104216292\" class=\"bghab-icerik-icine-10-paragraf bghab-entity-placement\"><script async src=\"\/\/pagead2.googlesyndication.com\/pagead\/js\/adsbygoogle.js?client=ca-pub-6203283170189293\" crossorigin=\"anonymous\"><\/script><ins class=\"adsbygoogle\" style=\"display:block; text-align:center;\" data-ad-client=\"ca-pub-6203283170189293\" \ndata-ad-slot=\"7303146466\" \ndata-ad-layout=\"in-article\"\ndata-ad-format=\"fluid\" data-full-width-responsive=\"true\"><\/ins>\n<script> \n(adsbygoogle = window.adsbygoogle || []).push({}); \n<\/script>\n<\/div>\n<p>&nbsp;<\/p>\n<p>\u00d6zellikle \u015funa dikkatinizi \u00e7ekmek isterim. Herkesin art\u0131k \u00f6\u011frendi\u011fi bu son gerginlik \u00f6nce Bulgaristan&#8217;da k\u0131z\u0131\u015ft\u0131. A. Do\u011fan H\u00d6H a\u011f\u0131c\u0131nda b\u00fcy\u00fcyen dallar\u0131 budad\u0131k\u00e7a, halk\u0131m\u0131z \u00fcz\u00fcld\u00fc, halk gaml\u0131 ya\u015fad\u0131. Se\u00e7im \u00f6ncesi kurakl\u0131k bas\u0131nca da, kah\u0131rl\u0131 insan\u0131m\u0131zdan H\u00d6H a\u011fac\u0131na su ta\u015f\u0131mas\u0131, oy vermesi istendi.<\/p>\n<p>Sab\u0131rl\u0131 ve dayan\u0131kl\u0131 insanlar\u0131m\u0131z 23 y\u0131ldan beri bu \u00e7ileyi \u00e7ekegeldi. T\u00fcrkiye&#8217;de ya\u015fayanlardan da hep kar\u015f\u0131l\u0131ks\u0131z oy istedi ve halk\u0131m\u0131z hep mi hep verdi. Bu d\u0131\u015farda ya\u015fayan insanlar\u0131m\u0131z\u0131n kar\u015f\u0131l\u0131\u011f\u0131, sadece Bulgaristan\u2019da ya\u015fayan insanlar\u0131m\u0131za faydal\u0131 olmas\u0131 idi, bunu da ters anlad\u0131lar veya i\u015flerine \u00f6yle geldi.<\/p>\n<p>\u00d6yle ama kuruyan kaplar\u0131n alt\u0131ndaki yara hep s\u0131zlad\u0131 ve kimseye huzur vermedi.<\/p>\n<p>&nbsp;<\/p>\n<p>\u00d6nce Bulgaristan&#8217;da patlayan ve art\u0131k T\u00fcrkiye&#8217;deki dernek toplant\u0131lar\u0131na da s\u0131\u00e7rayan \u015fimdiki amans\u0131z politik ayr\u0131\u015f\u0131m, derinle\u015fen g\u00f6r\u00fc\u015f ayr\u0131l\u0131klar\u0131n\u0131n a\u015f\u0131lamamas\u0131n\u0131n bir sonucudur.<\/p>\n<p>\u0130leride bu \u00e7eli\u015fki dahada keskin bir bi\u00e7im alacakt\u0131r. S\u00f6z konusu olan \u00f6ncelikle H\u00d6H&#8217;\u00fcn son y\u0131llarda Bulgaristan&#8217;\u0131n i\u00e7 ve d\u0131\u015f politikas\u0131nda hi\u00e7 bir soruna do\u011fru, halk\u0131n \u00e7\u0131karlar\u0131na y\u00f6nelik, halktan kabul g\u00f6ren, ger\u00e7ek\u00e7i \u00e7\u00f6z\u00fcm \u00f6nerisi getirememi\u015f olmas\u0131d\u0131r. Hi\u00e7 kimseye hi\u00e7 bir konuda el uzatmamas\u0131, halktan tamamen uzakla\u015fmas\u0131d\u0131r.<\/p><div id=\"bghab-2800267234\" class=\"bghab-icerik-icine-15-paragraf bghab-entity-placement\"><script async src=\"\/\/pagead2.googlesyndication.com\/pagead\/js\/adsbygoogle.js?client=ca-pub-6203283170189293\" crossorigin=\"anonymous\"><\/script><ins class=\"adsbygoogle\" style=\"display:block; text-align:center;\" data-ad-client=\"ca-pub-6203283170189293\" \ndata-ad-slot=\"7303146466\" \ndata-ad-layout=\"in-article\"\ndata-ad-format=\"fluid\" data-full-width-responsive=\"true\"><\/ins>\n<script> \n(adsbygoogle = window.adsbygoogle || []).push({}); \n<\/script>\n<\/div>\n<p><b>Bu politikan\u0131n g\u00fcndeme getirdi\u011fi sonu\u00e7, M\u00fcsl\u00fcman-T\u00fcrklerinin H\u00d6H&#8217;ten topluca ayr\u0131l\u0131p, beraberce \u00e7\u0131k\u0131p yine topluca Ulusal Hak ve \u00d6zg\u00fcrl\u00fckler Hareketi partisine akmak, orada birle\u015fmek, politik olarak peki\u015fip g\u00fc\u00e7lenmek ve bu partimizi Sofya meclisine g\u00f6t\u00fcrmektir. \u015eimdi 2013 genel se\u00e7imlerde halk\u0131n en \u00f6nemli politik \u00f6devi budur.<\/b><\/p>\n<p>&nbsp;<\/p>\n<p><b>Bursa&#8217;da \u00e7at\u0131\u015fan taraflar:<\/b> Bursa&#8217;da k\u0131z\u0131\u015fan sert tonlu s\u00f6z d\u00fcellosuna kat\u0131lanlar:<\/p>\n<p>BAL-G\u00d6\u00c7 Genel Ba\u015fkan\u0131\u00a0 Do\u00e7. Dr. Y\u00fcksel \u00d6ZKAN; AK Partisi Bursa Milletvekili Mustafa \u00d6zt\u00fcrk; Mestanl\u0131l\u0131lar K\u00fclt\u00fcr ve Dayan\u0131\u015fma Derne\u011fi Ba\u015fkan\u0131 Hasan \u00d6ZT\u00dcRK ve H\u00d6H eliti.<\/p>\n<p><b>Asl\u0131nda bu H\u00d6H elitinin bir temsilcisi ile BAL-G\u00d6\u00c7 nezninde g\u00f6\u00e7men dernek ve federasyonlar\u0131; H\u00d6H eliti ile AK Partisi ve \u015fahsen H\u00d6H eski Ba\u015fkan\u0131 A. Do\u011fan ile Ba\u015fbakan\u0131m\u0131z Sn.R.Tayyip Erdo\u011fan aras\u0131nda meydana gelen k\u00f6kten\u00a0 farkl\u0131 bak\u0131\u015f a\u00e7\u0131s\u0131n\u0131n Bulgaristan parlamento\u00a0 se\u00e7imleri arifesinde kamuoyu \u00f6n\u00fcnde y\u00fczle\u015fmesidir. <\/b><\/p>\n<p><b>\u00c7\u00f6z\u00fcm\u00fcne k\u00f6kten farkl\u0131 yakla\u015f\u0131lan ana konular \u015funlard\u0131r:\u00a0 <\/b><\/p><div id=\"bghab-250645324\" class=\"bghab-icerik-icine-20-paragraf bghab-entity-placement\"><script async src=\"\/\/pagead2.googlesyndication.com\/pagead\/js\/adsbygoogle.js?client=ca-pub-6203283170189293\" crossorigin=\"anonymous\"><\/script><ins class=\"adsbygoogle\" style=\"display:block; text-align:center;\" data-ad-client=\"ca-pub-6203283170189293\" \ndata-ad-slot=\"7303146466\" \ndata-ad-layout=\"in-article\"\ndata-ad-format=\"fluid\" data-full-width-responsive=\"true\"><\/ins>\n<script> \n(adsbygoogle = window.adsbygoogle || []).push({}); \n<\/script>\n<\/div>\n<p>Bulgaristan ile T\u00fcrkiye aras\u0131nda dostluk ve i\u015fbirli\u011fi politikas\u0131; Bulgaristan Ba\u015fbakan\u0131 Sn.Boyko Borisov ile T\u00fcrkiye Cumhuryeti Ba\u015fbakan\u0131 Sn.R. Tayyip Erdo\u011fan aras\u0131nda son d\u00f6nemde geli\u015fen ve g\u00fcven veren, verimli ve dost\u00e7a ikili temaslar; \u00f6zellikle de Bulgaristan ile T\u00fcrkiye devlet politikas\u0131n\u0131n H\u00d6H s\u00fczgecinden ge\u00e7mesini isteyenlerin <b>kesin yan\u0131lg\u0131s\u0131d\u0131r. <\/b><\/p>\n<p><b>\u015eimdiki yol ayr\u0131m\u0131 H\u00d6H Ba\u015fkanl\u0131\u011f\u0131&#8217;n\u0131n Bulgaristan\u2019da M\u00fcsl\u00fcman-T\u00fcrklerin ve t\u00fcm soyda\u015flar\u0131m\u0131za ihanetiyle ba\u015flam\u0131\u015f, derinle\u015fmi\u015f ve derinlik bir u\u00e7uruma d\u00f6n\u00fc\u015fm\u00fc\u015ft\u00fcr.<\/b><\/p>\n<p>&nbsp;<\/p>\n<p><b>Temel konularda H\u00d6H partisinin politik yan\u0131lg\u0131ya d\u00fc\u015ft\u00fc\u011f\u00fcn\u00fc ilk g\u00f6ren Ulusal Hak ve \u00d6zg\u00fcrl\u00fckler Hareketi Ba\u015fkan\u0131 Sn.G\u00fcner Tahir oldu.<\/b> H\u00d6H Genel Ba\u015fkan Yard\u0131mc\u0131l\u0131\u011f\u0131ndan ayr\u0131lan Sn.G\u00fcner Tahir H\u00d6H&#8217;in politikalar\u0131ndan memnun olmayan bir grup arkada\u015f\u0131 ile Ulusal Hak ve \u00d6zg\u00fcrl\u00fckler Hareketi&#8217;ni (UH\u00d6H) partisini kurdu ve halk\u0131m\u0131z\u0131n demokrasi ve \u00f6zg\u00fcrle\u015fme u\u011frunda verdi\u011fi a\u011f\u0131r m\u00fccadeleleri devam etirip ya\u015fatma yoluna a\u00e7\u0131ld\u0131.<\/p>\n<p><b>UH\u00d6H 12 May\u0131s 2013 parlameto se\u00e7imlerine tek ba\u015f\u0131na kat\u0131l\u0131yor.<\/b><\/p>\n<p>&nbsp;<\/p>\n<p>BULT\u00dcRK Derne\u011fi Genel Ba\u015fkan\u0131 Rafet Ulut\u00fcrk Soyda\u015f derneklerinden T\u00fcrkiyede ilk defa H\u00d6H&#8217;\u00fcn ihanet politikas\u0131n\u0131 zaman\u0131nda a\u00e7\u0131\u011fa vuran oldu.\u00a0 O, ger\u00e7ekleri okuyunca y\u00f6netti\u011fi derne\u011fin politik \u00e7izgisini yeni temellere oturttu, yeni ba\u015ftan demokratik ilkeler \u00fczerinde \u00f6rg\u00fctledi. Ba\u015fkan R. Ulut\u00fcrk daha 2003 ard\u0131ndan 2005&#8217;te H\u00d6H taraf\u0131ndan dayat\u0131lmak istenen se\u00e7imlerle ilgili dalaverac\u0131 politikalara, oy sat\u0131n almaya s\u0131rt \u00e7evirdi. Bulgaristan T\u00fcrkleri, Pomaklar ve vatanlar\u0131nda ya\u015fayan t\u00fcm M\u00fcsl\u00fcmanlar\u0131n huzur i\u00e7inde olmas\u0131na y\u00f6nelik dayan\u0131\u015fma ve yard\u0131mla\u015fmay\u0131 g\u00fcndeme getirdi ve de\u011fi\u015fik bi\u00e7imlerde geli\u015ftirdi. Bu asil politikadaki ana ko\u015ful Bulgaristan ile T\u00fcrkiye aras\u0131nda her alanda semereli, dost\u00e7a i\u015fbirli\u011fi ve yard\u0131mla\u015fman\u0131n geli\u015ferek daha fazla meyve vermesine ve iki \u00fclke halklar\u0131na her bak\u0131mdan yararl\u0131 olunmas\u0131na hizmet sunmakt\u0131.<\/p><div id=\"bghab-1870834793\" class=\"bghab-icerik-icine-25-paragraf bghab-entity-placement\"><script async src=\"\/\/pagead2.googlesyndication.com\/pagead\/js\/adsbygoogle.js?client=ca-pub-6203283170189293\" crossorigin=\"anonymous\"><\/script><ins class=\"adsbygoogle\" style=\"display:block; text-align:center;\" data-ad-client=\"ca-pub-6203283170189293\" \ndata-ad-slot=\"7303146466\" \ndata-ad-layout=\"in-article\"\ndata-ad-format=\"fluid\" data-full-width-responsive=\"true\"><\/ins>\n<script> \n(adsbygoogle = window.adsbygoogle || []).push({}); \n<\/script>\n<\/div>\n<p>Balkanlar&#8217;da bar\u0131\u015f\u0131n ve g\u00fcvenli\u011fin temel ta\u015f\u0131 olmak gibi asil hedefler bulunur. Dernek \u00e7al\u0131\u015fmalar\u0131nda Bulgaristan&#8217;\u0131n bug\u00fcnk\u00fc derin bunal\u0131mdan s\u0131yr\u0131lmas\u0131, i\u015fbirli\u011fi geli\u015ftirerek g\u00fc\u00e7lenmesi; mutlu ve g\u00fcvenli bir ya\u015fama a\u00e7\u0131lmas\u0131na\u00a0 faydal\u0131 olmas\u0131 hedeflenmektedir. Bu politikada miheng ta\u015f\u0131 Bulgaristan&#8217; da ya\u015fayan M\u00fcsl\u00fcman toplulu\u011fun t\u00fcm etnik gruplar\u0131n anayasal ve evrensel haklar\u0131n\u0131n b\u00fct\u00fcn\u00fcyle tan\u0131nmas\u0131 ve uygulanmas\u0131d\u0131r. \u0130nsan karde\u015fli\u011fine ve yard\u0131mla\u015fma gere\u011fine dayanan bu politik anlay\u0131\u015f,\u00a0 soyda\u015flar\u0131m\u0131z\u0131n Bulgaristan&#8217;daki yerel ve parlamenter se\u00e7imlere aktif kat\u0131lmas\u0131n\u0131 \u00f6zendirdi\u011fi gibi, tamamen yap\u0131c\u0131 ve g\u00fcven veren isabetli bir politikaya hizmet etmektedir.<\/p>\n<p>&nbsp;<\/p>\n<p>Bursada&#8217;da dernek, federasyon ve belediye ba\u015fkanlar\u0131n\u0131n kat\u0131ld\u0131\u011f\u0131\u00a0 g\u00f6r\u00fc\u015fme politik niteliklidir. K\u0131z\u0131\u015fan tart\u0131\u015fman\u0131n politik \u00f6z\u00fcnde \u00f6ncelikle BAL-G\u00d6\u00c7&#8217;\u00fcn Bulgaristan&#8217;a ve H\u00d6H&#8217;e bak\u0131\u015f a\u00e7\u0131s\u0131n\u0131 \u00f6teden beri kat\u0131 tutup asla de\u011fi\u015ftirmek istememesi yatar. Bulgaristan&#8217;da yap\u0131lan\u00a0 her se\u00e7imde H\u00d6H elitine T\u00fcrk oylar\u0131n\u0131 hediye eden BAL-G\u00d6\u00c7, T\u00fcrkiye Cumhuriyetindeki en b\u00fcy\u00fck soyda\u015f derne\u011fidir ve H\u00d6H&#8217;ten asla hesap sormamakla hep yanl\u0131\u015f yapm\u0131\u015ft\u0131r ve bu yanl\u0131\u015f\u0131 devam etirmektedir.<\/p>\n<p>Bu arada H\u00d6H elitinin sinsi oyunlar\u0131na alet olmu\u015f ve buna devam etmektedir.<\/p>\n<p>Bulgaristan&#8217;da baz\u0131 \u00f6nemsiz ekonomik \u00e7\u0131karlara baz\u0131 y\u00f6neticiler yetinmi\u015ftir. BAL-G\u00d6\u00c7, son y\u0131llarda devaml\u0131 &#8220;y\u00fcksek hizmet plaket\u0131&#8221; da\u011ftmakla yetinerek, Bulgaristan politikas\u0131nda\u00a0 k\u00f6rle\u015fmi\u015f, genel nitelikli baz\u0131 deme\u00e7lerle yetinmeyi ye\u011flemi\u015f ve modern siyaseti &#8220;T\u00fcrkan \u00c7e\u015fme&#8221; Anma t\u00f6renlerine turistik kat\u0131l\u0131m seviyesine indirgemi\u015ftir.<\/p>\n<p>&nbsp;<\/p>\n<p>H\u00d6H y\u00f6netiminin izledi\u011fi politikalardan, son y\u0131llarda M\u00fcsl\u00fcman ve T\u00fcrkl\u00fck davas\u0131na ihanet s\u0131n\u0131r\u0131n\u0131 a\u015fan tutumdan hesap sormaya do\u011fal hak\u0131 olan BAL-G\u00d6\u00c7 bunu yapamam\u0131\u015ft\u0131r.<\/p><div id=\"bghab-2975147931\" class=\"bghab-icerik-icine-30-paragraf bghab-entity-placement\"><script async src=\"\/\/pagead2.googlesyndication.com\/pagead\/js\/adsbygoogle.js?client=ca-pub-6203283170189293\" crossorigin=\"anonymous\"><\/script><ins class=\"adsbygoogle\" style=\"display:block; text-align:center;\" data-ad-client=\"ca-pub-6203283170189293\" \ndata-ad-slot=\"7303146466\" \ndata-ad-layout=\"in-article\"\ndata-ad-format=\"fluid\" data-full-width-responsive=\"true\"><\/ins>\n<script> \n(adsbygoogle = window.adsbygoogle || []).push({}); \n<\/script>\n<\/div>\n<p>BAL-G\u00d6\u00c7&#8217;\u00fcn i\u00e7 i\u015flerine kar\u0131\u015fmadan \u015funlar\u0131 s\u00f6ylemeden edemeyece\u011fim:<\/p>\n<p>H\u00d6H&#8217;e\u00a0 hep can\u0131 g\u00f6n\u00fclden kar\u015f\u0131l\u0131ks\u0131z destek verildi, dil \u00f6z\u00fcrl\u00fc gibi susuldu, hesap aranmad\u0131, hesap sorulmad\u0131, misafir kar\u015f\u0131land\u0131, a\u011f\u0131rland\u0131 ve u\u011furlad\u0131. Sonunda????<\/p>\n<p><b>G\u00fcne\u015f bal\u00e7ikla s\u0131vanmaz: <\/b><\/p>\n<p><b>Bug\u00fcnk\u00fc vahim durum, Bulgaristan T\u00fcrklerinin 3 par\u00e7aya, 3 partiye b\u00f6l\u00fcnm\u00fc\u015fl\u00fc\u011f\u00fc H\u00d6H&#8217;\u00fcn k\u00f6r\u00fc k\u00f6r\u00fcne desteklenmesinin bir sonucudur. \u015eu an s\u00f6ylenecek olan \u015fudur: H\u00d6H ile BAL-G\u00d6\u00c7&#8217;\u00fcn aras\u0131 kesin a\u00e7\u0131lacakt\u0131r. H\u00d6H ile AK Partinin aras\u0131 a\u00e7\u0131lm\u0131\u015ft\u0131r. Ba\u015fbakan\u0131m\u0131z Sn.R.Tayip Erdo\u011fan&#8217;\u0131n H\u00d6H e olan sempatisi s\u00f6nm\u00fc\u015f, Kasim Dal da nasibini almak i\u00e7in s\u0131ras\u0131n\u0131 beklemektedir. Pabucunun dama at\u0131laca\u011f\u0131 g\u00fcnler hemen yar\u0131n vay biraz sonras\u0131 gibi yak\u0131nd\u0131r. <\/b><\/p>\n<p>&nbsp;<\/p>\n<p>A.Do\u011fan&#8217;a 8. Ola\u011fan Kurultay k\u00fcrs\u00fcs\u00fc&#8217;nde tabanca \u00e7\u0131kar\u0131l\u0131p, &#8220;politikadan \u00e7ekil&#8221; denmesinden sonra, Bulgaristan T\u00fcrkl\u00fc\u011f\u00fc ve M\u00fcsl\u00fcmanl\u0131\u011f\u0131 g\u00fcndeminde en \u00f6nemli politik olay, \u00f6nemli\u00a0 nitelik ta\u015f\u0131yan bu geli\u015fmelerin Mestanl\u0131l\u0131lar K\u00fclt\u00fcr ve Dayan\u0131\u015fma Derne\u011fi Ba\u015fkan\u0131 Hasan \u00d6ZT\u00dcRK&#8217;\u00fcn Bursa&#8217;da y\u00f6netti\u011fi geleneksel misafir kar\u015f\u0131lama ziyafetinde patlak vermesi tesad\u00fcfi de\u011fildir. Bir defa, Mestanl\u0131lar\u0131n Bursa dayan\u0131\u015fma ve k\u00fclt\u00fcrel varl\u0131\u011f\u0131 geli\u015ftirme derne\u011fi soyda\u015flarla \u00e7ok aktif \u00e7al\u0131\u015fan ve Bulgaristan&#8217;\u0131 ba\u015far\u0131l\u0131 bir \u015fekilde etkileyebilen\u00a0 g\u00fc\u00e7l\u00fc bir kurulu\u015ftur. Mestanl\u0131, G\u00fcney Do\u011fu Rodoplar&#8217;da, K\u0131rcali ilinde ticari ekonomik, sosyal ve k\u00fclt\u00fcrel bak\u0131mdan aktif geli\u015ferek, insanlar\u0131m\u0131z\u0131n sevdi\u011fi do\u011fal bir yerle\u015fim merkezi olarak b\u00fcy\u00fcmektedir. T\u00fcrkiye dernekleriyle belediyeler aras\u0131 dayan\u0131\u015fmalar\u00a0 olumlu meyveler vermektedir.\u00a0 Demokrasi m\u00fccadelesinde \u015fehitler veren, vatan \u015fairi Nuri Adal\u0131 \u015fan\u0131n\u0131 ya\u015fatan Mestanl\u0131 halk\u0131\u00a0 politik olarak uyan\u0131k ve bilin\u00e7li oldu\u011fu kadar, H\u00d6H politikas\u0131n\u0131n ideolojik ve politik \u00e7\u00f6k\u00fc\u015f\u00fcn\u00fc sezen ve g\u00f6ren bir topluluk olarak da bilinir. Mestanl\u0131 sakinlerinin politik tutumu K\u0131rcaliden de farkl\u0131d\u0131r. \u00d6zg\u00fcnd\u00fcr. Ger\u00e7ek\u00e7idir. Burada son se\u00e7im toplant\u0131lar\u0131nda &#8220;H\u00d6H&#8217;\u00fcn \u00f6z\u00fcnde kurt var!&#8221; diyenler art\u0131k ba\u015fkald\u0131rm\u0131\u015ft\u0131r.<b> <\/b><\/p><div id=\"bghab-1181247685\" class=\"bghab-icerik-icine-35-paragraf bghab-entity-placement\"><script async src=\"\/\/pagead2.googlesyndication.com\/pagead\/js\/adsbygoogle.js?client=ca-pub-6203283170189293\" crossorigin=\"anonymous\"><\/script><ins class=\"adsbygoogle\" style=\"display:block; text-align:center;\" data-ad-client=\"ca-pub-6203283170189293\" \ndata-ad-slot=\"7303146466\" \ndata-ad-layout=\"in-article\"\ndata-ad-format=\"fluid\" data-full-width-responsive=\"true\"><\/ins>\n<script> \n(adsbygoogle = window.adsbygoogle || []).push({}); \n<\/script>\n<\/div>\n<p><b>Bu se\u00e7imlerde Mestanl\u0131 se\u00e7meni H\u00d6H&#8217;e oy vermemede kararl\u0131d\u0131r. <\/b><\/p>\n<p><b>Halk\u0131m\u0131z k\u0131s\u0131r polikaya bundan b\u00f6yle kurban olmak istemiyor.<\/b><\/p>\n<p><b>\u00d6n\u00fcm\u00fczdeki se\u00e7imlerde Bulgaristan&#8217;daki M\u00fcsl\u00fcman-T\u00fcrk Toplulu\u011funun kader se\u00e7imi olacakt\u0131r. Ya tarih sahnesine g\u00f6m\u00fclmek ya da yeniden dirili\u015fin ve ebedi\u011fyen var olu\u015fun ba\u015flang\u0131\u00e7 tarihi olacakt\u0131r.\u00a0 <\/b><\/p>\n<p><b>\u00a0<\/b><\/p>\n<div id=\"bghab-1449712796\" class=\"bghab-yazi-altinda bghab-entity-placement\"><script async src=\"https:\/\/pagead2.googlesyndication.com\/pagead\/js\/adsbygoogle.js\"><\/script>\r\n<!-- bghaber-yaz\u0131-sonu -->\r\n<ins class=\"adsbygoogle\"\r\n     style=\"display:block\"\r\n     data-ad-client=\"ca-pub-6203283170189293\"\r\n     data-ad-slot=\"4222328180\"\r\n     data-ad-format=\"auto\"\r\n     data-full-width-responsive=\"true\"><\/ins>\r\n<script>\r\n     (adsbygoogle = window.adsbygoogle || []).push({});\r\n<\/script><\/div><br style=\"clear: both; display: block; float: none;\"\/>","protected":false},"excerpt":{"rendered":"<p>Bir sofra tart\u0131\u015fmas\u0131n\u0131n d\u00fc\u015f\u00fcnd\u00fcrd\u00fckleri \u0130deolojisiz politika olmaz. Mestanl\u0131 y\u00f6resi\u00a0 K\u00fclt\u00fcr ve Dayan\u0131\u015fma Derne\u011fi&#8217;nin Bursada d\u00fczenledi\u011fi yemekli toplant\u0131 buna kesin kan\u0131tt\u0131r. Bulgaristan\u2019da Hak ve \u00d6zg\u00fcrl\u00fck Hareketi&#8217;nin<\/p>\n","protected":false},"author":8,"featured_media":0,"comment_status":"closed","ping_status":"closed","sticky":false,"template":"","format":"standard","meta":{"advanced_seo_description":"","jetpack_seo_html_title":"","jetpack_seo_noindex":false,"jetpack_seo_schema_type":"","_jetpack_newsletter_access":"","_jetpack_dont_email_post_to_subs":false,"_jetpack_newsletter_tier_id":0,"_jetpack_memberships_contains_paywalled_content":false,"_jetpack_feature_clip_id":0,"_jetpack_memberships_contains_paid_content":false,"footnotes":"","jetpack_post_was_ever_published":false},"categories":[6],"tags":[],"class_list":["post-510","post","type-post","status-publish","format-standard","hentry","category-yorum"],"jetpack_sharing_enabled":true,"jetpack_likes_enabled":true,"jetpack-related-posts":[],"jetpack_shortlink":"https:\/\/wp.me\/pc2PfJ-8e","jetpack_featured_media_url":"","_links":{"self":[{"href":"https:\/\/www.bghaber.org\/bghaber\/wp-json\/wp\/v2\/posts\/510","targetHints":{"allow":["GET"]}}],"collection":[{"href":"https:\/\/www.bghaber.org\/bghaber\/wp-json\/wp\/v2\/posts"}],"about":[{"href":"https:\/\/www.bghaber.org\/bghaber\/wp-json\/wp\/v2\/types\/post"}],"author":[{"embeddable":true,"href":"https:\/\/www.bghaber.org\/bghaber\/wp-json\/wp\/v2\/users\/8"}],"replies":[{"embeddable":true,"href":"https:\/\/www.bghaber.org\/bghaber\/wp-json\/wp\/v2\/comments?post=510"}],"version-history":[{"count":0,"href":"https:\/\/www.bghaber.org\/bghaber\/wp-json\/wp\/v2\/posts\/510\/revisions"}],"wp:attachment":[{"href":"https:\/\/www.bghaber.org\/bghaber\/wp-json\/wp\/v2\/media?parent=510"}],"wp:term":[{"taxonomy":"category","embeddable":true,"href":"https:\/\/www.bghaber.org\/bghaber\/wp-json\/wp\/v2\/categories?post=510"},{"taxonomy":"post_tag","embeddable":true,"href":"https:\/\/www.bghaber.org\/bghaber\/wp-json\/wp\/v2\/tags?post=510"}],"curies":[{"name":"wp","href":"https:\/\/api.w.org\/{rel}","templated":true}]}}