{"id":507,"date":"2013-04-16T01:11:14","date_gmt":"2013-04-15T22:11:14","guid":{"rendered":"http:\/\/bghaber.org\/bghaber\/?p=507"},"modified":"2019-05-28T10:58:17","modified_gmt":"2019-05-28T07:58:17","slug":"kalici-olan-biziz","status":"publish","type":"post","link":"https:\/\/www.bghaber.org\/bghaber\/kalici-olan-biziz\/","title":{"rendered":"KALICI OLAN B\u0130Z\u0130Z"},"content":{"rendered":"<div>12 Nisan g\u00fcn\u00fc se\u00e7im kampanyas\u0131 ba\u015flad\u0131 ve 11 May\u0131s 2013&#8217;te sona erecek. Politik partiler se\u00e7menle y\u00fczle\u015fme haz\u0131rl\u0131klar\u0131n\u0131 tamamlad\u0131: Programlar yay\u0131nland\u0131, afi\u015fler bas\u0131ld\u0131, k\u00f6fte, kebap ve biralar \u0131smarland\u0131, sofralar kuruluyor.<\/div>\n<div>Hak ve \u00d6zg\u00fcrl\u00fckler Hareketi (H\u00d6H) 42. millet meclisi se\u00e7imine 8. Ola\u011fan Kurultay esintisiyle gidiyor. Bir yandan parti, Do\u011fandan sonra idesel olarak \u00e7\u00f6z\u00fcl\u00fcrken, \u00f6rg\u00fctlerde gev\u015feme ba\u015flad\u0131 ve se\u00e7men de alternatif aramaya ba\u015flad\u0131 bile.\u00a0<b>L\u00fctf\u00fcc\u00fc ekip fikirsel bozgunu a\u015fam\u0131yor. H\u00d6H art\u0131k se\u00e7mene yol g\u00f6steremiyor.<!--more--><\/b><\/div>\n<div><\/div>\n<div>\n<figure id=\"attachment_3720\" aria-describedby=\"caption-attachment-3720\" style=\"width: 150px\" class=\"wp-caption alignright\"><a href=\"https:\/\/i0.wp.com\/bghaber.org\/bghaber\/wp-content\/uploads\/2013\/07\/rafetuluturk.jpg\"><img data-recalc-dims=\"1\" loading=\"lazy\" decoding=\"async\" class=\"size-thumbnail wp-image-3720\" src=\"https:\/\/i0.wp.com\/bghaber.org\/bghaber\/wp-content\/uploads\/2013\/07\/rafetuluturk-150x150.jpg?resize=150%2C150\" alt=\"Rafet Ulut\u00fcrk\" width=\"150\" height=\"150\" srcset=\"https:\/\/i0.wp.com\/www.bghaber.org\/bghaber\/wp-content\/uploads\/2013\/07\/rafetuluturk.jpg?resize=150%2C150&amp;ssl=1 150w, https:\/\/i0.wp.com\/www.bghaber.org\/bghaber\/wp-content\/uploads\/2013\/07\/rafetuluturk.jpg?resize=65%2C65&amp;ssl=1 65w\" sizes=\"auto, (max-width: 150px) 100vw, 150px\" \/><\/a><figcaption id=\"caption-attachment-3720\" class=\"wp-caption-text\">Rafet Ulut\u00fcrk<\/figcaption><\/figure>\n<p>Ahmet Do\u011fan&#8217;\u0131n 19 Ocak&#8217;ta Sofya Milli K\u00fclt\u00fcr Saray\u0131&#8217;nda Oktay&#8217;\u0131n tabancal\u0131 sald\u0131r\u0131s\u0131na hedef olmazdan \u00f6nce yar\u0131s\u0131n\u0131 okudu\u011fu kurultay raporu bas\u0131lm\u0131\u015f ve H\u00d6H&#8217;\u00fcn ana agitasyon el kitab\u0131 olarak da\u011f\u0131t\u0131l\u0131yor.<\/p>\n<\/div>\n<div>Bilindi\u011fi \u00fczere, 8. Ola\u011fan Kurultay&#8217;da meydana gelen kar\u0131\u015f\u0131kl\u0131kta Do\u011fan&#8217;\u0131n ne demek istedi\u011fini Do\u011fanc\u0131lar da pek anlayamad\u0131lar. Esasl\u0131 bir konu\u015fma yapmak i\u00e7in k\u00fcrs\u00fcye \u00e7\u0131kan K\u0131rcali H\u00d6H \u0130l Ba\u015fkan\u0131 Bahri \u00d6mer,\u00a0<b>&#8220;7. ve 8. ola\u011fan kurultay aras\u0131nda yanl\u0131\u015flar\u0131m\u0131z\u0131 g\u00f6zden ge\u00e7irmek ve yeni yol a\u00e7mak i\u00e7in topland\u0131k&#8221;<\/b>\u00a0dese de,\u00a0<b>Do\u011fan raporunda H\u00d6H&#8217;ten, yapt\u0131\u011f\u0131 i\u015flerden, ba\u015far\u0131 ve yanl\u0131\u015flardan s\u00f6z etmedi. Korman ile K. Dal&#8217;\u0131n kovulmas\u0131yla partinin yeni bir b\u00f6l\u00fcnme stresi ya\u015fad\u0131\u011f\u0131na da de\u011finmedi. B. Borisov&#8217;un kendisine &#8220;cibra&#8221; demesinden \u00e7ok etkilenmi\u015f olsa gerek, Ba\u015fbakan&#8217;a direk olarak \u015fiddetli sald\u0131rd\u0131.<\/b><\/div>\n<div><\/div>\n<div><b>Genel kavramlarla ve global nitelikli de\u011ferlendirmelerle kaleme al\u0131nm\u0131\u015f olan rapor, 2 ay sonra de\u011fi\u015fik yorumlara yol a\u00e7maya ba\u015flad\u0131. Bas\u0131n ise, hala suskunlukla ge\u00e7i\u015ftiriyor.<\/b><\/div>\n<div><\/div>\n<div><b>H\u00d6H kitlesindeki se\u00e7im \u00f6n\u00fc tart\u0131\u015fmalar\u0131 ise k\u0131z\u0131\u015f\u0131yor. Eski g\u00f6r\u00fc\u015f ayr\u0131l\u0131klar\u0131 daha da derinle\u015fiyor. Tart\u0131\u015fmalar genelde raporun birinci sayfas\u0131na tak\u0131l\u0131yor.<\/b><\/div>\n<div><\/div>\n<div>Raporunun giri\u015finde 3 ana konu var: &#8220;<b>Kalacak olan<\/b>&#8220;; &#8220;<b>Gidecek olan<\/b>&#8221; ve &#8220;<b>De\u011fi\u015fmesi zorunlu olan<\/b>.&#8221;<\/div>\n<div>1.\u00a0<b>Kalacak olan\u0131\u00a0<\/b>g\u00f6rebilmek i\u00e7in d\u00fcnyaya \u00e7ok y\u00fcksekten, genelden (globalden) bakmaya \u00e7al\u0131\u015fan Do\u011fan \u00f6zelden ge\u00e7ip somutta bizi bulamam\u0131\u015f. Bulgaristan&#8217;da ya\u015fayan M\u00fcsl\u00fcman \u2013T\u00fcrkleri veya orada etnik az\u0131nl\u0131klar\u0131 g\u00f6remiyor. Biz, bug\u00fcn art\u0131k, nuf\u00fcs\u00fcn \u00fc\u00e7te birine t\u0131rmanan Rom vatanda\u015flar\u0131n yan\u0131nda, M\u00fcsl\u00fcmanlar ve T\u00fcrk k\u00f6kenliler, onlardan daha k\u00fc\u00e7\u00fck bir az\u0131nl\u0131k kald\u0131k. 1878&#8217;de Bulgaristan nuf\u00fcs\u00fcn\u00fcn % 68&#8217;i olan yerli T\u00fcrklerin bu g\u00fcnlere gelirken azala azala, seyrele seyrele, g\u00f6\u00e7lere zorlana zorlana art\u0131k neredeyse, art\u0131 eksik % 10 olmak \u00fczere, toplam nuf\u00fcstan ancak 1.5 milyon kadar az bir grup kald\u0131\u011f\u0131m\u0131z\u0131, \u00f6zel olarak s\u00f6ylemek istemedi.<\/div>\n<div><\/div>\n<div>Bu kurultay b\u00fcy\u00fck bir k\u0131sm\u0131 T\u00fcrkiye&#8217;deki parti ve derneklerle AB \u00fclkelerinden gelen konuklarda farkl\u0131 bir izlenim b\u0131rakt\u0131. Delege, misafir ve g\u00f6zlemcilerin d\u0131\u015f g\u00f6r\u00fcn\u00fcm\u00fc, Avrupa Birli\u011fi \u00fcyesi 27 devlet aras\u0131nda ki\u015fi ba\u015f\u0131na geliri en d\u00fc\u015f\u00fck olan Bulgaristan&#8217;daki sefil kesimde Romlarla e\u015fit olan T\u00fcrklerin ger\u00e7ek durumunu yans\u0131tm\u0131yordu.<\/div>\n<div><\/div>\n<div>T\u00fcrklerin, Pomaklar\u0131n ve di\u011fer etnik az\u0131nl\u0131klardan hi\u00e7 birinin hi\u00e7bir problemini ele almayan, kar\u015f\u0131la\u015ft\u0131rma yapmayan, \u00e7\u00f6z\u00fcm aramayan bu raporda, \u00fclkede koku\u015fmu\u015f ve \u00e7\u00f6z\u00fcm bekleyen sorunlar, s\u0131n\u0131r d\u0131\u015f\u0131na yani \u00f6teki AB devletlerine ta\u015f\u0131nm\u0131\u015ft\u0131r. Nas\u0131l m\u0131?<\/div>\n<div><\/div>\n<div>Do\u011fan, \u00e7al\u0131\u015fmak i\u00e7in AB \u00fclkelerine giden vatanda\u015flar\u0131m\u0131z\u0131n &#8220;<b>gettolarda<\/b>&#8221; ya\u015fad\u0131\u011f\u0131n\u0131 yaz\u0131yor. Biz &#8220;<b>getto<\/b>&#8221; s\u00f6z\u00fcne \u00f6nce G\u00fcney Afrika Cumhuriyeti&#8217;nde siyah derilileri toplum d\u0131\u015f\u0131 tutmak i\u00e7in (sosyal ve k\u00fclt\u00fcrel ya\u015famdan izole etmek i\u00e7in) olu\u015fturulan kent d\u0131\u015f\u0131 yerle\u015fim yerlerine verilen isim olarak rastlad\u0131k. Do\u011fan&#8217;\u0131n ise, bu s\u00f6z\u00fc AB devletlerine i\u015f bulmaya giden ve hernangi bir kentin d\u0131\u015f\u0131na, ana yollar\u0131n kenar\u0131na yerle\u015fen Bulgaristan M\u00fcsl\u00fcmanlar\u0131 i\u00e7in kullan\u0131yor. Bu kavram\u0131n \u00f6z\u00fcnde \u015f\u00f6yle bir tan\u0131m var:<b>\u00a0&#8220;Toplumun d\u0131\u015f\u0131na itilmi\u015f ve k\u00f6t\u00fc ya\u015fam s\u00fcrd\u00fcren birtak\u0131m ki\u015filer.&#8221;<\/b><\/div>\n<div>Almanya&#8217;daki bu tip Bulgaristankl\u0131lar art\u0131k 125 bin olmu\u015f. Fransa&#8217;da ve \u0130ngiltere&#8217;de say\u0131m\u0131z biraz azalm\u0131\u015f, \u00e7\u00fcnk\u00fc Cumhurba\u015fkan\u0131 Sarkozi ge\u00e7en y\u0131l bizimkilerden 350 Rom\u2019u u\u00e7akla geri g\u00f6nderdi. Londra&#8217;da ise, yine bizim Romlar&#8217;dan kalabal\u0131k bir h\u0131rs\u0131z \u00e7etesi topluca u\u00e7a\u011fa bindirilip, Sofya u\u00e7ak alan\u0131nda indirildi. Bu vahim durumun &#8220;<b>kal\u0131c\u0131<\/b>&#8221; oldu\u011funu yazarken, bu duruma m\u0131 d\u00fc\u015fecektik deyip \u00fcz\u00fclenler var. Bu modern ger\u00e7eklik, \u00fczerinde kitap yaz\u0131lacak kadar ac\u0131 bir durumdur. Anlatmakla bitmez. \u00c7ok vahim olaylarla sergilenen, &#8220;<b>kal\u0131c\u0131 olan<\/b>&#8221; asl\u0131nda AB&#8217;deki derin ekonomik ve sosyal bunal\u0131md\u0131r. B\u00fcy\u00fck bir d\u00f6n\u00fc\u015f\u00fcmle a\u015f\u0131lamamas\u0131 kar\u0131msarl\u0131\u011f\u0131 artt\u0131rmaktad\u0131r.<\/div>\n<div><\/div>\n<div>D\u00fcnya ve Avrupa genelinin i\u00e7inde, H\u00d6H&#8217;ten, T\u00fcrkten, Pomaktan, \u00c7ingenlerden ve \u00f6teki az\u0131nl\u0131klardan s\u00f6z etmeyen raporcu, &#8220;<b>getto<\/b>&#8221; ya\u015fant\u0131s\u0131 tan\u0131m\u0131yla s\u0131radakilerin \u00fcmitlerini zehirlemi\u015ftir. Ne yaz\u0131k ki, &#8220;<b>kal\u0131c\u0131 olan<\/b>&#8221; ayr\u0131nt\u0131l\u0131 a\u00e7\u0131klanmasa da, i\u00e7 ve d\u0131\u015f sefilliktir, i\u015fsizliktir, fakirliktir, \u00e7\u0131k\u0131\u015f yolu veya ufakta olsa bir umudun olmamas\u0131d\u0131r, topluca a\u00e7 kalma tehlikesidir. Bu tablonun i\u00e7inde H\u00d6H nerededir. Do\u011fan konuya bu a\u00e7\u0131dan de\u011finmiyor.<\/div>\n<div><\/div>\n<div>D\u00fc\u015f\u00fcnceyi paralize eden bu istikbalsizlik, asl\u0131nda H\u00d6H iktidar\u0131 y\u0131llar\u0131n\u0131n bir uzant\u0131s\u0131d\u0131r. \u00c7ok ac\u0131 olsa da, beceriksizli\u011fin do\u011furdu\u011fu bir ger\u00e7ektir.\u00a0<b>&#8220;Demokrasi tek ve son se\u00e7enektir&#8221;<\/b>\u00a0derken, ekonomik \u00e7\u0131kmazda kilitlenmi\u015f olmam\u0131z &#8220;<b>kal\u0131c\u0131 olan<\/b>&#8220;\u0131 do\u011furmu\u015f ve ya\u015fant\u0131m\u0131za yerle\u015ftirmi\u015ftir. A. Do\u011fan&#8217;\u0131n herkesin anlayaca\u011f\u0131 bir dille bug\u00fcnk\u00fc bocalamam\u0131z\u0131n nedenleri ortaya koymas\u0131 iyi olurdu, ama o en k\u00f6t\u00fc olan\u0131n yar\u0131n korkusu, g\u00fcvensizlik, istikrars\u0131zl\u0131k oldu\u011funa de\u011finmekle yetindi.<\/div>\n<div><\/div>\n<div>2.\u00a0<b>Gidecek olan&#8217;\u0131n\u00a0<\/b>ad\u0131 yok bu raporda. Gidecek olanlar deyince biz hep g\u00f6\u00e7leri d\u00fc\u015f\u00fcn\u00fcr\u00fcz. Bu defa, T\u00fcrkiye&#8217;ye de\u011fil, domates toplamaya \u0130spanya&#8217;ya, \u00e7ilek hasat\u0131na \u0130sve\u00e7&#8217;e, lale toplay\u0131p buket derlemeye Hollanda&#8217;ya, sebze bah\u00e7eleri d\u00fczenlemeye Avusturya&#8217;ya, in\u015faat i\u015flerine Almanya&#8217;ya v.b. \u00dclkelere i\u015f i\u00e7in gidi\u015fler geliyor akla. Bu \u00fclkelerine her g\u00fcn otob\u00fcsle, u\u00e7akla, minib\u00fcsle, \u00f6zel ara\u00e7larla u\u011furlad\u0131klar\u0131m\u0131z var. Onlardan bir\u00e7o\u011fu H\u00d6H sempatizan\u0131 ve \u00fcyesidir. Onlar\u0131 oraya g\u00f6nderen, H\u00d6H &#8216;\u00fcn kendilerini y\u00fcreklendirememesi oldu. Bunal\u0131mdan \u00e7\u0131k\u0131\u015f\u0131n ideoloji ve politikas\u0131 olmamas\u0131, halkta birlik ve beraberlik ate\u015finin s\u00f6nmesi fikirleri \u00e7atallad\u0131.<\/div>\n<div><\/div>\n<div>A.Do\u011fan umudunu \u015fimdi de Bat\u0131 \u00fclkelerinde ekmek paras\u0131 arayan gurbet\u00e7ilerimize ba\u011flamamas\u0131nda oy hesaplar\u0131 var. O, T\u00fcrkiye&#8217;de oldu\u011fu gibi,\u00a0<b>&#8220;Bat\u0131 merkezinde daha fazla se\u00e7im sand\u0131\u011f\u0131 a\u00e7\u0131lmas\u0131nda&#8221;\u00a0<\/b>\u0131srar ediyor.<b>\u00a0<\/b>\u0130\u015f i\u00e7in bu y\u0131l Bat\u0131 \u00fclkelerine gitmeyi d\u00fc\u015f\u00fcnenlerin say\u0131s\u0131 \u00fcst\u00fcne bilginiz var m\u0131?<\/div>\n<div><\/div>\n<div>1989&#8217;da 500 bini &#8220;<b>Kap\u0131 Kule<\/b>&#8220;den girince, her yer \u0131s\u0131z, g\u00f6n\u00fcller kapkara oldu. \u0130yi oldu da 120 binimiz geri d\u00f6nd\u00fc derken yine gittiler. Bat\u0131 Avrupa \u00fclkelerine gidenlerin toplam say\u0131s\u0131 bahar ve yaz aylar\u0131nda bir milyonu a\u015f\u0131yor. Ba\u011f bah\u00e7e, k\u00f6y kasaba gen\u00e7siz kal\u0131nca ne kadar k\u00f6t\u00fc biliyor musunuz?<\/div>\n<div><\/div>\n<div>Kar\u015f\u0131layan ve u\u011furlayan sa\u011f ellerinde bastun iki b\u00fckl\u00fcm ya\u015fl\u0131lar, dedeler nineler. Onlar\u0131n hali \u00e7ok zordur, emekli maa\u015flar\u0131 yetersiz.\u00a0<b>&#8220;\u0130nsan neden ya\u015far?&#8221;<\/b>\u00a0diye sorunca:&#8221;<b>torunlar\u0131n\u0131 sevebilmek i\u00e7in<\/b>&#8221; diyorlar. Etekte, kucakta, evde yolda, okulda \u00e7ocuk yok. Beni \u00fcrperten Odalar\u0131 bol, kapanm\u0131\u015f okullar insan\u0131 \u00fcrpertiyor.<\/div>\n<div><\/div>\n<div><b>Gidecek olanlarda<\/b>\u00a0bir \u00f6zellik var. Evde k\u0131rda i\u015fe el s\u00fcrm\u00fcyorlar. Bu y\u0131l da ba\u011flar kesilmeden kald\u0131. &#8220;<b>B\u0131rak kurusun<\/b>&#8221; \u2013 i\u015fitilen gen\u00e7 sesi bu. Bavulu kapan ard\u0131na bakm\u0131yor. \u0130\u015f sevdas\u0131 gen\u00e7 g\u00f6n\u00fcllerden \u00e7\u0131km\u0131\u015f&#8230;<\/div>\n<div>Bu &#8220;<b>gidi\u015f, gidi\u015f de\u011fil<\/b>&#8220;.<\/div>\n<div><\/div>\n<div>Ta\u015f yerinde a\u011f\u0131r\u0131r. Ya\u015famak \u015fakaya gelmez! Raporda topra\u011f\u0131 i\u015fleyelim \u00e7a\u011fr\u0131s\u0131 yok. H\u00d6H insan\u0131m\u0131z\u0131 topra\u011f\u0131m\u0131zdan so\u011futtu. Be\u015f para etmeyen politika izliyor. Do\u011fanc\u0131lar do\u011fu\u015ftan engelli gibi hareket ediyorlar.\u00a0<b>&#8220;Demokratikle\u015fme ve \u00f6zg\u00fcrle\u015fme&#8221;<\/b>\u00a0denen siyaseti, AB imk\u00e2nlar\u0131n\u0131 bilgilendiren ve bize anlatacak bir gazete \u00e7\u0131kar(a)mad\u0131lar. Bir radyo yay\u0131n\u0131yla sabah ak\u015fam g\u00f6nl\u00fcm\u00fcz\u00fc ne\u015felendir(e)mediler. Hem gidici de\u011filiz, hem gen\u00e7leri yolcu etmek i\u00e7in var\u0131m\u0131z\u0131 yo\u011fumuzu pazara s\u00fcrd\u00fck. Gide gele ak\u0131l tutulmas\u0131 \u00e7a\u011f\u0131na girdik.<\/div>\n<div><\/div>\n<div>&#8220;<b>De\u011fi\u015fmesi zorunlu olan<\/b>&#8221; De\u011fi\u015fmesi gereken \u00f6nce H\u00d6H&#8217;\u00fcn politikadan vazge\u00e7mesidir. A.Do\u011fan politikadan \u00e7ekilmekle iyi etti derken vekil listesi o yapaca\u011f\u0131n\u0131 \u00f6\u011frenmekle \u015fa\u015f\u0131rd\u0131k. Milletvekili olmak da istemiyormu\u015f. Do\u011fan\u00a0<b>&#8220;de\u011fi\u015fmesi zorunlu olan&#8221;<\/b>\u00a0kavram\u0131n\u0131 raporun en ba\u015f\u0131nda ele almakla H\u00d6H&#8217;e bu i\u015ften &#8220;<b>vaz ge\u00e7elim<\/b>&#8221; demek istemi\u015ftir. Bu \u00e7ar\u0131n\u0131n derin anlam\u0131nda, bu bunal\u0131ml\u0131 siyaseten, i\u00e7 kavga ortam\u0131ndan, halk\u0131 yanl\u0131\u015f y\u00f6netmekten biz &#8220;<b>pes olduk<\/b>&#8220;tur. Do\u011fan her ge\u00e7en g\u00fcn \u00e7o\u011falan sefiller ordusunu kar\u015f\u0131s\u0131nda g\u00f6rd\u00fc. K\u00f6r cahillerin derdine derman bulamayaca\u011f\u0131n\u0131 kavrad\u0131. Yoksullar\u0131n kurtulu\u015funun yoksullar\u0131n kendi elinde oldu\u011funu sezdi ve \u00e7ekildi. H\u00d6H y\u00f6netimi, Mestanl\u0131lar Do\u011fan\u0131 izlemek zorundad\u0131r. H\u00d6H zaman\u0131n\u0131 doldurmu\u015ftur, s\u00fcresi bitmi\u015f. Sofradan sofraya, rak\u0131dan wiskiye ko\u015farken halk\u0131n acil \u00e7\u00f6z\u00fcm bekleyen sorunlar\u0131na \u00e7\u00f6z\u00fcm bulman\u0131n olanaks\u0131z oldu\u011funu kavrayanlar art\u0131k \u00e7o\u011funluktad\u0131r.<\/div>\n<p>8. Ola\u011fan Kurultay raporunun \u00f6z\u00fcn\u00fc belirleyen\u00a0<b>kal\u0131c\u0131 olan, gidici olan ve de\u011fi\u015fecek olan<\/b>mant\u0131\u011f\u0131, Bulgaristan politikas\u0131nda kal\u0131c\u0131 olan\u0131n Bulgaristan&#8217;da ya\u015fayan T\u00fcrkler, Pomak karde\u015flerimiz ve t\u00fcm M\u00fcsl\u00fcmanlar oldu\u011funu, onlar\u0131n adalet ve geleneklerine ba\u011fl\u0131l\u0131k duygusu oldu\u011funu bir kez daha b\u00fct\u00fcn ulusa ve AB&#8217;ye g\u00f6stermi\u015ftir. Bizim her \u015feyde ve her zaman kal\u0131c\u0131l\u0131\u011f\u0131m\u0131z tarihsel a\u00e7\u0131dan sonsuzdur. Bi\u00e7im ve i\u00e7erik olarak son derece zengindir. De\u011fi\u015ferek yenilenmemiz, AB&#8217;nin multi k\u00fclt\u00fcrel b\u00fct\u00fcnsellik siyasetinde g\u00fcn g\u00f6rnd\u00fc. Bu at\u0131l\u0131mda farkl\u0131l\u0131klar\u0131m\u0131z, d\u00fcr\u00fcstl\u00fc\u011f\u00fcm\u00fcz, bilgeli\u011fimiz, alicenapl\u0131l\u0131\u011f\u0131m\u0131z, ho\u015fg\u00f6r\u00fcm\u00fcz ve muhta\u00e7 olan her ki\u015fiye el uzatmaya haz\u0131r olu\u015fumuz sayg\u0131nl\u0131k kazan\u0131yor. 12 May\u0131s 2013 se\u00e7imlerinde bu niteliklerimizin desteklememizde ve oylar\u0131n\u0131z\u0131 bu ki\u015filere vermemizde ifade bulacakt\u0131r. Biz, bizi de\u011fi\u015fmeye davet edenlerin kendilerinin de\u011fi\u015fmekten korktu\u011funu g\u00f6rd\u00fck. De\u011fi\u015fme ve yenilenme isteyenlerin ba\u015f\u0131nda \u0131\u015f\u0131k sa\u00e7an umut verenlere vermeliyiz. Birlik olal\u0131m! Hak ve \u00f6zg\u00fcrl\u00fck yolundan do\u011furu insanlar\u0131 destekleyelim. Halk\u0131n vekilini se\u00e7me zaman\u0131 gelmi\u015ftir, bu se\u00e7imlerde art\u0131k halk kendi vekilini se\u00e7melidir. Bu toplumun \u00f6rf ve adetlerine uygun halk\u0131 ile birlikte y\u00fcr\u00fcyen, halka tepeden bakmayanlardan. \u0130nsan\u0131 ya\u015fat ki devlet de ya\u015fas\u0131n diyebilen, halk\u0131n \u00e7\u0131karlar\u0131n\u0131 kendi \u00e7\u0131karlar\u0131ndan \u00f6nce tutabilen biri olmal\u0131d\u0131r.<\/p>\n<div id=\"bghab-3159468454\" class=\"bghab-yazi-altinda bghab-entity-placement\"><script async src=\"https:\/\/pagead2.googlesyndication.com\/pagead\/js\/adsbygoogle.js\"><\/script>\r\n<!-- bghaber-yaz\u0131-sonu -->\r\n<ins class=\"adsbygoogle\"\r\n     style=\"display:block\"\r\n     data-ad-client=\"ca-pub-6203283170189293\"\r\n     data-ad-slot=\"4222328180\"\r\n     data-ad-format=\"auto\"\r\n     data-full-width-responsive=\"true\"><\/ins>\r\n<script>\r\n     (adsbygoogle = window.adsbygoogle || []).push({});\r\n<\/script><\/div><br style=\"clear: both; display: block; float: none;\"\/>","protected":false},"excerpt":{"rendered":"<p>12 Nisan g\u00fcn\u00fc se\u00e7im kampanyas\u0131 ba\u015flad\u0131 ve 11 May\u0131s 2013&#8217;te sona erecek. Politik partiler se\u00e7menle y\u00fczle\u015fme haz\u0131rl\u0131klar\u0131n\u0131 tamamlad\u0131: Programlar yay\u0131nland\u0131, afi\u015fler bas\u0131ld\u0131, k\u00f6fte, kebap ve<\/p>\n","protected":false},"author":2,"featured_media":36665,"comment_status":"closed","ping_status":"closed","sticky":false,"template":"","format":"standard","meta":{"advanced_seo_description":"","jetpack_seo_html_title":"","jetpack_seo_noindex":false,"jetpack_seo_schema_type":"","_jetpack_newsletter_access":"","_jetpack_dont_email_post_to_subs":false,"_jetpack_newsletter_tier_id":0,"_jetpack_memberships_contains_paywalled_content":false,"_jetpack_feature_clip_id":0,"_jetpack_memberships_contains_paid_content":false,"footnotes":"","jetpack_post_was_ever_published":false},"categories":[6],"tags":[],"class_list":["post-507","post","type-post","status-publish","format-standard","has-post-thumbnail","hentry","category-yorum"],"jetpack_sharing_enabled":true,"jetpack_likes_enabled":true,"jetpack-related-posts":[],"jetpack_shortlink":"https:\/\/wp.me\/pc2PfJ-8b","jetpack_featured_media_url":"https:\/\/i0.wp.com\/www.bghaber.org\/bghaber\/wp-content\/uploads\/2013\/04\/rafeto0001.jpg?fit=810%2C837&ssl=1","_links":{"self":[{"href":"https:\/\/www.bghaber.org\/bghaber\/wp-json\/wp\/v2\/posts\/507","targetHints":{"allow":["GET"]}}],"collection":[{"href":"https:\/\/www.bghaber.org\/bghaber\/wp-json\/wp\/v2\/posts"}],"about":[{"href":"https:\/\/www.bghaber.org\/bghaber\/wp-json\/wp\/v2\/types\/post"}],"author":[{"embeddable":true,"href":"https:\/\/www.bghaber.org\/bghaber\/wp-json\/wp\/v2\/users\/2"}],"replies":[{"embeddable":true,"href":"https:\/\/www.bghaber.org\/bghaber\/wp-json\/wp\/v2\/comments?post=507"}],"version-history":[{"count":0,"href":"https:\/\/www.bghaber.org\/bghaber\/wp-json\/wp\/v2\/posts\/507\/revisions"}],"wp:featuredmedia":[{"embeddable":true,"href":"https:\/\/www.bghaber.org\/bghaber\/wp-json\/wp\/v2\/media\/36665"}],"wp:attachment":[{"href":"https:\/\/www.bghaber.org\/bghaber\/wp-json\/wp\/v2\/media?parent=507"}],"wp:term":[{"taxonomy":"category","embeddable":true,"href":"https:\/\/www.bghaber.org\/bghaber\/wp-json\/wp\/v2\/categories?post=507"},{"taxonomy":"post_tag","embeddable":true,"href":"https:\/\/www.bghaber.org\/bghaber\/wp-json\/wp\/v2\/tags?post=507"}],"curies":[{"name":"wp","href":"https:\/\/api.w.org\/{rel}","templated":true}]}}