{"id":5044,"date":"2013-08-15T00:10:04","date_gmt":"2013-08-14T21:10:04","guid":{"rendered":"http:\/\/bghaber.org\/bghaber\/?p=5044"},"modified":"2019-07-16T00:26:57","modified_gmt":"2019-07-15T22:26:57","slug":"bulgaristan-halk-oyunlari-ekibindan-vali-tunaya-ziyaret","status":"publish","type":"post","link":"https:\/\/www.bghaber.org\/bghaber\/bulgaristan-halk-oyunlari-ekibindan-vali-tunaya-ziyaret\/","title":{"rendered":"Bulgaristan Halk Oyunlar\u0131 Ekibindan Vali Tuna&#8217;ya Ziyaret"},"content":{"rendered":"<p>Eski\u015fehir Valisi G\u00fcng\u00f6r Azim Tuna, 2013 T\u00fcrk D\u00fcnyas\u0131 K\u00fclt\u00fcr Ba\u015fkentli\u011fi Ajans\u0131\u2019n\u0131n etkinlikleri kapsam\u0131nda, Eski\u015fehir\u2019de g\u00f6steri yapmaya gelen Bulgaristan\u2019\u0131n Karaman K\u00f6y\u00fc Halk Oyunlar\u0131 ekibini makam\u0131nda kabul etti.<!--more--><\/p>\n<p><a href=\"https:\/\/i0.wp.com\/bghaber.org\/bghaber\/wp-content\/uploads\/2013\/08\/bulgaristan-halk-oyunlari-ekibinden-vali-tunaya-ziyaret.jpg\"><img data-recalc-dims=\"1\" loading=\"lazy\" decoding=\"async\" class=\"alignright size-medium wp-image-5046\" alt=\"bulgaristan-halk-oyunlari-ekibinden-vali-tunaya-ziyaret\" src=\"https:\/\/i0.wp.com\/bghaber.org\/bghaber\/wp-content\/uploads\/2013\/08\/bulgaristan-halk-oyunlari-ekibinden-vali-tunaya-ziyaret-300x200.jpg?resize=300%2C200\" width=\"300\" height=\"200\" srcset=\"https:\/\/i0.wp.com\/www.bghaber.org\/bghaber\/wp-content\/uploads\/2013\/08\/bulgaristan-halk-oyunlari-ekibinden-vali-tunaya-ziyaret.jpg?resize=300%2C200&amp;ssl=1 300w, https:\/\/i0.wp.com\/www.bghaber.org\/bghaber\/wp-content\/uploads\/2013\/08\/bulgaristan-halk-oyunlari-ekibinden-vali-tunaya-ziyaret.jpg?resize=600%2C400&amp;ssl=1 600w, https:\/\/i0.wp.com\/www.bghaber.org\/bghaber\/wp-content\/uploads\/2013\/08\/bulgaristan-halk-oyunlari-ekibinden-vali-tunaya-ziyaret.jpg?w=660&amp;ssl=1 660w\" sizes=\"auto, (max-width: 300px) 100vw, 300px\" \/><\/a>Ziyaretle ilgili duygular\u0131n\u0131 a\u00e7\u0131klayan Vali Tuna, birlik ve beraberli\u011fin \u00f6nemine de\u011finerek, T\u00fcrk d\u00fcnyas\u0131ndaki karde\u015fli\u011fi, dostlu\u011fu ve dayan\u0131\u015fmay\u0131 t\u00fcm d\u00fcnyaya g\u00f6stermek istediklerini belirtti. Halk oyunu ekibindeki \u00e7ocuklarla tek tek tan\u0131\u015fan Vali Tuna, &#8220;Sizleri Eski\u015fehir\u2019de a\u011f\u0131rlamaktan b\u00fcy\u00fck mutluluk duyuyoruz&#8221; diye konu\u015ftu.<\/p>\n<p>Ziyaretten duydu\u011fu memnuniyeti dile getiren Vali Tuna, etkinli\u011fe katk\u0131 sa\u011flayan Karaman Halk Oyunlar\u0131 ekibine \u00e7e\u015fitli hediyeler verdi.<\/p>\n<p>&nbsp;<\/p>\n<p>\u0130HA<\/p>\n<div id=\"bghab-2628399785\" class=\"bghab-yazi-altinda bghab-entity-placement\"><script async src=\"https:\/\/pagead2.googlesyndication.com\/pagead\/js\/adsbygoogle.js\"><\/script>\r\n<!-- bghaber-yaz\u0131-sonu -->\r\n<ins class=\"adsbygoogle\"\r\n     style=\"display:block\"\r\n     data-ad-client=\"ca-pub-6203283170189293\"\r\n     data-ad-slot=\"4222328180\"\r\n     data-ad-format=\"auto\"\r\n     data-full-width-responsive=\"true\"><\/ins>\r\n<script>\r\n     (adsbygoogle = window.adsbygoogle || []).push({});\r\n<\/script><\/div><br style=\"clear: both; display: block; float: none;\"\/>","protected":false},"excerpt":{"rendered":"<p>Eski\u015fehir Valisi G\u00fcng\u00f6r Azim Tuna, 2013 T\u00fcrk D\u00fcnyas\u0131 K\u00fclt\u00fcr Ba\u015fkentli\u011fi Ajans\u0131\u2019n\u0131n etkinlikleri kapsam\u0131nda, Eski\u015fehir\u2019de g\u00f6steri yapmaya gelen Bulgaristan\u2019\u0131n Karaman K\u00f6y\u00fc Halk Oyunlar\u0131 ekibini makam\u0131nda kabul<\/p>\n","protected":false},"author":29,"featured_media":5046,"comment_status":"closed","ping_status":"closed","sticky":false,"template":"","format":"standard","meta":{"advanced_seo_description":"","jetpack_seo_html_title":"","jetpack_seo_noindex":false,"jetpack_seo_schema_type":"","_jetpack_newsletter_access":"","_jetpack_dont_email_post_to_subs":false,"_jetpack_newsletter_tier_id":0,"_jetpack_memberships_contains_paywalled_content":false,"_jetpack_feature_clip_id":0,"_jetpack_memberships_contains_paid_content":false,"footnotes":"","jetpack_post_was_ever_published":false},"categories":[10],"tags":[30,199],"class_list":["post-5044","post","type-post","status-publish","format-standard","has-post-thumbnail","hentry","category-kultur-sanat","tag-bulgaristan","tag-eskisehir"],"jetpack_sharing_enabled":true,"jetpack_likes_enabled":true,"jetpack-related-posts":[],"jetpack_shortlink":"https:\/\/wp.me\/pc2PfJ-1jm","jetpack_featured_media_url":"https:\/\/i0.wp.com\/www.bghaber.org\/bghaber\/wp-content\/uploads\/2013\/08\/bulgaristan-halk-oyunlari-ekibinden-vali-tunaya-ziyaret.jpg?fit=660%2C440&ssl=1","_links":{"self":[{"href":"https:\/\/www.bghaber.org\/bghaber\/wp-json\/wp\/v2\/posts\/5044","targetHints":{"allow":["GET"]}}],"collection":[{"href":"https:\/\/www.bghaber.org\/bghaber\/wp-json\/wp\/v2\/posts"}],"about":[{"href":"https:\/\/www.bghaber.org\/bghaber\/wp-json\/wp\/v2\/types\/post"}],"author":[{"embeddable":true,"href":"https:\/\/www.bghaber.org\/bghaber\/wp-json\/wp\/v2\/users\/29"}],"replies":[{"embeddable":true,"href":"https:\/\/www.bghaber.org\/bghaber\/wp-json\/wp\/v2\/comments?post=5044"}],"version-history":[{"count":0,"href":"https:\/\/www.bghaber.org\/bghaber\/wp-json\/wp\/v2\/posts\/5044\/revisions"}],"wp:featuredmedia":[{"embeddable":true,"href":"https:\/\/www.bghaber.org\/bghaber\/wp-json\/wp\/v2\/media\/5046"}],"wp:attachment":[{"href":"https:\/\/www.bghaber.org\/bghaber\/wp-json\/wp\/v2\/media?parent=5044"}],"wp:term":[{"taxonomy":"category","embeddable":true,"href":"https:\/\/www.bghaber.org\/bghaber\/wp-json\/wp\/v2\/categories?post=5044"},{"taxonomy":"post_tag","embeddable":true,"href":"https:\/\/www.bghaber.org\/bghaber\/wp-json\/wp\/v2\/tags?post=5044"}],"curies":[{"name":"wp","href":"https:\/\/api.w.org\/{rel}","templated":true}]}}