{"id":50411,"date":"2020-11-03T05:59:50","date_gmt":"2020-11-03T02:59:50","guid":{"rendered":"https:\/\/www.bghaber.org\/bghaber\/?p=50411"},"modified":"2020-11-02T23:35:43","modified_gmt":"2020-11-02T20:35:43","slug":"zaharieva-uskup-tarihsel-gercekleri-tanimalidir","status":"publish","type":"post","link":"https:\/\/www.bghaber.org\/bghaber\/zaharieva-uskup-tarihsel-gercekleri-tanimalidir\/","title":{"rendered":"Zaharieva: \u00dcsk\u00fcp tarihsel ger\u00e7ekleri tan\u0131mal\u0131d\u0131r"},"content":{"rendered":"\n<p class=\"wp-block-paragraph\">\u201c E\u011fer Kuzey \u00a0Makedonya ulusunun ve dilinin Bulgar k\u00f6kenlerini kabul ederse bu aram\u0131zdaki gerginli\u011fe ve Bulgaristan\u2019\u0131n AB \u00fcyelik m\u00fczakereleri ba\u015flang\u0131c\u0131na veto uygulamas\u0131 ihtimaline son verecek.\u2019 Ba\u015fbakan yard\u0131mc\u0131s\u0131 ve d\u0131\u015fi\u015fleri bakan\u0131 Ekaterina Zaharieva bunu Reuters ajans\u0131na a\u00e7\u0131klamas\u0131nda belirtti. <\/p>\n\n\n\n<p class=\"wp-block-paragraph\">Zaharieva, Bulgaristan\u2019\u0131n Kuzey Makedonya\u2019n\u0131n egemenlik ve konu\u015ftuklar\u0131 dili istedikleri isimle adland\u0131rma haklar\u0131na sayg\u0131 g\u00f6sterdi\u011fini belirtti. \u2018 Onlar\u0131n tarihsel ger\u00e7ekleri tan\u0131mas\u0131 durumunda biz \u015fimdiki realiteyi yeniden tan\u0131maya haz\u0131r\u0131z\u2019 diyen bakan Zaharieva, Bulgaristan\u2019\u0131n s\u0131k\u0131nt\u0131lar\u0131n\u0131n Kuzey Makedonya Cumhuriyeti\u2019nin\u00a0 \u00fclkemizde bir Makedon az\u0131nl\u0131\u011f\u0131 bulunmas\u0131na dair devaml\u0131 iddialar\u0131yla ba\u011fl\u0131 oldu\u011funu s\u00f6yledi. <\/p>\n\n\n\n<p class=\"wp-block-paragraph\">Reuters Ajans\u0131, Makedonya ba\u015fbakan\u0131 Zoran Zaev\u2019in \u00fclkesinin kimlik ile dilinin tart\u0131\u015fma konusu olamayaca\u011f\u0131 s\u00f6zlerini an\u0131msatt\u0131.<\/p>\n\n\n\n<p class=\"wp-block-paragraph\"><\/p>\n\n\n\n<p class=\"wp-block-paragraph\">BNR<\/p>\n<div id=\"bghab-3354146502\" class=\"bghab-yazi-altinda bghab-entity-placement\"><script async src=\"https:\/\/pagead2.googlesyndication.com\/pagead\/js\/adsbygoogle.js\"><\/script>\r\n<!-- bghaber-yaz\u0131-sonu -->\r\n<ins class=\"adsbygoogle\"\r\n     style=\"display:block\"\r\n     data-ad-client=\"ca-pub-6203283170189293\"\r\n     data-ad-slot=\"4222328180\"\r\n     data-ad-format=\"auto\"\r\n     data-full-width-responsive=\"true\"><\/ins>\r\n<script>\r\n     (adsbygoogle = window.adsbygoogle || []).push({});\r\n<\/script><\/div><br style=\"clear: both; display: block; float: none;\"\/>","protected":false},"excerpt":{"rendered":"<p>\u201c E\u011fer Kuzey \u00a0Makedonya ulusunun ve dilinin Bulgar k\u00f6kenlerini kabul ederse bu aram\u0131zdaki gerginli\u011fe ve Bulgaristan\u2019\u0131n AB \u00fcyelik m\u00fczakereleri ba\u015flang\u0131c\u0131na veto uygulamas\u0131 ihtimaline son verecek.\u2019<\/p>\n","protected":false},"author":29,"featured_media":41321,"comment_status":"closed","ping_status":"closed","sticky":false,"template":"","format":"standard","meta":{"advanced_seo_description":"","jetpack_seo_html_title":"","jetpack_seo_noindex":false,"jetpack_seo_schema_type":"","_jetpack_newsletter_access":"","_jetpack_dont_email_post_to_subs":false,"_jetpack_newsletter_tier_id":0,"_jetpack_memberships_contains_paywalled_content":false,"_jetpack_feature_clip_id":0,"_jetpack_memberships_contains_paid_content":false,"footnotes":"","jetpack_post_was_ever_published":false},"categories":[1,4],"tags":[30,910,1222,63],"class_list":["post-50411","post","type-post","status-publish","format-standard","has-post-thumbnail","hentry","category-haberler","category-siyaset","tag-bulgaristan","tag-ekaterina-zaharieva","tag-kuzey-makedonya","tag-makedonya"],"jetpack_sharing_enabled":true,"jetpack_likes_enabled":true,"jetpack-related-posts":[],"jetpack_shortlink":"https:\/\/wp.me\/pc2PfJ-d75","jetpack_featured_media_url":"https:\/\/i0.wp.com\/www.bghaber.org\/bghaber\/wp-content\/uploads\/2019\/10\/Bulgaristan-Ba%C5%9Fbakan-Yard%C4%B1mc%C4%B1s%C4%B1-ve-D%C4%B1%C5%9Fi%C5%9Fleri-Bakan%C4%B1-Ekaterina-Zaharieva.jpg?fit=864%2C486&ssl=1","_links":{"self":[{"href":"https:\/\/www.bghaber.org\/bghaber\/wp-json\/wp\/v2\/posts\/50411","targetHints":{"allow":["GET"]}}],"collection":[{"href":"https:\/\/www.bghaber.org\/bghaber\/wp-json\/wp\/v2\/posts"}],"about":[{"href":"https:\/\/www.bghaber.org\/bghaber\/wp-json\/wp\/v2\/types\/post"}],"author":[{"embeddable":true,"href":"https:\/\/www.bghaber.org\/bghaber\/wp-json\/wp\/v2\/users\/29"}],"replies":[{"embeddable":true,"href":"https:\/\/www.bghaber.org\/bghaber\/wp-json\/wp\/v2\/comments?post=50411"}],"version-history":[{"count":0,"href":"https:\/\/www.bghaber.org\/bghaber\/wp-json\/wp\/v2\/posts\/50411\/revisions"}],"wp:featuredmedia":[{"embeddable":true,"href":"https:\/\/www.bghaber.org\/bghaber\/wp-json\/wp\/v2\/media\/41321"}],"wp:attachment":[{"href":"https:\/\/www.bghaber.org\/bghaber\/wp-json\/wp\/v2\/media?parent=50411"}],"wp:term":[{"taxonomy":"category","embeddable":true,"href":"https:\/\/www.bghaber.org\/bghaber\/wp-json\/wp\/v2\/categories?post=50411"},{"taxonomy":"post_tag","embeddable":true,"href":"https:\/\/www.bghaber.org\/bghaber\/wp-json\/wp\/v2\/tags?post=50411"}],"curies":[{"name":"wp","href":"https:\/\/api.w.org\/{rel}","templated":true}]}}