{"id":50408,"date":"2020-11-03T05:00:45","date_gmt":"2020-11-03T02:00:45","guid":{"rendered":"https:\/\/www.bghaber.org\/bghaber\/?p=50408"},"modified":"2020-11-02T23:33:38","modified_gmt":"2020-11-02T20:33:38","slug":"dort-vatandastan-birinin-covid-19u-var","status":"publish","type":"post","link":"https:\/\/www.bghaber.org\/bghaber\/dort-vatandastan-birinin-covid-19u-var\/","title":{"rendered":"D\u00f6rt vatanda\u015ftan birinin Covid-19\u2019u var"},"content":{"rendered":"\n<p class=\"wp-block-paragraph\">Vir\u00fcsolog Prof. Radka Argirova BNT\u2019ye konu\u015furken, \u2018son 20 g\u00fcnde \u00fclkemizde her d\u00f6rt ki\u015fiden birinin koronavir\u00fcs te\u015fhisi var\u2019 dedi. <\/p>\n\n\n\n<p class=\"wp-block-paragraph\">Covid-19 semptomlar\u0131 olan \u00e7ok say\u0131da insan\u0131n teste tabi olmad\u0131\u011f\u0131n\u0131 ilave eden Argirova, b\u00fct\u00fcn bireylerin PCR testlerine tabi olmamas\u0131, \u00f6zellikle ameliyat \u00f6ncesinde acil antikor testlerinin\u00a0 kullan\u0131lmas\u0131 gerekti\u011fini vurgulad\u0131. <\/p>\n\n\n\n<p class=\"wp-block-paragraph\">Acil testlerin adreslere giden amb\u00fclans t\u0131p \u00e7al\u0131\u015fanlar\u0131nca yap\u0131lmas\u0131 \u00f6ng\u00f6r\u00fcl\u00fcyor. Prof. Radka Argirova, koronavir\u00fcslerin laboratuvarlardan de\u011fil, farkl\u0131 yabani hayvanlardan yay\u0131ld\u0131\u011f\u0131n\u0131 da s\u00f6zlerine ekledi.\u00a0<\/p>\n\n\n\n<p class=\"wp-block-paragraph\"><\/p>\n\n\n\n<p class=\"wp-block-paragraph\">BNR<\/p>\n<div id=\"bghab-3385422467\" class=\"bghab-yazi-altinda bghab-entity-placement\"><script async src=\"https:\/\/pagead2.googlesyndication.com\/pagead\/js\/adsbygoogle.js\"><\/script>\r\n<!-- bghaber-yaz\u0131-sonu -->\r\n<ins class=\"adsbygoogle\"\r\n     style=\"display:block\"\r\n     data-ad-client=\"ca-pub-6203283170189293\"\r\n     data-ad-slot=\"4222328180\"\r\n     data-ad-format=\"auto\"\r\n     data-full-width-responsive=\"true\"><\/ins>\r\n<script>\r\n     (adsbygoogle = window.adsbygoogle || []).push({});\r\n<\/script><\/div><br style=\"clear: both; display: block; float: none;\"\/>","protected":false},"excerpt":{"rendered":"<p>Vir\u00fcsolog Prof. Radka Argirova BNT\u2019ye konu\u015furken, \u2018son 20 g\u00fcnde \u00fclkemizde her d\u00f6rt ki\u015fiden birinin koronavir\u00fcs te\u015fhisi var\u2019 dedi. Covid-19 semptomlar\u0131 olan \u00e7ok say\u0131da insan\u0131n teste<\/p>\n","protected":false},"author":29,"featured_media":50409,"comment_status":"closed","ping_status":"closed","sticky":false,"template":"","format":"standard","meta":{"advanced_seo_description":"","jetpack_seo_html_title":"","jetpack_seo_noindex":false,"jetpack_seo_schema_type":"","_jetpack_newsletter_access":"","_jetpack_dont_email_post_to_subs":false,"_jetpack_newsletter_tier_id":0,"_jetpack_memberships_contains_paywalled_content":false,"_jetpack_feature_clip_id":0,"_jetpack_memberships_contains_paid_content":false,"footnotes":"","jetpack_post_was_ever_published":false},"categories":[1,7],"tags":[30,2902,2884],"class_list":["post-50408","post","type-post","status-publish","format-standard","has-post-thumbnail","hentry","category-haberler","category-saglik-spor","tag-bulgaristan","tag-korona","tag-virus"],"jetpack_sharing_enabled":true,"jetpack_likes_enabled":true,"jetpack-related-posts":[],"jetpack_shortlink":"https:\/\/wp.me\/pc2PfJ-d72","jetpack_featured_media_url":"https:\/\/i0.wp.com\/www.bghaber.org\/bghaber\/wp-content\/uploads\/2020\/11\/Virusolog-Prof.-Radka-Argirova.jpg?fit=925%2C520&ssl=1","_links":{"self":[{"href":"https:\/\/www.bghaber.org\/bghaber\/wp-json\/wp\/v2\/posts\/50408","targetHints":{"allow":["GET"]}}],"collection":[{"href":"https:\/\/www.bghaber.org\/bghaber\/wp-json\/wp\/v2\/posts"}],"about":[{"href":"https:\/\/www.bghaber.org\/bghaber\/wp-json\/wp\/v2\/types\/post"}],"author":[{"embeddable":true,"href":"https:\/\/www.bghaber.org\/bghaber\/wp-json\/wp\/v2\/users\/29"}],"replies":[{"embeddable":true,"href":"https:\/\/www.bghaber.org\/bghaber\/wp-json\/wp\/v2\/comments?post=50408"}],"version-history":[{"count":0,"href":"https:\/\/www.bghaber.org\/bghaber\/wp-json\/wp\/v2\/posts\/50408\/revisions"}],"wp:featuredmedia":[{"embeddable":true,"href":"https:\/\/www.bghaber.org\/bghaber\/wp-json\/wp\/v2\/media\/50409"}],"wp:attachment":[{"href":"https:\/\/www.bghaber.org\/bghaber\/wp-json\/wp\/v2\/media?parent=50408"}],"wp:term":[{"taxonomy":"category","embeddable":true,"href":"https:\/\/www.bghaber.org\/bghaber\/wp-json\/wp\/v2\/categories?post=50408"},{"taxonomy":"post_tag","embeddable":true,"href":"https:\/\/www.bghaber.org\/bghaber\/wp-json\/wp\/v2\/tags?post=50408"}],"curies":[{"name":"wp","href":"https:\/\/api.w.org\/{rel}","templated":true}]}}