{"id":504,"date":"2013-04-15T20:50:41","date_gmt":"2013-04-15T17:50:41","guid":{"rendered":"http:\/\/bghaber.org\/bghaber\/?p=504"},"modified":"2019-07-19T00:07:38","modified_gmt":"2019-07-18T22:07:38","slug":"gunesin-eski-ve-yeni-nesli-bolgemizde-en-iyiler","status":"publish","type":"post","link":"https:\/\/www.bghaber.org\/bghaber\/gunesin-eski-ve-yeni-nesli-bolgemizde-en-iyiler\/","title":{"rendered":"G\u00dcNE\u015e\u2019in eski ve yeni nesli b\u00f6lgemizde en iyiler!"},"content":{"rendered":"<p>Ne olursan ol \u2013 gel! Mevlana\u2019n\u0131n bu s\u00f6zlerinle Rus\u00e7uk b\u00f6lgesinde BUKET folklor yar\u0131\u015fmas\u0131, Rus\u00e7uk belediye salonunda bug\u00fcn 15.00 ba\u015flam\u0131\u015f oldu. Salonda 10 grup ve \u00f6zel kat\u0131l\u0131mc\u0131lar\u0131 doksan ki\u015fi olarak %80 \u00e7ocuktu.<br \/>\n<!--more--><\/p>\n<p><!--more--><\/p>\n<p>Toplam 250 c\u0131var\u0131 kat\u0131l\u0131mc\u0131 ve seyirciler heyacanl\u0131 anlar ya\u015fad\u0131. Yar\u0131\u015fma iki b\u00f6l\u00fcmde ger\u00e7ekle\u015fti:<br \/>\n1. Folklor b\u00f6l\u00fcm\u00fc \u2013 M\u00fczik ve Sanat yar\u0131\u015fmas\u0131<br \/>\n2. Siyasi b\u00f6l\u00fcm\u00fc \u2013 H\u00d6H se\u00e7im kampanya a\u00e7\u0131l\u0131\u015f\u0131 ve 15 ki\u015filik milletvekili aday tan\u0131t\u0131m\u0131.<\/p>\n<p>M\u00fczik b\u00f6l\u00fcm\u00fcnde dereceye girenler:<br \/>\n1. TUNA KIZLARI \u2013 Rus\u00e7uk ili Semercik\u00f6y T\u00fcrk Halk T\u00fcrk\u00fcleri gurubu \/ G\u00dcNE\u015e \u00e7ocuk folklor gurubu kurucular\u0131\/<br \/>\n2. Ece SEZG\u0130N \u2013 Yenicek\u00f6y, Rus\u00e7uk \/ G\u00dcNE\u015e \u00e7ocuk folklor gurubu \u00fcyesi\/.<br \/>\n3. G\u00fcldeniz Y\u00dcMEROVA \u2013 Botrov \/ Byala il\u00e7esi\/<\/p>\n<p>Sanat b\u00f6l\u00fcm\u00fc:<br \/>\n1. YILDIZLAR \u2013 Dve mogili T\u00fcrk Folklor Gurubu<br \/>\n2. SUYGU \u2013 Vetovo Tatar Folklor Gurubu<br \/>\n3. MARTEN Bulgar Folklor Gurubu<\/p>\n<p>H\u00d6H Milletvekili liste ba\u015f\u0131nda olan Ferihan Ahmedova\u2019n\u0131n \u00f6d\u00fcl\u00fc Tr\u0131stenik, NAZLI KIZLAR T\u00fcrk Folklor Grubuna verildi. Seyir\u00e7ilerin \u00f6d\u00fcl\u00fc ise Slivo pole\u2019den Alper \u0130SMA\u0130LOV\u2019a gitti. Milletvekilleri aday liste \u00f6d\u00fcl\u00fcn\u00fc Obretenik, BUKET Folklor grubu ald\u0131.<\/p><div id=\"bghab-1097245622\" class=\"bghab-icerik-icine bghab-entity-placement\"><script async src=\"\/\/pagead2.googlesyndication.com\/pagead\/js\/adsbygoogle.js?client=ca-pub-6203283170189293\" crossorigin=\"anonymous\"><\/script><ins class=\"adsbygoogle\" style=\"display:block; text-align:center;\" data-ad-client=\"ca-pub-6203283170189293\" \ndata-ad-slot=\"7303146466\" \ndata-ad-layout=\"in-article\"\ndata-ad-format=\"fluid\" data-full-width-responsive=\"true\"><\/ins>\n<script> \n(adsbygoogle = window.adsbygoogle || []).push({}); \n<\/script>\n<\/div>\n<p><a href=\"https:\/\/i0.wp.com\/bghaber.org\/bghaber\/wp-content\/uploads\/2013\/04\/gunes-cocuk-folklor.jpg\"><img data-recalc-dims=\"1\" loading=\"lazy\" decoding=\"async\" class=\"aligncenter size-full wp-image-505\" alt=\"gunes-cocuk-folklor\" src=\"https:\/\/i0.wp.com\/bghaber.org\/bghaber\/wp-content\/uploads\/2013\/04\/gunes-cocuk-folklor.jpg?resize=600%2C400\" width=\"600\" height=\"400\" srcset=\"https:\/\/i0.wp.com\/www.bghaber.org\/bghaber\/wp-content\/uploads\/2013\/04\/gunes-cocuk-folklor.jpg?w=600&amp;ssl=1 600w, https:\/\/i0.wp.com\/www.bghaber.org\/bghaber\/wp-content\/uploads\/2013\/04\/gunes-cocuk-folklor.jpg?resize=300%2C200&amp;ssl=1 300w\" sizes=\"auto, (max-width: 600px) 100vw, 600px\" \/><\/a><\/p>\n<p>&nbsp;<\/p>\n<p>KH &#8211;\u00a0Mecbure EFRA\u0130MOVA<\/p>\n<div id=\"bghab-1238179792\" class=\"bghab-yazi-altinda bghab-entity-placement\"><script async src=\"https:\/\/pagead2.googlesyndication.com\/pagead\/js\/adsbygoogle.js\"><\/script>\r\n<!-- bghaber-yaz\u0131-sonu -->\r\n<ins class=\"adsbygoogle\"\r\n     style=\"display:block\"\r\n     data-ad-client=\"ca-pub-6203283170189293\"\r\n     data-ad-slot=\"4222328180\"\r\n     data-ad-format=\"auto\"\r\n     data-full-width-responsive=\"true\"><\/ins>\r\n<script>\r\n     (adsbygoogle = window.adsbygoogle || []).push({});\r\n<\/script><\/div><br style=\"clear: both; display: block; float: none;\"\/>","protected":false},"excerpt":{"rendered":"<p>Ne olursan ol \u2013 gel! Mevlana\u2019n\u0131n bu s\u00f6zlerinle Rus\u00e7uk b\u00f6lgesinde BUKET folklor yar\u0131\u015fmas\u0131, Rus\u00e7uk belediye salonunda bug\u00fcn 15.00 ba\u015flam\u0131\u015f oldu. Salonda 10 grup ve \u00f6zel<\/p>\n","protected":false},"author":29,"featured_media":505,"comment_status":"closed","ping_status":"closed","sticky":false,"template":"","format":"standard","meta":{"advanced_seo_description":"","jetpack_seo_html_title":"","jetpack_seo_noindex":false,"jetpack_seo_schema_type":"","_jetpack_newsletter_access":"","_jetpack_dont_email_post_to_subs":false,"_jetpack_newsletter_tier_id":0,"_jetpack_memberships_contains_paywalled_content":false,"_jetpack_feature_clip_id":0,"_jetpack_memberships_contains_paid_content":false,"footnotes":"","jetpack_post_was_ever_published":false},"categories":[10],"tags":[22],"class_list":["post-504","post","type-post","status-publish","format-standard","has-post-thumbnail","hentry","category-kultur-sanat","tag-gunes-dernegi"],"jetpack_sharing_enabled":true,"jetpack_likes_enabled":true,"jetpack-related-posts":[],"jetpack_shortlink":"https:\/\/wp.me\/pc2PfJ-88","jetpack_featured_media_url":"https:\/\/i0.wp.com\/www.bghaber.org\/bghaber\/wp-content\/uploads\/2013\/04\/gunes-cocuk-folklor.jpg?fit=600%2C400&ssl=1","_links":{"self":[{"href":"https:\/\/www.bghaber.org\/bghaber\/wp-json\/wp\/v2\/posts\/504","targetHints":{"allow":["GET"]}}],"collection":[{"href":"https:\/\/www.bghaber.org\/bghaber\/wp-json\/wp\/v2\/posts"}],"about":[{"href":"https:\/\/www.bghaber.org\/bghaber\/wp-json\/wp\/v2\/types\/post"}],"author":[{"embeddable":true,"href":"https:\/\/www.bghaber.org\/bghaber\/wp-json\/wp\/v2\/users\/29"}],"replies":[{"embeddable":true,"href":"https:\/\/www.bghaber.org\/bghaber\/wp-json\/wp\/v2\/comments?post=504"}],"version-history":[{"count":0,"href":"https:\/\/www.bghaber.org\/bghaber\/wp-json\/wp\/v2\/posts\/504\/revisions"}],"wp:featuredmedia":[{"embeddable":true,"href":"https:\/\/www.bghaber.org\/bghaber\/wp-json\/wp\/v2\/media\/505"}],"wp:attachment":[{"href":"https:\/\/www.bghaber.org\/bghaber\/wp-json\/wp\/v2\/media?parent=504"}],"wp:term":[{"taxonomy":"category","embeddable":true,"href":"https:\/\/www.bghaber.org\/bghaber\/wp-json\/wp\/v2\/categories?post=504"},{"taxonomy":"post_tag","embeddable":true,"href":"https:\/\/www.bghaber.org\/bghaber\/wp-json\/wp\/v2\/tags?post=504"}],"curies":[{"name":"wp","href":"https:\/\/api.w.org\/{rel}","templated":true}]}}