{"id":5038,"date":"2013-08-14T22:28:39","date_gmt":"2013-08-14T19:28:39","guid":{"rendered":"http:\/\/bghaber.org\/bghaber\/?p=5038"},"modified":"2019-07-16T00:26:58","modified_gmt":"2019-07-15T22:26:58","slug":"makas-sinir-kapisinin-acilmasi-karari-alindi","status":"publish","type":"post","link":"https:\/\/www.bghaber.org\/bghaber\/makas-sinir-kapisinin-acilmasi-karari-alindi\/","title":{"rendered":"Makas S\u0131n\u0131r Kap\u0131s\u0131\u2019n\u0131n a\u00e7\u0131lmas\u0131 karar\u0131 al\u0131nd\u0131"},"content":{"rendered":"<p>H\u00fck\u00fcmet bug\u00fcnk\u00fc oturumunda Bulgaristan ve Yunanistan aras\u0131nda Makas S\u0131n\u0131r Kap\u0131s\u0131 a\u00e7\u0131lmas\u0131 karar\u0131 ald\u0131. Yeni kurulan yol ba\u011flant\u0131s\u0131 sayesinde Bulgar taraf\u0131ndan Haskovo(Hask\u00f6y) ve K\u0131rcaali, Yunan taraf\u0131ndan ise Komotini (G\u00fcm\u00fclcine) ve Alexandrupolis aras\u0131nda ba\u011flant\u0131 kurulacak. <!--more--><br \/>\n<a href=\"https:\/\/i0.wp.com\/bghaber.org\/bghaber\/wp-content\/uploads\/2013\/07\/makas-yolu.jpg\"><img data-recalc-dims=\"1\" loading=\"lazy\" decoding=\"async\" class=\"alignright size-medium wp-image-3200\" alt=\"makas-yolu\" src=\"https:\/\/i0.wp.com\/bghaber.org\/bghaber\/wp-content\/uploads\/2013\/07\/makas-yolu-300x168.jpg?resize=300%2C168\" width=\"300\" height=\"168\" srcset=\"https:\/\/i0.wp.com\/www.bghaber.org\/bghaber\/wp-content\/uploads\/2013\/07\/makas-yolu.jpg?resize=300%2C168&amp;ssl=1 300w, https:\/\/i0.wp.com\/www.bghaber.org\/bghaber\/wp-content\/uploads\/2013\/07\/makas-yolu.jpg?w=500&amp;ssl=1 500w\" sizes=\"auto, (max-width: 300px) 100vw, 300px\" \/><\/a><br \/>\nMakas S\u0131n\u0131r Kap\u0131s\u0131, 9 Nolu Pan Avrupa Ula\u015f\u0131m Koridoru\u2019nun son unsuru olarak Bulgar-Yunan s\u0131n\u0131r ge\u00e7i\u015fini iki \u00fclke aras\u0131ndaki di\u011fer s\u0131n\u0131r ge\u00e7i\u015flerini kullananlar\u0131n bir b\u00f6l\u00fcm\u00fcn\u00fc celbederek Bulgar-Yunan s\u0131n\u0131r ge\u00e7i\u015fini kolayla\u015ft\u0131racak.<\/p>\n<p>Y\u00fcr\u00fcrl\u00fckte olan 2009 y\u0131l\u0131nda h\u00fck\u00fcmetler taraf\u0131ndan imzalanan s\u00f6zle\u015fmeye g\u00f6re Makas S\u0131n\u0131r Kap\u0131s\u0131\u2019nda s\u0131n\u0131r ge\u00e7i\u015fi yapanlar\u0131n ortakla\u015fa kontrol\u00fc ger\u00e7ekle\u015ftirilecek. Bu s\u00f6zle\u015fme belirli bir \u015fahs\u0131n giri\u015f-\u00e7\u0131k\u0131\u015f yapt\u0131\u011f\u0131 s\u0131rada sadece bir kez durdurulup kontrol edilmesine izin vermektedir.<\/p>\n<p>Bug\u00fcn h\u00fck\u00fcmet ikili bir s\u00f6zle\u015fme imzalanmas\u0131n\u0131 da onaylad\u0131. Bu belge ortakla\u015fa yap\u0131lacak kontrol\u00fcn Makas S\u0131n\u0131r Kap\u0131s\u0131\u2019n\u0131n Bulgar k\u0131sm\u0131nda yap\u0131lmas\u0131n\u0131 d\u00fczenlemektedir.<\/p>\n<p>Bu karara ra\u011fmen Makas S\u0131n\u0131r Kap\u0131s\u0131\u2019n\u0131n tam resmi a\u00e7\u0131l\u0131\u015f tarihi belirlenmi\u015f de\u011fil.<\/p>\n<p>&nbsp;<\/p>\n<p>K\u0131rcaali Haber<\/p><div id=\"bghab-1135108874\" class=\"bghab-icerik-icine bghab-entity-placement\"><script async src=\"\/\/pagead2.googlesyndication.com\/pagead\/js\/adsbygoogle.js?client=ca-pub-6203283170189293\" crossorigin=\"anonymous\"><\/script><ins class=\"adsbygoogle\" style=\"display:block; text-align:center;\" data-ad-client=\"ca-pub-6203283170189293\" \ndata-ad-slot=\"7303146466\" \ndata-ad-layout=\"in-article\"\ndata-ad-format=\"fluid\" data-full-width-responsive=\"true\"><\/ins>\n<script> \n(adsbygoogle = window.adsbygoogle || []).push({}); \n<\/script>\n<\/div>\n<div id=\"bghab-4009094298\" class=\"bghab-yazi-altinda bghab-entity-placement\"><script async src=\"https:\/\/pagead2.googlesyndication.com\/pagead\/js\/adsbygoogle.js\"><\/script>\r\n<!-- bghaber-yaz\u0131-sonu -->\r\n<ins class=\"adsbygoogle\"\r\n     style=\"display:block\"\r\n     data-ad-client=\"ca-pub-6203283170189293\"\r\n     data-ad-slot=\"4222328180\"\r\n     data-ad-format=\"auto\"\r\n     data-full-width-responsive=\"true\"><\/ins>\r\n<script>\r\n     (adsbygoogle = window.adsbygoogle || []).push({});\r\n<\/script><\/div><br style=\"clear: both; display: block; float: none;\"\/>","protected":false},"excerpt":{"rendered":"<p>H\u00fck\u00fcmet bug\u00fcnk\u00fc oturumunda Bulgaristan ve Yunanistan aras\u0131nda Makas S\u0131n\u0131r Kap\u0131s\u0131 a\u00e7\u0131lmas\u0131 karar\u0131 ald\u0131. Yeni kurulan yol ba\u011flant\u0131s\u0131 sayesinde Bulgar taraf\u0131ndan Haskovo(Hask\u00f6y) ve K\u0131rcaali, Yunan taraf\u0131ndan<\/p>\n","protected":false},"author":29,"featured_media":3200,"comment_status":"closed","ping_status":"closed","sticky":false,"template":"","format":"standard","meta":{"advanced_seo_description":"","jetpack_seo_html_title":"","jetpack_seo_noindex":false,"jetpack_seo_schema_type":"","_jetpack_newsletter_access":"","_jetpack_dont_email_post_to_subs":false,"_jetpack_newsletter_tier_id":0,"_jetpack_memberships_contains_paywalled_content":false,"_jetpack_feature_clip_id":0,"_jetpack_memberships_contains_paid_content":false,"footnotes":"","jetpack_post_was_ever_published":false},"categories":[5],"tags":[30,197,195,196,32,198,194],"class_list":["post-5038","post","type-post","status-publish","format-standard","has-post-thumbnail","hentry","category-yasam","tag-bulgaristan","tag-gumulcine","tag-haskovo","tag-haskoy","tag-kircaali","tag-komotini","tag-makas"],"jetpack_sharing_enabled":true,"jetpack_likes_enabled":true,"jetpack-related-posts":[],"jetpack_shortlink":"https:\/\/wp.me\/pc2PfJ-1jg","jetpack_featured_media_url":"https:\/\/i0.wp.com\/www.bghaber.org\/bghaber\/wp-content\/uploads\/2013\/07\/makas-yolu.jpg?fit=500%2C280&ssl=1","_links":{"self":[{"href":"https:\/\/www.bghaber.org\/bghaber\/wp-json\/wp\/v2\/posts\/5038","targetHints":{"allow":["GET"]}}],"collection":[{"href":"https:\/\/www.bghaber.org\/bghaber\/wp-json\/wp\/v2\/posts"}],"about":[{"href":"https:\/\/www.bghaber.org\/bghaber\/wp-json\/wp\/v2\/types\/post"}],"author":[{"embeddable":true,"href":"https:\/\/www.bghaber.org\/bghaber\/wp-json\/wp\/v2\/users\/29"}],"replies":[{"embeddable":true,"href":"https:\/\/www.bghaber.org\/bghaber\/wp-json\/wp\/v2\/comments?post=5038"}],"version-history":[{"count":0,"href":"https:\/\/www.bghaber.org\/bghaber\/wp-json\/wp\/v2\/posts\/5038\/revisions"}],"wp:featuredmedia":[{"embeddable":true,"href":"https:\/\/www.bghaber.org\/bghaber\/wp-json\/wp\/v2\/media\/3200"}],"wp:attachment":[{"href":"https:\/\/www.bghaber.org\/bghaber\/wp-json\/wp\/v2\/media?parent=5038"}],"wp:term":[{"taxonomy":"category","embeddable":true,"href":"https:\/\/www.bghaber.org\/bghaber\/wp-json\/wp\/v2\/categories?post=5038"},{"taxonomy":"post_tag","embeddable":true,"href":"https:\/\/www.bghaber.org\/bghaber\/wp-json\/wp\/v2\/tags?post=5038"}],"curies":[{"name":"wp","href":"https:\/\/api.w.org\/{rel}","templated":true}]}}