{"id":5034,"date":"2013-08-14T22:22:40","date_gmt":"2013-08-14T19:22:40","guid":{"rendered":"http:\/\/bghaber.org\/bghaber\/?p=5034"},"modified":"2019-07-16T00:26:58","modified_gmt":"2019-07-15T22:26:58","slug":"akpinarda-saglik-ve-bereket-mevlidi","status":"publish","type":"post","link":"https:\/\/www.bghaber.org\/bghaber\/akpinarda-saglik-ve-bereket-mevlidi\/","title":{"rendered":"Akp\u0131nar\u2019da sa\u011fl\u0131k ve bereket mevlidi"},"content":{"rendered":"<p>Pazar g\u00fcn\u00fc 18 A\u011fustos 2013 tarihinde saat 10.00\u2019dan itibaren E\u011fridere(Ardino)\u2019nin Byal \u0130zvor (Akp\u0131nar) k\u00f6y\u00fcnde geleneksel sa\u011fl\u0131k ve bereket mevlidi ger\u00e7ekle\u015ftirilecek. Mevlit, yerli halk\u0131n ve T\u00fcrkiye\u2019ye g\u00f6\u00e7 etmi\u015f vatanda\u015flar\u0131n mali deste\u011fiyle m\u00fcmk\u00fcn olmaktad\u0131r. <!--more--><a href=\"https:\/\/i0.wp.com\/bghaber.org\/bghaber\/wp-content\/uploads\/2013\/08\/akpinar-saglik-ve-bereket-mevlidi.jpg\"><img data-recalc-dims=\"1\" loading=\"lazy\" decoding=\"async\" class=\"alignright size-medium wp-image-5035\" alt=\"akpinar-saglik-ve-bereket-mevlidi\" src=\"https:\/\/i0.wp.com\/bghaber.org\/bghaber\/wp-content\/uploads\/2013\/08\/akpinar-saglik-ve-bereket-mevlidi-300x199.jpg?resize=300%2C199\" width=\"300\" height=\"199\" \/><\/a><\/p>\n<p>Byal \u0130zvor (Akp\u0131nar)muhtar\u0131 Zehni Emin, bu dini gelene\u011fin ge\u00e7en asr\u0131n 50\u2019li y\u0131llar\u0131ndan beri s\u00fcregeldi\u011fini belirtti. Bulgarla\u015ft\u0131rma s\u00fcreci esnas\u0131nda ge\u00e7en asr\u0131n 80\u2019li y\u0131llar\u0131nda birka\u00e7 y\u0131l ara verilmi\u015ftir.<\/p>\n<p>Yerel usta a\u015f\u00e7\u0131 Fikret Cila, mevlide gelenlere ikram edilmesi \u00fczere 10\u2019u a\u015fan kazan pilav haz\u0131rlayacak. Artan yiyecek evde kalan insanlar i\u00e7in da\u011f\u0131t\u0131lacak.<\/p>\n<p>K\u0131rcaali M\u00fcft\u00fc Vekili Erhan Receb ba\u015fta olmak \u00fczere yerli imamlar, Kuran-\u0131 Kerim\u2019den ayet ve mevlit kitab\u0131n\u0131 okuyacaklar. Mevlit sonras\u0131 Erhan Receb, g\u00fcn\u00fcm\u00fczdeki M\u00fcsl\u00fcmanlar\u0131n namaz k\u0131lmas\u0131 konusunda sohbette bulunacak.<\/p>\n<p>Dini etkinli\u011fe etraf Padina, J\u0131ltu\u015fa, En\u00f6v\u00e7e k\u00f6ylerin ve Belediye\u2019nin t\u00fcm sakinleri davetlidir. E\u011fridere(Ardino) Belediye y\u00f6netiminden de konuklar\u0131n olmas\u0131 bekleniyor.<\/p><div id=\"bghab-3525142280\" class=\"bghab-icerik-icine bghab-entity-placement\"><script async src=\"\/\/pagead2.googlesyndication.com\/pagead\/js\/adsbygoogle.js?client=ca-pub-6203283170189293\" crossorigin=\"anonymous\"><\/script><ins class=\"adsbygoogle\" style=\"display:block; text-align:center;\" data-ad-client=\"ca-pub-6203283170189293\" \ndata-ad-slot=\"7303146466\" \ndata-ad-layout=\"in-article\"\ndata-ad-format=\"fluid\" data-full-width-responsive=\"true\"><\/ins>\n<script> \n(adsbygoogle = window.adsbygoogle || []).push({}); \n<\/script>\n<\/div>\n<p>&nbsp;<\/p>\n<p>G\u00fcner \u015e\u00fckr\u00fc &#8211; K\u0131rcaali Haber<\/p>\n<div id=\"bghab-1282350383\" class=\"bghab-yazi-altinda bghab-entity-placement\"><script async src=\"https:\/\/pagead2.googlesyndication.com\/pagead\/js\/adsbygoogle.js\"><\/script>\r\n<!-- bghaber-yaz\u0131-sonu -->\r\n<ins class=\"adsbygoogle\"\r\n     style=\"display:block\"\r\n     data-ad-client=\"ca-pub-6203283170189293\"\r\n     data-ad-slot=\"4222328180\"\r\n     data-ad-format=\"auto\"\r\n     data-full-width-responsive=\"true\"><\/ins>\r\n<script>\r\n     (adsbygoogle = window.adsbygoogle || []).push({});\r\n<\/script><\/div><br style=\"clear: both; display: block; float: none;\"\/>","protected":false},"excerpt":{"rendered":"<p>Pazar g\u00fcn\u00fc 18 A\u011fustos 2013 tarihinde saat 10.00\u2019dan itibaren E\u011fridere(Ardino)\u2019nin Byal \u0130zvor (Akp\u0131nar) k\u00f6y\u00fcnde geleneksel sa\u011fl\u0131k ve bereket mevlidi ger\u00e7ekle\u015ftirilecek. Mevlit, yerli halk\u0131n ve T\u00fcrkiye\u2019ye<\/p>\n","protected":false},"author":29,"featured_media":5035,"comment_status":"closed","ping_status":"closed","sticky":false,"template":"","format":"standard","meta":{"advanced_seo_description":"","jetpack_seo_html_title":"","jetpack_seo_noindex":false,"jetpack_seo_schema_type":"","_jetpack_newsletter_access":"","_jetpack_dont_email_post_to_subs":false,"_jetpack_newsletter_tier_id":0,"_jetpack_memberships_contains_paywalled_content":false,"_jetpack_feature_clip_id":0,"_jetpack_memberships_contains_paid_content":false,"footnotes":"","jetpack_post_was_ever_published":false},"categories":[10],"tags":[30],"class_list":["post-5034","post","type-post","status-publish","format-standard","has-post-thumbnail","hentry","category-kultur-sanat","tag-bulgaristan"],"jetpack_sharing_enabled":true,"jetpack_likes_enabled":true,"jetpack-related-posts":[],"jetpack_shortlink":"https:\/\/wp.me\/pc2PfJ-1jc","jetpack_featured_media_url":"https:\/\/i0.wp.com\/www.bghaber.org\/bghaber\/wp-content\/uploads\/2013\/08\/akpinar-saglik-ve-bereket-mevlidi.jpg?fit=600%2C399&ssl=1","_links":{"self":[{"href":"https:\/\/www.bghaber.org\/bghaber\/wp-json\/wp\/v2\/posts\/5034","targetHints":{"allow":["GET"]}}],"collection":[{"href":"https:\/\/www.bghaber.org\/bghaber\/wp-json\/wp\/v2\/posts"}],"about":[{"href":"https:\/\/www.bghaber.org\/bghaber\/wp-json\/wp\/v2\/types\/post"}],"author":[{"embeddable":true,"href":"https:\/\/www.bghaber.org\/bghaber\/wp-json\/wp\/v2\/users\/29"}],"replies":[{"embeddable":true,"href":"https:\/\/www.bghaber.org\/bghaber\/wp-json\/wp\/v2\/comments?post=5034"}],"version-history":[{"count":0,"href":"https:\/\/www.bghaber.org\/bghaber\/wp-json\/wp\/v2\/posts\/5034\/revisions"}],"wp:featuredmedia":[{"embeddable":true,"href":"https:\/\/www.bghaber.org\/bghaber\/wp-json\/wp\/v2\/media\/5035"}],"wp:attachment":[{"href":"https:\/\/www.bghaber.org\/bghaber\/wp-json\/wp\/v2\/media?parent=5034"}],"wp:term":[{"taxonomy":"category","embeddable":true,"href":"https:\/\/www.bghaber.org\/bghaber\/wp-json\/wp\/v2\/categories?post=5034"},{"taxonomy":"post_tag","embeddable":true,"href":"https:\/\/www.bghaber.org\/bghaber\/wp-json\/wp\/v2\/tags?post=5034"}],"curies":[{"name":"wp","href":"https:\/\/api.w.org\/{rel}","templated":true}]}}