{"id":498,"date":"2013-04-15T20:41:58","date_gmt":"2013-04-15T17:41:58","guid":{"rendered":"http:\/\/bghaber.org\/bghaber\/?p=498"},"modified":"2019-07-19T00:07:38","modified_gmt":"2019-07-18T22:07:38","slug":"turk-sanatcilar-balkanlarla-bulusuyor","status":"publish","type":"post","link":"https:\/\/www.bghaber.org\/bghaber\/turk-sanatcilar-balkanlarla-bulusuyor\/","title":{"rendered":"T\u00fcrk Sanat\u00e7\u0131lar Balkanlarla Bulu\u015fuyor"},"content":{"rendered":"<p>Edirne Valili\u011fi&#8217;nin, Balkanlarda T\u00fcrk\u00e7enin sevdirilmesi ve yayg\u0131nla\u015ft\u0131r\u0131lmas\u0131 amac\u0131na y\u00f6nelik olarak d\u00fczenledi\u011fi &#8216;Sanat\u00e7\u0131lar Balkanlarla Bulu\u015fuyor&#8217; projesinin ilk 15 Nisan Pazartesi Bulgaristan K\u0131rcaali&#8217;de ba\u015fl\u0131yor.<\/p>\n<p><!--more--><!--more-->\u015eair Ecan Y\u0131lmaz, Yazar\/Balkan T\u00fcrk\u00fcs\u00fc Dergisi Genel Yay\u0131n Y\u00f6netmeni Fahri Tuna ve Tiyatro Sanat\u00e7\u0131s\u0131 (Meddah, Karag\u00f6z-Hacivat (g\u00f6lge oyunu ustas\u0131)) Se\u00e7kin Bayramo\u011flu&#8217;ndan olu\u015fan ekip, her \u015fehirde \u00f6nce liselerde t\u00fcrk\u00e7e e\u011fitim g\u00f6ren \u00f6\u011frencilerle bulu\u015facak, ak\u015famlar\u0131 da \u015fairler, T\u00fcrk\u00e7e \u00f6\u011fretmenleriyle bir araya gelecek, halka y\u00f6nelik meddah, orta oyunu ve karag\u00f6z-hacivat g\u00f6sterileri ger\u00e7ekle\u015ftirilecek.<\/p>\n<p><b><a href=\"https:\/\/i0.wp.com\/bghaber.org\/bghaber\/wp-content\/uploads\/2013\/04\/sanatcilar-balkanlarla-bulusuyor-2013.jpg\"><img data-recalc-dims=\"1\" loading=\"lazy\" decoding=\"async\" class=\"alignright size-medium wp-image-499\" alt=\"sanatcilar-balkanlarla-bulusuyor-2013\" src=\"https:\/\/i0.wp.com\/bghaber.org\/bghaber\/wp-content\/uploads\/2013\/04\/sanatcilar-balkanlarla-bulusuyor-2013-150x300.jpg?resize=150%2C300\" width=\"150\" height=\"300\" srcset=\"https:\/\/i0.wp.com\/www.bghaber.org\/bghaber\/wp-content\/uploads\/2013\/04\/sanatcilar-balkanlarla-bulusuyor-2013.jpg?resize=150%2C300&amp;ssl=1 150w, https:\/\/i0.wp.com\/www.bghaber.org\/bghaber\/wp-content\/uploads\/2013\/04\/sanatcilar-balkanlarla-bulusuyor-2013.jpg?w=480&amp;ssl=1 480w\" sizes=\"auto, (max-width: 150px) 100vw, 150px\" \/><\/a>Etkinli\u011fin K\u0131rcaali Program\u0131:\u00a0<\/b><br \/>\n15.04.2013 \/ Pazartesi\/<\/p>\n<p>14.30 Mestanl\u0131 \u0130lahiyat Lisesi\u2019nde T\u00fcrk \u00f6\u011frencilerle bulu\u015fma,<\/p>\n<p>18.00 K\u0131rcaali Bulu\u015fmas\u0131<br \/>\n&#8211; K\u0131rcaalili \u015eair ve Yazarlarla bulu\u015fma \/ Yazar Fahri Tuna \u2013 \u00d6mer L\u00fctfi K\u00fclt\u00fcr Derne\u011fi K\u00fct\u00fcphanesi<\/p><div id=\"bghab-3329842903\" class=\"bghab-icerik-icine bghab-entity-placement\"><script async src=\"\/\/pagead2.googlesyndication.com\/pagead\/js\/adsbygoogle.js?client=ca-pub-6203283170189293\" crossorigin=\"anonymous\"><\/script><ins class=\"adsbygoogle\" style=\"display:block; text-align:center;\" data-ad-client=\"ca-pub-6203283170189293\" \ndata-ad-slot=\"7303146466\" \ndata-ad-layout=\"in-article\"\ndata-ad-format=\"fluid\" data-full-width-responsive=\"true\"><\/ins>\n<script> \n(adsbygoogle = window.adsbygoogle || []).push({}); \n<\/script>\n<\/div>\n<p>&#8211; K\u0131rcaali T\u00fcrk\u00e7e \u00d6\u011fretmenleriyle bulu\u015fma \/ \u015eair Ercan Y\u0131lmaz &#8211; \u00d6mer L\u00fctfi K\u00fclt\u00fcr Derne\u011fi Salonunda<\/p>\n<p>19.00 K\u0131rcaali halk\u0131na Karag\u00f6z-Hacivat G\u00f6sterisi \/ Meddah \/ Ortaoyunu (Tiyatro Sanat\u00e7\u0131s\u0131 Se\u00e7kin Bayramo\u011flu) \u2013 \u00d6mer L\u00fctfi K\u00fclt\u00fcr Derne\u011fi Salonunda<\/p>\n<p>&nbsp;<\/p>\n<p>K\u0131rcaali Haber<\/p>\n<div id=\"bghab-580292632\" class=\"bghab-yazi-altinda bghab-entity-placement\"><script async src=\"https:\/\/pagead2.googlesyndication.com\/pagead\/js\/adsbygoogle.js\"><\/script>\r\n<!-- bghaber-yaz\u0131-sonu -->\r\n<ins class=\"adsbygoogle\"\r\n     style=\"display:block\"\r\n     data-ad-client=\"ca-pub-6203283170189293\"\r\n     data-ad-slot=\"4222328180\"\r\n     data-ad-format=\"auto\"\r\n     data-full-width-responsive=\"true\"><\/ins>\r\n<script>\r\n     (adsbygoogle = window.adsbygoogle || []).push({});\r\n<\/script><\/div><br style=\"clear: both; display: block; float: none;\"\/>","protected":false},"excerpt":{"rendered":"<p>Edirne Valili\u011fi&#8217;nin, Balkanlarda T\u00fcrk\u00e7enin sevdirilmesi ve yayg\u0131nla\u015ft\u0131r\u0131lmas\u0131 amac\u0131na y\u00f6nelik olarak d\u00fczenledi\u011fi &#8216;Sanat\u00e7\u0131lar Balkanlarla Bulu\u015fuyor&#8217; projesinin ilk 15 Nisan Pazartesi Bulgaristan K\u0131rcaali&#8217;de ba\u015fl\u0131yor.<\/p>\n","protected":false},"author":29,"featured_media":499,"comment_status":"closed","ping_status":"closed","sticky":false,"template":"","format":"standard","meta":{"advanced_seo_description":"","jetpack_seo_html_title":"","jetpack_seo_noindex":false,"jetpack_seo_schema_type":"","_jetpack_newsletter_access":"","_jetpack_dont_email_post_to_subs":false,"_jetpack_newsletter_tier_id":0,"_jetpack_memberships_contains_paywalled_content":false,"_jetpack_feature_clip_id":0,"_jetpack_memberships_contains_paid_content":false,"footnotes":"","jetpack_post_was_ever_published":false},"categories":[10],"tags":[],"class_list":["post-498","post","type-post","status-publish","format-standard","has-post-thumbnail","hentry","category-kultur-sanat"],"jetpack_sharing_enabled":true,"jetpack_likes_enabled":true,"jetpack-related-posts":[],"jetpack_shortlink":"https:\/\/wp.me\/pc2PfJ-82","jetpack_featured_media_url":"https:\/\/i0.wp.com\/www.bghaber.org\/bghaber\/wp-content\/uploads\/2013\/04\/sanatcilar-balkanlarla-bulusuyor-2013.jpg?fit=480%2C960&ssl=1","_links":{"self":[{"href":"https:\/\/www.bghaber.org\/bghaber\/wp-json\/wp\/v2\/posts\/498","targetHints":{"allow":["GET"]}}],"collection":[{"href":"https:\/\/www.bghaber.org\/bghaber\/wp-json\/wp\/v2\/posts"}],"about":[{"href":"https:\/\/www.bghaber.org\/bghaber\/wp-json\/wp\/v2\/types\/post"}],"author":[{"embeddable":true,"href":"https:\/\/www.bghaber.org\/bghaber\/wp-json\/wp\/v2\/users\/29"}],"replies":[{"embeddable":true,"href":"https:\/\/www.bghaber.org\/bghaber\/wp-json\/wp\/v2\/comments?post=498"}],"version-history":[{"count":0,"href":"https:\/\/www.bghaber.org\/bghaber\/wp-json\/wp\/v2\/posts\/498\/revisions"}],"wp:featuredmedia":[{"embeddable":true,"href":"https:\/\/www.bghaber.org\/bghaber\/wp-json\/wp\/v2\/media\/499"}],"wp:attachment":[{"href":"https:\/\/www.bghaber.org\/bghaber\/wp-json\/wp\/v2\/media?parent=498"}],"wp:term":[{"taxonomy":"category","embeddable":true,"href":"https:\/\/www.bghaber.org\/bghaber\/wp-json\/wp\/v2\/categories?post=498"},{"taxonomy":"post_tag","embeddable":true,"href":"https:\/\/www.bghaber.org\/bghaber\/wp-json\/wp\/v2\/tags?post=498"}],"curies":[{"name":"wp","href":"https:\/\/api.w.org\/{rel}","templated":true}]}}