{"id":49772,"date":"2020-10-13T20:12:16","date_gmt":"2020-10-13T17:12:16","guid":{"rendered":"https:\/\/www.bghaber.org\/bghaber\/?p=49772"},"modified":"2020-11-16T20:41:09","modified_gmt":"2020-11-16T17:41:09","slug":"azerbaycan-milletvekili-pasayevadan-tesekkur","status":"publish","type":"post","link":"https:\/\/www.bghaber.org\/bghaber\/azerbaycan-milletvekili-pasayevadan-tesekkur\/","title":{"rendered":"AZERBAYCAN M\u0130LLETVEK\u0130L\u0130 PA\u015eAYEVA\u2019DAN TE\u015eEKK\u00dcR"},"content":{"rendered":"<div>Can Azerbaycan\u2019dan BULT\u00dcRK Genel Ba\u015fkan\u0131m\u0131z Sn. Rafet ULUT\u00dcRK\u2019e Azerbaycan Parlamentosundan Ganira PA\u015eAYEVA&#8217;n\u0131n imzas\u0131 ile Azerbaycan Karde\u015flerimize hizmetlerinden dolay\u0131 Te\u015fekk\u00fcr belgesi taktim edildi.<\/div>\n<div><\/div>\n<div>\n<div dir=\"auto\"><strong>Azerbaycan\u2019\u0131 savundu\u011fumuz i\u00e7in BULT\u00dcRK Genel Ba\u015fkan\u0131 Rafet ULUT\u00dcRK\u2019e bizzat T\u00fcrk D\u00fcnyas\u0131n\u0131n G\u00f6n\u00fcl Dostu Azerbaycan Milletvekili Say\u0131n Ganira PA\u015eAEVA\u2019ya dan imzal\u0131 Te\u015fekk\u00fcr belgesi g\u00f6nderildi.\u00a0<\/strong><\/div>\n<div dir=\"auto\"><\/div>\n<div dir=\"auto\">\n<h6 class=\"entry-title\" style=\"text-align: center;\"><strong>AZERBAYCAN\u2019DAN TE\u015eEKK\u00dcR BELGES\u0130<\/strong><\/h6>\n<div class=\"entry-content clearfix\">\n<div>\n<div id=\"iceriks\">\n<div dir=\"auto\"><img data-recalc-dims=\"1\" loading=\"lazy\" decoding=\"async\" class=\"\" src=\"https:\/\/i0.wp.com\/www.bghaber.org\/bghaber\/wp-content\/uploads\/2020\/10\/ganira-tesekkur.jpg?resize=640%2C905&#038;ssl=1\" width=\"640\" height=\"905\" \/><\/div>\n<div dir=\"auto\"><a href=\"https:\/\/issuu.com\/bgsam\/docs\/az-bg_gozuyle\">Rafet ULUT\u00dcRK Genel Ba\u015fkan\u0131m\u0131z da BULT\u00dcRK Y\u00f6netimi ad\u0131na kendilerine te\u015fekk\u00fcr ederken: Azerbaycan ile ilgili kitaba ula\u015fmak i\u00e7in.<\/a><\/div>\n<div dir=\"auto\"><\/div>\n<div dir=\"auto\"><b>Rafet ULUT\u00dcRK: \u201cCan\u00a0Azerbaycan\u2019a hizmet etmek bizim i\u00e7in onur ve gurur kayna\u011f\u0131d\u0131r. Burada olmak, K\u0131z\u0131lelma\u2019ya davaya ve ideallere hizmet etmek beni mutlu ediyor. Bu d\u00fcsturla Azerbaycan karde\u015flerimize, vatan\u0131m\u0131za ve milletimize hizmetlerimizi s\u00fcrd\u00fcr\u00fcyor ve s\u00fcrd\u00fcrece\u011fiz. Bu kutlu dava, vatan\u0131na, milletine, bayra\u011f\u0131na ve T\u00fcrk D\u00fcnyas\u0131\u2019na \u00e2\u015f\u0131k insanlar\u0131n bir araya gelerek birlikten g\u00fc\u00e7 ald\u0131klar\u0131 yerdir. Bu t\u00fcr \u00e7al\u0131\u015fmalar ileride T\u00fcrkiye\u2019nin\u00a0mak\u00fbs kaderini de\u011fi\u015ftiren ve \u015fimdi T\u00fcrkiyeyi, daha g\u00fc\u00e7l\u00fc ve d\u00fcnyada s\u00f6z sahibi haline getiren bir davad\u0131r.\u00a0\u00a0T\u00fcrk D\u00fcnyas\u0131na inanan t\u00fcm dostlar\u0131m\u0131za Vatansever karde\u015flerimize sonsuz sayg\u0131 ve sevgilerimle te\u015fekk\u00fcr\u00fc bir bor\u00e7 biliyorum\u2026<\/b><\/div>\n<div dir=\"auto\"><b>Gelece\u011fe durmadan \u00e7ok \u00e7al\u0131\u015farak umutla bak\u0131yoruz.<br \/>\nTekrar T\u00fcrk D\u00fcnyas\u0131n\u0131n G\u00f6n\u00fcl Dostu Azerbaycan Milletvekili Say\u0131n Ganira PA\u015eAEVA ve dostum\u00a0<\/b><strong>Azerbaycan Atat\u00fcrk Merkezin<\/strong><b>\u2018de \u0130ctimai-Siyasi \u015e\u00fcbe M\u00fcdiri Sn.Ekber QO\u015eALI karde\u015fime de \u00e7ok \u00e7oook te\u015fekk\u00fcr ediyorum. Bu yolda akl\u0131m\u0131z, vicdan\u0131m\u0131z ve eme\u011fimizle, birlik beraberlik i\u00e7erisinde y\u0131lmadan yolumuza devam edece\u011fiz.\u00a0<\/b><strong>Sayg\u0131lar\u0131mla\u2026\u201d\u00a0<\/strong>diye konu\u015fmtu.<\/div>\n<\/div>\n<\/div>\n<div dir=\"auto\" style=\"text-align: left;\"><\/div>\n<div dir=\"auto\" style=\"text-align: left;\"><em><strong>Dr. Nedim B\u0130R\u0130NC\u0130<\/strong><\/em><\/div>\n<div dir=\"auto\" style=\"text-align: left;\"><em><strong>BULT\u00dcRK Derne\u011fi<\/strong><\/em><\/div>\n<div dir=\"auto\"><\/div>\n<div dir=\"auto\"><\/div>\n<div dir=\"auto\"><a href=\"https:\/\/issuu.com\/bgsam\/docs\/az-bg_gozuyle\">https:\/\/issuu.com\/bgsam\/docs\/az-bg_gozuyle\u00a0<\/a><\/div>\n<\/div>\n<\/div>\n<\/div>\n<div id=\"bghab-939946008\" class=\"bghab-yazi-altinda bghab-entity-placement\"><script async src=\"https:\/\/pagead2.googlesyndication.com\/pagead\/js\/adsbygoogle.js\"><\/script>\r\n<!-- bghaber-yaz\u0131-sonu -->\r\n<ins class=\"adsbygoogle\"\r\n     style=\"display:block\"\r\n     data-ad-client=\"ca-pub-6203283170189293\"\r\n     data-ad-slot=\"4222328180\"\r\n     data-ad-format=\"auto\"\r\n     data-full-width-responsive=\"true\"><\/ins>\r\n<script>\r\n     (adsbygoogle = window.adsbygoogle || []).push({});\r\n<\/script><\/div><br style=\"clear: both; display: block; float: none;\"\/>","protected":false},"excerpt":{"rendered":"<p>Can Azerbaycan\u2019dan BULT\u00dcRK Genel Ba\u015fkan\u0131m\u0131z Sn. Rafet ULUT\u00dcRK\u2019e Azerbaycan Parlamentosundan Ganira PA\u015eAYEVA&#8217;n\u0131n imzas\u0131 ile Azerbaycan Karde\u015flerimize hizmetlerinden dolay\u0131 Te\u015fekk\u00fcr belgesi taktim edildi. Azerbaycan\u2019\u0131 savundu\u011fumuz i\u00e7in<\/p>\n","protected":false},"author":13,"featured_media":19830,"comment_status":"closed","ping_status":"closed","sticky":false,"template":"","format":"standard","meta":{"advanced_seo_description":"","jetpack_seo_html_title":"","jetpack_seo_noindex":false,"jetpack_seo_schema_type":"","_jetpack_newsletter_access":"","_jetpack_dont_email_post_to_subs":false,"_jetpack_newsletter_tier_id":0,"_jetpack_memberships_contains_paywalled_content":false,"_jetpack_feature_clip_id":0,"_jetpack_memberships_contains_paid_content":false,"footnotes":"","jetpack_post_was_ever_published":false},"categories":[1133],"tags":[336,37],"class_list":["post-49772","post","type-post","status-publish","format-standard","has-post-thumbnail","hentry","category-duyuru","tag-azerbaycan","tag-bulturk"],"jetpack_sharing_enabled":true,"jetpack_likes_enabled":true,"jetpack-related-posts":[],"jetpack_shortlink":"https:\/\/wp.me\/pc2PfJ-cWM","jetpack_featured_media_url":"https:\/\/i0.wp.com\/www.bghaber.org\/bghaber\/wp-content\/uploads\/2016\/07\/ganira-az.jpg?fit=454%2C588&ssl=1","_links":{"self":[{"href":"https:\/\/www.bghaber.org\/bghaber\/wp-json\/wp\/v2\/posts\/49772","targetHints":{"allow":["GET"]}}],"collection":[{"href":"https:\/\/www.bghaber.org\/bghaber\/wp-json\/wp\/v2\/posts"}],"about":[{"href":"https:\/\/www.bghaber.org\/bghaber\/wp-json\/wp\/v2\/types\/post"}],"author":[{"embeddable":true,"href":"https:\/\/www.bghaber.org\/bghaber\/wp-json\/wp\/v2\/users\/13"}],"replies":[{"embeddable":true,"href":"https:\/\/www.bghaber.org\/bghaber\/wp-json\/wp\/v2\/comments?post=49772"}],"version-history":[{"count":0,"href":"https:\/\/www.bghaber.org\/bghaber\/wp-json\/wp\/v2\/posts\/49772\/revisions"}],"wp:featuredmedia":[{"embeddable":true,"href":"https:\/\/www.bghaber.org\/bghaber\/wp-json\/wp\/v2\/media\/19830"}],"wp:attachment":[{"href":"https:\/\/www.bghaber.org\/bghaber\/wp-json\/wp\/v2\/media?parent=49772"}],"wp:term":[{"taxonomy":"category","embeddable":true,"href":"https:\/\/www.bghaber.org\/bghaber\/wp-json\/wp\/v2\/categories?post=49772"},{"taxonomy":"post_tag","embeddable":true,"href":"https:\/\/www.bghaber.org\/bghaber\/wp-json\/wp\/v2\/tags?post=49772"}],"curies":[{"name":"wp","href":"https:\/\/api.w.org\/{rel}","templated":true}]}}