{"id":48734,"date":"2020-09-06T23:00:16","date_gmt":"2020-09-06T20:00:16","guid":{"rendered":"https:\/\/www.bghaber.org\/bghaber\/?p=48734"},"modified":"2020-09-06T22:16:04","modified_gmt":"2020-09-06T19:16:04","slug":"yarim-milyonun-uzerinde-yerli-turist-sezonu-kurtardi","status":"publish","type":"post","link":"https:\/\/www.bghaber.org\/bghaber\/yarim-milyonun-uzerinde-yerli-turist-sezonu-kurtardi\/","title":{"rendered":"Yar\u0131m milyonun \u00fczerinde yerli turist sezonu kurtard\u0131"},"content":{"rendered":"\n<p class=\"wp-block-paragraph\"><strong>Ba\u015fta Karadeniz b\u00f6lgesi olmak \u00fczere, 550 binin \u00fczerinde yerli vatanda\u015f \u00fclkenin farkl\u0131 yerlerine turistik seyahat ger\u00e7ekle\u015ftirdi.<\/strong><\/p>\n\n\n\n<p class=\"wp-block-paragraph\">Bunlar, yurtd\u0131\u015f\u0131na \u00e7\u0131kmayan vatanda\u015flar. Eski Turizm Bakan\u0131 ve Turizm Analiz ve De\u011ferlendirme Enstit\u00fcs\u00fc Ba\u015fkan\u0131 Do\u00e7. Rumen Draganov, BTV\u2019ye yapt\u0131\u011f\u0131 konu\u015fmada \u201cbu vatanda\u015flardan baz\u0131lar\u0131 Bulgaristan Karadeniz b\u00f6lgesini ilk defa ziyaret etti\u201d dedi.<\/p>\n\n\n\n<p class=\"wp-block-paragraph\"><strong>Yerli turistler sezonu kurtard\u0131. Yerli turistler sayesinde sekt\u00f6r maliyetlerini kar\u015f\u0131layabildi.<\/strong><\/p>\n\n\n\n<p class=\"wp-block-paragraph\"><\/p>\n\n\n\n<p class=\"wp-block-paragraph\">BNR<\/p>\n<div id=\"bghab-2183598959\" class=\"bghab-yazi-altinda bghab-entity-placement\"><script async src=\"https:\/\/pagead2.googlesyndication.com\/pagead\/js\/adsbygoogle.js\"><\/script>\r\n<!-- bghaber-yaz\u0131-sonu -->\r\n<ins class=\"adsbygoogle\"\r\n     style=\"display:block\"\r\n     data-ad-client=\"ca-pub-6203283170189293\"\r\n     data-ad-slot=\"4222328180\"\r\n     data-ad-format=\"auto\"\r\n     data-full-width-responsive=\"true\"><\/ins>\r\n<script>\r\n     (adsbygoogle = window.adsbygoogle || []).push({});\r\n<\/script><\/div><br style=\"clear: both; display: block; float: none;\"\/>","protected":false},"excerpt":{"rendered":"<p>Ba\u015fta Karadeniz b\u00f6lgesi olmak \u00fczere, 550 binin \u00fczerinde yerli vatanda\u015f \u00fclkenin farkl\u0131 yerlerine turistik seyahat ger\u00e7ekle\u015ftirdi. Bunlar, yurtd\u0131\u015f\u0131na \u00e7\u0131kmayan vatanda\u015flar. Eski Turizm Bakan\u0131 ve Turizm<\/p>\n","protected":false},"author":29,"featured_media":3725,"comment_status":"closed","ping_status":"closed","sticky":false,"template":"","format":"standard","meta":{"advanced_seo_description":"","jetpack_seo_html_title":"","jetpack_seo_noindex":false,"jetpack_seo_schema_type":"","_jetpack_newsletter_access":"","_jetpack_dont_email_post_to_subs":false,"_jetpack_newsletter_tier_id":0,"_jetpack_memberships_contains_paywalled_content":false,"_jetpack_feature_clip_id":0,"_jetpack_memberships_contains_paid_content":false,"footnotes":"","jetpack_post_was_ever_published":false},"categories":[5],"tags":[30,886,1419],"class_list":["post-48734","post","type-post","status-publish","format-standard","has-post-thumbnail","hentry","category-yasam","tag-bulgaristan","tag-tatil","tag-turist"],"jetpack_sharing_enabled":true,"jetpack_likes_enabled":true,"jetpack-related-posts":[],"jetpack_shortlink":"https:\/\/wp.me\/pc2PfJ-cG2","jetpack_featured_media_url":"https:\/\/i0.wp.com\/www.bghaber.org\/bghaber\/wp-content\/uploads\/2013\/07\/tatil.jpg?fit=777%2C446&ssl=1","_links":{"self":[{"href":"https:\/\/www.bghaber.org\/bghaber\/wp-json\/wp\/v2\/posts\/48734","targetHints":{"allow":["GET"]}}],"collection":[{"href":"https:\/\/www.bghaber.org\/bghaber\/wp-json\/wp\/v2\/posts"}],"about":[{"href":"https:\/\/www.bghaber.org\/bghaber\/wp-json\/wp\/v2\/types\/post"}],"author":[{"embeddable":true,"href":"https:\/\/www.bghaber.org\/bghaber\/wp-json\/wp\/v2\/users\/29"}],"replies":[{"embeddable":true,"href":"https:\/\/www.bghaber.org\/bghaber\/wp-json\/wp\/v2\/comments?post=48734"}],"version-history":[{"count":0,"href":"https:\/\/www.bghaber.org\/bghaber\/wp-json\/wp\/v2\/posts\/48734\/revisions"}],"wp:featuredmedia":[{"embeddable":true,"href":"https:\/\/www.bghaber.org\/bghaber\/wp-json\/wp\/v2\/media\/3725"}],"wp:attachment":[{"href":"https:\/\/www.bghaber.org\/bghaber\/wp-json\/wp\/v2\/media?parent=48734"}],"wp:term":[{"taxonomy":"category","embeddable":true,"href":"https:\/\/www.bghaber.org\/bghaber\/wp-json\/wp\/v2\/categories?post=48734"},{"taxonomy":"post_tag","embeddable":true,"href":"https:\/\/www.bghaber.org\/bghaber\/wp-json\/wp\/v2\/tags?post=48734"}],"curies":[{"name":"wp","href":"https:\/\/api.w.org\/{rel}","templated":true}]}}