{"id":47588,"date":"2020-07-02T23:21:00","date_gmt":"2020-07-02T20:21:00","guid":{"rendered":"https:\/\/www.bghaber.org\/bghaber\/?p=47588"},"modified":"2020-07-02T19:24:38","modified_gmt":"2020-07-02T16:24:38","slug":"bulgaristanin-karadeniz-turizmi-internet-bulteninde","status":"publish","type":"post","link":"https:\/\/www.bghaber.org\/bghaber\/bulgaristanin-karadeniz-turizmi-internet-bulteninde\/","title":{"rendered":"Bulgaristan\u2019\u0131n Karadeniz turizmi internet b\u00fclteninde"},"content":{"rendered":"\n<p class=\"wp-block-paragraph\">Yeni bir b\u00fclten, Karadeniz havzas\u0131ndaki \u00fclkelerin turizm f\u0131rsatlar\u0131n\u0131 tan\u0131t\u0131yor. AB\u2019nin \u201cKaradeniz Havzas\u0131 2014-2020&#8243; ortak operasy\u00f6nel program\u0131nca finanse edilen 18 turistik tesis tan\u0131t\u0131l\u0131yor.<\/p>\n\n\n\n<p class=\"wp-block-paragraph\">Bulgaristan, Nesebar&#8217;dan Burgas&#8217;a ve St. Ivan adas\u0131na tekne turu, &#8220;Pobitite kamani&#8221; tarihi yer, Varna yak\u0131nlar\u0131ndaki Roma Hamamlar\u0131 ve Sozopol yak\u0131nlar\u0131ndaki &#8220;St. Marina&#8221; \u015fapeline yeni in\u015fa edilmi\u015f turistik bir parkur gibi turistik yerlerin reklam\u0131n\u0131 yapmaktad\u0131r.<\/p>\n\n\n\n<p class=\"wp-block-paragraph\">B\u00fclten Bulgaristan, Yunanistan, Romanya, T\u00fcrkiye, Ermenistan, Azerbaycan, G\u00fcrcistan, Moldova, Rusya ve Ukrayna&#8217;daki \u0130nternet platformlar\u0131nda ve sosyal a\u011flarda bulunabilir: <\/p>\n\n\n\n<p class=\"wp-block-paragraph\"><a href=\"https:\/\/blacksea-cbc.net\/news\/archive-news\/travel-around-black-sea-magazine\/\" target=\"_blank\" aria-label=\"undefined (opens in a new tab)\" rel=\"noreferrer noopener\">https:\/\/blacksea-cbc.net\/news\/archive-news\/travel-around-black-sea-magazine\/<\/a><\/p>\n\n\n\n<p class=\"wp-block-paragraph\"><\/p>\n\n\n\n<p class=\"wp-block-paragraph\">BNR<\/p><div id=\"bghab-2556678080\" class=\"bghab-icerik-icine bghab-entity-placement\"><script async src=\"\/\/pagead2.googlesyndication.com\/pagead\/js\/adsbygoogle.js?client=ca-pub-6203283170189293\" crossorigin=\"anonymous\"><\/script><ins class=\"adsbygoogle\" style=\"display:block; text-align:center;\" data-ad-client=\"ca-pub-6203283170189293\" \ndata-ad-slot=\"7303146466\" \ndata-ad-layout=\"in-article\"\ndata-ad-format=\"fluid\" data-full-width-responsive=\"true\"><\/ins>\n<script> \n(adsbygoogle = window.adsbygoogle || []).push({}); \n<\/script>\n<\/div>\n<div id=\"bghab-1825955780\" class=\"bghab-yazi-altinda bghab-entity-placement\"><script async src=\"https:\/\/pagead2.googlesyndication.com\/pagead\/js\/adsbygoogle.js\"><\/script>\r\n<!-- bghaber-yaz\u0131-sonu -->\r\n<ins class=\"adsbygoogle\"\r\n     style=\"display:block\"\r\n     data-ad-client=\"ca-pub-6203283170189293\"\r\n     data-ad-slot=\"4222328180\"\r\n     data-ad-format=\"auto\"\r\n     data-full-width-responsive=\"true\"><\/ins>\r\n<script>\r\n     (adsbygoogle = window.adsbygoogle || []).push({});\r\n<\/script><\/div><br style=\"clear: both; display: block; float: none;\"\/>","protected":false},"excerpt":{"rendered":"<p>Yeni bir b\u00fclten, Karadeniz havzas\u0131ndaki \u00fclkelerin turizm f\u0131rsatlar\u0131n\u0131 tan\u0131t\u0131yor. AB\u2019nin \u201cKaradeniz Havzas\u0131 2014-2020&#8243; ortak operasy\u00f6nel program\u0131nca finanse edilen 18 turistik tesis tan\u0131t\u0131l\u0131yor. Bulgaristan, Nesebar&#8217;dan Burgas&#8217;a<\/p>\n","protected":false},"author":29,"featured_media":47589,"comment_status":"closed","ping_status":"closed","sticky":false,"template":"","format":"standard","meta":{"advanced_seo_description":"","jetpack_seo_html_title":"","jetpack_seo_noindex":false,"jetpack_seo_schema_type":"","_jetpack_newsletter_access":"","_jetpack_dont_email_post_to_subs":false,"_jetpack_newsletter_tier_id":0,"_jetpack_memberships_contains_paywalled_content":false,"_jetpack_feature_clip_id":0,"_jetpack_memberships_contains_paid_content":false,"footnotes":"","jetpack_post_was_ever_published":false},"categories":[5],"tags":[30,173,596,3170],"class_list":["post-47588","post","type-post","status-publish","format-standard","has-post-thumbnail","hentry","category-yasam","tag-bulgaristan","tag-burgas","tag-karadeniz","tag-nesebar"],"jetpack_sharing_enabled":true,"jetpack_likes_enabled":true,"jetpack-related-posts":[],"jetpack_shortlink":"https:\/\/wp.me\/pc2PfJ-cny","jetpack_featured_media_url":"https:\/\/i0.wp.com\/www.bghaber.org\/bghaber\/wp-content\/uploads\/2020\/07\/karadeniz-nesebar-burgas.jpg?fit=925%2C520&ssl=1","_links":{"self":[{"href":"https:\/\/www.bghaber.org\/bghaber\/wp-json\/wp\/v2\/posts\/47588","targetHints":{"allow":["GET"]}}],"collection":[{"href":"https:\/\/www.bghaber.org\/bghaber\/wp-json\/wp\/v2\/posts"}],"about":[{"href":"https:\/\/www.bghaber.org\/bghaber\/wp-json\/wp\/v2\/types\/post"}],"author":[{"embeddable":true,"href":"https:\/\/www.bghaber.org\/bghaber\/wp-json\/wp\/v2\/users\/29"}],"replies":[{"embeddable":true,"href":"https:\/\/www.bghaber.org\/bghaber\/wp-json\/wp\/v2\/comments?post=47588"}],"version-history":[{"count":0,"href":"https:\/\/www.bghaber.org\/bghaber\/wp-json\/wp\/v2\/posts\/47588\/revisions"}],"wp:featuredmedia":[{"embeddable":true,"href":"https:\/\/www.bghaber.org\/bghaber\/wp-json\/wp\/v2\/media\/47589"}],"wp:attachment":[{"href":"https:\/\/www.bghaber.org\/bghaber\/wp-json\/wp\/v2\/media?parent=47588"}],"wp:term":[{"taxonomy":"category","embeddable":true,"href":"https:\/\/www.bghaber.org\/bghaber\/wp-json\/wp\/v2\/categories?post=47588"},{"taxonomy":"post_tag","embeddable":true,"href":"https:\/\/www.bghaber.org\/bghaber\/wp-json\/wp\/v2\/tags?post=47588"}],"curies":[{"name":"wp","href":"https:\/\/api.w.org\/{rel}","templated":true}]}}