{"id":47409,"date":"2020-06-26T11:38:06","date_gmt":"2020-06-26T08:38:06","guid":{"rendered":"https:\/\/www.bghaber.org\/bghaber\/?p=47409"},"modified":"2020-06-27T21:01:43","modified_gmt":"2020-06-27T18:01:43","slug":"bulturk-genel-baskani-ile-bulgaristan-uzerine","status":"publish","type":"post","link":"https:\/\/www.bghaber.org\/bghaber\/bulturk-genel-baskani-ile-bulgaristan-uzerine\/","title":{"rendered":"BULT\u00dcRK Genel Ba\u015fkan\u0131 ile Bulgaristan \u00dczerine&#8230;"},"content":{"rendered":"<p class=\"spotSize spotColor\">BULT\u00dcRK\u00a0Ba\u015fkan\u0131 Rafet Ulut\u00fcrk ile Bulgaristan \u00fczerine derinlemesine\u00a0sohbet yapt\u0131k. Siyasetten K\u00fclt\u00fcre BULT\u00dcRK\u2019\u00fcn etkisini K\u0131rcaali\u2019li Rafet Ulut\u00fcrk\u2019ten dinleyelim.<\/p>\n<div id=\"detaymetin\" class=\"content-news spotSize spotColor\">\n<p><strong>1.\u00a0 Sizleri Tan\u0131yabilir miyiz?<\/strong><\/p>\n<p>Ben de Arda boyu k\u00f6ylerinden K\u00f6seler g\u00f6\u00e7meniyim. T\u00fcrkl\u00fck ruhum ailemde, k\u00f6y\u00fcmde, K\u0131rca Ali, Filibe ve memleket yollar\u0131nda olu\u015ftu. Okul s\u0131ralar\u0131nda ve Bulgar k\u00fct\u00fcphane ve kitap\u00e7\u0131lar\u0131nda ge\u00e7irdi\u011fim y\u0131llarda b\u00fcy\u00fck bilgi birikimi olu\u015fturamad\u0131m. Alayl\u0131 biriyim. Filibe \u0130l M\u00fcft\u00fcl\u00fc\u011f\u00fcnde <em><strong>\u201cVak\u0131f Mallar\u0131\u201d<\/strong> <\/em>m\u00fcd\u00fcr\u00fc olarak \u00e7al\u0131\u015f\u0131rken, memleketimizdeki maddi ve manevi varl\u0131\u011f\u0131m\u0131z\u0131n, ruhsal d\u00fcnyam\u0131z\u0131n sonsuz derinlik bilincine vard\u0131m. Zaman a\u015f\u0131m\u0131na u\u011framayan bir k\u00fclt\u00fcrel mirasla tan\u0131\u015ft\u0131m. Sevdi\u011fimiz yerleri medenile\u015ftiren bizmi\u015fiz. Bulgaristan\u2019da \u015fehirlerimizden k\u00f6ylerimizden kovulmam\u0131z\u0131n nedeni ortada. Uygarl\u0131\u011f\u0131n yuvas\u0131 kentlerdir. Yaratt\u0131\u011f\u0131m\u0131z dikey k\u00fclt\u00fcr yedi tepeli Filibe gibi k\u00fclt\u00fcr merkezlerimizde ye\u015fermi\u015f. Bulgar Prensli\u011finde 1700 ilk ve ortaokul ve y\u00fczlerce medrese, okuma evleri, k\u00fct\u00fcphanelerimiz ruhsal d\u00fcnyam\u0131z\u0131n zenginli\u011fimizi anlat\u0131r. Saat kuleleri k\u00f6pr\u00fcler gibi d\u00fcnya medeniyetine ayak uydurdu\u011fumuza kan\u0131tt\u0131r. Kemerlerine hayran kald\u0131\u011f\u0131m\u0131z k\u00f6pr\u00fclerimizin alt\u0131ndan akan tarih bizi anlat\u0131r. \u00c7ubuklar\u0131n\u0131 ku\u015faklar\u0131nda getirip dualarla g\u00fcl diken atalar\u0131m\u0131z, d\u00fcnya de\u011fi\u015ftirdi. Ge\u00e7en as\u0131r Bulgaristan T\u00fcrk K\u00fclt\u00fcr\u00fc b\u00fcy\u00fck darbeler ald\u0131, ama bug\u00fcn de Arda \u015fark\u0131lar\u0131 bizi anlat\u0131yor. Rodop da\u011flar\u0131ndaki k\u0131r \u00e7i\u00e7ekleri, as\u0131rlar \u00e7amlar ve koyu g\u00f6lgeler hep bizi anlat\u0131r.\u00a0 Ben sevdik\u00e7e g\u00fczelle\u015fen ve herkese bizi anlatan bir emsalsiz diyardan geldim. Kulaklar\u0131mdaki ar\u0131 v\u0131z\u0131lt\u0131s\u0131, me\u015fe dallar\u0131nda s\u0131\u00e7rarken d\u00fc\u015fecek diye y\u00fcre\u011fimi s\u0131zlatan sincaplar, yonca bi\u00e7erken g\u00f6cenlerin t\u0131rpan-(Bulgaristan\u2019da t\u0131rpana kosa denmekte) \u00f6n\u00fcne dizili\u015fi g\u00f6zlerimin \u00f6n\u00fcne geldik\u00e7e t\u00fcylerim diken diken olur. Belki de b\u00f6yle duygularla ya\u015famam memleket sevgimin bendeki ya\u015fay\u0131\u015f\u0131-d\u0131r. Ben, memleket duygular\u0131yla ya\u015fayan biriyim.<\/p>\n<p><strong>2.\u00a0 Bulgaristan Dernek Ba\u015fkan\u0131 olarak bize Bulgaristan\u2019da kimler ya\u015f\u0131yor etnik gruplar vs. nerede bulunuyor k\u0131saca anlatabilir misiniz?<\/strong><\/p>\n<p>Dedi\u011fim gibi, ben G\u00fcney Do\u011fu Rodoplar\u2019da yeti\u015ftim. Askerli\u011fi de<em><strong>\u00a0\u201cTroyanovo\u201d, \u201cG\u0131l\u0131bovo\u201d \u201cKova\u00e7evo\u201d<\/strong><\/em>, gibi kasabalar\u0131n kay\u0131n ve me\u015fe ormanlar\u0131, g\u00fcrgen \u00e7al\u0131l\u0131klar\u0131 i\u00e7inde kaybolan demiryolu hatlar\u0131n\u0131n bak\u0131m i\u015flerinde yapt\u0131m. Hak ve \u00d6zg\u00fcrl\u00fckler Hareketi (H\u00d6H) \u00f6rg\u00fctsel yap\u0131lanmas\u0131na kat\u0131l\u0131rken, Koca Balkan\u2019\u0131n G\u00fcney yama\u00e7lar\u0131na konmu\u015f T\u00fcrk k\u00f6ylerini, Sliven\u2019\u0131n yaylalar\u0131ndaki 12 T\u00fcrk k\u00f6y\u00fcn\u00fc, Yambol y\u00f6resini tan\u0131ma imk\u00e2n\u0131m oldu. G\u00fcney Do\u011fu Rodoplar\u2019daki 8 T\u00fcrk \u015fehri ve k\u00f6yleri % 90 T\u00fcrk n\u00fcfusla 1919 Neuilly Bar\u0131\u015f Anla\u015fmas\u0131ndan sonra Osmanl\u0131\u2019dan kopar\u0131l\u0131p Bulgar Krall\u0131\u011f\u0131na kat\u0131lm\u0131\u015ft\u0131r. O zaman 128 bin T\u00fcrk\u2019le G\u00fcney Dobruca\u2019y\u0131 kaybeden Krall\u0131k\u2019ta, bug\u00fcn karma b\u00f6lgeler dendi\u011finde T\u00fcrk, Bulgar, Romen-Millet kar\u0131\u015f\u0131m\u0131n\u0131n yo\u011fun ya\u015fad\u0131\u011f\u0131 y\u00f6reler \u2013 Rus\u00e7uk\u2019tan ba\u015flar, Silistre, Varna, Burgaz, Hask\u00f6y, Filibe, Pa\u015fmakl\u0131 (Smolyan) \u00fczerinden Bat\u0131 Rodoplara, Pirin ve Rila Da\u011f\u0131 eteklerine yay\u0131l\u0131r. \u015eairlerimiz bu co\u011frafyaya \u201cG\u00f6k kubbemiz\u201d demi\u015ftir. Bulgaristan\u2019da biz T\u00fcrklerle beraber, Pomaklar, Roman-Millet, Ulahlar, Makedonlar, Tatarlar, Gagavuzlar ve son y\u0131llarda kalabal\u0131k bir Rus kolonisi ya\u015f\u0131yor.<\/p>\n<p>1946\u2019ya kadar \u00f6zel,1958\u2019e kadar da devlet T\u00fcrk okullar\u0131m\u0131z vard\u0131, daha sonraki ders y\u0131llar\u0131nda Bulgarlar ve di\u011fer az\u0131nl\u0131klarla ayn\u0131 s\u0131n\u0131flarda okudum. Biz Bulgaristan T\u00fcrkleri K\u00fclt\u00fcr ve Hizmet Derne\u011fi olarak yay\u0131nlar\u0131m\u0131zda<em><strong>\u00a0\u201cetnik\u201d<\/strong><\/em>\u00a0ve\u00a0<strong><em>\u201cetnik az\u0131nl\u0131k\u201d<\/em>\u00a0<\/strong>de\u011fimlerini pek kullanm\u0131yoruz, \u00e7\u00fcnk\u00fc bu kavramlar\u0131n Bulgarca kullan\u0131m\u0131ma \u201ck\u00f6k\u00fc olmayan soylar, topluluklar ve az\u0131nl\u0131klar\u201d anlam\u0131 y\u00fcklenmeye \u00e7al\u0131\u015f\u0131yor. Biz ise T\u00fcrk\u2019\u00fcz ve Orta Asya k\u00f6kenli Anadolu T\u00fcrklerindeniz ve az\u0131nl\u0131k da olsak, T\u00fcrk D\u00fcnyas\u0131nda olu\u015fturucu unsurlardan biriyiz.<\/p><div id=\"bghab-3081544406\" class=\"bghab-icerik-icine bghab-entity-placement\"><script async src=\"\/\/pagead2.googlesyndication.com\/pagead\/js\/adsbygoogle.js?client=ca-pub-6203283170189293\" crossorigin=\"anonymous\"><\/script><ins class=\"adsbygoogle\" style=\"display:block; text-align:center;\" data-ad-client=\"ca-pub-6203283170189293\" \ndata-ad-slot=\"7303146466\" \ndata-ad-layout=\"in-article\"\ndata-ad-format=\"fluid\" data-full-width-responsive=\"true\"><\/ins>\n<script> \n(adsbygoogle = window.adsbygoogle || []).push({}); \n<\/script>\n<\/div>\n<p><strong>3.\u00a0 Derne\u011finizi k\u0131saca anlat\u0131r m\u0131s\u0131n\u0131z ve T\u00fcrkiye\u2019de Bulgaristan \u0130sminde ne kadar dernek var? T\u00fcrkiye\u2019de Bulgar var m\u0131?<\/strong><\/p>\n<p>Bulgaristan T\u00fcrkleri K\u00fclt\u00fcr ve Hizmet Derne\u011fi \u2013 BULT\u00dcRK 2003\u2019de kuruldu. \u00d6l\u00fc dernek\u00e7ili\u011fi ink\u00e2r\u0131 ve dinamik ve akt\u00fcel STK anlay\u0131\u015f\u0131n\u0131n \u00fcr\u00fcn\u00fcd\u00fcr. 20 vizyon orta\u011f\u0131 birlik olduk ve 1950 g\u00f6\u00e7menlerinden kalan ve t\u00fckenmi\u015flikten \u00f6te zor nefes alan, \u015fair Mehmet \u00c7avu\u015f geleneklerini s\u00fcr\u00fckleyen, \u00c7emberlita\u015f gelene\u011finden koptuk. 1950\u2019de Stalin emriyle, Moskova bask\u0131s\u0131 ve milliyet\u00e7i h\u0131rs\u0131 ayars\u0131z Dimitrov tak\u0131m\u0131n\u0131n zorlamas\u0131yla gelen dedelerimizi kanats\u0131z bir poetika ile kanatland\u0131rmak olanaks\u0131zd\u0131. Cuma\u2019dan sonra kahve sohbetlerinden, a\u011fa\u00e7lar\u0131 kesilmi\u015f g\u00f6lgelerin kuru muharebelerinden bir \u015feyler beklemek anlams\u0131zd\u0131. Biz, Bulgaristan\u2019da ayaklanarak \u00fcn yapan ku\u015fa\u011f\u0131n kahramanlar\u0131 olarak geldik T\u00fcrkiye\u2019ye ve ana-vatan\u0131m\u0131z\u0131, bir \u201chi\u00e7\u201d say\u0131lan davam\u0131z\u0131 ve verdi\u011fimiz kurbanlarla, g\u00f6nderlerde dalgaland\u0131rd\u0131\u011f\u0131m\u0131z bayraklar\u0131m\u0131z\u0131, politik sahneye \u00e7\u0131k\u0131\u015f\u0131m\u0131z\u0131 d\u00fcnya sahnesine ta\u015f\u0131maya gelmi\u015ftik. T\u00fcrkiye bizim toplad\u0131\u011f\u0131m\u0131z ve dibine d\u00fc\u015ft\u00fc\u011f\u00fcm\u00fcz bir duvar de\u011fil, yeniden kanatlan\u0131p uzaklara u\u00e7aca\u011f\u0131m\u0131z pistti. Biz, T\u00fcrkiye\u2019ye g\u00fc\u00e7 toplamaya geldik, oturup beklerken erimeye, eridik\u00e7e kaybolmaya ve bir daha asla dirilip yumruk s\u0131kmay\u0131 unutmaya de\u011fil. 33 \u00e7ift g\u00f6z yenid\u00fcnya g\u00f6r\u00fc\u015f\u00fc yaratmakta birle\u015fmi\u015ftik. Program yazmad\u0131k. Bir u\u00e7mak i\u00e7in kanatlanan s\u0131kt\u0131k\u00e7a s\u0131kan bir f\u0131\u00e7\u0131ya ge\u00e7irilen \u00e7ember gibi etraf\u0131m\u0131za T\u00fcz\u00fck ge\u00e7irmedik. Bizim T\u00fcz\u00fc\u011f\u00fcm\u00fcz\u00fcn tek bir \u00f6zelli\u011fi var. BULT\u00dcRK geli\u015ferek g\u00fc\u00e7lendik\u00e7e esniyor yepyeni formlar al\u0131yor ve art\u0131k 10 bin ki\u015filik bir kitleye ve 5000 ki\u015filik Avrupa-Balkanlar ve T\u00fcrkistan\u2019dan fikirlerimizi izleyen bir merakl\u0131lar ordusuna ufuk a\u00e7maya \u00e7al\u0131\u015f\u0131yor.<\/p>\n<p>Bildi\u011fi kadar T\u00fcrkiye\u2019de Bulgaristanl\u0131-Balkanl\u0131 soyda\u015f \u00f6rg\u00fctlerinin say\u0131s\u0131 2 binden fazlad\u0131r. Ana-vatan\u0131m\u0131z demokratik bir \u00fclke ve adalet ve hizmet, ayd\u0131nlanma ve at\u0131l\u0131m kolanlar\u0131n\u0131 sivil toplum \u00f6rg\u00fctlerine, k\u00fclt\u00fcr kul\u00fcplerine, \u00f6\u011frenci birliklerine, hizmet kurulu\u015flar\u0131na vs dayan\u0131yor. T\u00fcrkiye demokrasisi tabandan tavana g\u00fc\u00e7 toplayan bir hiyerar\u015fik b\u00fct\u00fcnl\u00fckt\u00fcr. Fikirsel birikim, yarg\u0131 de\u011ferlerimizin durulmas\u0131, ortak noktalarda bulu\u015fmak, reddetti\u011fimiz ge\u00e7mi\u015fe birlikte g\u00f6\u011f\u00fcs germek, gen\u00e7 ku\u015fa\u011f\u0131 k\u00e2\u011f\u0131t kalem k\u00fclt\u00fcr\u00fcnden elektronik alana ta\u015f\u0131mak ve ge\u00e7mi\u015fi olumsuzlarken hi\u00e7bir kimseyi yaralamadan birlikte yol almak ana y\u00f6nelimizdir. Biz hepimiz Bulgaristan\u2019da zul\u00fcm g\u00f6rd\u00fc\u011f\u00fcm\u00fcz zaman\u0131 i\u00e7imizde ta\u015f\u0131yoruz. Ne var ki, bizi birbirimizden uzakla\u015ft\u0131ran b\u00fcy\u00fck say\u0131da nesnel sebep var. \u0130nsanlar ya\u015fanan karanl\u0131\u011f\u0131n, koku\u015fmu\u015f zaman\u0131n g\u00fcn \u0131\u015f\u0131\u011f\u0131na \u00e7\u0131kmadan kalmas\u0131n\u0131 d\u00fc\u015fl\u00fcyor ve bu bizim ayd\u0131nl\u0131kta kucakla\u015f\u0131p ortakl\u0131k kurabilmemize engel oluyor. Bu engeller bize orada tak\u0131lan kelep\u00e7elerdir. Onlara al\u0131\u015fanlar\u0131m\u0131z var. Kopar\u0131p atamamam\u0131z kendi zay\u0131fl\u0131\u011f\u0131m\u0131z ve kelep\u00e7esiz bir gelecek yolunun kahvelerde pi\u015fti oynamak olmad\u0131\u011f\u0131n\u0131, \u00f6zellikle belirtmek istiyorum. Bizim en b\u00fcy\u00fck g\u00fc\u00e7 kayna\u011f\u0131m\u0131z insan, soyda\u015f, karde\u015f, \u00e7ifte vatanda\u015f olma s\u0131cakl\u0131\u011f\u0131m\u0131z da gizlidir. Bu irade hepimizde var bizim. Ruhumuzun birle\u015fme \u00f6zg\u00fcrl\u00fc\u011f\u00fcne sayg\u0131l\u0131 olma zaman\u0131 hayat hakk\u0131 istiyor.<\/p>\n<p>T\u00fcrkiye\u2019de Bulgar var m\u0131 demi\u015fsiniz. Olmas\u0131n olur mu? Daha Abd\u00fclhamid Han devrinde \u0130stanbul\u2019da 29 bin Bulgar i\u015f\u00e7i, esnaf, t\u00fcccar, \u00f6\u011frenci ve din adam\u0131 ya\u015f\u0131yormu\u015f. \u0130lk Bulgar Belediye Ba\u015fkan\u0131 Pavel Babekov, Ba\u015fbakanlardan Todor Stoilov, Dragan Tzankov, bir\u00e7ok bakan, bilim adam\u0131 vb \u0130stanbul\u2019da okumu\u015ftur. 1860\u2019l\u0131 y\u0131llarda \u201cRobert Kolej\u201d \u00f6\u011frencilerinin yar\u0131s\u0131 Bulgar\u2019d\u0131r. Bulgar uyan\u0131\u015f ve milli dirili\u015f ruhu \u0130stanbul\u2019da uyanm\u0131\u015f ve bu b\u00fcy\u00fck ve zengin ge\u00e7mi\u015fin derin k\u00f6kenlerinin hala \u0130stanbul\u2019da ya\u015fad\u0131\u011f\u0131na inan\u0131yorum. Bu b\u00f6yle olmasa, \u0130stanbul B\u00fcy\u00fck \u015eehir Belediyesi\u00a0<strong><em>\u201cDemir Kiliseyi\u201d<\/em><\/strong>\u00a0onarmazd\u0131. \u0130nsanlar \u0131rmaklar\u0131n akt\u0131\u011f\u0131 y\u00f6ne gider. Bulgaristan \u0131rmaklar\u0131 T\u00fcrkiye\u2019ye akar.<\/p>\n<p><b>4.\u00a0 T\u00fcrkiye\u2019de derne\u011fimizde Bulgar \u00fcyeniz var m\u0131? Bulgarlar ile T\u00fcrkler aras\u0131nda dostluklar nas\u0131l. T\u00fcrkiye\u2019de ve Bulgaristan\u2019da?<\/b><\/p><div id=\"bghab-3125972326\" class=\"bghab-icerik-icine-10-paragraf bghab-entity-placement\"><script async src=\"\/\/pagead2.googlesyndication.com\/pagead\/js\/adsbygoogle.js?client=ca-pub-6203283170189293\" crossorigin=\"anonymous\"><\/script><ins class=\"adsbygoogle\" style=\"display:block; text-align:center;\" data-ad-client=\"ca-pub-6203283170189293\" \ndata-ad-slot=\"7303146466\" \ndata-ad-layout=\"in-article\"\ndata-ad-format=\"fluid\" data-full-width-responsive=\"true\"><\/ins>\n<script> \n(adsbygoogle = window.adsbygoogle || []).push({}); \n<\/script>\n<\/div>\n<p>\u0130stanbul\u2019da BULT\u00dcRK kap\u0131s\u0131 herkese a\u00e7\u0131kt\u0131r. Haklar\u0131 ve sorumluluklar\u0131 e\u015fit, d\u00fcnya g\u00f6r\u00fc\u015fleri farkl\u0131 da olabilen ama resmi ger\u00e7e\u011fin arkas\u0131n\u0131 da merak eden, demokratik ruhlu \u00f6zg\u00fcrl\u00fck\u00e7\u00fc, insan\u0131 ve kitab\u0131, \u00f6\u011frenmeyi seven vatanda\u015flar\u0131n ortak gelecek de\u011ferlerini birlikte d\u00f6vd\u00fckleri \u00f6rst\u00fcr BULT\u00dcRK. Bizim BULT\u00dcRK\u2019te sadece \u00fcye Bulgar de\u011fil ayn\u0131 zamanda Bulgar yazar\u0131m\u0131z da var Bojidar \u00c7\u0130POV gibileri. Tabi ki \u00fcyelerimiz de var. \u0130stanbul\u2019da herkesin bildi\u011fi gibi Bulgar kilisesi var ve bu g\u00fcn bunlar\u0131n da 800 aile cemaatleri vard\u0131r. Bulgar \u00fcyelerin artmas\u0131na, tart\u0131\u015fmalar\u0131m\u0131za aktif kat\u0131lmalar\u0131na, mutlaka ar\u0131nmas\u0131 gereken soyk\u0131r\u0131m denemeli ortak ge\u00e7mi\u015fimizi birlikte elememize, zorunlu T\u00fcrk\u00e7e e\u011fitim, Bulgaristan Tarihini yeniden ve birlikte yazmaya her zaman haz\u0131r\u0131z.<\/p>\n<p>\u0130stanbul\u2019da d\u00fczenledi\u011fimiz b\u00fcy\u00fck g\u00f6\u00e7, katliamlar, soyk\u0131r\u0131m denemesi, T\u00fcrklerin ve di\u011fer az\u0131nl\u0131klar\u0131n bireysel ve ortak haklar\u0131, \u00e7ok k\u00fclt\u00fcrl\u00fcl\u00fck gibi konularda d\u00fczenledi\u011fimiz bilimsel konferanslara Prof. Dr. Mihail \u0130vanov ve Prof. Dr. Stoyan Dinkov gibi \u00fcnl\u00fc bilginlerin kat\u0131lmas\u0131 bizi memnun etti. \u0130nsanlar fikir kavgas\u0131 i\u00e7inde olabilir, fakat yarg\u0131 de\u011ferlerinde bulu\u015fup birle\u015fmek zorundad\u0131rlar. \u00d6rne\u011fin,\u00a0<em><strong>\u201cbize, size Osmanl\u0131 devrinde T\u00fcrkle\u015ftirilip \u0130slamla\u015ft\u0131r\u0131lm\u0131\u015f Bulgar-lars\u0131n\u0131z\u201d<\/strong>\u00a0<\/em>tuza\u011f\u0131 kuranlar bo\u015f bo\u015f direnmeye devam ediyorlar. Yalana kurban olanlar yaln\u0131z biz de\u011filiz. Ayn\u0131 tuzak, \u201cortak tarih, Makedon dili Bulgarcan\u0131n G\u00fcney Bat\u0131 Bulgaristan b\u00f6lgesinde konu\u015fulan leh\u00e7edir\u201d \u015feklinde Kuzey Makedonya Cumhuriyeti vatanda\u015flar\u0131na kurulunca, i\u00e7ine kendileri d\u00fc\u015ft\u00fcler. Biz kimliklere sayg\u0131l\u0131 dostluklarda, kar\u015f\u0131l\u0131kl\u0131 ho\u015fg\u00f6r\u00fcye dayanan bir kader birli\u011finden yanay\u0131z.<\/p>\n<p><b>5.\u00a0 T\u00fcrkiye\u2019de STK\u2019lar hepsi H\u00d6H\u2019\u00fc destekliyor. Sizin dernek ilk kar\u015f\u0131 gelen, siz neden kar\u015f\u0131s\u0131n\u0131z? Nedir anla\u015famad\u0131klar\u0131m\u0131z?<\/b><\/p>\n<p>T\u00fcrkiye\u2019deki STK\u2019lar\u0131n kimi destekledi\u011fine dair bir anket yap\u0131lmam\u0131\u015ft\u0131r. Ne var ki, soyda\u015flar\u0131m\u0131z\u0131n Hak ve \u00d6zg\u00fcrl\u00fckler Partisi\u2019ni (H\u00d6H) desteklemesi do\u011fald\u0131r. 1989\u2019dan \u00f6nce eskiden g\u00f6\u00e7 etmi\u015f olan ki\u015filer pek Bulgaristan ile ilgilenmemi\u015flerdir. \u00c7\u00fcnk\u00fc onlar\u0131n dedelerinin tek istekleri Bulgar topraklar\u0131ndan uzakla\u015fmak ve kurtulmakt\u0131. Biz son gelen g\u00f6\u00e7menler ise hem Bulgaristan hem de T\u00fcrkiye ile daha yak\u0131ndan ilgilenmemiz. Biliyorsunuz H\u00d6H\u2019\u00fc parti yapan ve Bulgaristan T\u00fcrklerinin bu partiye toplu halde gitmelerinin tek sebebi vard\u0131r o da T\u00fcrkiye Cumhuriyetinin H\u00d6H\u2019\u00fc desteklemesidir. 1990 y\u0131l\u0131nda T\u00fcrkiye Cumhuriyeti B\u00fcy\u00fckel\u00e7i H\u00d6H Ba\u015fkan\u0131n\u0131n elini kald\u0131rmasayd\u0131 o zavall\u0131 hain T\u00fcrkleri pe\u015finden g\u00f6t\u00fcremeyecekti. Bulgaristan\u2019da hi\u00e7bir T\u00fcrk bu partiye sahip \u00e7\u0131kmazd\u0131 veya burada bulu\u015famazd\u0131k. \u0130\u015fte bu yanl\u0131\u015f da olsa insanlar\u0131m\u0131z\u0131n pusulas\u0131 T\u00fcrkiye oldu\u011fu i\u00e7in y\u00f6nlendirildiler. K\u0131saca burada T\u00fcrkiye Cumhuriyetinin Temsilcileri s\u0131n\u0131fta kalm\u0131\u015flard\u0131r, ama asla Bulgaristan T\u00fcrkleri de\u011fil. Asl\u0131nda 1989 T\u00fcrkiye haz\u0131rl\u0131ks\u0131z yakalanm\u0131\u015ft\u0131 da diyebiliriz. \u00d6n\u00fcne \u00e7\u0131kar\u0131lan ilk ki\u015fiye destek vermi\u015ftir, h\u00e2lbuki T\u00fcrkiye hi\u00e7 siyasete m\u00fcdahale etmeseydi bir s\u00fcre g\u00f6zlemci olarak kalsayd\u0131 olaylar\u0131 uzaktan takip etseydi kimin kim oldu\u011funu neyin ne oldu\u011funu daha iyi anlayabilir ve do\u011fru hamleler yapma imk\u00e2n\u0131 olabilirdi. Bunu bir nebze anlad\u0131lar amma \u00e7ok ge\u00e7 oldu ve Bulgaristan T\u00fcrklerine \u00e7ok zarar vermi\u015flerdi. Birlik ve beraberlik Bulgaristan\u2019da bozulmam\u0131\u015ft\u0131r. Bu g\u00fcn dahi halk birlik ve beraberli\u011finden ayr\u0131lmam\u0131\u015ft\u0131r. Her \u015feye ra\u011fmen H\u00d6H\u2019e oy vermektedirler, neden \u00e7\u00fcnk\u00fc kar\u015f\u0131s\u0131na ger\u00e7ek bir alternatif ne Bulgarlar ne de T\u00fcrkler taraf\u0131ndan koyulamam\u0131\u015ft\u0131r. Bulgaristan T\u00fcrkleri sezileri g\u00fc\u00e7l\u00fc y\u00fcksek bilin\u00e7li bir kitledir. Bu b\u00f6yle biline kimse halk\u0131 kand\u0131ramaz \u00e7aresizlik insanlar\u0131 k\u00f6t\u00fclere bile y\u00f6nlendirebilir ama Bulgaristan T\u00fcrklerinin kantar\u0131 \u015fa\u015fmaz zaman bunu g\u00f6sterecektir bu halk herkesi \u00e7ok iyi tartar\u2026<\/p>\n<p>Ayr\u0131ca T\u00fcrkiye\u2019de STK veya siyasi partilere bir s\u00f6z\u00fcm\u00fcz var. Bu konu i\u00e7 siyaset malzemesi yap\u0131lacak bir konu de\u011fildir. AK Parti ve Erdo\u011fan kar\u015f\u0131tl\u0131\u011f\u0131 yap\u0131lacak malzeme ise hi\u00e7 de\u011fildir. Bu siyaset \u00fcst\u00fc bir konudur. T\u00fcrkiye\u2019de bulunan dernekler \u015funu bilmesini isterim. Bulgaristan\u2019da Do\u011fan veya ba\u015fkas\u0131 hi\u00e7 \u00f6nemli de\u011fil desteklerin kar\u015f\u0131l\u0131\u011f\u0131nda<em><strong>\u00a0\u201cBulgaristan T\u00fcrkleri -Ne kazan\u0131yorlar -Ne kaybediyorlar\u201d.<\/strong><\/em>\u00a0\u0130\u015fte pusulam\u0131z bu olmal\u0131d\u0131r, bizim bakt\u0131\u011f\u0131m\u0131z tartt\u0131\u011f\u0131m\u0131z tart\u0131 ve y\u00f6nlendi\u011fimiz pusula budur.<\/p><div id=\"bghab-3468655261\" class=\"bghab-icerik-icine-15-paragraf bghab-entity-placement\"><script async src=\"\/\/pagead2.googlesyndication.com\/pagead\/js\/adsbygoogle.js?client=ca-pub-6203283170189293\" crossorigin=\"anonymous\"><\/script><ins class=\"adsbygoogle\" style=\"display:block; text-align:center;\" data-ad-client=\"ca-pub-6203283170189293\" \ndata-ad-slot=\"7303146466\" \ndata-ad-layout=\"in-article\"\ndata-ad-format=\"fluid\" data-full-width-responsive=\"true\"><\/ins>\n<script> \n(adsbygoogle = window.adsbygoogle || []).push({}); \n<\/script>\n<\/div>\n<p>\u00c7\u00fcnk\u00fc Bulgaristan\u2019dan T\u00fcrkiye\u2019ye son g\u00f6\u00e7 1989 bahar ve yaz\u0131nda ger\u00e7ekle\u015fmi\u015f ve gelenler beraberlerinde Bulgaristan M\u00fcsl\u00fcmanlar\u0131n\u0131n 1972-1973 ve 1984-1989 zul\u00fcm ve direni\u015f ruhunu getirmi\u015flerdir. Totaliter kom\u00fcnist ter\u00f6r rejimine kar\u015f\u0131 m\u00fccadele ruhunda yara, \u00e7ile ve ac\u0131larla birlikte, \u015fiddetli bir \u00f6fke ve \u00f6\u00e7 alma h\u0131rs\u0131 da oldu\u011funu kimse ink\u00e2r edemez. Son G\u00f6\u00e7\u2019ten birka\u00e7 ay sonra diktat\u00f6r Todor Jivkov d\u00fc\u015ft\u00fc. 20. Y\u00fczy\u0131l Avrupa tarihinde bir az\u0131nl\u0131\u011f\u0131n bir milli devlet, h\u00fckumet ve parti liderini devirdi\u011fi g\u00f6r\u00fclmemi\u015fti, ya\u015fanmam\u0131\u015ft\u0131. Jivkov\u2019un, ard\u0131ndan Kom\u00fcnist partisi, h\u00fckumet devrildi. Kom\u00fcnist rejim alt\u00fcst oldu. Bu zafer sonucu, Bulgaristan M\u00fcsl\u00fcmanlar\u0131n\u0131n isim ve din haklar\u0131 resmen iade edildi. Adil, \u00f6zg\u00fcr ve demokratik bir d\u00fczen ufku a\u00e7\u0131ld\u0131.<\/p>\n<p>\u015eu asla unutulmamal\u0131d\u0131r. Bulgaristan T\u00fcrklerinin bu muazzam ve emsalsiz zaferi, Bulgaristan\u2019da Hak ve \u00d6zg\u00fcrl\u00fckler Partisi kurulmazdan, (04 Ocak 1990) \u00f6nce ger\u00e7ekle\u015fmi\u015f bir olayd\u0131r. H\u00d6H, halk direni\u015fimizin parsas\u0131n\u0131 toplayan ve direni\u015fimize kapak olan bir partidir. Bulgaristan T\u00fcrklerinin totalitarizme kar\u015f\u0131 elde etti\u011fi t\u00fcm ba\u015far\u0131lar\u0131, halk irademizin ba\u015far\u0131lar\u0131n\u0131 kendi hesab\u0131na yazm\u0131\u015ft\u0131r. Bunu yapabilmek i\u00e7in ger\u00e7ek devrimcilere, karde\u015flerimize darbe \u00fcst\u00fcne darbe indirmi\u015ftir. Bizdeki halk isyan, zul\u00fcm g\u00f6ren bir mazlum halk\u0131n ruhsal patlamas\u0131d\u0131r. 21 May\u0131s 1989\u2019da Cebel\u2019den Silistre\u2019ye Bulgaristan\u2019da T\u00fcrk ya\u015fayan her yer, ayn\u0131 iradeyle tek ki\u015fi olarak ayakland\u0131. Bu kanl\u0131 halk ayaklanmas\u0131nda bug\u00fcnk\u00fc H\u00d6H y\u00f6neticilerinden bir tek ki\u015fi ya da onlardan birisinin uzak yak\u0131n akrabas\u0131 yoktu. Ayaklanmay\u0131 t\u00fct\u00fcn tarlalar\u0131ndan, k\u00f6y meydanlar\u0131na, \u015fehirlere ta\u015f\u0131yan 55 illegal, yar\u0131 legal ve gizlilik perdesini y\u0131rtm\u0131\u015f \u00f6rg\u00fct, parti, dernek, dirili\u015f birimi vard\u0131. 72 bin T\u00fcrk, direni\u015f n\u00fcvelerinden ald\u0131\u011f\u0131 cesaretle Bulgar devletini k\u00f6ks\u00fcz a\u011fa\u00e7 bibi sallad\u0131. Saman \u00e7uval\u0131 gibi tekmeledi. Kad\u0131nlar tanklar\u0131n \u00fcst\u00fcne \u00e7\u0131kt\u0131, Devrim silah\u0131m\u0131z\u0131n \u00e7apa k\u00fcrek oldu\u011funu d\u00fcnya g\u00f6rd\u00fc. Bu bir k\u00f6yl\u00fc halk ayaklanmas\u0131yd\u0131.<\/p>\n<p>\u015eu noktada birle\u015felim. Ge\u00e7mi\u015f asla \u00f6lmez. Biz 31 y\u0131l \u00f6nce ger\u00e7ekle\u015fmi\u015f bir olay\u0131 de\u011ferlendiriyoruz. Bir ayaklanmaya kat\u0131lmayanlar isyan kahraman\u0131 ilan edilemez. Bizim en b\u00fcy\u00fck iste\u011fimiz her zaman\u00a0<strong><em>\u201cbar\u0131\u015ft\u0131\u201d<\/em><\/strong>, bug\u00fcn de bar\u0131\u015ft\u0131r. Fakat \u015fu da bilinmeli, Bulgar totalitarizmiyle m\u00fccadelede zafer b\u00f6l\u00fcnmez, par\u00e7alanmaz, sat\u0131lmaz, hediye veya ipotek edilmez bir nimettir. Totalitarizmle m\u00fccadelede zafer bayra\u011f\u0131 dalgaland\u0131ran T\u00fcrklerdir. Orta\u011f\u0131m\u0131z, m\u00fcttefikimiz, yan g\u00fcc\u00fcm\u00fcz yoktu.<\/p>\n<p><strong>Sahnede H\u00d6H adl\u0131 bir parti de yoktu.<br \/>\n<\/strong><strong>Bir)<\/strong>\u00a0H\u00d6H da\u011f\u0131labilir ama Bulgaristan T\u00fcrklerinin 1989 Ayaklanmas\u0131 ebedi ya\u015fayacakt\u0131r.<\/p>\n<p><strong>\u0130ki)<\/strong>\u00a0 H\u00d6H kendini fes edebilir bizi birle\u015ftiren ilkelerin ba\u015f\u0131nda hak ve \u00f6zg\u00fcrl\u00fck sava\u015f\u0131m\u0131 kutsal\u0131m\u0131zd\u0131r.<\/p><div id=\"bghab-2200797591\" class=\"bghab-icerik-icine-20-paragraf bghab-entity-placement\"><script async src=\"\/\/pagead2.googlesyndication.com\/pagead\/js\/adsbygoogle.js?client=ca-pub-6203283170189293\" crossorigin=\"anonymous\"><\/script><ins class=\"adsbygoogle\" style=\"display:block; text-align:center;\" data-ad-client=\"ca-pub-6203283170189293\" \ndata-ad-slot=\"7303146466\" \ndata-ad-layout=\"in-article\"\ndata-ad-format=\"fluid\" data-full-width-responsive=\"true\"><\/ins>\n<script> \n(adsbygoogle = window.adsbygoogle || []).push({}); \n<\/script>\n<\/div>\n<p><strong>\u00dc\u00e7)<\/strong>\u00a0Devrimci y\u00fckseli\u015fimiz, Hak ve \u00d6zg\u00fcrl\u00fck Partisi kurulmazdan \u00f6nce zafer elde etmi\u015ftir. H\u00d6H kuruldu\u011fu zaman bayraklar\u0131n\u0131 d\u00fcrm\u00fc\u015ft\u00fc. Bulgaristan T\u00fcrklerinin kutsal davas\u0131, olayla ilgili olmayan birine mal edilemez.<\/p>\n<p>1990 B\u00fcy\u00fck Millet Meclisi H\u00d6H Se\u00e7im Program\u0131nda \u00e7ok k\u00fclt\u00fcrl\u00fc Bulgaristan \u00fclk\u00fcs\u00fc birinci istekti. Ne oldu? Anadilimizi, yaz\u0131 dilimizi, edebiyat\u0131m\u0131z\u0131, k\u00fclt\u00fcr\u00fcm\u00fcz\u00fc, halk zek\u00e2m\u0131z\u0131 kaybetmek \u00fczereyiz. 1990 y\u0131l\u0131ndan beri H\u00d6H partisinin Bulgaristan T\u00fcrklerine sa\u011flad\u0131\u011f\u0131 bir kazan\u0131m g\u00f6sterebilir misiniz?\u00a0 Ekmek teknemizi k\u0131rd\u0131. T\u00fct\u00fcne kota getirdi. Hayvanc\u0131l\u0131\u011f\u0131m\u0131z\u0131 s\u00f6nd\u00fcrd\u00fc. Tarlalar tabula\u015ft\u0131r\u0131p tar\u0131m kooperatifleri anonim ortakl\u0131\u011fa d\u00f6n\u00fc\u015ft\u00fcr\u00fcp kooperatif\u00e7i \u00fcretimi ya\u015fat\u0131labilirdi. T\u00fcrklerin ya\u015fad\u0131\u011f\u0131 b\u00f6lgelerde 5-10 sanayi tesisinde \u00fcretim korunabilirdi. Talandan kazanan T\u00fcrk k\u00f6yl\u00fcler de\u011fil, H\u00d6H eliti oldu. T\u00fcrkleri ekonomik s\u0131k\u0131nt\u0131ya itmek bilin\u00e7li bir s\u00fcre\u00e7ti ve H\u00d6H eliyle ger\u00e7ekle\u015ftirildi. BULGARTABAK Holdingin D. Peevskiye pe\u015fke\u015f \u00e7ekilmesi parlak \u00f6rnektir.<\/p>\n<p>E\u011fitim ve sa\u011fl\u0131k sekt\u00f6r\u00fcne indirilen darbeler Bulgaristan T\u00fcrklerini \u00e7aresiz duruma getirdi. \u00c7ocuklar\u0131n tamamen cahil kalmas\u0131 kap\u0131 \u00e7al\u0131yor. Gen\u00e7lerin \u00fclkeyi terk etmesi \u00e7aresizli\u011fin bir ba\u015fka g\u00f6stergesidir.<\/p>\n<p>T\u00fcrkiye\u2019deki STK\u2019lar\u0131n H\u00d6H\u2019\u00fc desteklemesi, parti i\u00e7inde ya\u015famam\u0131\u015f, m\u00fccadelenin 1989\u2019dan sonraki devam\u0131na kat\u0131lmam\u0131\u015f, partinin halktan kopma s\u00fcreci ac\u0131lar\u0131n\u0131 ya\u015famam\u0131\u015f olmas\u0131ndan kaynaklan\u0131yor. Bu, bir erke\u011fin sevgilisinin 18\u2019indeki resmine bakmas\u0131 gibi bir tutkudur. H\u00d6H, Bulgaristan M\u00fcsl\u00fcmanlar\u0131n\u0131n hakl\u0131 isteklerini has\u0131r-alt\u0131 etmek i\u00e7in planlanm\u0131\u015f ve kurulmu\u015ftur. \u0130smi ile \u00f6z\u00fc ve etkinlikleri aras\u0131nda ba\u011fda\u015fmaz \u00e7eli\u015fkiler vard\u0131r. Bunlar\u0131n a\u015f\u0131labilmesi bug\u00fcnk\u00fc y\u00f6netim kadrosu zihniyetiyle olanakl\u0131 say\u0131lamaz. H\u00d6H, partisi soyk\u0131r\u0131m s\u00fcreci su\u00e7lular\u0131ndan hesap sorulmas\u0131nda, tutuklan\u0131p yarg\u0131ya teslim edilmelerinde direnseydi, kimse H\u00d6H\u2019e dil uzatmazd\u0131. H\u00d6H \u00e7ocuklar\u0131m\u0131z\u0131n anadilde yeti\u015fmesi, T\u00fcrk\u00e7enin zorunlu dil olmas\u0131n\u0131 mecliste s\u00fcrekli g\u00fcndem yapayd\u0131, e\u011fitim-\u00f6\u011fretim sorunlar\u0131n\u0131 \u00e7\u00f6zseydi, diyecek s\u00f6z\u00fcm\u00fcz kalmazd\u0131. H\u00d6H, M\u00fcsl\u00fcman se\u00e7men oyunu Moskova\u2019n\u0131n i\u015faret etti\u011fi Cumhurba\u015fkan\u0131 adaylar\u0131na defalarca hediye etti. VMRO-\u0131rk\u00e7\u0131lar\u0131n\u0131n meclise dolup Ba\u015fbakan Yard\u0131mc\u0131l\u0131\u011f\u0131na ve Savunma Bakanl\u0131\u011f\u0131na t\u0131rmanmas\u0131 H\u00d6H pasifli\u011finin sonucudur. H\u00d6H, Adalet Reformuna engel olmasayd\u0131, bug\u00fcn art\u0131k Bulgaristan\u2019da adalet ve demokrasi kap\u0131s\u0131 aralan\u0131rd\u0131. H\u00d6H, T\u00fcrkiye Cumhuriyetindeki soyda\u015flar\u0131m\u0131z\u0131n serbest\u00e7e oy kullanmas\u0131 sa\u011flayamad\u0131. Bu konuya e\u011filmek bile istemedi. Her se\u00e7menin se\u00e7me ve se\u00e7ilme hakk\u0131n\u0131 kullanmas\u0131na sand\u0131k say\u0131s\u0131 gibi bahanelerle s\u00fcrekli engel oldu. Oylaman\u0131n posta ile yap\u0131lmas\u0131 tekliflerimizi desteklemedi. Gurbet\u00e7i karde\u015flerimizin sorunlar\u0131yla hi\u00e7 ilgilenmedi ve hele \u015fu\u00a0<em><strong>\u201cCOV\u0130D -19\u201d<\/strong><\/em>\u00a0belas\u0131yla m\u00fccadelede ortal\u0131ktan hepten kayboldu.\u00a0 Bu gibi \u00e7\u00f6z\u00fcm bekleyen sorunlar\u0131 T\u00fcrkl\u00fc\u011f\u00fcm\u00fczden yana \u00e7\u00f6zseydi, H\u00d6H\u2019e diyecek s\u00f6z\u00fcm\u00fcz olmazd\u0131. H\u00d6H Bulgaristan T\u00fcrklerinin hak ve \u00f6zg\u00fcrl\u00fck m\u00fccadelesini temsil etmiyor, halk davam\u0131z\u0131n \u00f6z\u00fcn\u00fc k\u00f6reltti ve k\u00f6reltiyor. Parayla oy toplayan bir siyasi partiden T\u00fcrk kimli\u011fi davam\u0131za fayda gelmez. H\u00d6H partisi liberal-demokrat zincirine ba\u011flanm\u0131\u015f, finans oligar\u015fi tuza\u011f\u0131na d\u00fc\u015fm\u00fc\u015f ve Bulgaristan\u2019da Rus paras\u0131yla olu\u015fan mali-oligar\u015fiye (zenginler grubuna) siyasi destek kolonu olmu\u015ftur. Bulgaristan bug\u00fcn 200 zengin taraf\u0131ndan y\u00f6netiliyor. Bunlar\u0131n aras\u0131nda biz T\u00fcrklerden kimse yoktur. Yoksullar\u0131n % 90\u2019n\u0131 ise karde\u015flerimizdir. H\u00d6H, elit tabakas\u0131n\u0131n g\u00fcn\u00fcm\u00fczde savundu\u011fu Bulgar milli menfaatleri T\u00fcrk ahalisinin d\u00fcnya g\u00f6r\u00fc\u015f\u00fc ve ya\u015fam \u00e7\u0131karlar\u0131na terstir. \u00d6rne\u011fin, H\u00d6H K\u0131rca Ali Belediye Ba\u015fkan\u0131 Hasan Aziz\u2019in\u00a0<strong><em>\u201c3 Mart\u201d<\/em><\/strong>\u00a0kurtulu\u015f g\u00fcn\u00fc kutlamalar\u0131na ne diyelim? 3 Mart 1878, Bulgaristan T\u00fcrklerinin esaret alt\u0131na d\u00fc\u015ft\u00fc\u011f\u00fc g\u00fcnd\u00fcr.<\/p>\n<p>Bizim anla\u015famad\u0131\u011f\u0131m\u0131z parti, stk veya ba\u015fka bir kurulu\u015f yoktur. Bilin\u00e7li ve bilin\u00e7siz STK \u00f6rg\u00fct ve hareketinden s\u00f6z edebiliriz. STK-c\u0131l\u0131k\u00a0<em><strong>\u201cpi\u015fti\u201d<\/strong><\/em>\u00a0oynamak anlam\u0131na gelmez. Her \u015fey ortada, soyk\u0131r\u0131m denemesi ya\u015fad\u0131k, ata topraklar\u0131m\u0131zdan kovulduk, ka\u00e7 stk derli toplu, anlaml\u0131 bir toplant\u0131 yapt\u0131? Anma t\u00f6reni d\u00fczenledi?<\/p><div id=\"bghab-2174392369\" class=\"bghab-icerik-icine-25-paragraf bghab-entity-placement\"><script async src=\"\/\/pagead2.googlesyndication.com\/pagead\/js\/adsbygoogle.js?client=ca-pub-6203283170189293\" crossorigin=\"anonymous\"><\/script><ins class=\"adsbygoogle\" style=\"display:block; text-align:center;\" data-ad-client=\"ca-pub-6203283170189293\" \ndata-ad-slot=\"7303146466\" \ndata-ad-layout=\"in-article\"\ndata-ad-format=\"fluid\" data-full-width-responsive=\"true\"><\/ins>\n<script> \n(adsbygoogle = window.adsbygoogle || []).push({}); \n<\/script>\n<\/div>\n<p>Modern d\u00fcnyada STK-lar politik uyan\u0131k \u00f6rg\u00fctlerdir. H\u00d6H y\u00f6netiminin T.C.\u2019nin semalar\u0131na giren Rus sava\u015f u\u00e7a\u011f\u0131\u00a0<strong><em>\u201cSU-24\u201d<\/em>\u00a0<\/strong>konusundaki Sofya Meclisindeki Deklarasyonu Genel Ba\u015fkan L\u00fctfi Mestan\u2019\u0131n ba\u015f\u0131n\u0131 yedi, \u00e7\u00fcnk\u00fc H\u00d6H\u2019\u00fcn iplerini \u00e7ekenler Bulgaristan M\u00fcsl\u00fcmanlar\u0131n\u0131 atacaklar\u0131 ad\u0131m olmayan\u00a0<strong><em>\u201cesirler\u201d<\/em><\/strong>\u00a0olarak g\u00f6r\u00fcyorlar. Bizi Ruslar\u0131n Bulgaristan politikas\u0131nda\u00a0<strong><em>\u201cs\u00f6z sahibi olmayan\u201d<\/em>\u00a0<\/strong>ki\u015filer olarak g\u00f6rd\u00fckleri g\u00f6rmeyen kalmad\u0131. 5 y\u0131l \u00f6nce H\u00d6H d\u00f6rd\u00fcnc\u00fc kez par\u00e7aland\u0131. O zaman T\u00fcrkiye Cumhuriyeti\u2019deki stk-lar ortak bir bildiri ile \u00e7\u0131k\u0131p, T\u00fcrkiye Cumhuriyeti politikas\u0131na ter d\u00fc\u015fen bir Rus\u00e7u-H\u00d6H partisine\u00a0<em><strong>\u201coy yok\u201d<\/strong><\/em>\u00a0neden demediler. H\u00d6H y\u00f6netiminin de\u011fi\u015fmesini neden istemediler. Yar\u0131n \u00f6b\u00fcrg\u00fcn b\u0131\u00e7ak kemi\u011fe yeniden dayand\u0131\u011f\u0131nda\u00a0<strong><em>\u201canavatan Altaylara\u201d<\/em><\/strong>\u00a0m\u0131 d\u00f6neceksiniz. Bult\u00fcrk bu konularda her zaman Bulgaristan T\u00fcrklerinin T\u00fcrk milletinden bir kopmaz par\u00e7a oldu\u011funu, siyasi g\u00f6r\u00fc\u015flerimizde T\u00fcrkiye Cumhuriyeti siyasetinin rotam\u0131z oldu\u011funu savunmu\u015ftur. H\u00d6H eliti Bulgaristanl\u0131 M\u00fcsl\u00fcmanlar\u0131 Moskova\u2019ta bakt\u0131ramaz, Rusofil yapamaz, d\u00fc\u015fman tuzaklar\u0131na kurban edemez. 1984\u2019te ezildi\u011fimizde bizi T\u00fcrkiye Cumhuriyeti, T\u00fcrk ve \u0130slam d\u00fcnyas\u0131 kurtard\u0131. Cumhurba\u015fkan\u0131 Turgut \u00d6zal Sovyet lideri M. Gorba\u00e7ov\u2019u defalarca uyard\u0131. Azerbaycan lideri Haydar Aliev SBKP MK Politik B\u00fcrosunu toplad\u0131 ve soyk\u0131r\u0131m\u0131n durdurulmas\u0131nda direndi. Dostla D\u00fc\u015fman\u0131 birbirinde ay\u0131rma zaman\u0131 gelmi\u015ftir. T\u00fcrkiye Cumhuriyeti Ba\u015fkan\u0131 Say\u0131n Recep Tayyip Erdo\u011fan\u2019a dil uzatarak, Bulgaristan M\u00fcsl\u00fcmanlar\u0131 siyaseti izlenemez. \u0130zlese de yak\u0131nda toslar ve yok olur. Bult\u00fcrk ger\u00e7ek\u00e7i bir siyaset \u00e7izgisi izleyenlerle omuz omuza oldu ve birlik ve beraberli\u011fini s\u00fcrd\u00fcrecektir. T\u00fcrkiye siyasetini do\u011fru de\u011ferlendiremeyen, ufukta a\u00e7an B\u00fcy\u00fck T\u00fcrkiyeyi g\u00f6rmeyenlerle ortak noktam\u0131z yoktur. Herkes rotas\u0131n\u0131 do\u011fru belirler. T\u00fcrkiye Cumhuriyeti soyda\u015f STK-lar\u0131na sayfiye yeri de\u011fildir. STK-lar ideolojik bilim, felsefe ve din kavgan\u0131n d\u00f6v\u00fcld\u00fc\u011f\u00fc demirci i\u015flikleridir.<\/p>\n<p><strong>6.\u00a0 Eskiden T\u00fcrkiye Cumhuriyeti de H\u00d6H\u2019\u00fc destekliyordu ve t\u00fcm dernekler ve tek dernek yine sizdiniz kar\u015f\u0131 olan. \u015eimdi ise 3 parti var ve hepsi b\u00f6l\u00fcnd\u00fc b\u00f6yle daha k\u00f6t\u00fc olmad\u0131 m\u0131? Birlik ve beraberli\u011fi ortadan kald\u0131rm\u0131\u015f olmad\u0131n\u0131z m\u0131?<\/strong><\/p>\n<p>Eskiden demeniz 1994 \u00f6ncesidir. O zaman H\u00d6H y\u00f6netiminde hak ve \u00f6zg\u00fcrl\u00fck davam\u0131z\u0131n bayra\u011f\u0131 olmu\u015f arkada\u015flar\u0131m\u0131z hala parti y\u00f6netim-indeydiler. Parti halktan kopmam\u0131\u015ft\u0131. Parti i\u00e7inde demokratik merkeziyet\u00e7ilik ilkesi uygulan\u0131yordu.\u00a0 Her \u015feyin de\u011fi\u015fmesi, H\u00d6H-elitinin hak ve \u00f6zg\u00fcrl\u00fck ate\u015fiyle yan\u0131p tutu\u015fan halk\u0131m\u0131za dan\u0131\u015fmadan, arkadan dolanarak,\u00a0<strong><em>\u201cVad\u00fcs\u201d, \u201cLichtenstein\u201d, \u201cUS-Virjin\u201d, \u201cUS-Delaur\u201d<\/em><\/strong>\u00a0ve ba\u015fka vergi ka\u00e7ak\u00e7\u0131l\u0131\u011f\u0131 merkezlerinde \u015fubeler a\u00e7an, 20 holding ve 120 \u015firket a\u011f\u0131 \u015feklinde \u00f6rg\u00fctlenen\u00a0<strong><em>\u201cMultigrup\u201d<\/em>\u00a0<\/strong>Holding\u2019e yak\u0131nla\u015fmas\u0131yla ba\u015flad\u0131. \u201cMultigrup\u201d k\u00f6kleri halk\u0131m\u0131z\u0131n kan kustu\u011fu 1988 y\u0131l\u0131nda\u00a0<strong><em>\u201cMustiart\u201d<\/em><\/strong>\u00a0ad\u0131yla, Bulgar askeri kar\u015f\u0131 istihbarat \u015fefi General \u00c7ergelanov\u2019un damad\u0131 \u0130liya Pavlov ve Bulgar \u0130\u00e7 \u0130\u015fleri Bakanl\u0131\u011f\u0131 ve\u00a0<strong><em>\u201cDS\u201d<\/em><\/strong>\u00a0devlet g\u00fcvenli\u011finin Sovyet D\u0131\u015f \u0130stihbarat\u0131 (KGB) ile ili\u015fkileri y\u00fcr\u00fcten\u00a0<strong><em>\u201cVI. \u015eube\u201d<\/em><\/strong>\u00a0\u015fefi Dimitir \u0130vanov taraf\u0131ndan ortakla\u015fa kurulmu\u015ftur. Merkezi \u0130svi\u00e7re\u2019de olan\u00a0<strong><em>\u201cMultigrup\u201d<\/em>\u00a0<\/strong>Holdingin stratejik dan\u0131\u015fman\u0131 Ba\u015fbakan Andrey Lukanov\u2019tur. Finans kayna\u011f\u0131 ise, Bulgaristan Kom\u00fcnist Partisi taraf\u0131ndan Bat\u0131ya ka\u00e7\u0131r\u0131lan paralard\u0131r. H\u00d6H-ba\u015fkan\u0131 Ahmet Do\u011fan\u2019\u0131n bu gizli kom\u00fcnist a\u011f\u0131na \u00e7ekilmesinin bir tek nedeni vard\u0131r. Bulgaristan T\u00fcrklerine kar\u015f\u0131 isim de\u011fi\u015ftirme ve T\u00fcrk kimli\u011fini yok etme soy k\u0131r\u0131m denemesi ve B\u00fcy\u00fck G\u00f6\u00e7 esnas\u0131nda i\u015flenen cinayetler, katliam ile ilgili hi\u00e7bir sorgunun a\u00e7\u0131lmamas\u0131na, hi\u00e7bir katilin k\u0131l\u0131na dokunulmamas\u0131na, BKP ve BSP\u2019ye toz d\u00fc\u015fmemesine, T\u00fcrklere yeni hi\u00e7bir hak ve \u00f6zg\u00fcrl\u00fck tan\u0131nmamas\u0131na da raz\u0131 olmas\u0131d\u0131r. Bu konuda, Moskova\u2019da, Multigrup \u015fefi \u0130liya Pavlov garant\u00f6rl\u00fc\u011f\u00fcnde Ahmet Do\u011fan\u00a0<strong><em>\u201cher \u015feyden vaz ge\u00e7tik, hesap sorulmayacak ve yeni istekte bulunmayaca\u011f\u0131z\u201d<\/em><\/strong>\u00a0protokol\u00fc imzalam\u0131\u015ft\u0131r. Yani totaliter bask\u0131c\u0131 durumun yeni bi\u00e7imlerde devam etmesini kabul etmi\u015ftir. Bu olay 2007\u2019de Bulgaristan Avrupa Birli\u011fi\u2019ne kabul edilirken istenen \u201cBulgaristan\u2019da Etnik Problem Yok\u201d belgesiyle de teyit edilmi\u015ftir. B\u00f6ylece Bulgaristan T\u00fcrkleri ile ilgili imzalanan bu belgelerle halk\u0131m\u0131za kar\u015f\u0131 daha \u00f6nce g\u00f6r\u00fclmemi\u015f bir hainlik i\u015flemi\u015f, yeni herhangi bir hak talep etmemizin yolu tamamen kapanm\u0131\u015ft\u0131r. Bulgaristan T\u00fcrkleri deh\u015fet sa\u00e7an mafyotik bir str\u00fckt\u00fcre teslim edilerek, Moskova ve BSP emrine vermi\u015f ve Bulgaristan ekonomisinin kom\u00fcnist sermaye taraf\u0131ndan talan edilerek ele ge\u00e7irilmesine ayak olurken, modern k\u00f6leli\u011fin kabul\u00fc de onaylanm\u0131\u015ft\u0131r.<\/p>\n<p>ABD\u2019nin Sofya B\u00fcy\u00fckel\u00e7isi Pard\u00fc, Ahmet Do\u011fan, Ramadan Atalay, Delyan Peevski ve ba\u015fka H\u00d6H politik kadrolar\u0131n\u0131n\u00a0<strong><em>\u201dMultigrup\u201d<\/em><\/strong>\u00a0i\u015fbirli\u011fini de\u011ferlendirirken\u00a0<strong><em>\u201cBulgaristan\u2019\u0131n en b\u00fcy\u00fck \u00f6rg\u00fctl\u00fc cinayet \u00f6rg\u00fct\u00fc\u201d<\/em><\/strong>\u00a0demi\u015ftir.<\/p>\n<p>H\u00d6H y\u00f6netimi Bulgaristan T\u00fcrklerinin hak ve \u00f6zg\u00fcrl\u00fck davas\u0131ndan tamamen kopmu\u015f ve hak arama ruhumuzu ve \u00f6zg\u00fcrl\u00fc\u011fe uyan\u0131\u015f\u0131m\u0131z\u0131 baltalam\u0131\u015ft\u0131r. B\u00f6yle bir partiyle i\u015fimiz olmaz! 1992 y\u0131l\u0131ndan beri H\u00d6H partisi, L. Berov, J. Videnov, II. Simeyon ve S. Stani\u015fev h\u00fckumetlerinde kom\u00fcnistlere koltuk de\u011fnekli\u011fi yapm\u0131\u015ft\u0131r. 1994\u2019ten sonra T\u00fcrk ruhlu kadrolar, H\u00d6H saflar\u0131ndan temizlenirken, yeni muhtarlardan, gen\u00e7lik \u00f6rg\u00fct\u00fc ve belediye ba\u015fkanlar\u0131na, il ve il\u00e7e parti konsey \u00fcyelerine, merkez politik y\u00f6netim kadrolar\u0131na ve milletvekillerine kadar se\u00e7imle g\u00f6rev alan kadrolar\u0131n t\u00fcm\u00fc \u00f6z ve \u015fuurlar\u0131 manip\u00fcle edilmi\u015f ki\u015filerdir. Bu \u00f6zel programlarla yap\u0131lm\u0131\u015ft\u0131r. Hepsinden T\u00fcrkl\u00fck ve M\u00fcsl\u00fcmanl\u0131k irade k\u0131r\u0131nt\u0131lar\u0131 s\u00f6k\u00fclm\u00fc\u015f, yerine Bulgar milli davas\u0131na ba\u011fl\u0131l\u0131k a\u015f\u0131lanm\u0131\u015ft\u0131r.<\/p><div id=\"bghab-355771206\" class=\"bghab-icerik-icine-30-paragraf bghab-entity-placement\"><script async src=\"\/\/pagead2.googlesyndication.com\/pagead\/js\/adsbygoogle.js?client=ca-pub-6203283170189293\" crossorigin=\"anonymous\"><\/script><ins class=\"adsbygoogle\" style=\"display:block; text-align:center;\" data-ad-client=\"ca-pub-6203283170189293\" \ndata-ad-slot=\"7303146466\" \ndata-ad-layout=\"in-article\"\ndata-ad-format=\"fluid\" data-full-width-responsive=\"true\"><\/ins>\n<script> \n(adsbygoogle = window.adsbygoogle || []).push({}); \n<\/script>\n<\/div>\n<p><strong>7.\u00a0 Bulgaristan\u2019da ilk b\u00f6l\u00fcnmeyi Cumhurba\u015fkan\u0131 \u00e7\u0131kartarak yapt\u0131n\u0131z. Siz bu Cumhurba\u015fkan\u0131n\u0131n kazanamayaca\u011f\u0131n\u0131 bilmiyor muydunuz? Neden bunu yapt\u0131n\u0131z? \u0130lk \u00e7atlama o d\u00f6nemde ya\u015fad\u0131.<\/strong><\/p>\n<p>Bulgaristan\u2019da 2011 y\u0131l\u0131 Cumhurba\u015fkanl\u0131\u011f\u0131 se\u00e7imlerinde Bult\u00fcrk Bulgaristan vatanda\u015f\u0131 Sali \u015eaban\u2019\u0131 aday g\u00f6sterdi. Bu bir ilk siyasi ad\u0131md\u0131. 1990\u2019dan sonra, o tarihe kadar Bulgaristan\u2019da Demokratik G\u00fc\u00e7ler Birli\u011fi\u2019nden (CDC) Jel\u00fc Jelev ile Pet\u0131r Stoyanov, Sosyalist Parti\u2019den de (BSP) Georgi P\u0131rvanov Cumhurba\u015fkan\u0131 se\u00e7ilmi\u015fti. \u0130lk ikisi demokrat, \u00fc\u00e7\u00fcnc\u00fcs\u00fc kom\u00fcnist olan bu devlet ba\u015fkanlar\u0131n\u0131n \u00fc\u00e7\u00fc de T\u00fcrk se\u00e7men oylar\u0131n\u0131 da alarak g\u00f6rev ba\u015f\u0131na geldiler, fakat T\u00fcrkler lehinde hi\u00e7bir \u015fey yapmad\u0131lar. Her birine 400 binden fazla oy vermi\u015f olsak da, hi\u00e7 biri Cumhurba\u015fkan\u0131 yard\u0131mc\u0131s\u0131n\u0131n bir T\u00fcrk olmas\u0131n\u0131 \u00f6nermedi, \u00f6neriler de kabul olmad\u0131. \u015e\u00f6yle ki biz oylar\u0131m\u0131z\u0131 hi\u00e7bir beklentimiz olmaks\u0131z\u0131n ve tamamen kar\u015f\u0131l\u0131ks\u0131z<em><strong>\u00a0\u201csa\u011f\u201d<\/strong><\/em>\u00a0ya da\u00a0<strong><em>\u201csol\u201d<\/em><\/strong>\u00a0adaylardan birine hediye ediyor ve ard\u0131ndan\u00a0<strong><em>\u201cT\u00fcrk oylar\u0131yla se\u00e7ildi\u201d<\/em><\/strong>\u00a0yaygaras\u0131 yap\u0131yorduk. Bu gidi\u015f, siyaset kulislerinin Bulgaristan T\u00fcrkleri oylar\u0131n\u0131 \u201c\u00f6nemsizle\u015ftirme\u201d, birilerinin bask\u0131s\u0131yla\u00a0<strong><em>\u201cistenen adaya oy veren T\u00fcrkleri, iradesiz, fikirsiz, kimliksiz bir s\u00fcr\u00fc olarak g\u00f6sterme\u201d<\/em><\/strong>\u00a0\u00e7abalar\u0131n\u0131 sorgulad\u0131. \u0130ki haftal\u0131k bir \u00e7al\u0131\u015fma sorucu aday\u0131m\u0131z\u0131n 50 bin oy al\u0131p birinci turda 4. Olmas\u0131, \u015fok etkisi yaratt\u0131. Bulgaristan\u2019da Cumhurba\u015fkan\u0131 \u00e7\u0131karmak burada ya\u015fayan gen\u00e7lerin yeni nesiller i\u00e7in b\u00fcy\u00fck bir katk\u0131d\u0131r. Bu \u00fclkeyi bizlerde y\u00f6netebiliriz bizler bu g\u00fcne kadar oldu\u011fu gibi g\u00f6\u00e7 ederek ka\u00e7arak de\u011fil bu \u00fclkenin y\u00f6neticisi de olabiliriz fikrini verdi\u011fimize inan\u0131yoruz. Biliyorsunuz d\u00fcnyada her-\u015fey yok olabilir amma fikirleri kimse yok edemez sadece zaman\u0131n\u0131 beklerler ve bir g\u00fcn gelir bunlar ger\u00e7ekle\u015fir. Bizler de bunu yapt\u0131k yani Bulgaristan tarlas\u0131na tohumlar\u0131m\u0131z\u0131 att\u0131k ve bu g\u00fcnden sonra bunlar\u0131 sulamak b\u00fcy\u00fctmek \u00e7apas\u0131n\u0131 budamas\u0131n\u0131 yapacak olanlar bizden sonra bu i\u015fle u\u011fra\u015fanlar olacakt\u0131r.<\/p>\n<p>Bu bir b\u00f6l\u00fcnme de\u011fil, politik kimlikli bilin\u00e7lenme yolunda \u00f6nemli ad\u0131m oldu. Bulgaristan T\u00fcrkleri daha \u00f6nce de b\u00f6l\u00fcnm\u00fc\u015ft\u00fc. Daha 1990\u2019da \u0130brahim Yal\u0131mov \u015eumen b\u00f6lgesinden BSP milletvekili se\u00e7ildi. 1993\u2019te K\u0131rca Ali milletvekili Mehmet Hoca delegelerin \u00fc\u00e7te birini ard\u0131na takarak H\u00d6H Milli Konferans\u0131n\u0131 terk etti. Ulusal Hak ve \u00d6zg\u00fcrl\u00fckler Partisi Ba\u015fkan\u0131 G\u00fcner Tahir ile \u015eeref ve H\u00fcrriyet Partisi Ba\u015fkan\u0131 Kasim Dal t\u00fcm se\u00e7imlere hep ayr\u0131 girdiler.<\/p>\n<p>Se\u00e7menin kime oy verece\u011fini se\u00e7me \u00f6zg\u00fcrl\u00fc\u011f\u00fc kutsald\u0131r. Bult\u00fcrk, Bulgaristan T\u00fcrk se\u00e7menine bir\u00a0<em><strong>\u201cs\u00fcr\u00fc\u201d<\/strong><\/em>\u00a0gibi bak\u0131lmas\u0131 kal\u0131b\u0131n\u0131 k\u0131rd\u0131. Bu, \u00f6zg\u00fcrce se\u00e7me ve se\u00e7ilme davam\u0131za ola\u011fan\u00fcst\u00fc b\u00fcy\u00fck bir hizmettir. Birle\u015fmenin yolu durulmaktan ve bilin\u00e7lenmekten ge\u00e7er.<\/p>\n<p><strong>8.\u00a0 Bulgaristan\u2019da T\u00fcrklerin b\u00f6l\u00fcnm\u00fc\u015fl\u00fc\u011f\u00fcnden kendinizi su\u00e7lu hissetmiyor musunuz? Sizler ba\u015flatmad\u0131n\u0131z m\u0131 bu ayr\u0131l\u0131\u011f\u0131?<\/strong><\/p><div id=\"bghab-2772995141\" class=\"bghab-icerik-icine-35-paragraf bghab-entity-placement\"><script async src=\"\/\/pagead2.googlesyndication.com\/pagead\/js\/adsbygoogle.js?client=ca-pub-6203283170189293\" crossorigin=\"anonymous\"><\/script><ins class=\"adsbygoogle\" style=\"display:block; text-align:center;\" data-ad-client=\"ca-pub-6203283170189293\" \ndata-ad-slot=\"7303146466\" \ndata-ad-layout=\"in-article\"\ndata-ad-format=\"fluid\" data-full-width-responsive=\"true\"><\/ins>\n<script> \n(adsbygoogle = window.adsbygoogle || []).push({}); \n<\/script>\n<\/div>\n<p>Bir siyasi hareketi bir ki\u015fi ya da bir STK b\u00f6lemez. Siyasette b\u00f6len veya par\u00e7alayan ideler, d\u00fcnya g\u00f6r\u00fc\u015fleri, bak\u0131\u015f a\u00e7\u0131lar\u0131, ideolojilerdir. H\u00d6H kendini yeni liberal bir parti ilan etti. Liberalizm 21. Y\u00fczy\u0131la \u00f6l\u00fc girmi\u015ftir. \u00c7\u00fcnk\u00fc g\u00fcc\u00fcn\u00fc \u00fcretimlerden, toplumu yenilemekten alan bir d\u00fcnya g\u00f6r\u00fc\u015f\u00fc olmaktan \u00f6te, parazit sermayenin ya\u015fam bi\u00e7imidir.<\/p>\n<p>Biz hepimiz \u00e7ocuklu\u011fu t\u00fct\u00fcn tarlalar\u0131nda ge\u00e7en ki\u015fileriz. Bizler t\u00fcm d\u00fcnya insanlar\u0131ndan yard\u0131m ve bizlere siyaseti i\u015f adam\u0131 olmay\u0131 \u00f6\u011fretmesini bekledik amma bize BG T\u00fcrklerine yard\u0131m edecek devlet yoktu maalesef. D\u00fcnyada demokrasi i\u00e7in m\u00fccadele edenler bizi g\u00f6rm\u00fcyorlard\u0131 \u00e7\u00fcnk\u00fc biz ayn\u0131 zamanda M\u00fcsl\u00fcmand\u0131k as\u0131l sebep de buydu. T\u00fct\u00fcnde sar\u0131 ot biter. K\u00f6k\u00fc yoktur. T\u00fct\u00fcn\u00fcn suyunu emerek uzar. Liberalim de banka sermayesinin d\u00fcnya g\u00f6r\u00fc\u015f\u00fcd\u00fcr ve biz gibi k\u00f6yl\u00fc topluluklar\u0131yla yak\u0131ndan uzaktan ili\u015fkisi yoktur. \u00d6rneklersek, AB tar\u0131m destek fonlar\u0131ndan g\u00f6nderilen paralar Bulgaristan\u2019a geldi\u011finde, da\u011f\u0131t\u0131m % 80 b\u00fcy\u00fck toprak sahiplerine, % 20 de sigortal\u0131 m\u00fclk\u00fc olanlara denmedi mi? Liberaller paras\u0131n\u0131 \u00e7amura atmaz. Yoksul k\u00f6yl\u00fc kesimi onlar i\u00e7in batakl\u0131kt\u0131r. \u0130ri liberal say\u0131lan J. Soros Bulgaristan\u2019da ayakbast\u0131, ofisler a\u00e7t\u0131, yay\u0131n evleri kurdu, Yeni Bulgar \u00dcniversitesi gibi e\u011fitim kurumlar\u0131 \u00e7al\u0131\u015ft\u0131r\u0131yor. T\u00fcrk\u00e7e bir kitap bast\u0131 m\u0131? Hay\u0131r! \u00dcniversitesinde 5 \u00f6\u011frenciye burs verdi mi? Hay\u0131r!\u00a0 Br\u00fcksel milletvekili \u0130lhan K\u00fc\u00e7\u00fck,\u00a0 Avrupa parlamentosu Liberal ve Demokratlar Birli\u011fi (ALDE) Meclis Grubu Ba\u015fkan Yard\u0131mc\u0131s\u0131d\u0131r. K\u0131rca Ali ve \u015eumen\u2019de anadilimiz, zorunlu T\u00fcrk\u00e7e \u00f6\u011fretimi, T\u00fcrk k\u00fclt\u00fcr\u00fcn\u00fc canland\u0131rma ve diriltme gibi konularda seminer ve konferanslar d\u00fczenledi. \u0130leri ad\u0131m atabildi mi? Yok! Atamaz \u00e7\u00fcnk\u00fc avanta olmayan ver, onlar\u0131n alan\u0131 de\u011fildir\u2026 Liberal fikirlerle Bulgaristan T\u00fcrklerinin manevi \u00e7\u00f6k\u00fc\u015f\u00fc durdurulamaz. Biz hepimiz birlikte anadilimizi, geleneklerimizi, halk k\u00fclt\u00fcr\u00fcm\u00fcz\u00fc, edebiyat ve sanat\u0131m\u0131z\u0131 hata T\u00fcrk\u00e7e alfabeyi unutarak yok oluyoruz. Burada b\u00f6l\u00fcnm\u00fc\u015fl\u00fck g\u00f6rm\u00fcyorum. Ortak yazg\u0131m\u0131z\u0131 ya\u015f\u0131yoruz.<\/p>\n<p><strong>9.\u00a0 Bu derne\u011fi neden kurdunuz amac\u0131n\u0131z hedefiniz nedir? T\u00fcrkiye\u2019de de dernekleri de b\u00f6lm\u00fc\u015f oldunuz. \u00c7\u00fcnk\u00fc burada derneklerin ismi Balkan olarak kullan\u0131l\u0131rd\u0131. Sizin dernek Bulgaristan isminde dernek kurdunuz ve burada da dernekleri b\u00f6lm\u00fc\u015f olmad\u0131n\u0131z m\u0131? Buna ne gerek var d\u0131?<\/strong><\/p>\n<p>BULT\u00dcRK soyda\u015flar\u0131m\u0131za ve Bulgaristan T\u00fcrklerine \u0131\u015f\u0131k ta\u015f\u0131mak amac\u0131yla kuruldu. 18 y\u0131ldan beri de\u011fi\u015fen d\u00fcnyan\u0131n yenid\u00fcnya g\u00f6r\u00fc\u015f\u00fcn\u00fc a\u00e7\u0131yoruz. Bulgaristan Tarihini, Bulgaristan T\u00fcrkleri tarihini, halk k\u00fclt\u00fcr\u00fcn\u00fc, edebiyat\u0131n\u0131, sanat\u0131n\u0131, miras ald\u0131\u011f\u0131m\u0131z k\u00fclliyat\u0131 yeni yarg\u0131 de\u011ferleriyle halk\u0131m\u0131za ta\u015f\u0131yoruz. Bu ama\u00e7la Bulgaristan Stratejik Ara\u015ft\u0131rma Merkezi (BGSAM) kurduk. Gen\u00e7 ve ya\u015fl\u0131 yarat\u0131c\u0131 ayd\u0131n kesimimiz bulu\u015ftu ve ge\u00e7mi\u015f, g\u00fcn\u00fcm\u00fcz ve hayal etti\u011fimiz gelece\u011fi s\u0131k eleyip s\u0131k dokuyor. Y\u00fczlerce konuda haf\u0131zam\u0131za ak\u0131t\u0131lan ve zihnimizi buland\u0131ran yalan\u0131 g\u00fcn \u0131\u015f\u0131\u011f\u0131na \u00e7\u0131kard\u0131k. 142 y\u0131ldan beri \u00e7ifte esir hayat\u0131 ya\u015fad\u0131\u011f\u0131m\u0131z\u0131 ilk biz anlatt\u0131k. T\u00fcrk kimli\u011fimizi T\u00fcrk D\u00fcnyas\u0131na ta\u015f\u0131d\u0131k. D\u00fcnya art\u0131k Bulgaristan\u2019da T\u00fcrk az\u0131nl\u0131k oldu\u011funu, hatta bu \u015ferefli ve \u00e7al\u0131\u015fkan, namuslu T\u00fcrklerin Bulgarla\u015ft\u0131rma zulm\u00fc g\u00f6rd\u00fc\u011f\u00fcn\u00fc,\u00a0 yok say\u0131ld\u0131\u011f\u0131n\u0131, anadillerinin yasakl\u0131 oldu\u011funu, ayd\u0131nlar\u0131n\u0131n ata yurdunu terk etti\u011fini, ruhunu satm\u0131\u015f bir z\u00fcmre taraf\u0131ndan temsil edildi\u011fini ve var olabilme m\u00fccadelesi verdi\u011fini biliyor. Kendimizi duyurmak i\u00e7in y\u00fczlerce seminer, panel, sergi, konferans, gezi ve g\u00f6r\u00fc\u015fme d\u00fczenledik. Hak ve \u00f6zg\u00fcrl\u00fck m\u00fccadelemizi, T\u00fcrk Kimli\u011fi Davam\u0131z\u0131 kitaplarda i\u015fledik. Soyk\u0131r\u0131m denemesi ma\u011fdurlar\u0131-m\u0131z\u0131n Sofya mahkemelerinde a\u00e7t\u0131klar\u0131 davalar\u0131 izledik. Adalet konulu bas\u0131n toplant\u0131lar\u0131 d\u00fczenledik, davam\u0131z\u0131n akt\u00fcel konular\u0131n\u0131 T\u00fcrkiye Cumhuriyetine T\u00fcrk D\u00fcnyas\u0131 ve d\u00fcnya bas\u0131n\u0131na ta\u015f\u0131d\u0131k vs. Amac\u0131m\u0131z uyuyan beyinleri uyand\u0131rmak, zehirli bellekleri ar\u0131tmak, T\u00fcrk kimli\u011finin s\u0131n\u0131rlar\u0131n\u0131 belirleyip, gen\u00e7 ku\u015fa\u011f\u0131 ta\u015fan B\u00fcy\u00fck T\u00fcrkiye ile\u00a0 yak\u0131n ve uzak d\u00fcnyaya ta\u015f\u0131mak ve T\u00fcrkl\u00fc\u011f\u00fcn mutlu ufkuna birlikte y\u00f6nelmektir.<\/p>\n<p>Biz T\u00fcrkiye\u2019de dernekleri b\u00f6lmedik. Her hamlemizde, her demecimizde,\u00a0 her yaz\u0131 ve kitab\u0131m\u0131zda g\u00fc\u00e7l\u00fc birle\u015fme \u00e7a\u011fr\u0131s\u0131 var. Kap\u0131lar\u0131m\u0131z sonuna kadar a\u00e7\u0131k. Her \u00e7e\u015fit ele\u015ftiriye a\u00e7\u0131\u011f\u0131z. Biz akarken duruluyoruz, buyursunlar birlik olal\u0131m, g\u00fc\u00e7l\u00fc olal\u0131m, modern dernek\u00e7ilikle siyasi partilerin yapamad\u0131\u011f\u0131n\u0131 birlikte ula\u015fal\u0131m. STK-lar de\u011fi\u015fen d\u00fcnyan\u0131n en sa\u011flam temelidir. Birle\u015femesek de olur. Her STK yeni yap\u0131lanmada y\u00fck, engel, ba\u015f a\u011fr\u0131s\u0131 olmay\u0131p, bir kolon olsa yeter. T\u00fcrkiye\u2019de derneklerin Balkan isminde olmas\u0131 asl\u0131nda bizim pek i\u015fimize yaram\u0131yordu \u00e7\u00fcnk\u00fc Balkanlardan g\u00f6\u00e7 edenlerin i\u00e7erisinde en \u00e7ok n\u00fcfus Bulgaristan T\u00fcrkleri geliyordu. \u0130\u015fte bu di\u011fer b\u00f6lgelerden gelenler bizim n\u00fcfusumuzu kullanarak siyaset yapmaktalar fakat biz hi\u00e7bir yerde s\u00f6z sahibi de\u011filiz. Neden \u00e7\u00fcnk\u00fc bizim y\u00f6neticilerimiz bunu g\u00f6remiyorlar i\u015fte bu nedenle bizler sadece Bulgaristanl\u0131-y\u0131z \u00e7\u00fcnk\u00fc bizim problemlerimizi sadece biz bilir ve bizler \u00e7\u00f6z\u00fcm \u00fcretebiliriz. Bu da net olarak ortaya \u00e7\u0131km\u0131\u015ft\u0131r. Herkes bunu anlam\u0131\u015f durumdad\u0131r.<\/p><div id=\"bghab-530192552\" class=\"bghab-icerik-icine-40-paragraf bghab-entity-placement\"><script async src=\"\/\/pagead2.googlesyndication.com\/pagead\/js\/adsbygoogle.js?client=ca-pub-6203283170189293\" crossorigin=\"anonymous\"><\/script><ins class=\"adsbygoogle\" style=\"display:block; text-align:center;\" data-ad-client=\"ca-pub-6203283170189293\" \ndata-ad-slot=\"7303146466\" \ndata-ad-layout=\"in-article\"\ndata-ad-format=\"fluid\" data-full-width-responsive=\"true\"><\/ins>\n<script> \n(adsbygoogle = window.adsbygoogle || []).push({}); \n<\/script>\n<\/div>\n<p>Balkanlar ve Bulgaristan ayn\u0131 co\u011frafyada ama farkl\u0131 \u00fclkeler, problemleri \u00e7ok farkl\u0131 siyasi olgular. Uza\u011fa gitmemize gerek yok Makedonya ile Bulgaristan iki Balkan kom\u015fusu ama siyasi sistemleri, problem \u00e7\u00f6z\u00fcmleri k\u00f6kten farkl\u0131. Bulgaristan\u2019da T\u00fcrk\u00e7e se\u00e7im konu\u015fmas\u0131 yapan T\u00fcrk milletvekillerine 200-300 leva ceza kesilirken, Makedonya meclisinde Arnavut\u00e7a ikinci remi dil. Bulgaristan son se\u00e7imlerinde 652 bin oy ge\u00e7ersiz say\u0131l\u0131rken, Makedonya\u2019da az\u0131nl\u0131klar genel n\u00fcfus i\u00e7indeki oranlar\u0131na g\u00f6re, direk se\u00e7imle vekillerini g\u00f6revlendirilebiliyorlar. Bulgaristan\u2019da az\u0131nl\u0131klardan biri hi\u00e7bir zaman Ba\u015fsavc\u0131, Anayasa Mahkemesi \u00fcyesi, Ombudsman, General, Polis Amiri olamazken, orada s\u0131ral\u0131 oranl\u0131 se\u00e7im usul\u00fcyle olabiliyor. Di\u011fer kom\u015fularda ba\u015fka \u00f6zellikler var. Bulgaristan tek dilli, tek k\u00fclt\u00fcrl\u00fc, tek milletli bir toplum, rejim ve devlet olup az\u0131nl\u0131klara kar\u015f\u0131 a\u015f\u0131lmas\u0131 olanaks\u0131z a\u015f\u0131r\u0131 milliyet\u00e7i ve hatta \u0131rk\u00e7\u0131 engellerle bari katlanm\u0131\u015ft\u0131r. Bu da, \u00f6zel yakla\u015f\u0131m, \u00e7ok esnek siyaset ve k\u00fclt\u00fcrel birikim gerektiriyor. Ayr\u0131lmam\u0131z iyi oldu. Bulgar monar\u015fi \u2013 fa\u015fist ve totaliter kom\u00fcnist ge\u00e7mi\u015finden problemleri en fazla bizi ilgilendirdi\u011fi kan\u0131s\u0131nday\u0131m. Bulgaristan problemlerinin a\u011f\u0131rl\u0131\u011f\u0131 ve \u00f6zellikleri, Bulgaristan T\u00fcrklerinin ask\u0131da kalm\u0131\u015f ve bir t\u00fcrl\u00fc g\u00fcncelle\u015ftirilemeyen problemleri BULT\u00dcRK\u2019\u00fc do\u011furdu. BULT\u00dcRK gazetesi kitaplar\u0131 okunmaya ba\u015flad\u0131 halk taraf\u0131ndan sevildi ve art\u0131k d\u00fcnyaca biliniyor.<\/p>\n<p><strong>10.\u00a0 Bulgaristan Parlamentosunu ziyaret etmi\u015fsiniz bundan ne kazand\u0131 Bulgaristan T\u00fcrkleri yoksa GERB mi kazand\u0131? T\u00fcrkiye\u2019de ve Bulgaristan\u2019da bulunan Bulgaristan T\u00fcrkleri ile ilgili neler yapt\u0131n\u0131z?<\/strong><\/p>\n<p>T\u00fcrkiye\u2019de bir soyda\u015f derne\u011finin Sofya meclisini resmen ziyaret etmesi, kendisini tan\u0131t\u0131p, soyda\u015f problemlerini yasama organ\u0131na ta\u015f\u0131mas\u0131 \u00e7ok b\u00fcy\u00fck bir olayd\u0131r. Bu ilk defa yap\u0131ld\u0131. Biz oradaki konu\u015fmam\u0131zda, 1989 g\u00f6\u00e7menlerinin sosyal yard\u0131m ve emeklilik sorunlar\u0131n\u0131, yerel se\u00e7imlere kat\u0131labilmemiz i\u00e7in kolayl\u0131klar sa\u011flanmas\u0131 ve genel se\u00e7imlerde posta ile oy kullanma gibi i\u015fi kolayla\u015ft\u0131racak sorunlar\u0131m\u0131z\u0131 ta\u015f\u0131d\u0131k. Kendilerini dikkatle dinlendik. Ciddiye al\u0131nd\u0131k. \u0130\u015fte burada bulunan derneklerin hayalinde bile olmayanlar\u0131 bizler yapmay\u0131 ba\u015farm\u0131\u015f\u0131k daha ne gerek var.<\/p>\n<p>Cumhurba\u015fkan\u0131 Rosen Plevneliev ile de g\u00f6r\u00fc\u015ft\u00fck. Plaketimizi, rozetimizi, kitaplar\u0131m\u0131z\u0131 sunduk. Yak\u0131n ilgi g\u00f6rd\u00fck. Bize 1989 Ayaklanmam\u0131z ve 1984-1989 soyk\u0131r\u0131m denemesi d\u00f6neminde \u015fehit d\u00fc\u015fen T\u00fcrklerin an\u0131tlar\u0131n\u0131 ziyaretlerden, T\u00fcrk k\u00f6ylerindeki g\u00f6r\u00fc\u015fmelerinden foto\u011fraflar g\u00f6sterdi. Bizi dinledi. Kendisini \u00f6zel soyda\u015f ziyaretine davet ettik. O, bizim de Cumhurba\u015fkan\u0131m\u0131z. Demokrasi ve adalet, daha geni\u015f \u00f6zg\u00fcrl\u00fck ve g\u00fcven davam\u0131z ortakt\u0131r. Zann\u0131mca bu ziyaretlerden hepimiz kazand\u0131k. Bulgaristan T\u00fcrkleri ve soyda\u015flar\u0131m\u0131z ana konumuzdu.<\/p>\n<p><strong>11.\u00a0 Bulgaristan parlamentosunun T\u00fcrk Mezarl\u0131\u011f\u0131 \u00fczerinde oldu\u011funu yazm\u0131\u015ft\u0131n\u0131z bu do\u011fru mu? Bunu ba\u015fka bir yerde de bulamad\u0131m.<\/strong><\/p><div id=\"bghab-1802380407\" class=\"bghab-icerik-icine-45-paragraf bghab-entity-placement\"><script async src=\"\/\/pagead2.googlesyndication.com\/pagead\/js\/adsbygoogle.js?client=ca-pub-6203283170189293\" crossorigin=\"anonymous\"><\/script><ins class=\"adsbygoogle\" style=\"display:block; text-align:center;\" data-ad-client=\"ca-pub-6203283170189293\" \ndata-ad-slot=\"7303146466\" \ndata-ad-layout=\"in-article\"\ndata-ad-format=\"fluid\" data-full-width-responsive=\"true\"><\/ins>\n<script> \n(adsbygoogle = window.adsbygoogle || []).push({}); \n<\/script>\n<\/div>\n<p>Eski bir Roma k\u00fclt\u00fcr merkezi olan\u00a0<strong><em>\u201cSerdika\u201d<\/em><\/strong>, Osmanl\u0131 d\u00f6nemini Sofya (bilgelik) ismiyle ya\u015fam\u0131\u015ft\u0131r. 1878\u2019den \u00f6nce Osmanl\u0131\u2019ya Beylerbeyli\u011fi de yapan \u015fehirde 29 T\u00fcrk Mahallesi, 39 cami, 4 b\u00fcy\u00fck hamam, 12 k\u00f6pr\u00fcs\u00fc 2 medrese, her mahallede ilkokul oldu\u011fu bilinir. G\u00fcn\u00fcm\u00fczde neredeyse 1.5 milyon n\u00fcfuslu \u015fehrin 6 mezarl\u0131\u011f\u0131 varken, o zaman da 3 kabristanl\u0131\u011f\u0131 varm\u0131\u015f ve M\u00fcsl\u00fcman merhumlar Beyler Beyli\u011fi\u2019nin g\u00fcneyindeki g\u00fcn\u00fcm\u00fcz parlamento binas\u0131n\u0131n yerinde defnediliyormu\u015f. Plevne Sava\u015f\u0131 olarak da bilinen 1877-78 Rus-Osmanl\u0131 \u0130mparatorluklar aras\u0131 sava\u015ftan ve Sofya\u2019n\u0131n yeni Prensli\u011fin ba\u015fkenti ilan edilmesinden sonra, ilk toplant\u0131lar\u0131n\u0131 T\u0131rnova \u015fehrindeki Kaymakam Kona\u011f\u0131nda yapan Bulgar Meclisi\u2019nin Sofya\u2019ya ta\u015f\u0131nmas\u0131 ve meclis binas\u0131 kurulmas\u0131 kararla\u015ft\u0131r\u0131lm\u0131\u015ft\u0131r. 1882 y\u0131l\u0131nda ba\u015flayan in\u015faat 2 metre derin kaz\u0131lan ve harfi yat\u0131 <em><strong>\u201c\u0130sk\u0131r\u201d<\/strong><\/em>\u00a0\u0131rma\u011f\u0131 boyuna ta\u015f\u0131nan M\u00fcsl\u00fcman mezarl\u0131\u011f\u0131nda, bug\u00fcnk\u00fc \u015feklini alm\u0131\u015ft\u0131r. Halen Sofya\u2019da yeni Halk Meclisi kurulmu\u015f ve tarihi meclis binas\u0131 sanat m\u00fczesi olarak kullan\u0131lacakt\u0131r.<\/p>\n<p><strong>12.\u00a0 Belene hapishanesinin Bulgarlar i\u00e7in yap\u0131ld\u0131\u011f\u0131n\u0131 okumu\u015ftum sizin BGSAM yaz\u0131lar\u0131n\u0131zda, bir de orada yatm\u0131\u015f olanlar\u0131n T\u00fcrk isimlerin Bulgarca oldu\u011funu yazm\u0131\u015ft\u0131n\u0131z daha a\u00e7abilir misiniz?<\/strong><\/p>\n<p>Tuna nehri \u00fczerindeki\u00a0<strong><em>\u201cPersin\u201d<\/em><\/strong>\u00a0adas\u0131nda bulunan\u00a0<strong><em>\u201cBelene\u201d<\/em><\/strong>\u00a0toplama kamp\u0131 1949\u2019da a\u00e7\u0131lm\u0131\u015ft\u0131r. Siyasi tutuklular i\u00e7in d\u00fczenlenen bu kampta, 1953 y\u0131l\u0131na kadar topraklar\u0131n kooperatifle\u015ftirilmesine ba\u015fkald\u0131ran b\u00fcy\u00fck say\u0131da Dobruca ve Deliorman T\u00fcrk\u00fc de kalm\u0131\u015ft\u0131r.<\/p>\n<p>Bir s\u00fcre kapal\u0131 kald\u0131ktan sonra 1972\u2019de yeniden a\u00e7\u0131lan\u00a0<strong><em>\u201cBelene\u201d<\/em>\u00a0<\/strong>kamp\u0131na Pomaklar, 1984\u2019ten sonra da T\u00fcrkler kapanm\u0131\u015ft\u0131r. T\u00fcrk adlar\u0131yla i\u00e7eri at\u0131lan M\u00fcsl\u00fcmanlar\u0131n isimleri bu adada zorla de\u011fi\u015ftirilmi\u015ftir. Adaya d\u00fc\u015fenlerin toplam say\u0131s\u0131n\u0131n 2 binden fazla oldu\u011fu s\u00f6ylense de,\u00a0<em><strong>\u201cDV\u201d<\/strong><\/em>\u00a0 resmi gazetede bu rakam 517 T\u00fcrk olarak, Bulgarca isimleriyle verilmi\u015ftir.\u00a0<strong><em>\u201c\u00d6l\u00fcm Adas\u0131\u201d<\/em><\/strong>\u00a0olarak bilinen\u00a0<strong><em>\u201cBelene\u201d<\/em><\/strong>\u00a0\u00e7ekileri 41 kitapta anlat\u0131lm\u0131\u015ft\u0131r. Yazar Azizo\u011flu Aziz, T\u00fcrk tutuklulardan baz\u0131lar\u0131n\u0131n T\u00fcrkiye\u2019deki \u015fekliyle isim ve soy isim olarak foto\u011fraf alt\u0131nda verirken,\u00a0 Bulgar yazar Petko Ogoyski orada tan\u0131\u015ft\u0131\u011f\u0131 T\u00fcrkleri T\u00fcrk isimleriyle anlatm\u0131\u015ft\u0131r. Son y\u0131llarda, Katolik Papaz Pavlo Kontezi giri\u015fimiyle 1944-1989 kom\u00fcnist d\u00f6nem kurbanlar\u0131n\u0131n aziz hat\u0131ras\u0131n\u0131 ebediyen ya\u015fatmak amac\u0131yla\u00a0<strong><em>\u201cBelene Adas\u0131 An\u0131t Park\u0131\u201d<\/em><\/strong>\u00a0olu\u015fturma \u00e7abalar\u0131 s\u00fcr\u00fcyor. Burada dikilecek olan an\u0131t levhas\u0131nda kampta kalanlar\u0131n isimleri yaz\u0131lacakt\u0131r. \u0130lk tasar\u0131mlar\u0131nda 1949\u2019dan sonra ilk d\u00f6nem kalan T\u00fcrklerin \u00f6z isimleri dikkati \u00e7ekerken, 1972\u2019den ve \u00f6zellikle 1984\u2019ten sonra buraya kapanan T\u00fcrklerin de\u011fi\u015ftirilmi\u015f olan isimlerinin levhada belirdi\u011fi dikkati \u00e7ekmi\u015ftir.<\/p>\n<p>2007\u2019de Avrupa Birli\u011fine \u00fcye olan Bulgaristan, hapishane ve toplama kamp\u0131 dosyalar\u0131n\u0131 a\u00e7ma y\u00fck\u00fcml\u00fcl\u00fc\u011f\u00fc \u00fcstlendi. Ne yaz\u0131k ki bu yap\u0131lmad\u0131. Yeni yeni \u00f6\u011frenildi\u011fine g\u00f6re 1990\u2019da s\u00f6z\u00fc edilen dosyalar, \u0130\u00e7 \u0130\u015fleri ve istihbarat ar\u015fivi ile birlikte Moskova\u2019ya ta\u015f\u0131nm\u0131\u015f ve belgelerin asl\u0131 geri verilmemektedir.<\/p><div id=\"bghab-3921141330\" class=\"bghab-icerik-icine-50-paragraf bghab-entity-placement\"><script async src=\"\/\/pagead2.googlesyndication.com\/pagead\/js\/adsbygoogle.js?client=ca-pub-6203283170189293\" crossorigin=\"anonymous\"><\/script><ins class=\"adsbygoogle\" style=\"display:block; text-align:center;\" data-ad-client=\"ca-pub-6203283170189293\" \ndata-ad-slot=\"7303146466\" \ndata-ad-layout=\"in-article\"\ndata-ad-format=\"fluid\" data-full-width-responsive=\"true\"><\/ins>\n<script> \n(adsbygoogle = window.adsbygoogle || []).push({}); \n<\/script>\n<\/div>\n<p><strong>13.\u00a0 K\u0131rcaali de saat kulesi ile ilgili yaz\u0131n\u0131z var problem nedir bunu pek anlayamad\u0131m?<\/strong><\/p>\n<p>K\u0131rca Ali Saat Kulesinde totaliter d\u00f6nemden beri saat ba\u015f\u0131 \u00e7alan bir m\u00fczikal \u00e7a\u011fr\u0131 var. Bu melodinin g\u00fcftesindeki s\u00f6zlerin bir d\u00f6rtl\u00fc\u011f\u00fcn\u00fc vermekle yetiniyorum, yorumunu siz kendiniz yapabilirsiniz: Bu g\u00fcn her saat eski Rus-T\u00fcrk harbinde okunan mar\u015flar her saat ayr\u0131 ayr\u0131 sadece m\u00fczikleri \u00e7al\u0131nmaktad\u0131r. Bundan daha k\u00f6t\u00fc ne olabilir ki. Bunu kabul eden bir T\u00fcrk M\u00fcsl\u00fcman varsa \u00e7\u0131ks\u0131n s\u00f6ylesin. Amma bunu kabul eden H\u00d6H y\u00f6neticileri hari\u00e7 onlar\u0131n zaman\u0131 geldi\u011finde hep birlikte g\u00f6receksiniz insanlar\u0131m\u0131za selam verebilecekler mi, az kald\u0131 azda sab\u0131r. \u0130ki \u015eark\u0131n\u0131n s\u00f6zlerinden k\u0131saca;<\/p>\n<h3><em>1-\u00a0<span lang=\"tr\">Kalk, kalk, Balkan kahraman\u0131<br \/>\nderin bir uykudan uyand\u0131,<br \/>\nOsmanl\u0131 hainlerine kar\u015f\u0131<br \/>\n<\/span><span lang=\"tr\">\u00a0 \u00a0Sen Bulgarlara liderlik et!<\/span><span lang=\"tr\"><br \/>\n____________________________________<br \/>\n<\/span>2- Y\u0131lan hen\u00fcz k\u00fc\u00e7\u00fck iken, <\/em><br \/>\n<em>\u00a0 \u00a0 Gelin toplanal\u0131m!<\/em><br \/>\n<em>\u00a0 \u00a0 Ba\u015f\u0131n\u0131 ayaklar\u0131m\u0131zla ezelim,<\/em><br \/>\n<em>\u00a0 \u00a0 \u00f6zg\u00fcr\u00fcz diyelim!<\/em><\/h3>\n<p>S\u00f6z\u00fc ezilen\u00a0<strong><em>\u201cy\u0131lan\u201d<\/em><\/strong>\u00a0T\u00fcrklerdir. Her g\u00fcn 24 defa tekrar ediyor. Halk\u0131m\u0131z sab\u0131rl\u0131.<br \/>\nBuna sinir mi dayan\u0131r?<\/p>\n<p><strong>14.\u00a0 T\u00fcrk D\u00fcnyas\u0131 toplant\u0131lar\u0131n\u0131n sizin derne\u011finizin d\u0131\u015f\u0131nda Bulgaristan\u2019dan ba\u015fka bir dernek yok. Pe ki buralara kat\u0131lmak Bulgaristan\u2019da T\u00fcrklere ne faydas\u0131 oldu?<\/strong><\/p>\n<p>T\u00fcrk D\u00fcnyas\u0131 \u015f\u00f6lenlerine de\u011fi\u015fik zamanlarda Bulgaristan\u2019dan bilinen \u015fah\u0131slar ve dernek temsilcileri davet edilmi\u015f ve kat\u0131lm\u0131\u015ft\u0131r. BULT\u00dcRK derne\u011fi hem Bulgaristan&#8217;daki T\u00fcrkleri hem de T\u00fcrkiye Cumhuriyetindeki soyda\u015flar\u0131m\u0131z\u0131 temsilen son 17 y\u0131lda d\u00fczenlenen toplant\u0131lar\u0131n hepsine muntazam kat\u0131lm\u0131\u015f ya bildirim sunmu\u015f ya da g\u00f6r\u00fc\u015flerimizi s\u00f6zl\u00fc duyurmu\u015ftur. T\u00fcrk D\u00fcnyas\u0131n\u0131 Sofya\u2019ya davet edip g\u00f6t\u00fcren Bult\u00fcrk Derne\u011fi&#8217;dir. Amac\u0131m\u0131z, Bulgaristan\u2019da T\u00fcrkler ya\u015fad\u0131\u011f\u0131n\u0131, Orta Asya\u2019dan gelen Anadolu T\u00fcrklerinden olduklar\u0131n\u0131, T\u00fcrk halk\u0131ndan bir par\u00e7a olduklar\u0131 bilinciyle ya\u015fad\u0131klar\u0131n\u0131, <strong><em>\u201c\u0130slamla\u015ft\u0131r\u0131lm\u0131\u015f Bulgarlar olduklar\u0131 iddias\u0131n\u0131n bir uydurma oldu\u011funu\u201d<\/em><\/strong> g\u00f6sterdik, anlatt\u0131k. T\u00fcrk kimli ile ya\u015fayan Bulgaristan T\u00fcrklerini T\u00fcrk D\u00fcnyas\u0131 politik ve k\u00fclt\u00fcr sahnesine ta\u015f\u0131yan biz olduk. Son olarak T\u00fcrk D\u00fcnyas\u0131 Gen\u00e7li\u011fi KKTC toplant\u0131s\u0131nda g\u00f6r\u00fc\u015ft\u00fck. T\u00fcrk D\u00fcnyas\u0131 \u00f6zel TV yay\u0131n\u0131 \u00fczerinde \u00e7al\u0131\u015f\u0131yoruz. BENG\u00dc yay\u0131n\u0131 Bulgaristan T\u00fcrk Edebiyat\u0131n\u0131 T\u00fcrk D\u00fcnyas\u0131na tan\u0131tt\u0131. Gazeteciler Birli\u011fimiz, Yazarlar Birli\u011fimiz atas\u00f6zlerimiz, deyimlerimiz, ortak yarg\u0131 de\u011ferlerimiz \u00fczerinde \u00e7al\u0131\u015f\u0131rken, Bilim Kurulumuz da T\u00fcrk D\u00fcnyas\u0131 Ortak Dili \u00fczerinde \u00e7al\u0131\u015f\u0131yor. T\u00fcrk d\u00fcnyas\u0131 \u00fclkelerinin Kiril Alfabesinden Latin Alfabesine ge\u00e7me \u00e7al\u0131\u015fmalar\u0131 son a\u015famas\u0131na girmi\u015f bulunuyor. T\u00fcrk D\u00fcnyas\u0131 Birli\u011fi bu y\u0131l\u0131n sonuna kadar netle\u015fecektir. T\u00fcrkiye \u00f6nderli\u011finde di\u011fer devletler de buna kat\u0131lacakt\u0131r. Ortak Alfabemiz de olacak in\u015fallah\u2026 TV \u00fczerinden dil, edebiyat, k\u00fclt\u00fcr ve sanat programlar\u0131m\u0131zla her \u00e7ocu\u011fa ula\u015fmak ve yeni T\u00fcrk D\u00fcnyas\u0131nda bulu\u015fmak yak\u0131n hedefimizdir.\u2026<\/p><div id=\"bghab-157268924\" class=\"bghab-icerik-icine-55-paragraf bghab-entity-placement\"><script async src=\"\/\/pagead2.googlesyndication.com\/pagead\/js\/adsbygoogle.js?client=ca-pub-6203283170189293\" crossorigin=\"anonymous\"><\/script><ins class=\"adsbygoogle\" style=\"display:block; text-align:center;\" data-ad-client=\"ca-pub-6203283170189293\" \ndata-ad-slot=\"7303146466\" \ndata-ad-layout=\"in-article\"\ndata-ad-format=\"fluid\" data-full-width-responsive=\"true\"><\/ins>\n<script> \n(adsbygoogle = window.adsbygoogle || []).push({}); \n<\/script>\n<\/div>\n<p>Bizler T\u00fcrk D\u00fcnyas\u0131nda Bulgaristan T\u00fcrkleri tan\u0131tm\u0131\u015f olduk. Bu g\u00fcn Yakutlardan Sibiryadan, Ba\u015fkudistan, \u00c7uva\u015fistan, Afganistan- T\u00fcrk Cumhuriyetleri Avrupa\u2019da ya\u015fayanlar herkese bizler kendimizi tan\u0131tma f\u0131rsat\u0131 bulduk daha ne olsun.<\/p>\n<p><b>15.\u00a0 \u0130nternet\u2019te yazm\u0131\u015fs\u0131n\u0131z t\u00fcm Bulgaristan do\u011fumlular\u0131n derne\u011fidir. Avrupa\u2019da ya\u015fayanlara Bulgaristan\u2019da olanlara ne yapabilirsiniz bu konuda d\u00fc\u015f\u00fcnceleriniz nelerdir? Ayr\u0131ca Bulgarlar\u0131n da haklar\u0131n\u0131 savunmay\u0131 d\u00fc\u015f\u00fcn\u00fcyor musunuz?<\/b><\/p>\n<p>Haberlerimiz, yaz\u0131lar\u0131m\u0131z, ilanlar\u0131m\u0131z, duyurular\u0131m\u0131z her internete, her telefona ula\u015f\u0131yor. 60 ciltlik k\u00fclliyat\u0131m\u0131za, Bulgaristan T\u00fcrklerinin Kimlik M\u00fccadelesi ve 50 y\u0131l M\u00fccadele, T\u00fcrk D\u00fcnyas\u0131nda Kad\u0131n eserlerimize ve 16 ciltte anlatt\u0131\u011f\u0131m\u0131z BULT\u00dcRK etkinliklerine E-kitap sitemiz \u00fczerinden ula\u015f\u0131p yepyeni bir d\u00fcnya, farkl\u0131 bir d\u00fc\u015f\u00fcnme ve yorum tarz\u0131yla tan\u0131\u015fabilirsiniz. 600 bine yak\u0131n izleyicimiz var. T\u00fcrkiye\u2019den sonra Bulgaristan, \u00fc\u00e7\u00fcnc\u00fc yerde Birle\u015fik Amerika ve Ard\u0131ndan \u0130ngiltere ve Almanya geliyor. \u0130ngiltere, Almanya, \u0130spanya ve \u0130sve\u00e7\u2019te karde\u015f derneklerimiz var. \u0130lk Ortak toplant\u0131m\u0131z\u0131 Levko\u015fe\u2019de korona vir\u00fcs k\u0131s\u0131tlamalar\u0131ndan hemen \u00f6nce yapt\u0131k. Yasakl\u0131 d\u00f6nemde\u00a0<strong><em>\u201cvideo konferans\u201d<\/em><\/strong>\u00a0d\u00fczenledik. Biz s\u00fcrekli canl\u0131 yay\u0131n halindeyiz. Video programlara, video derslere, video forumlara ge\u00e7me haz\u0131rl\u0131klar\u0131 g\u00f6r\u00fcyoruz. Ana konumuz her y\u00f6n\u00fcyle Bulgaristan. Bulgar devletinin T\u00fcrk kimliklerini tan\u0131mad\u0131\u011f\u0131 karde\u015flerimiz. Orada da her \u015fey de\u011fi\u015fiyor. Sofya\u2019da Bayram Namaz\u0131\u00a0<strong><em>\u201cBanya Ba\u015f\u0131\u201d<\/em>\u00a0<\/strong>camiinde de\u011fil, kurallara uyularak\u00a0<strong><em>\u201cLokomotif\u201d<\/em>\u00a0<\/strong>Stad\u0131nda k\u0131l\u0131nd\u0131. Sofya\u2019da b\u00f6yle bir M\u00fcsl\u00fcman kalabal\u0131k g\u00f6r\u00fclmemi\u015fti. B\u00f6lge M\u00fcft\u00fcl\u00fc\u011f\u00fcn\u00fcn \u015eeker Bayram\u0131 ikram\u0131 zengindi. \u00c7ocuklar \u00e7\u0131ld\u0131rd\u0131. Biz her g\u00fcn yol al\u0131yoruz. Sofya\u2019da ve ilinde 125 bin izleyicimiz var, hepsi oradayd\u0131. Biz halk\u0131m\u0131zla nefes al\u0131yoruz, en yeni teknolojileri kullanarak kayna\u015f\u0131yoruz. Bayram namaz\u0131ndan sonra baklava ikram\u0131yla birlikte \u201cBulgaristan T\u00fcrklerinin Sesi\u201d gazetesi da\u011f\u0131t\u0131ld\u0131.<\/p>\n<p>Biz insan ayr\u0131m\u0131 yapm\u0131yoruz. K\u0131rca Ali, Kazanl\u0131k ve Razgrat\u2019ta Bulgarca yay\u0131nlarda hatta Avrupa\u2019da bile Bel\u00e7ika, Almanya vs. k\u00f6\u015fe yaz\u0131lar\u0131m\u0131z \u00e7\u0131k\u0131yor. Kazanl\u0131k\u00a0<strong><em>\u201cDolina\u201d<\/em><\/strong>\u00a0gazetesinde \u00e7\u0131kan bir siyasi de\u011ferlendirmemizi 125 bin ki\u015finin okumas\u0131 ve 7 bin ki\u015finin be\u011fendi\u011fini t\u0131klamas\u0131 beni memnun etti. Biz halka de\u011fil, okurlar\u0131m\u0131z\u0131n bize ula\u015fmas\u0131 \u00f6nemlidir. Kav\u015fak noktas\u0131 biziz. Bulgarca yay\u0131nlar\u0131m\u0131z\u0131 geni\u015fletme program\u0131 geli\u015ftirmi\u015f bulunuyoruz. Ne kadar faydal\u0131 oldu\u011fumuzu, bizi arayanlar s\u00f6yleyecek\u2026<\/p>\n<p><strong>16.\u00a0 D\u00fcnyada Bulgaristan T\u00fcrklerinin yeri nerede olacak sizce? Ahmet Do\u011fan Bulgaristan T\u00fcrklerinin Lideri olarak biliniyor. Bunu da 30 y\u0131ld\u0131r yapmaktad\u0131r. Siz bu konuda ne d\u00fc\u015f\u00fcn\u00fcyorsunuz?<\/strong><\/p><div id=\"bghab-1820547108\" class=\"bghab-icerik-icine-60-paragraf bghab-entity-placement\"><script async src=\"\/\/pagead2.googlesyndication.com\/pagead\/js\/adsbygoogle.js?client=ca-pub-6203283170189293\" crossorigin=\"anonymous\"><\/script><ins class=\"adsbygoogle\" style=\"display:block; text-align:center;\" data-ad-client=\"ca-pub-6203283170189293\" \ndata-ad-slot=\"7303146466\" \ndata-ad-layout=\"in-article\"\ndata-ad-format=\"fluid\" data-full-width-responsive=\"true\"><\/ins>\n<script> \n(adsbygoogle = window.adsbygoogle || []).push({}); \n<\/script>\n<\/div>\n<p>Ahmet Do\u011fan Bulgaristan T\u00fcrklerini kom\u00fcnist BSP kongreleri d\u0131\u015f\u0131nda hi\u00e7bir yerde temsil etmemi\u015ftir. Ben \u015fahsen Do\u011fan kaleminden \u00e7\u0131km\u0131\u015f kitap g\u00f6rmedim, okumad\u0131m. Son kat\u0131ld\u0131\u011f\u0131 Kongre\u2019de delegelerden Oktay Yeni Mehmet taraf\u0131ndan k\u00fcrs\u00fcden at\u0131ld\u0131. Raporunu okuyamad\u0131. Bu 5 sene \u00f6nce olan bir olay\u0131n ard\u0131ndan Y\u0131l Ba\u015f\u0131 mesaj ve konu\u015fmalar\u0131 geldi. Art\u0131k onlar da s\u00f6nd\u00fc.\u00a0<strong><em>\u201cSaray\u201d<\/em><\/strong>\u00a0ziyafetlerine kat\u0131lanlardan hi\u00e7bir kimse, ben A.D.\u2019n\u0131n s\u00f6zlerinden etkilendim deyip kaleme sar\u0131lmad\u0131. H\u00d6H liderlerinden gazete yorumu, dergi yaz\u0131s\u0131 veya el kitab\u0131 da g\u00f6rmedim. Bu kadar ac\u0131kl\u0131 bir olay\u0131n Nedeni! Halk\u0131n beklentileri ile kendi d\u00fc\u015f\u00fcnd\u00fckleri \u00e7ak\u0131\u015fm\u0131yor. Menfaatler farkl\u0131, yollar \u00e7oktan ayr\u0131lm\u0131\u015f.<\/p>\n<p>1989\u2019da y\u00fcksek politik olgunluk g\u00f6steren Bulgaristan T\u00fcrkleri, Avrupa Birli\u011fi \u00fclkelerindeki etnik az\u0131nl\u0131klar aras\u0131nda politik ayaklanma ger\u00e7ekle\u015ftiren ilk topluluktur. 2020\u2019de Bulgar az\u0131nl\u0131k siyasetinin kilit ta\u015f\u0131 Makedonlard\u0131r. Onlar\u0131n kollektif haklar, \u00f6rg\u00fctlenme \u00f6zg\u00fcrl\u00fc\u011f\u00fc, anadil Makedonca gibi konularda Cenevre \u0130nsan Haklar\u0131 Mahkemesinde kazan\u0131lm\u0131\u015f davalar\u0131 var. E\u011fer onlar Makedon kimli\u011fi, anadil hakk\u0131 ve kolektif haklar konusunda me\u015frula\u015fabilirlerse, arkas\u0131 \u00e7orap s\u00f6k\u00fc\u011f\u00fc gibi gelecektir. H\u00d6H\u2019\u00fcn da\u011f\u0131lmas\u0131 g\u00fcn meselesi. 2014\u2019te G\u00fcney H\u00fcsmen ve Musa Pa\u015fov\u2019un Sofya meclisine tercihli aday olarak giri\u015flerini an\u0131msay\u0131n\u0131z. Ard\u0131ndan Deliorman\u2019da 120 bin protesto oyu GERB partisine kayd\u0131. Bug\u00fcn Sofya meclisindeki en g\u00fc\u00e7l\u00fc iki parlamenter \u2013 meclis ba\u015fkan\u0131 Karayan\u00e7eva ile BSP meclis grubu s\u00f6zc\u00fcs\u00fc Simov \u2013 K\u0131rca Ali milletvekilidir ve T\u00fcrk se\u00e7menden de oy alm\u0131\u015ft\u0131r. T\u00fcrkler aras\u0131nda politik aktiflik d\u00fczeyi \u00e7ok y\u00fckseldi. Ciddi bir b\u00fck\u00fcm bekleniyor. \u00c7\u00fcnk\u00fc H\u00d6H fikirsel olarak i\u00e7i bo\u015f bir balon, tavr\u0131 s\u0131radan insanlara yabanc\u0131\u2026<\/p>\n<p>Do\u011fan\u2019\u0131n\u00a0<strong><em>\u201cliderli\u011fine\u201d<\/em>\u00a0<\/strong>gelince, o, hep gizli oynam\u0131\u015f, Bulgaristan M\u00fcsl\u00fcmanlar\u0131n\u0131 siyasetten \u00e7\u0131karm\u0131\u015f, onlar\u0131n hak etti\u011fi yere kendisini koymu\u015f ve beklentisi olan halk\u0131 aldatma, bekletme, kand\u0131rma, uyutma ve usand\u0131rma yolunu se\u00e7mi\u015ftir. Halk\u0131n sabr\u0131n\u0131n ta\u015ft\u0131\u011f\u0131n\u0131 g\u00f6r\u00fcnce de\u00a0<strong><em>\u201ckorumal\u0131\u201d<\/em>\u00a0<\/strong>kuytu se\u00e7mi\u015f ve kamuoyundan ka\u00e7m\u0131\u015ft\u0131r. Bulgaristan T\u00fcrkleri sezileri g\u00fc\u00e7l\u00fc y\u00fcksek bilin\u00e7li bir kitledir. Hareketlenmeleri i\u00e7in ne Do\u011fan\u2019a ne de Karaday\u0131\u2019ya ihtiya\u00e7lar\u0131 oldu\u011funa inanm\u0131yorum. Avrupa Birli\u011fi \u00fclkeleri halklar\u0131 aras\u0131nda en yoksul, en cahil ve hatta k\u00f6r cahil b\u0131rak\u0131lman\u0131n faturas\u0131 ille ki, birilerine kesilecektir.<\/p>\n<p><strong>17.\u00a0 H\u00d6H y\u00f6neticilerin i\u00e7erisinde hi\u00e7 mi do\u011fru g\u00f6rd\u00fcn\u00fcz biri yok? Sizler T\u00fcrkiye Siyasetine nas\u0131l bak\u0131yorsunuz? Gelecekte H\u00d6H ile birlikte olma yolu a\u00e7\u0131k m\u0131?<\/strong><\/p>\n<p>H\u00d6H y\u00f6neticilerinden Bulgaristan M\u00fcsl\u00fcmanlar\u0131 lehinde y\u00fckselen teklif, \u00f6ncelik yok. Sanki ba\u015fkalar\u0131na s\u00f6zc\u00fcl\u00fck yap\u0131yorlar. Merkez bas\u0131n, eski ba\u015fkan L. Merstan\u2019\u0131 en iyi Bulgarca konu\u015fan milletvekili ilan etmi\u015fti. Zaman geldi, konu\u015fmalar\u0131n\u0131n Cembridge\u2019de okumu\u015f bir Yahudi taraf\u0131ndan kaleme al\u0131nd\u0131\u011f\u0131 a\u00e7\u0131kland\u0131. Yahudi\u00a0<strong><em>\u201cTrud\u201d\u00a0<\/em><\/strong>(Emek) gazetesinde \u00e7\u0131kan yaz\u0131s\u0131nda\u00a0<strong><em>\u201cbu adam siyasetten anlam\u0131yor\u201d<\/em>\u00a0<\/strong>yazd\u0131. \u015eimdi Karaday\u0131\u2019da da ayn\u0131 s\u00fcrecin kapan\u0131nda. Okuyup-yazma cahili oldu\u011fu bir yana, partide fa\u015fizan ruha kilitlenme tehlikesi g\u00f6ze \u00e7arp\u0131yor. Konu\u015furken devaml\u0131 sa\u011f-sola bakan Hanid Hamid\u2019in farkl\u0131 \u00e7\u0131karlar pe\u015finde oldu\u011fu seziliyor. K\u0131rca Ali Belediye Ba\u015fkan\u0131 Hasan Aziz parti kitlesinin kar\u0131nca s\u00fcr\u00fcs\u00fc gibi yuva de\u011fi\u015ftirdi\u011fini ne zaman g\u00f6recek? Bat\u0131 Rodop k\u00f6ylerinde H\u00d6H mevzileri zay\u0131fl\u0131yor. Gen\u00e7 ailelerin ekmek paras\u0131 \u0130ngiliz aslan\u0131n\u0131n a\u011f\u0131z\u0131nda. Avrupa Birli\u011fi parlamentosunun TIR \u015fof\u00f6rlerine\u00a0<em><strong>\u201c5 g\u00fcn yol 2 g\u00fcn motelde istirahat\u201d<\/strong><\/em>\u00a0karar\u0131 \u00e7\u0131kt\u0131, t\u00fcm planlar\u0131 alt \u00fcst etti. H\u00d6H hangi konuda son s\u00f6z sahibi olacak. Ku\u015fkulu bir ortam. Sahnede s\u00f6z\u00fcne inan\u0131l\u0131r sivrilen kimse yok.<\/p><div id=\"bghab-3790321425\" class=\"bghab-icerik-icine-65-paragraf bghab-entity-placement\"><script async src=\"\/\/pagead2.googlesyndication.com\/pagead\/js\/adsbygoogle.js?client=ca-pub-6203283170189293\" crossorigin=\"anonymous\"><\/script><ins class=\"adsbygoogle\" style=\"display:block; text-align:center;\" data-ad-client=\"ca-pub-6203283170189293\" \ndata-ad-slot=\"7303146466\" \ndata-ad-layout=\"in-article\"\ndata-ad-format=\"fluid\" data-full-width-responsive=\"true\"><\/ins>\n<script> \n(adsbygoogle = window.adsbygoogle || []).push({}); \n<\/script>\n<\/div>\n<p>H\u00d6H, kom\u00fcnizm sonras\u0131 Bulgar oligar\u015fisi olu\u015fumuna kat\u0131l\u0131yor. Devlet yerli zenginlerden kuvvetli. Bankac\u0131 Tsvetan Vasilev Belgrat\u2019ta, 3 milyar leva sermayesi olan Vasil Bo\u015fkov Arap Emirliklerinde gizleniyor. \u00dc\u00e7\u00fcnc\u00fc en zengin olarak g\u00f6steren H\u00d6H\u2019l\u00fc Delyan Peevski hakk\u0131nda New York Mahkemesinde a\u00e7\u0131lan ka\u00e7ak\u00e7\u0131l\u0131k davas\u0131nda, 200 milyon US Dolar de\u011ferinde talep var. \u00c7al\u0131nan paralar\u0131n hakk\u0131 hesab\u0131 yok.<\/p>\n<p>Bulgaristan\u2019a gelen T\u00fcrk \u015firketleri ihale kazan\u0131p i\u015f g\u00f6r\u00fcyor. Yeni d\u00f6nemde en b\u00fcy\u00fck 2 projeden biri<strong><em>\u00a0\u201c\u015eipka\u201d<\/em><\/strong>\u00a0T\u00fcneli, ikincisi de Elin Pelin-Kostenets demir yolu hatt\u0131d\u0131r. T\u00fcrkiye s\u0131\u011f\u0131nmac\u0131lar\u0131n Bulgaristan yolunu kesti, g\u00fcvenlik garantisi veriyor.\u00a0 B\u00fcy\u00fcyen T\u00fcrkiye Cumhuriyeti \u00e7ekim kuvveti Bulgaristan\u2019\u0131 g\u00f6lgesine al\u0131yor. Havac\u0131l\u0131k, kara ta\u015f\u0131mac\u0131l\u0131\u011f\u0131, enerji, sa\u011fl\u0131k, turizm, tekstil, haz\u0131r giyim, parkende ticaret T\u00fcrkiye\u2019ye kay\u0131yor.<\/p>\n<p>H\u00d6H\u2019\u00fcn siyasi konularda T\u00fcrkiye ile i\u015fbirli\u011fine gelince, parti \u00f6nce Bulgar siyasetinde dengeleyici unsur rol\u00fcn\u00fc kapt\u0131rd\u0131. \u0130kincisi Bulgaristan siyaseti bug\u00fcn d\u00f6rt adet sakat kolu bir ahtapot gibi. \u0130zlenen siyaset, Rusya s\u0131z olam\u0131yor, Amerikay\u0131 kazanmaya \u00e7al\u0131\u015f\u0131yor, Avrupa Birli\u011finden faydalanmak, T\u00fcrkiyeyi de kullanmak istiyor. Bu siyasi ortamda H\u00d6H partisine rol d\u00fc\u015ft\u00fc\u011f\u00fc kan\u0131s\u0131nda de\u011filim. H\u00d6H\u2019de tek bir do\u011fru var o da y\u00f6neticilerin hi\u00e7 biri T\u00fcrk halk\u0131na hizmet etmedi\u011fi art\u0131k ortadad\u0131r.<\/p>\n<p><b>18.\u00a0 Sizin dernek T\u00fcrkiye\u2019de siyasete \u00e7ok fazla taraf oluyor galiba? Siz Dernek Ba\u015fkan\u0131 olduktan sonra se\u00e7imler \u00f6ncesi hep a\u00e7\u0131klama yapm\u0131\u015fs\u0131n\u0131z AK partiye ve Recep Tayyip ERDO\u011eAN\u2019A oy verin diye? Derne\u011fimizde her partiden insan var, bu konuda ne diyeceksiniz?<\/b><\/p>\n<p>Demokrasisi g\u00fc\u00e7l\u00fc \u00fclkelerde STK-lar, toplum s\u00f6zle\u015fmesinin, ortak iradenin, hak ve \u00f6zg\u00fcrl\u00fcklerin ve adaletin hem dayana\u011f\u0131 hem de g\u00fcvencesidir. Devlet piramidi onlara dayan\u0131r. Vatanda\u015f, se\u00e7ime kat\u0131lma, oyunu kullanma ve se\u00e7ilme \u00f6zg\u00fcrl\u00fc\u011f\u00fcnden \u00f6z iradesine g\u00f6re yararlan\u0131r. Vatanda\u015f\u0131 manip\u00fcle ederek kamuoyu olu\u015fturma ve se\u00e7imi etkileme kesin yasak olan \u00fclkemizde, STK-lar\u0131n g\u00f6revi halk\u0131 bilgilendirerek ayd\u0131nlatmak ve h\u00fcr karar alma ortam\u0131 yaratmakt\u0131r. BULT\u00dcRK her se\u00e7imde daha iyi olandan, halka yararl\u0131 olandan ve herkese kolayl\u0131k sa\u011flayan projelerden ve tasarruflardan taraf olmu\u015ftur. Yerel ve genel se\u00e7imlerden \u00f6nce dernek merkezimizde her ak\u015fam yap\u0131lan aday tan\u0131ma, g\u00f6r\u00fc\u015fme ve toplant\u0131lar\u0131n amac\u0131nda olan budur. Buraya BULT\u00dcRK Merkezimize Sadet Partisi-\u0130yi Parti-CHP-MHP-AK Parti temsilcileri gelmi\u015flerdir, hepsini \u00fcyelerimiz ile birlikte dinledik ve ard\u0131ndan y\u00f6netim olarak karar verdik. Bir\u00e7ok derne\u011fimiz de CHP\u2019yi destekledi\u011fi gibi bizlerde Ak Parti\u2019de karar k\u0131lm\u0131\u015f\u0131z, hatta son se\u00e7imlerde Cumhurba\u015fkan\u0131 olarak Erdo\u011fan\u2019a, genel se\u00e7imlerde MHP oy verilsin karar\u0131 \u00e7\u0131km\u0131\u015ft\u0131r bundan kime ne. Bu karar \u00e7\u0131kt\u0131\u011f\u0131nda MHP\u2019nin oylar\u0131 %5-6 g\u00f6sterilirken al\u0131nm\u0131\u015ft\u0131r bu \u00e7ok \u00f6nemlidir. Bu konuda da se\u00e7imden sonra MHP \u0130stanbul \u0130l Ba\u015fkan Yard\u0131mc\u0131s\u0131 B\u00fclent MA\u015eAO\u011eLU derne\u011fimize te\u015fekk\u00fcr ziyareti ederek, <em><strong>\u201cBiz \u0130stanbul\u2019da sadece bir derne\u011fe BULT\u00dcRK Derne\u011fi&#8217;ne geliyoruz, \u00c7\u00fcnk\u00fc hi\u00e7 kimsenin yan\u0131m\u0131zda duramad\u0131\u011f\u0131 bir zamanda bizi a\u00e7\u0131k a\u00e7\u0131k se\u00e7im \u00f6ncesi destekledi\u011finiz i\u00e7in te\u015fekk\u00fcrler\u201d<\/strong><\/em>\u00a0diyebilmi\u015ftir. Dernek y\u00f6neticileri bunun bedelini \u00f6demeye haz\u0131r olmal\u0131lar. Son karar bireylerin sorumlulu\u011fundad\u0131r.<\/p>\n<p>Ayr\u0131ca AK parti derne\u011fimizin akran\u0131d\u0131r. 2003\u2019ten beri daha g\u00fc\u00e7l\u00fc, daha b\u00fcy\u00fck ve sayg\u0131n bir T\u00fcrkiye yolunda beraber y\u00fcr\u00fcd\u00fck. Ba\u015fkan Erdo\u011fan Ba\u015fkanl\u0131\u011f\u0131nda ana-vatan\u0131m\u0131z\u0131n alt yap\u0131s\u0131n\u0131 modernle\u015ftirme, teknolojisini yenileme, uluslararas\u0131 ticaret, ta\u015f\u0131mac\u0131l\u0131k ve ileti\u015fimde daha b\u00fcy\u00fck bir yer alma, yerli ve uluslararas\u0131 ter\u00f6r\u00fc yok etme ve vatanda\u015f\u0131n refah d\u00fczeyini daha da y\u00fckseltme \u00e7abalar\u0131 destekledik. E\u011fitim ve sa\u011fl\u0131k problemlerinin yerel \u00e7\u00f6z\u00fcm\u00fcnde i\u015fbirli\u011fi yapt\u0131k. 15 Temmuz 2016 FETO-hain sald\u0131r\u0131s\u0131n\u0131 lanetledik ve yeni T\u00fcrkiye ruhunun olu\u015fumunda meydanlardayd\u0131k. T\u00fcrkiye s\u0131ras\u0131yla, F\u0131rat kalkan\u0131 harekat\u0131, Afrin Operasyonu, \u0130dlib Operasyonu, Pen\u00e7e- Kartal Harekat\u0131 ile d\u00fcnyay\u0131 dize \u00e7\u00f6kertirken hepimiz gurur duyduk ve hepsine destek verdik. Suriye askeri operasyonlar\u0131na ve Libya\u2019ya projelerine de tam destek veriyoruz. Balkanlara hatta D\u00fcnyaya ta\u015facak B\u00fcy\u00fck T\u00fcrkiye at\u0131l\u0131mlar\u0131nda beraberiz. Derne\u011fimizde de\u011fi\u015fik siyasi partilerden \u00fcye olmas\u0131 ortak hedef belirlememize engel olmuyor. Biz tarafs\u0131z de\u011filiz <strong><em>Bizler B\u00fcy\u00fck ve G\u00fc\u00e7l\u00fc T\u00fcrkiye ve Birle\u015fmi\u015f bir T\u00fcrk D\u00fcnyas\u0131&#8217;<\/em><\/strong>n\u0131n taraf\u0131nday\u0131z.<\/p>\n<p><strong>19.\u00a0 Biraz da d\u00fcnya konu\u015fal\u0131m. Bu g\u00fcn pandema sonras\u0131 neler bekliyorsunuz? Neler bekliyorsunuz yak\u0131n gelecekte? BULT\u00dcRK Derne\u011fi bu Corona-19 sonras\u0131 ne yapmay\u0131 planl\u0131yorsunuz? D\u00fcnyaya ne s\u00f6ylemek istersiniz?<\/strong><\/p>\n<p>Korona vir\u00fcs belas\u0131 her birimizi, aileleri, apartmanlar\u0131, sokak, meydan ve \u015fehirleri, \u00fclkeleri ve b\u00fct\u00fcn d\u00fcnyay\u0131 a\u00e7\u0131k\u00e7as\u0131 korkuttu. G\u00fcnl\u00fck ya\u015fam\u0131m\u0131z daha da elektronikle\u015fecek. Ticaret, hizmetler, para birimi, vatanda\u015f ve kurumlar\u0131m\u0131z aras\u0131ndaki ili\u015fkiler a\u015famal\u0131 de\u011fi\u015febilir. Her \u015feyden \u00f6nce de yarg\u0131 de\u011ferlerimiz, ili\u015fkilerimizin nitelikleri, insani ili\u015fkilerin, beceri kategorileri, ahlak de etik yeni boyuta ge\u00e7ebilir. Bu bak\u0131ma T\u00fcrkiye Yak\u0131n Do\u011fu, Kafkas ve Balkanlar\u2019da \u00f6nc\u00fc rol\u00fcn\u00fc korurken \u00f6rnek olacakt\u0131r. Teknolojikle beslenen T\u00fcrk dilinin \u00f6nem kazanmas\u0131n\u0131 bekliyorum. Teknoloji y\u00fckl\u00fc bir ortamda ya\u015famaya giderek al\u0131\u015faca\u011f\u0131m\u0131z\u0131 umarken, memleket \u00f6zleminin, ata bar\u0131naklar\u0131m\u0131z\u0131n, k\u00f6y ve kentlerimizin hepimizi geri d\u00f6n\u00fcn moduna \u00e7ekece\u011fini de d\u00fc\u015f\u00fcn\u00fcyorum. \u00c7\u00fcnk\u00fc art\u0131k k\u00f6yl\u00fc ve kentli aras\u0131ndaki fark\u0131n k\u00f6yl\u00fc, do\u011fa, temizlik ve ferahl\u0131k lehinde de\u011fi\u015fece\u011fine inan\u0131yorum. Dijital d\u00fcnya yeni bir uygarl\u0131kla gelecektir.<\/p>\n<p>Yukarda i\u015faret eti\u011fim \u00fczere art\u0131k video konferanslar\u0131m\u0131za ba\u015flad\u0131k. \u00d6nce Bulgaristan ziyaretleri konusunda bir konferans d\u00fczenleyip, s\u0131n\u0131r ve oradaki de\u011fi\u015fikliler \u00fcst\u00fcne bilgilendirme bulunabiliriz. Yine ilk zamanda dokunakl\u0131 telefonlara y\u00fcklenen herkese her g\u00fcn ihtiya\u00e7 olan programlarla ilgili bir seminer d\u00fczenleyebiliriz. Okul ve anaokullar\u0131ndaki durumu de\u011ferlendirip, korona bunal\u0131m\u0131nda yara alan soyda\u015flar\u0131m\u0131zla g\u00f6r\u00fc\u015f\u00fcp durum de\u011ferlendirmesini belediyeye iletiriz. Yard\u0131mlarla ilgili yeni denetim de kap\u0131 \u00e7al\u0131yor.<\/p>\n<p><b>20.\u00a0 BGSAM Bulgaristan Stratejik Ara\u015ft\u0131rma Merkeziniz de var. Buda BULTURK\u2019\u00fcn i\u00e7inde g\u00f6z\u00fck\u00fcyor ve burada neler yap\u0131l\u0131yor? Baz\u0131 kitaplar \u00e7\u0131kartt\u0131\u011f\u0131n\u0131z\u0131 okudum nedir bu kitaplar? Kim bunlar\u0131 okuyor?<\/b><\/p>\n<p>Bulgaristan Stratejik Ara\u015ft\u0131rma Merkezi BGSAM, Bulgaristan ve T\u00fcrkiye\u2019de d\u00fczenledi\u011fimiz bir anket ve panel analiz uygulamam\u0131z\u0131n sonucunda ortaya \u00e7\u0131kt\u0131. De\u011fi\u015fik y\u00f6ntemlerle farkl\u0131 analizler yap\u0131p daha derin sonu\u00e7lara ula\u015fmaya heveslendik. Merakl\u0131lar\u0131n ortakl\u0131\u011f\u0131ndan do\u011fdu. Hedef konumuz Bulgaristan. Ge\u00e7mi\u015fini ve bug\u00fcn\u00fcn\u00fc incelerken sayfalar a\u00e7\u0131lmaya ba\u015flad\u0131. Mercek alt\u0131ndaki ana tema Bulgaristan M\u00fcsl\u00fcmanlar\u0131. \u00c7ok k\u00fclt\u00fcrl\u00fcl\u00fck. Hak ve \u00f6zg\u00fcrl\u00fck, T\u00fcrk Kimli\u011fi m\u00fccadelesinin yasalla\u015ft\u0131r\u0131lmas\u0131. T\u00fcrk kimli\u011finin resmen tan\u0131nmas\u0131. T\u00fcrk\u00e7e s\u0131n\u0131rland\u0131rmalar\u0131n\u0131n tamamen kald\u0131r\u0131lmas\u0131. Kad\u0131nlar\u0131m\u0131z\u0131n hayattaki rol\u00fc, haklar\u0131 ve y\u00fck\u00fcml\u00fcl\u00fckleri. \u0130nsan haklar\u0131, az\u0131nl\u0131klar\u0131, e\u015fitlik ve adalet konular\u0131. Bulgaristan\u2019a dikilmek istenen ideolojiler, zararlar\u0131 ve derinlikleri. T\u00fcrkiye ba\u015fta, kom\u015fularla m\u00fcnasebetler. NATO, AB, Rusya ve ABD konular\u0131 ve Bulgaristan\u2019\u0131n gelece\u011fi. \u00dclkenin n\u00fcfus oran\u0131nda de\u011fi\u015fim. Azalan Bulgarlar az\u0131nl\u0131k kal\u0131rsa ne olacak ve benzer konular. Yukar\u0131da belirti\u011fim \u00fczere\u00a0<em><strong><a href=\"http:\/\/bulturk.net\">www.bulturk.net<\/a>,<\/strong><\/em>\u00a0Bulgaristan T\u00fcrklerinin Sesi gazetesi,\u00a0<strong><em><a href=\"https:\/\/issuu.com\/bgsam\">https:\/\/issuu.com\/bgsam<\/a>\u00a0\u2013<\/em><\/strong>BGSAM kitaplar\u0131m\u0131z. Say\u0131lar\u0131 art\u0131k 80\u2019ni a\u015ft\u0131. Konular\u0131m\u0131z\u0131 zenginle\u015ftirerek kitle psikolojisine inmek, okurlarla g\u00f6r\u00fc\u015fmelere kap\u0131 a\u00e7mak, bizi bekleyenlerle kucakla\u015fmak istiyoruz. BGSAM \u2013 BULT\u00dcRK at\u0131l\u0131mlar\u0131na ilham kayna\u011f\u0131d\u0131r\u2026 Bizler fikir hareketiyiz ve bu fikirlerimizi d\u00fcnyada ya\u015fayan t\u00fcm T\u00fcrk Gen\u00e7lerimize ula\u015ft\u0131r\u0131yoruz.<\/p>\n<p>Bu kitaplar\u0131 kim okuyor? Sorusunu ise yersiz buldum. Okuyanlar ne anl\u0131yor? Diye sorsayd\u0131n\u0131z anlat\u0131rd\u0131m. Avrupa\u2019da Frankfurt merkezimiz, k\u00fclliyat\u0131m\u0131zdan 5 000 kitap istiyor. G\u00f6r\u00fcld\u00fc\u011f\u00fc \u00fczere Bulgaristan\u2019a kimse bo\u015f ve k\u00f6r d\u00f6nmek istemiyor. Ne g\u00fczel de\u011fil mi? Gazetemizin okurlar\u0131 art\u0131yor. Bulgaristan\u2019da okuyan T\u00fcrkiyeli \u00f6\u011frencilerden en fazla mesaj onlardan al\u0131yoruz. Olumlu ele\u015ftirilerin artmas\u0131 g\u00f6n\u00fcl kabart\u0131yor.<\/p>\n<p><b>21.\u00a0 Ayr\u0131ca Gazeteniz de var BULT\u00dcRK bunu nerelere ula\u015ft\u0131r\u0131yorsunuz? \u0130nternet sayfan\u0131z ve haber \u0130nternet sayfan\u0131z da \u00e7ok okundu\u011funu g\u00f6rd\u00fcm bunun anlam\u0131 nedir?<\/b><\/p>\n<p>\u0130nternet sayfam\u0131z\u0131n ula\u015ft\u0131\u011f\u0131 her okura gazetemiz de ula\u015f\u0131yor. Gazetemizin devaml\u0131 okuyucular\u0131, Bulgaristan konular\u0131nda daha derin analiz beklediklerini bildiriyorlar ve \u00f6zellikle Bulgaristan T\u00fcrklerinin b\u00fct\u00fcn toplulu\u011fu birle\u015ftirecek ve y\u00f6nlendirecek bir lidere gereksinim oldu\u011funu yaz\u0131yor, bilgi y\u00fckl\u00fc gen\u00e7 kadrolar yeti\u015ftirme \u00e7al\u0131\u015fmalar\u0131n\u0131n ne zaman ba\u015flayaca\u011f\u0131n\u0131 soruyor, kurs \u00e7al\u0131\u015fmalar\u0131na ihtiya\u00e7 oldu\u011funu hat\u0131rlat\u0131yorlar. Gazetemiz Bulgaristan\u2019da elden da\u011f\u0131t\u0131l\u0131yor. III. Bulgar devletinde 140 y\u0131ll\u0131k ge\u00e7mi\u015fimizin efsanele\u015ftirilmesi, romanla\u015ft\u0131r\u0131lmas\u0131 gibi konular a\u00e7\u0131yorlar. T\u00fcrkiye\u2019de \u00e7\u0131kan T\u00fcrk ve d\u00fcnya masallar\u0131n\u0131 halka en yak\u0131n resimli T\u00fcrk\u00e7e\u2019yle 40 kitap\u00e7\u0131k olarak i\u015faret etti\u011fim merkezlere ilettik. Kararlar\u0131n\u0131 bekliyoruz. Biz ancak T\u00fcrk\u00e7e\u2019mizle ya\u015far\u0131z. T\u00fcrk\u00e7e d\u0131\u015f\u0131nda ba\u015fka bir dille B\u00fcy\u00fck ve G\u00fc\u00e7l\u00fc T\u00fcrkiye kurulamaz, dil olmadan y\u00fccele-meyiz\u2026<\/p>\n<p><strong>22.\u00a0 Bulgarlar aras\u0131nda kavga var m\u0131? Onlar neden T\u00fcrkler gibi kavga etmiyorlar aras\u0131nda? Bulgar partilerin T\u00fcrklere kar\u015f\u0131 bak\u0131\u015f\u0131 nedir?<\/strong><\/p>\n<p>Ben T\u00fcrker\u2019in aralar\u0131nda kavga eden bir millet oldu\u011funa inanm\u0131yorum. Bunu g\u00f6remiyorum. Dikey bir toplumsal ge\u00e7mi\u015ften geliyoruz. Dikey olman\u0131n \u00f6z\u00fcnde uzla\u015fma, sayg\u0131 vard\u0131r. T\u00fcrk k\u00fclt\u00fcr\u00fcn\u00fc, bol atas\u00f6zl\u00fc ve de\u011fimli T\u00fcrk\u00e7e\u2019mizi iyi bilen, ho\u015fg\u00f6r\u00fc, sayg\u0131 ve yard\u0131mla\u015fma \u00e7emberini a\u015f\u0131p kabal\u0131k yapmay\u0131z. Uyumsuzluklar\u0131n ve uzla\u015fmazl\u0131klar\u0131n kayna\u011f\u0131 T\u00fcrk aile ve toplumu d\u0131\u015f\u0131ndad\u0131r. TV ekran\u0131 bir para kazan\u0131d\u0131r, k\u00fclt\u00fcr kayna\u011f\u0131 de\u011fil, ekrandaki y\u00fcksek sesler ve kavgalar, ya\u015fayan hayat\u0131n d\u0131\u015f\u0131ndad\u0131r.<\/p>\n<p>Yokluk nerede kavga orada atas\u00f6z\u00fcm\u00fcz Bulgarlar\u0131 anlat\u0131r. Bulgar ailelerde, kad\u0131n \u00f6zg\u00fcrl\u00fc\u011f\u00fc, bir ki\u015finin \u00e7al\u0131\u015fmas\u0131yla aile giderlerinin kar\u015f\u0131lanamamas\u0131, sosyal yard\u0131mlar\u0131n, do\u011fum ve \u00e7ocuk yard\u0131mlar\u0131n\u0131n yetersizli\u011fi, emekli maa\u015flar\u0131n\u0131n ger\u00e7ek durumu yans\u0131tmamas\u0131 sorunlar\u0131n sorunu oldu. Gen\u00e7lik gruplar\u0131na uyu\u015fturucunun girmesi kavgalar\u0131 yakan \u00e7akmak oldu. 2011\u2019den beri Avrupa Konseyi\u2019nin az\u0131nl\u0131k ailelerinde uygulama \u00e7abalar\u0131na ara vermeyen sosyal programlar\u0131n \u00e7ocuklar\u0131 ailelerinden koparmay\u0131, \u00f6ncelikle Norve\u00e7\u2019e \u00e7ocuk ka\u00e7\u0131rmalar, ciddi protesto patlamalar\u0131na neden oldu. \u015eu d\u00f6nemde T\u00fcrk aileler gibi, Bulgar, Romen ve Makedon gen\u00e7 aileler de gurbet\u00e7ilik y\u00fcz\u00fcnden par\u00e7alanm\u0131\u015f durumdad\u0131r. Nedenlerin ekonomik oldu\u011funa inan\u0131yorum. Sosyal yetersizlik s\u00fcrekli kavgalara neden oluyor.<\/p>\n<p>Bizim A. Do\u011fan konusundaki tavr\u0131m\u0131z, onun toplumumuza, kavgam\u0131za, emellerimize, umutlar\u0131m\u0131za yabanc\u0131 bir a\u015f\u0131 olmas\u0131ndan kaynaklan\u0131r. \u015e\u00f6yle de ifade edebilirim. Biz, milliyet\u00e7i ve sava\u015f\u00e7\u0131 T\u00fcrklerin davam\u0131z kabuklu \u00e7ekirdekli bir kays\u0131 fidan\u0131 olsak, Ahmet Do\u011fan bize a\u015f\u0131lanan bir elma ya da armut kalemidir. \u0130\u015fte bu a\u015f\u0131 tutmaz. Tutmaz! Tutmad\u0131. Olay \u015f\u00f6yledir. K\u0131z\u0131 evde kalm\u0131\u015f aileler vard\u0131r, damat olarak son f\u0131rsat<strong><em>\u00a0\u201ckim olursa olsun, gelsin!\u201d<\/em><\/strong>\u00a0diyenlerdeniz biz. Diyecek bir \u015fey. Onun politik k\u0131s\u0131rl\u0131\u011f\u0131 daha 1990 B\u00fcy\u00fck Millet Meclisi se\u00e7imlerinde g\u00fcn gibi \u015fak\u0131m\u0131\u015ft\u0131. Ama o kadar yaral\u0131yd\u0131k ki. Katlana katlana kambur olduk desem, bilmem anlatabildim mi?<\/p>\n<p><strong>23.\u00a0 Sizin kitab\u0131n\u0131zda var onlar\u0131 ni\u00e7in yazd\u0131n\u0131z k\u0131saca kitaplar\u0131n\u0131z\u0131 da anlatabilir misiniz? Bir de T\u00fcrkiye Cumhuriyetine bak\u0131\u015f\u0131n\u0131z nedir, gelecekte ne bekliyor T\u00fcrkiye\u2019yi? Balkan insanlar\u0131na faydas\u0131 olabilir mi?<\/strong><\/p>\n<p>Bulgaristan T\u00fcrklerini d\u00fcnyaya tan\u0131tma ve var oldu\u011fumuzu d\u00fcnya sahnesine nas\u0131l ta\u015f\u0131d\u0131\u011f\u0131m\u0131z\u0131 anlatt\u0131m\u00a0<strong><em>\u201c50 Y\u0131l M\u00fccadele\u201d<\/em><\/strong>\u00a0eserimde. \u0130kinci kitab\u0131m 2 bask\u0131 yapt\u0131. Bulgaristan\u2019da sava\u015f\u0131mlar\u0131m\u0131z\u0131\u00a0<strong><em>\u201cBulgaristan T\u00fcrklerinin Kimlik M\u00fccadelesi\u201d<\/em><\/strong>\u00a0\u00e7al\u0131\u015fmama konu ettim. Ayr\u0131ca\u00a0<strong><em>\u201cT\u00fcrkiye\u2019nin Ba\u015fkanl\u0131k Sistemi\u201d<\/em><\/strong>\u00a0ve\u00a0<strong><em>\u201cT\u00fcrk D\u00fcnyas\u0131 Hat\u0131ralar\u0131\u201d<\/em>\u00a0<\/strong>Bult\u00fcrk y\u0131llar\u0131m bu 4 esere de temel oldu. \u015eanl\u0131 bir tarihten gelen ve zafer sanca\u011f\u0131n\u0131 asla elde b\u0131rakmayan gururlu bir milletiz. B\u00fcy\u00fck ve onurlu ge\u00e7mi\u015fi olan k\u00fc\u00e7\u00fck bir az\u0131nl\u0131k olmam\u0131z ilham veriyor.<\/p>\n<p>T\u00fcrkiye Cumhuriyeti at\u0131l\u0131ml\u0131 b\u00fcy\u00fcyen bir devlettir b\u00f6lgesel teknolojik devi. Son y\u0131llarda ter\u00f6rle m\u00fccadelede d\u00fcnya \u00f6nc\u00fcs\u00fc, bar\u0131\u015f kalesi ve ola\u011fan\u00fcst\u00fc konuksever bir \u00fclkede ya\u015famam\u0131z hepimizi etkiledi. PKK\/PYD d\u00fc\u015fman\u0131yla silahl\u0131 m\u00fccadelede soyda\u015f gen\u00e7lerinin ba\u015far\u0131s\u0131, Gelibolu\/\u00c7anakkale\/Kafkas cephelerinden sonra ter\u00f6r odaklar\u0131na ve FET\u00d6-darbecilerine kar\u015f\u0131 m\u00fccadeleye kat\u0131lmam\u0131z hepimizi daha vatansever vatanda\u015f yapt\u0131. Milli davada bize de yer oldu\u011funa inand\u0131k. T\u00fcrkiye bizimle b\u00fcy\u00fcyor, bizimle ta\u015facak ve yeni uygarl\u0131kta Balkanlarda yeniden beraber ya\u015fayaca\u011f\u0131z. Son y\u00fczy\u0131lda 7 sava\u015f ya\u015fayan Balkanlar, Osmanl\u0131\u2019da 300 y\u0131l bar\u0131\u015f ya\u015fam\u0131\u015ft\u0131. Tarih tekerr\u00fcrden ibarettir.<\/p>\n<p>Art\u0131k \u00e7at\u0131\u015fma d\u00f6nemi bitmi\u015ftir. Art\u0131k ekonomi ve herkesin rahat ya\u015fama d\u00f6nemini getirmeliyiz. Bulgarlarda \u015funu \u00e7ok iyi bilmelidirler ki T\u00fcrklerle birlikte ya\u015famay\u0131 \u00f6\u011frenemezlerse bu devlet kalmayaca\u011f\u0131 ortadad\u0131r. Bunun i\u00e7in hepimiz birlikte ya\u015famay\u0131 \u00f6\u011frenmeliyiz. Bunun ba\u015fka yolu yok.<\/p>\n<p><strong>24.\u00a0 T\u00fcrkiye\u2019de Anadolu dernekleri ile aran\u0131z nas\u0131l? Hi\u00e7 bir birinize gelip gidiyor musunuz veya di\u011fer derneklerle diyalo\u011funuz var m\u0131?<\/strong><\/p>\n<p>Bult\u00fcrk merkez ofisi Bayrampa\u015fa\u2019da bulunuyor. \u0130stanbul 16 milyonluk ilimizde b\u00fcy\u00fck say\u0131da Balkan, K\u0131r\u0131m, Volga Kazaklar\u0131, Afganistan ve Kafkas g\u00f6\u00e7meni ya\u015f\u0131yor. Hepsinin dernekleri var ve s\u0131k\u0131 dayan\u0131\u015fma halindeyiz. K\u00fclt\u00fcr merkezimiz devaml\u0131 dolup ta\u015f\u0131yor. Derne\u011fimizin \u0130zmir, \u0130zmit, Bursa, Ankara, Tekirda\u011f, K\u0131rklareli ve Avc\u0131lar\u2019da temsilcileri var ve yerel etkinliklerin hep i\u00e7indeyiz. Di\u011fer dernekler bizi konferanslar\u0131na davet ediyor, biz de onlar\u0131 tabii. Bir Federasyonda bulu\u015fma temaslar\u0131m\u0131z var. Zorunluk belirince bu ad\u0131m\u0131 atabiliriz. Bizler bunu yapmaktay\u0131z zaten, Anadolu Federasyonu, Diarbekirliler Federasyonu T\u00fcrk D\u00fcnyas\u0131 belgesel film Federasyonlar\u0131 ile sadece g\u00f6r\u00fc\u015fmeler de\u011fil onlara brifingler ve Bulgaristan ile ilgili konferanslar da vermekteyiz.<\/p>\n<p><strong>25.\u00a0 Sizce Bulgarlar ile T\u00fcrkler aras\u0131nda d\u00fc\u015fmanl\u0131klar\u0131n \u00e7\u0131k\u0131\u015f\u0131 nedir ve halen devam ediyor mu?<\/strong><\/p>\n<p>Bulgaristan T\u00fcrkleri kin ve \u00f6fke y\u00fckl\u00fc bir topluluk de\u011fildir. Buraya g\u00f6\u00e7 ederken, tertemiz, i\u00e7imiz d\u0131\u015f\u0131m\u0131z ak pak geldik. Bulgar devletinin hicran ve zehrini, zulm\u00fcn\u00fc orada b\u0131rakt\u0131k. Ana-vatan\u0131m\u0131zda h\u00fcr ve mutluyuz. Y\u0131llarca oyaland\u0131\u011f\u0131m\u0131z\u0131n, aldat\u0131ld\u0131\u011f\u0131m\u0131z\u0131n, kand\u0131r\u0131ld\u0131\u011f\u0131m\u0131z\u0131n ve s\u00f6m\u00fcr\u00fcld\u00fc\u011f\u00fcm\u00fcz\u00fcn fark\u0131na vard\u0131k ve burada soyda\u015flar\u0131mda yeni bilin\u00e7 de olu\u015ftu. Biz Bulgar halk\u0131na d\u00fc\u015fman de\u011filiz. Bulgar soyu Orta Asya\u2019dan yol arkada\u015f\u0131m\u0131zd\u0131r. Zor d\u00f6nemlerden ge\u00e7mi\u015f, tarihinde 7 defa k\u0131r\u0131lm\u0131\u015f, as\u0131rlarca devletsiz kalm\u0131\u015ft\u0131r. Bulgar kimli\u011fi ve bilinciyle uyan\u0131\u015flar\u0131 Osmanl\u0131 ba\u011fr\u0131nda birlikte ya\u015fad\u0131\u011f\u0131m\u0131z topraklar \u00fczerinde olmas\u0131, bir Tanr\u0131 l\u00fctf\u00fcd\u00fcr. Bug\u00fcn art\u0131k Rus \u00c7ar ordular\u0131n\u0131n Bulgarlar\u0131\u00a0<em><strong>\u201ckurtarmad\u0131\u011f\u0131\u201d<\/strong><\/em>\u00a0milli \u015fuuru nihayet olu\u015ftu. Bulgarlar\u0131n hepsi 1878\u2019de ve 1944\u2019te 2 defa Rus esaretine d\u00fc\u015ft\u00fc\u011f\u00fcm\u00fcz\u00fc biliyor. Bu nedenle k\u00f6y ve kentlerdeki Rus ve Sovyet an\u0131tlar\u0131n\u0131 Bulgarlar kendileri y\u0131kmak istiyor. Biz oradayken Rus-TV yay\u0131n\u0131, Sovyet kitaplar\u0131 ve okullarda haftada 3 saat Rus\u00e7a dersi vard\u0131, hepsi kalkt\u0131. \u00d6nceleri oldu\u011fu gibi 7 Ekim\u2019de Ekim Devrimi, 3 Mart\u2019ta\u00a0<strong><em>\u201c\u015eipka\u201d<\/em><\/strong>\u00a0\u015fiir geceleri, Bulgar \u2013 Sovyet Dostluk sergileri art\u0131k d\u00fczenlenmiyor.<\/p>\n<p>Bulgarlar bize kar\u015f\u0131 k\u0131\u015fk\u0131rt\u0131lm\u0131\u015f bir millettir. 1773 K\u00fc\u00e7\u00fck Kaynarca Anla\u015fmas\u0131ndan sonra Rus \u00e7arlar\u0131 Osmanl\u0131\u2019ya kar\u015f\u0131 sava\u015flarda kullanmak \u00fczere Bulgarlar\u0131 k\u0131\u015fk\u0131rtm\u0131\u015f ve e\u011fitmi\u015ftir. 18. Y\u00fczy\u0131lda Trakya ve Dobruca\u2019dan bug\u00fcnk\u00fc Moldova ve Ukrayna bozk\u0131rlar\u0131na g\u00f6t\u00fcr\u00fclen Bulgarlar\u0131n torunlar\u0131 Nisan 1877\u2019de ellerinde silahla Tuna nehrini ge\u00e7enlerdir. Hayallerinde olan Bulgaristan\u2019\u0131 kurtarmak de\u011fil, Rusya\u2019ya g\u00f6t\u00fcr\u00fcl\u00fcnce d\u00fc\u015ft\u00fckleri toprak k\u00f6leli\u011finden kurtulmakt\u0131r. Bu bak\u0131mdan asl\u0131nda Bulgarlarla T\u00fcrkler aras\u0131nda sorun yoktur.<\/p>\n<p><strong><em>\u201cT\u00fcrklerin Bulgaristan\u2019da ya\u015fama hakk\u0131 ebedi ve kutsald\u0131r\u201d<\/em><\/strong>\u00a0diye yazan Zahari Stoyanov ve Milli Devrim Program\u0131na\u00a0<strong><em>\u201cT\u00fcrkler ve di\u011fer az\u0131nl\u0131klarla h\u00fcr, e\u015fit ve karde\u015f\u00e7e ya\u015fayaca\u011f\u0131z\u201d<\/em><\/strong>\u00a0yazan Vasil Levski Rus m\u00fcdahalesinden esaret do\u011faca\u011f\u0131n\u0131n fark\u0131ndayd\u0131lar.<\/p>\n<p>142 y\u0131ldan beri \u015fi\u015firilen, \u00e7eteci Hristo Botev\u2019in T\u00fcrkler taraf\u0131ndan \u00f6ld\u00fcr\u00fcld\u00fc\u011f\u00fc yalan\u0131na art\u0131k inanan da pek kalmad\u0131. Milli kimlik, irade ve gururun yalan \u00fczerinde bina edilemeyece\u011fi de g\u00f6r\u00fcld\u00fc. \u0130van Vazov\u2019un<em><strong>\u00a0\u201cEsaret Alt\u0131nda\u201d<\/strong><\/em>\u00a0roman\u0131n\u0131 Odesa\u2019da Rus askeri istihbarat\u0131ndan al\u0131nd\u0131\u011f\u0131 ve para kar\u015f\u0131l\u0131\u011f\u0131 yazd\u0131\u011f\u0131 anla\u015f\u0131l\u0131nca, eser hurdaya verildi. T\u00fcrk d\u00fc\u015fmanl\u0131\u011f\u0131n\u0131n boyas\u0131 b\u00f6ylece \u00e7\u0131km\u0131\u015f oldu. 21. y\u00fczy\u0131lda Bulgaristan\u2019da devletin ve orada ya\u015fayan Bulgar halk\u0131n tek umudu T\u00fcrklerdir.<\/p>\n<p>Ge\u00e7en y\u00fczy\u0131l gerek Makedonya, gerekse Dobruca cephelerinde omuz omuza sava\u015fm\u0131\u015flard\u0131r. Bulgaristan M\u00fcsl\u00fcmanlar\u0131 Vatan bildikleri topraklar i\u00e7in Birinci D\u00fcnya Sava\u015f\u0131nda toplam 20 bin \u015fehit vermi\u015ftir. Tarihin \u00e7arp\u0131k ve tek yanl\u0131 yaz\u0131lmas\u0131 ger\u00e7ekleri gizleyemez. Belki 1923\u2019te Bulgaristan Halk \u00c7ift\u00e7i Birli\u011fi (BZNS) Ba\u015fkan\u0131 ve Bulgar Ba\u015fbakan\u0131 Aleksand\u0131r Stanboliyski eli, kolu ve ba\u015f\u0131 kesilerek \u00f6ld\u00fcr\u00fclmeseydi, g\u00fcn\u00fcm\u00fcz Bulgaristan, Bulgar milleti ve az\u0131nl\u0131klarla de\u011ferlenmi\u015f bir g\u00fcl demedi olacakt\u0131. 1922\u2019de BZNS 17. Kongresine 500 T\u00fcrk delege kat\u0131ld\u0131 ve onlarla \u00f6zel g\u00f6r\u00fc\u015fen Ba\u015fbakan,\u00a0<em><strong>\u201cBulgaristan\u2019\u0131 birlikte y\u00f6netme\u201d<\/strong><\/em>\u00a0slogan\u0131 y\u00fckseltmi\u015fti. Toplumlar \u0131rmaklar gibidir akarken kirlenir ve kendi kendine durulur, iyi g\u00fcnlerin gelecekte oldu\u011funa inan\u0131yorum. Bu ayn\u0131 samimiyeti g\u00f6sterecek Bulgarlara ihtiya\u00e7 var sadece.<\/p>\n<p><strong>26.\u00a0 Bulgaristan\u2019da T\u00fcrkler, Az\u0131nl\u0131k hakk\u0131 m\u0131 istiyor?<\/strong><\/p>\n<p>Biz, Bulgaristan T\u00fcrkleri, n\u00fcfus olarak 1879\u2019dan beri vatan\u0131m\u0131zda az\u0131nl\u0131\u011f\u0131z. Bulgaristanl\u0131 M\u00fcsl\u00fcmanlar kavram\u0131n\u0131n i\u00e7ine T\u00fcrklerle birlikte, Pomaklar, Tatarlar, \u00c7erkezler ve \u00c7ingene-Millet de girer. Ne var ki, biz ne T\u00fcrkler ne de M\u00fcsl\u00fcman az\u0131nl\u0131k olarak Bulgaristan i\u00e7inde,\u00a0<strong><em>\u201cb\u00f6lgesel otonomi\u201d<\/em><\/strong>\u00a0anlam\u0131nda bir\u00a0<strong><em>\u201caz\u0131nl\u0131kta yap\u0131lanmay\u0131\u201d<\/em>\u00a0<\/strong>hayal bile etmedik. Hak ve \u00d6zg\u00fcrl\u00fckler Partisi (DPS) taraf\u0131ndan bug\u00fcn savunulan milli yap\u0131lanma, partinin bug\u00fcnk\u00fc y\u00f6netimi taraf\u0131ndan olu\u015fturulmam\u0131\u015ft\u0131r.<\/p>\n<p>1984-1989 zul\u00fcm d\u00f6neminde Bulgaristan T\u00fcrkleri 55 illegal, legal ve yar\u0131 legal direni\u015f \u00f6rg\u00fct\u00fc kurmu\u015ftu. Onlar\u0131n d\u0131\u015f\u0131nda hapishanelerde, s\u00fcrg\u00fcnde, k\u00f6y ve \u015fehirlerde ismi konmam\u0131\u015f y\u00fczlerce direni\u015f birimi vard\u0131. Bu \u00f6rg\u00fctlenmenin olu\u015fum halindeki g\u00f6vde ve iradesindeki temel fikirler, Bulgaristan T\u00fcrklerinin T\u00fcrk halk\u0131n\u0131n \u00f6z\u00fcnden bir par\u00e7a oldu\u011fu, dili T\u00fcrk, dini \u0130slam, k\u00fclt\u00fcr\u00fc, gelenekleri, halk bilgeli\u011fi, edebiyat ve sanat\u0131 T\u00fcrk olan bir halk toplulu\u011fu oldu\u011fu, T\u00fcrk kimli\u011fi ile ya\u015fad\u0131\u011f\u0131, bu kimli\u011fin asla de\u011fi\u015ftirilemeyece\u011fi bilinci yer al\u0131yor ve g\u00fc\u00e7 topluyordu. Binlerce ki\u015fi\u00a0<strong><em>\u201cben T\u00fcrk\u00fcm!\u201d<\/em><\/strong>\u00a0dedi\u011fi i\u00e7in hapislere at\u0131ld\u0131, i\u015fkence g\u00f6rd\u00fc, aileler s\u00fcrg\u00fcn edildi, \u00e7ile \u00e7ekti, a\u00e7 kald\u0131, tartakland\u0131, s\u00fcr\u00fcnd\u00fc ama teslim olmad\u0131lar.<\/p>\n<p>T\u00fcrkiye\u2019ye y\u00f6nelen 360 bin ki\u015fiden hi\u00e7 biri Bulgar topra\u011f\u0131nda a\u011flamad\u0131, dimdik y\u00fcr\u00fcd\u00fc ve \u00f6nce ana-vatan topra\u011f\u0131n\u0131 \u00f6pt\u00fc. Bu direni\u015flerde parlayan halk irademiz, hak ve \u00f6zg\u00fcrl\u00fck, demokrasi, adalet ve e\u015fitlik \u015feklinde bi\u00e7imlendi. Bu y\u00fcksek bilin\u00e7le davay\u0131 halka indiren direni\u015f \u00f6rg\u00fct\u00fcn\u00fcn ad\u0131: \u0130nsan Haklar\u0131n\u0131 Savunan Demokratik Birlik\u2019ti. (Demokratik Lig) \u0130sim de\u011fi\u015ftirmeye ve Bulgarla\u015ft\u0131rmaya kar\u015f\u0131 m\u00fccadele eden ve\u00a0<strong><em>\u201cBelene\u201d<\/em><\/strong>\u00a0\u00f6l\u00fcm kamp\u0131na d\u00fc\u015fen T\u00fcrk ayd\u0131nlar taraf\u0131ndan 1988 y\u0131l\u0131nda s\u00fcrg\u00fcnde Mustafa \u00d6mer, Sabri \u0130skender ve Ali Ormanl\u0131 taraf\u0131ndan, kurulmu\u015ftur. Bu \u00f6rg\u00fct 1 y\u0131lda 3 bin ki\u015filik \u00fcye yapan Demokratik Lig yerel \u00f6rg\u00fctlenmesini tamamlam\u0131\u015f ve 21 May\u0131s 1989\u2019da Sliven ili Yablanovo Belediye merkezinde Bulgaristan T\u00fcrklerinin \u0130lk Siyasi Partisinin Birinci Milli Kongresini \u00e7a\u011f\u0131rd\u0131. Y\u00f6neticileri tutuklan\u0131p s\u0131n\u0131r d\u0131\u015f\u0131 edilince kongre yap\u0131lamad\u0131.<\/p>\n<p>Bu etkin direni\u015f \u00f6rg\u00fctlerinden biri de\u00a0<strong><em>\u201cViyena 89\u201d<\/em><\/strong>\u00a0Dayan\u0131\u015fma \u00d6rg\u00fct\u00fcd\u00fcr. Cebel\u2019i \u00f6\u011fretmen Avni Veli taraf\u0131ndan y\u00f6netilen direni\u015f \u00f6rg\u00fct\u00fc hak ve \u00f6zg\u00fcrl\u00fckler davam\u0131z\u0131n d\u00fcnyaya duyurulmas\u0131nda ola\u011fan\u00fcst\u00fc b\u00fcy\u00fck rol oynam\u0131\u015ft\u0131r.<\/p>\n<p>Zul\u00fcm y\u0131llar\u0131nda kurulan ve \u00f6rg\u00fctlenen direni\u015f \u00f6rg\u00fctleri y\u00f6neticilerinin memleketten kovulmas\u0131ndan sonra bo\u015f kalan alanda Bulgar siyasi polisinin gizli ajan\u0131-muhbiri\u00a0<strong><em>\u201cSava\u201d<\/em><\/strong>\u00a0ve ayr\u0131ca Sovyet istihbarat\u0131 KGB\u2019ye de g\u00f6n\u00fcl vermi\u015f olan (Ahmet Do\u011fan) bo\u015f kalan sahaya\u00a0<em><strong>\u201clider\u201d<\/strong><\/em>\u00a0forsuyla \u00e7\u0131km\u0131\u015f ve 30 y\u0131ldan beri Bulgaristan T\u00fcrklerini aldatmaya devam ediyor.<\/p>\n<p>Onun yalanlar\u0131n\u0131n birincisi,<strong><em>\u00a0\u201cBulgaristan T\u00fcrkleri\u2019nin T\u00fcrk milletinden olmay\u0131p, Bulgar k\u00f6kenli oldu\u011fu\u201d;<\/em>\u00a0<\/strong>ikincisi ve T\u00fcrk kimli\u011fimiz olmad\u0131\u011f\u0131 konusundad\u0131r. Onun papagal\u00a0<em><strong>\u201cakl\u0131yla\u201d<\/strong><\/em>\u00a0geli\u015ftirilen\u00a0<strong><em>\u201cBulgar Etnik Modeli\u201d<\/em><\/strong>\u00a0diktat\u00f6r Todor Jivkov\u2019un 1972\u2019den beri geli\u015ftirdi\u011fi s\u00f6z\u00fcm ona\u00a0<strong><em>\u201csoya d\u00f6n\u00fc\u015f s\u00fcrecinin\u201d<\/em>\u00a0<\/strong>yeni ko\u015fullarda \u00e7akt\u0131rmadan devam\u0131d\u0131r.\u00a070 y\u0131ldan beri T\u00fcrk okulumuz, K\u00fclt\u00fcr evimiz, bas\u0131n yay\u0131n faaliyetimiz, radyo ve TV programlar\u0131m\u0131z yok.\u00a01984-1989 y\u0131llar\u0131 aras\u0131nda Bulgaristan T\u00fcrkleri \u00fczerinde soyk\u0131r\u0131m denemesi uyguland\u0131, 1989 y\u0131l\u0131nda 360 bin vatanda\u015f\u0131m\u0131z zorla s\u0131n\u0131r d\u0131\u015f\u0131 edilerek \u0131rk\u00e7\u0131 temizlik yap\u0131ld\u0131. Bu katillerin cezaland\u0131r\u0131lmas\u0131na engel olan var m\u0131yd\u0131 kimdi onlar; i\u015fte hain Ahmet Do\u011fan ve etraf\u0131ndaki hainler tayfas\u0131d\u0131r. Bunu art\u0131k herkes g\u00f6rmeye ba\u015flad\u0131.<\/p>\n<p>\u015eunu \u00f6nemle belirtmemiz yerinde olur. 2020 y\u0131l\u0131nda H\u00d6H partisi 1989-1990 bilincini ta\u015f\u0131yan kahramanlar taraf\u0131ndan y\u00f6netilmiyor. 1993 y\u0131l\u0131nda halk\u00e7\u0131 ve milliyet\u00e7i T\u00fcrk kadrolar\u0131n partiden temizlenmesi ba\u015flanm\u0131\u015ft\u0131r. 1996 y\u0131l\u0131nda 10 bin T\u00fcrk direni\u015f\u00e7i, \u00f6zg\u00fcrl\u00fck militan\u0131 H\u00d6H\u2019ten zorla at\u0131lm\u0131\u015ft\u0131r. Bu arada Bulgar istihbarat\u0131\u00a0<strong><em>\u201cDS\u201d<\/em><\/strong>\u00a0H\u00d6H y\u00f6netimi i\u00e7in yeni nesil kadrolar yeti\u015ftirmi\u015ftir. Onlar\u0131n aras\u0131ndan olup, hain A. Do\u011fan \u00e7izgisinden y\u00fcr\u00fcmeyen G\u00fcner Tahir, Mehmet HOCA, Osman Oktay, Kasim Dal, L\u00fctfi Mestan ve daha bir\u00e7ok belediye \u00f6rg\u00fctlerinde aktif T\u00fcrk kadro partiden at\u0131lm\u0131\u015f ve kendilerine politik alanda nefes alma hakk\u0131 dahi tan\u0131nmam\u0131\u015ft\u0131r.<\/p>\n<p>1990\u2019da ilk programda parti, T\u00fcrk\u00e7e e\u011fitim ve \u00f6\u011fretim, anadilini kullanma, T\u00fcrk gelenekleriyle ya\u015fama, din \u00f6zg\u00fcrl\u00fc\u011f\u00fc, adalet, demokratikle\u015fme u\u011fruna ba\u015fkald\u0131r\u0131rken, irademiz iki zeytin dal\u0131 ile simgelenirken, bar\u0131\u015f ve bereket istedi\u011fini herkese duyurdu. Bulgaristan\u2019a kokan g\u00fcl demetinde bir gonca hakk\u0131 bile alamad\u0131. \u00c7\u00fcnk\u00fc Do\u011fan (DC-KGB) ve \u00e7evresi her zaman ve her yerde engel oldu. Ki\u015fisel \u00e7\u0131karlar\u0131n\u0131 parti menfaatlerinin \u00fcst\u00fcne \u00e7\u0131kard\u0131lar. Para i\u00e7in birbirlerine tabanca \u00e7ektiler. Bu nedenle 35 y\u0131l \u00f6nce ba\u015flayan m\u00fccadelemiz halen devam etmektedir ve 2020 itibar\u0131yla bu M\u00fccadelenin ba\u015f\u0131nda BULT\u00dcRK bulunuyor.<\/p>\n<p><strong>27.\u00a0 Bulgaristan\u2019da gelecek y\u0131l se\u00e7imler var bu konuda kimi desteklemeyi d\u00fc\u015f\u00fcn\u00fcyorsunuz? Yine GERB\u2019i mi destekleyeceksiniz?<\/strong><\/p>\n<p>2021\u2019de Bulgaristan\u2019da Cumhurba\u015fkan\u0131 ve parlamento se\u00e7imleri var. Politik bir y\u0131l mayalan\u0131yor daha \u015fimdiden. Ger\u00e7ekler ve at\u0131l\u0131mlar siyasi kavgada parlar. Bult\u00fcrk olarak kimi destekleyece\u011fimizi se\u00e7im programlar\u0131n\u0131 g\u00f6rmeden s\u00f6ylemek zordur. Biz \u00f6nce se\u00e7im yasas\u0131n\u0131n de\u011fi\u015ftirilmesinde \u0131srarl\u0131y\u0131z. Makine ile oy vermenin se\u00e7im c\u00fcmb\u00fc\u015f\u00fc olaca\u011f\u0131 g\u00f6r\u00fc\u015f\u00fcndeyim. Bulgaristan\u2019da ya\u015fl\u0131lar\u0131n % 47\u2019si bilgisayar kullanm\u0131yor. Bulgaristan\u2019da elektronik ve mekanik k\u00fclt\u00fcr yetersiz durumdad\u0131r. Ge\u00e7en y\u0131l yap\u0131lan yerel se\u00e7imlerde be\u015f oydan biri ge\u00e7ersizdi. Bu oran artacakt\u0131r. \u015eimdiki sistemlerde gurbet\u00e7iler siyaset d\u0131\u015f\u0131 kal\u0131yor. Vatanda\u015f haklar\u0131n\u0131 kullanam\u0131yor \u2013 se\u00e7emiyor, se\u00e7ilemiyorlar, kendi temsilcilerini Sofya meclisine g\u00f6nderemiyorlar. Her se\u00e7imde H\u00d6H partisinin bir bask\u0131c\u0131 ve \u00f6zg\u00fcrl\u00fckleri k\u0131s\u0131tl\u0131 parti oldu\u011funu g\u00f6rebiliyoruz. Adaylar\u0131n Ba\u015fkan taraf\u0131ndan de\u011fil, g\u00f6rev s\u00fcresi \u00e7oktan dolmu\u015f\u00a0\u00a0<strong><em>\u201cfahri ba\u015fkan\u201d<\/em><\/strong>\u00a0taraf\u0131ndan onaylanmas\u0131, de\u011fi\u015fik anlamlar sergiliyor, demokrasi ilkesine terstir. \u00c7o\u011fulcu se\u00e7im sisteminden vaz ge\u00e7ip, en fazla oy alan meclise gider (majoriter) se\u00e7im sistemine ge\u00e7me zaman\u0131 gelmi\u015ftir. Cumhurba\u015fkanl\u0131\u011f\u0131 ve yerel se\u00e7imlerde ba\u015far\u0131l\u0131 uygulan\u0131yor. Se\u00e7menin tercihli oy kullanmas\u0131n\u0131 H\u00d6H politik y\u00f6netiminin kabul etmemesi, sertle\u015fen diktat\u00f6rl\u00fck ortam\u0131na kan\u0131tt\u0131r.<\/p>\n<p>Biz Bult\u00fcrk olarak, T\u00fcrkiye\u2019deki se\u00e7men soyda\u015flar\u0131m\u0131za aday olma ve aday g\u00f6sterme hakk\u0131 istiyoruz. 600 binden fazla se\u00e7menimiz var. 30 bin oy bir milletvekili yapsa, 20 vekilli bir meclis grubu olu\u015fturup haklar\u0131m\u0131z u\u011fruna yasal ve bar\u0131\u015f\u00e7\u0131 m\u00fccadelemize devam edebiliriz.\u00a0 En ger\u00e7ek\u00e7i oy kullanma usul\u00fc se\u00e7menin oyunu posta ile g\u00f6ndermesidir. ABD, Almanya, \u0130ngiltere, Avusturya, Polonya ve ba\u015fka \u00fclkelerde devaml\u0131 kullan\u0131l\u0131yor. Makinaya, korumaya, g\u00f6zeticiye, komisyona vb gerek kalmayacak.<\/p>\n<p>\u00d6te yandan vatanda\u015flar\u0131n\u0131n yar\u0131s\u0131 gurbet\u00e7i olan Bulgaristan\u2019da bir d\u0131\u015f \u00fclkelerdeki Bulgar Vatanda\u015flar\u0131 Bakanl\u0131\u011f\u0131 kurulmas\u0131 zaman\u0131 geldi\u011fi kan\u0131s\u0131nday\u0131m<\/p>\n<p><strong>28.\u00a0 Ayr\u0131ca 2021 y\u0131l\u0131nda Cumhurba\u015fkan\u0131 se\u00e7imi de var yine aday \u00e7\u0131karacak m\u0131s\u0131n\u0131z?<\/strong><\/p>\n<p>Bu konuda hen\u00fcz karar almad\u0131k. Bu bir y\u00f6netim karar\u0131 olacak. Hen\u00fcz erken. Belirtiyorum. Bulgaristan T\u00fcrklerinin oylar\u0131n\u0131n ona buna hediye edilmesine kesinlikle kar\u015f\u0131y\u0131m. Ahmet Do\u011fan se\u00e7imle i\u015f ba\u015f\u0131na gelmemi\u015ftir, k\u00fcrs\u00fcden at\u0131lm\u0131\u015f ve tekmelenmi\u015f biridir ve kitlemizi temsil edemez. Bu \u00f6n\u00fcm\u00fczde se\u00e7imlerde yine bir ilk yapmay\u0131 d\u00fc\u015f\u00fcn\u00fcyoruz bu se\u00e7imde Bir T\u00fcrk Cumhurba\u015fkan\u0131 yard\u0131mc\u0131s\u0131 g\u00f6receksiniz \u015fimdiden herkese m\u00fcjdemiz olsun\u2026<\/p>\n<p><strong>\u2013\u00a0 \u00a0Son olarak \u00fcyelerinize ve okuyucular\u0131m\u0131za ne demek istersiniz<\/strong><\/p>\n<p>Korona vir\u00fcs belas\u0131ndan millet olarak el ele verip, t\u00fcm istemlere titizlikle uyarak kurtulmam\u0131z kalpten temennimdir. Kalpten selam ve dileklerim ger\u00e7ek olsun.<\/p>\n<p>Art\u0131k el ele verelim. B\u00fcy\u00fck \u015fehirlerimiz doldu ta\u015ft\u0131. Vir\u00fcs bizi \u00e7ok s\u0131k\u0131\u015ft\u0131rd\u0131. \u00c7ift vatanda\u015flar art\u0131k geri topraklar\u0131m\u0131z\u0131 \u00e7al\u0131\u015fmaya d\u00f6nmeliler. G\u00f6\u00e7leri tersine \u00e7evirelim ve geriye g\u00f6\u00e7 Bulgaristan yolunu tersine a\u00e7al\u0131m. Bu bahar \u00e7i\u00e7ek kokular\u0131 oradan geliyor. Vatand\u0131r, bizi bekler. Gidip bir koklayal\u0131m\u2026 T\u00fcm okuyucular\u0131n\u0131za sa\u011fl\u0131kl\u0131 g\u00fcnler dilerim.<\/p>\n<p>Bu \u00f6nemli r\u00f6portaj imk\u00e2n\u0131n\u0131 bana veren Fatih Bey ba\u015fta olmak \u00fczere t\u00fcm 59Haber Gazetesi \u00e7al\u0131\u015fanlar\u0131na te\u015fekk\u00fcr eder ve sa\u011fl\u0131kl\u0131 g\u00fcnler dilerim\u2026<\/p>\n<p><a href=\"http:\/\/59haber.com\/haber\/bulturk_baskani_ile_bulgaristan_uzerine-17516.html\">Al\u0131nt\u0131: http:\/\/59haber.com\/haber\/bulturk_baskani_ile_bulgaristan_uzerine-17516.html<\/a><\/p>\n<\/div>\n<div class=\"post-views post-3562 entry-meta\"><img data-recalc-dims=\"1\" loading=\"lazy\" decoding=\"async\" class=\"\" src=\"https:\/\/i0.wp.com\/bulturk.org.tr\/v2\/wp-content\/uploads\/2020\/06\/fatih-tekirdag-Bulturk-596x360.jpg?resize=640%2C386&#038;ssl=1\" width=\"640\" height=\"386\" \/><\/div>\n<div id=\"bghab-3153706325\" class=\"bghab-yazi-altinda bghab-entity-placement\"><script async src=\"https:\/\/pagead2.googlesyndication.com\/pagead\/js\/adsbygoogle.js\"><\/script>\r\n<!-- bghaber-yaz\u0131-sonu -->\r\n<ins class=\"adsbygoogle\"\r\n     style=\"display:block\"\r\n     data-ad-client=\"ca-pub-6203283170189293\"\r\n     data-ad-slot=\"4222328180\"\r\n     data-ad-format=\"auto\"\r\n     data-full-width-responsive=\"true\"><\/ins>\r\n<script>\r\n     (adsbygoogle = window.adsbygoogle || []).push({});\r\n<\/script><\/div><br style=\"clear: both; display: block; float: none;\"\/>","protected":false},"excerpt":{"rendered":"<p>BULT\u00dcRK\u00a0Ba\u015fkan\u0131 Rafet Ulut\u00fcrk ile Bulgaristan \u00fczerine derinlemesine\u00a0sohbet yapt\u0131k. Siyasetten K\u00fclt\u00fcre BULT\u00dcRK\u2019\u00fcn etkisini K\u0131rcaali\u2019li Rafet Ulut\u00fcrk\u2019ten dinleyelim. 1.\u00a0 Sizleri Tan\u0131yabilir miyiz? Ben de Arda boyu k\u00f6ylerinden<\/p>\n","protected":false},"author":13,"featured_media":47410,"comment_status":"closed","ping_status":"closed","sticky":false,"template":"","format":"standard","meta":{"advanced_seo_description":"","jetpack_seo_html_title":"","jetpack_seo_noindex":false,"jetpack_seo_schema_type":"","_jetpack_newsletter_access":"","_jetpack_dont_email_post_to_subs":false,"_jetpack_newsletter_tier_id":0,"_jetpack_memberships_contains_paywalled_content":false,"_jetpack_feature_clip_id":0,"_jetpack_memberships_contains_paid_content":false,"footnotes":"","jetpack_post_was_ever_published":false},"categories":[6],"tags":[37,785],"class_list":["post-47409","post","type-post","status-publish","format-standard","has-post-thumbnail","hentry","category-yorum","tag-bulturk","tag-bulturk-dernegi"],"jetpack_sharing_enabled":true,"jetpack_likes_enabled":true,"jetpack-related-posts":[],"jetpack_shortlink":"https:\/\/wp.me\/pc2PfJ-ckF","jetpack_featured_media_url":"https:\/\/i0.wp.com\/www.bghaber.org\/bghaber\/wp-content\/uploads\/2020\/06\/fatih-tkr-bult.jpg?fit=684%2C478&ssl=1","_links":{"self":[{"href":"https:\/\/www.bghaber.org\/bghaber\/wp-json\/wp\/v2\/posts\/47409","targetHints":{"allow":["GET"]}}],"collection":[{"href":"https:\/\/www.bghaber.org\/bghaber\/wp-json\/wp\/v2\/posts"}],"about":[{"href":"https:\/\/www.bghaber.org\/bghaber\/wp-json\/wp\/v2\/types\/post"}],"author":[{"embeddable":true,"href":"https:\/\/www.bghaber.org\/bghaber\/wp-json\/wp\/v2\/users\/13"}],"replies":[{"embeddable":true,"href":"https:\/\/www.bghaber.org\/bghaber\/wp-json\/wp\/v2\/comments?post=47409"}],"version-history":[{"count":0,"href":"https:\/\/www.bghaber.org\/bghaber\/wp-json\/wp\/v2\/posts\/47409\/revisions"}],"wp:featuredmedia":[{"embeddable":true,"href":"https:\/\/www.bghaber.org\/bghaber\/wp-json\/wp\/v2\/media\/47410"}],"wp:attachment":[{"href":"https:\/\/www.bghaber.org\/bghaber\/wp-json\/wp\/v2\/media?parent=47409"}],"wp:term":[{"taxonomy":"category","embeddable":true,"href":"https:\/\/www.bghaber.org\/bghaber\/wp-json\/wp\/v2\/categories?post=47409"},{"taxonomy":"post_tag","embeddable":true,"href":"https:\/\/www.bghaber.org\/bghaber\/wp-json\/wp\/v2\/tags?post=47409"}],"curies":[{"name":"wp","href":"https:\/\/api.w.org\/{rel}","templated":true}]}}