{"id":47406,"date":"2020-06-26T11:21:26","date_gmt":"2020-06-26T08:21:26","guid":{"rendered":"https:\/\/www.bghaber.org\/bghaber\/?p=47406"},"modified":"2020-06-27T09:43:18","modified_gmt":"2020-06-27T06:43:18","slug":"rafet-uluturk-mete-handan-gunumuze-kadar-gelen-tum-onderlerimizi-onderimiz-kabul-ediyoruz","status":"publish","type":"post","link":"https:\/\/www.bghaber.org\/bghaber\/rafet-uluturk-mete-handan-gunumuze-kadar-gelen-tum-onderlerimizi-onderimiz-kabul-ediyoruz\/","title":{"rendered":"Rafet Ulut\u00fcrk: Mete Han&#8217;dan g\u00fcn\u00fcm\u00fcze kadar gelen t\u00fcm \u00f6nderlerimizi, \u00f6nderimiz kabul ediyoruz."},"content":{"rendered":"<div class=\"panel-title\">\n<p class=\"font-medium mb-0\">BULT\u00dcRK Ba\u015fkan\u0131 Rafet Ulut\u00fcrk\u201d Biz 1989\u2019da T\u00fcrkiye kap\u0131s\u0131n\u0131 a\u00e7\u0131p, anavatan topra\u011f\u0131n\u0131 \u00f6pmemize f\u0131rsat tan\u0131yan Cumhurba\u015fkan\u0131 Turgut \u00d6zalc\u0131y\u0131z. Biz ayn\u0131 zamanda B\u00fcy\u00fck T\u00fcrkiye ufkunu a\u00e7an Yeni T\u00fcrkiye\u2019nin B\u00fcy\u00fck Ba\u015fkan\u0131 Recep Tayyip Erdo\u011fan erleriyiz. Biz T\u00fcrk\u2019\u00fcz ve \u00f6nder se\u00e7meyiz\u2026 Bizler Mete Han\u2019dan ba\u015flayarak g\u00fcn\u00fcm\u00fcze kadar gelen t\u00fcm \u00f6nderlerimizi bizim \u00f6nderimiz olarak kabul ediyoruz. Onlardan herhangi birine k\u00f6t\u00fc s\u00f6z s\u00f6yleyenin kar\u015f\u0131s\u0131nday\u0131z ve onun T\u00fcrk D\u00fc\u015fman\u0131 veya yabanc\u0131lar\u0131n bir u\u015fa\u011f\u0131 oldu\u011funa eminiz.\u201d dedi.<\/p>\n<\/div>\n<p><img loading=\"lazy\" decoding=\"async\" class=\"\" src=\"https:\/\/i2.wp.com\/www.kocaelibakis.com\/images\/resize\/100\/656x400\/haberler\/2020\/05\/rafet_uluturk_bizler_mete_handan_baslayarak_gunumuze_kadar_gelen_tum_onderlerimizi_bizim_onderimiz_olarak_kabul_ediyoruz_h5471_d8bda.jpeg?resize=804%2C490\" alt=\"Rafet Ulut\u00fcrk: Mete Han\u2019dan g\u00fcn\u00fcm\u00fcze kadar gelen t\u00fcm \u00f6nderlerimizi , \u00f6nderimiz kabul ediyoruz.\" width=\"747\" height=\"455\" \/><\/p>\n<p><b>BULT\u00dcRK Derne\u011fi Genel Ba\u015fkan\u0131 <strong class=\"klink\">Rafet Ulut\u00fcrk<\/strong>\u00a0ile r\u00f6portaj<\/b><\/p>\n<p><b>R\u00f6portaj:\u00a0<strong class=\"klink\">Alptekin Cevherli<\/strong><\/b><\/p>\n<ol>\n<li><b>Kendinizi k\u0131saca tan\u0131t\u0131r m\u0131s\u0131n\u0131z?<\/b><\/li>\n<\/ol>\n<p>Ben Rafet Ulut\u00fcrk. Bulgaristan T\u00fcrkleri K\u00fclt\u00fcr ve Hizmet Derne\u011fi \u2013 BULT\u00dcRK Genel Ba\u015fkan\u0131y\u0131m. Merkez ofisimiz \u0130stanbul \u2013Bayrampa\u015fa, Y\u0131ld\u0131r\u0131m Mahallesi\u2019nde bulunuyor. Bulgaristan g\u00f6\u00e7meniyim. Son selle ailemle birlikte geldim. Do\u011fum yerim K\u0131rca Ali Belediyesi\u2019nin Arda Baraj\u0131\u2019n\u0131n hemen \u00fcst\u00fcnde bulunan K\u00f6seler K\u00f6y\u00fc\u2019d\u00fcr. Arda boyu \u015firin k\u00f6ylerimizden biridir. Ailem de \u00e7ifte vatanda\u015ft\u0131r. \u00c7ocuklar\u0131n \u0130stanbul\u2019da okudular. Bu g\u00fcn de Londra\u2019da \u00e7al\u0131\u015f\u0131yorlar.<\/p>\n<p>Ben hayat \u00fcniversitesi mezunuyum. Birinci d\u00f6nemi Bulgaristan\u2019da Hak ve \u00d6zg\u00fcrl\u00fck Hareketi (H\u00d6H) yerel yap\u0131lanmas\u0131n\u0131 \u00f6rg\u00fctlerken bitirdim. Orada kurdu\u011fum \u015firketle Filibe (Plovdiv) ilindeki Vak\u0131f M\u00fcd\u00fcr\u00fc olarak g\u00f6rev yapt\u0131m. Orada Osmanl\u0131 miras\u0131, Filibe il m\u00fcft\u00fcl\u00fc\u011f\u00fc m\u00fclk\u00fc cami, medrese, d\u00fckk\u00e2n, hamam, mezarl\u0131k, \u00e7e\u015fmelerimizi kurtarmak davas\u0131 ate\u015fini yakt\u0131m.<\/p>\n<p>Bulgaristan\u2019da M\u00fcsl\u00fcmanl\u0131k ve T\u00fcrkl\u00fck davam\u0131z\u0131n orada \u00fcniversite bitirmekle, devletin herhangi bir i\u015fine atanmakla ya da Bulgar haydut an\u0131tlar\u0131na ya da Rus\u00a0<b><i>\u201ckurtar\u0131c\u0131\u201d<\/i><\/b>\u00a0heykellerine \u00e7i\u00e7ek ve \u00e7elenk ta\u015f\u0131makla g\u00fc\u00e7 toplay\u0131p yol alamayaca\u011f\u0131n\u0131 anlay\u0131nca y\u00f6n de\u011fi\u015ftirdim. T\u00fcrkiye\u2019ye gelmemin sebebi, aile postunu sakin bir g\u00f6lgeye ve huzurlu bir ortama atmak de\u011fil, 20. as\u0131r boyunca ezilen ve ezildik\u00e7e sertle\u015fen ve bilin\u00e7lenen Bulgaristan T\u00fcrklerini kimlik ve dava sahibi bir az\u0131nl\u0131k olarak T\u00fcrkiye\u2019ye ve T\u00fcrk D\u00fcnyas\u0131na daha yak\u0131ndan tan\u0131tmakt\u0131. Sesimizi buradan daha g\u00fcr \u00e7\u0131kaca\u011f\u0131na inand\u0131m. Art\u0131k \u00e7eyrek as\u0131rdan uzun bir zaman bu davay\u0131 toplumsalla\u015ft\u0131rma ve yasalla\u015ft\u0131rma gayreti i\u00e7indeyim. \u00d6nce birka\u00e7 ki\u015fiydik, \u015fimdi 10 binden fazla \u00fcyemiz var, \u00e7\u0131kard\u0131\u011f\u0131m\u0131z\u00a0<b>\u201cBulgaristan T\u00fcrklerinin Sesi Gazeetesi\u201d<\/b>\u00a0ve internet sitesi\u00a0<a href=\"http:\/\/www.bghaber.org\/\">www.bghaber.org<\/a>\u00a0da internetten t\u00fcm d\u00fcnyaya a\u00e7\u0131lm\u0131\u015f olduk. Yorum ve k\u00fclt\u00fcr yay\u0131nlar\u0131m\u0131zla yar\u0131m milyondan fazla izleyiciye ula\u015fm\u0131\u015f durumday\u0131z. Hepsi sa\u011f olsunlar, bizi okumakla beynimize \u0131\u015f\u0131k, kalemimize g\u00fc\u00e7 veriyorlar. Bulgaristan\u2019da T\u00fcrk kimli\u011fi ve T\u00fcrkiye\u2019deki soyda\u015flar\u0131m\u0131z aras\u0131nda bizler art\u0131k damlayan bir oluk de\u011fil, akan bir \u0131rma\u011f\u0131z, \u00f6z davam\u0131z\u0131 kucaklayanlarla bir deniz olmay\u0131 hayal ediyoruz.<\/p><div id=\"bghab-69021416\" class=\"bghab-icerik-icine bghab-entity-placement\"><script async src=\"\/\/pagead2.googlesyndication.com\/pagead\/js\/adsbygoogle.js?client=ca-pub-6203283170189293\" crossorigin=\"anonymous\"><\/script><ins class=\"adsbygoogle\" style=\"display:block; text-align:center;\" data-ad-client=\"ca-pub-6203283170189293\" \ndata-ad-slot=\"7303146466\" \ndata-ad-layout=\"in-article\"\ndata-ad-format=\"fluid\" data-full-width-responsive=\"true\"><\/ins>\n<script> \n(adsbygoogle = window.adsbygoogle || []).push({}); \n<\/script>\n<\/div>\n<p>BULT\u00dcRK sadece Bayrampa\u015fa\u2019da de\u011fil, Avrupa\u2019da da tan\u0131n\u0131yor. Hatta t\u00fcm T\u00fcrk D\u00fcnyas\u0131\u2019nda ve soyda\u015flar\u0131m\u0131z aras\u0131nda biliniyor. Bulgaristan\u2019da ise bilmeyen yoktur, yay\u0131nlar\u0131m\u0131z 24 \u00fclkede, 2 dilde tak\u0131p edilmektedir\u2026<\/p>\n<p><img loading=\"lazy\" decoding=\"async\" src=\"https:\/\/i0.wp.com\/www.kocaelibakis.com\/images\/upload\/WhatsApp_Image_2020-05-23_at_18.25.06_1.jpeg?w=810\" alt=\"\" width=\"747\" height=\"526\" \/>\u00a0BULT\u00dcRK Ekibi \u2013 \u0130stanbul Birinci ordu Komutal\u0131\u011f\u0131nda<\/p>\n<ol start=\"2\">\n<li><b>Bulgaristan\u2019\u0131 k\u0131saca tan\u0131tabilir misiniz?<\/b><\/li>\n<\/ol>\n<p>Bulgaristan, Rodop Da\u011flar\u0131 g\u00f6be\u011fimin at\u0131ld\u0131\u011f\u0131, \u0131rmaklar\u0131, \u00e7e\u015fmeleri, p\u0131narlar\u0131 suyunu i\u00e7ti\u011fim, tarlalar\u0131 terimi d\u00f6kt\u00fc\u011f\u00fcm, demiryollar\u0131 raylar\u0131n\u0131 d\u00f6\u015fedi\u011fim, meydanlar\u0131 halk\u0131ma dert anlatt\u0131\u011f\u0131m yerlerdir. Mezarl\u0131klar\u0131m\u0131z atalar\u0131m\u0131z\u0131n cennetidir. Deliorman, Gerlova, Dobruca, Pirin ve Trakya halk\u0131m\u0131n G\u00f6k Kubbesi\u2019nin alt\u0131d\u0131r. Kuyular\u0131m\u0131z\u0131n suyu biz T\u00fcrklerden ba\u015fka hi\u00e7bir kimseye ayna tutmam\u0131\u015ft\u0131r.<\/p>\n<p><b>Bulgaristan benim ku\u015fa\u011f\u0131m\u0131n sevdaland\u0131\u011f\u0131 ve yuva kurdu\u011fu yerdir.<\/b>\u00a0Hayalimdeki en iyi \u00e7i\u00e7ekler Koca Balkan\u2019da, Tuna\u2019dan Deliorman-Dobruca\u2019ya, Gerlovo Rila\u2019dan-Rodoplara bizim oralar\u0131n kuytular\u0131nda, \u00e7al\u0131 alt\u0131nda ve bah\u00e7elerinde yeti\u015fir. Ben \u015fahsen, ba\u015fka bir yerde; y\u00fcklendi\u011fi meyveleri ta\u015f\u0131yamaz olunca k\u0131r\u0131l\u0131p yere d\u00fc\u015fen dal g\u00f6rmedim. Vadi dolusu a\u00e7m\u0131\u015f lavanta ve g\u00fcll\u00fckler g\u00f6rmedim. Lavanta kokusu geniz yakan, \u0131hlamurlar\u0131 g\u00f6n\u00fcl a\u00e7an, kekikleri mis kokan, akasyalar\u0131ndan bal akan ba\u015fka bir memleket g\u00f6rmedim.<\/p>\n<p>Fakat do\u011fa ile toplum aras\u0131nda \u00e7ok b\u00fcy\u00fck farklar vard\u0131r. Do\u011fa dikmekle, kazmakla, a\u015f\u0131lamakla, sulamakla serpilip a\u00e7ar. Biz insanlar toplumun nas\u0131l geli\u015fip y\u00fccelece\u011fini pe\u015finen bilemeyiz. Bir defa aile ve topluluk olabilmemiz i\u00e7in dilimizin a\u00e7\u0131lmas\u0131 gerekir. Sayg\u0131l\u0131 olup \u00f6\u011frendiklerini uygulayamayanlar, birbirine sar\u0131l\u0131p dik duramayanlar toplum olamaz, dolay\u0131s\u0131yla millet olamaz ve meyve y\u00fckl\u00fc bir devlet olamaz.<\/p><div id=\"bghab-2345212294\" class=\"bghab-icerik-icine-10-paragraf bghab-entity-placement\"><script async src=\"\/\/pagead2.googlesyndication.com\/pagead\/js\/adsbygoogle.js?client=ca-pub-6203283170189293\" crossorigin=\"anonymous\"><\/script><ins class=\"adsbygoogle\" style=\"display:block; text-align:center;\" data-ad-client=\"ca-pub-6203283170189293\" \ndata-ad-slot=\"7303146466\" \ndata-ad-layout=\"in-article\"\ndata-ad-format=\"fluid\" data-full-width-responsive=\"true\"><\/ins>\n<script> \n(adsbygoogle = window.adsbygoogle || []).push({}); \n<\/script>\n<\/div>\n<p><b>Vatan bildi\u011fimiz ve 1989\u2019da kovuldu\u011fumuz o topraklarda ne yaz\u0131k ki \u2018\u0130nsano\u011flundan\u2019 \u00f6nce gelen \u2018Do\u011fa\u2019d\u0131r.<\/b>\u00a0Baz\u0131 a\u011fa\u00e7lar dimdik uzarken, di\u011ferleri \u00e7orak kal\u0131p g\u00f6lge bekler.<\/p>\n<p><b>Bulgaristan T\u00fcrkleri\u2019nin yurdunda d\u00f6kt\u00fc\u011f\u00fc ter toplansa en b\u00fcy\u00fck baraj\u0131n \u00e7ana\u011f\u0131n\u0131 doldurur.<\/b>\u00a0Her \u015feyin bir \u00f6mr\u00fc vard\u0131r. \u0130yiliklerin ve k\u00f6t\u00fcl\u00fcklerin de! Biz k\u00f6t\u00fcl\u00fck g\u00f6rd\u00fck ama arkam\u0131zda iyilikler b\u0131rakt\u0131k. Haberlere bak\u0131yorum arkam\u0131zda kalan barajlar\u0131n kullan\u0131m s\u00fcresi dolmu\u015f, bentler patl\u0131yor, do\u011fan\u0131n adaleti hayat hakk\u0131 istiyor.<\/p>\n<p>Nadas kalan tarlalar da isyan ediyor. \u00c7ay\u0131rlar, otlak yama\u00e7lar g\u00fcler y\u00fczl\u00fc sahibini bekliyor. Demek istedi\u011fim memleketim g\u00fczel yerdir. Karde\u015flerimin Kanada\u2019dan Avustralya\u2019ya kadar da\u011f\u0131laca\u011f\u0131n\u0131 kimse beklemiyordu. Bir\u00e7oklar\u0131 kazand\u0131klar\u0131 ve biriktirdikleri paralarla d\u00f6n\u00fcp ata topra\u011f\u0131m\u0131za ev kuruyor. Umudumuz budur\u2026<\/p>\n<p><img loading=\"lazy\" decoding=\"async\" src=\"https:\/\/i0.wp.com\/www.kocaelibakis.com\/images\/upload\/WhatsApp_Image_2020-05-23_at_18.25.06_3.jpeg?w=810\" alt=\"\" width=\"747\" height=\"495\" \/>\u00a0BULT\u00dcRK Ekibi \u2013 T\u00fcrkiye Cumhuriyeti Bulgaristan Sofya B\u00fcy\u00fckel\u00e7ili\u011finde<\/p>\n<p><b>3. Sizce Bulgarlar ile T\u00fcrkler aras\u0131nda d\u00fc\u015fmanl\u0131klar\u0131n \u00e7\u0131k\u0131\u015f\u0131 nedir ve halen devam ediyor mu?<\/b><\/p><div id=\"bghab-2865486436\" class=\"bghab-icerik-icine-15-paragraf bghab-entity-placement\"><script async src=\"\/\/pagead2.googlesyndication.com\/pagead\/js\/adsbygoogle.js?client=ca-pub-6203283170189293\" crossorigin=\"anonymous\"><\/script><ins class=\"adsbygoogle\" style=\"display:block; text-align:center;\" data-ad-client=\"ca-pub-6203283170189293\" \ndata-ad-slot=\"7303146466\" \ndata-ad-layout=\"in-article\"\ndata-ad-format=\"fluid\" data-full-width-responsive=\"true\"><\/ins>\n<script> \n(adsbygoogle = window.adsbygoogle || []).push({}); \n<\/script>\n<\/div>\n<p>Bulgaristan T\u00fcrkleri kin ve \u00f6fke y\u00fckl\u00fc bir topluluk de\u011fildir. Buraya g\u00f6\u00e7 ederken, tertemiz, i\u00e7imiz d\u0131\u015f\u0131m\u0131z ak pak geldik. Bulgar devletinin hicran ve zehrini, zulm\u00fcn\u00fc orada b\u0131rakt\u0131k.\u00a0<b><i>Anavatan\u0131m\u0131zda h\u00fcr ve mutluyuz<\/i><\/b><i>.<\/i>\u00a0Y\u0131llarca oyaland\u0131\u011f\u0131m\u0131z\u0131n, aldat\u0131ld\u0131\u011f\u0131m\u0131z\u0131n, kand\u0131r\u0131ld\u0131\u011f\u0131m\u0131z\u0131n ve s\u00f6m\u00fcr\u00fcld\u00fc\u011f\u00fcm\u00fcz\u00fcn fark\u0131na vard\u0131k ve burada soyda\u015flar\u0131mda yeni bilin\u00e7 de olu\u015ftu. Biz Bulgar halk\u0131na d\u00fc\u015fman de\u011filiz. Bulgar soyu Orta Asya\u2019dan yol arkada\u015f\u0131m\u0131zd\u0131r. Zor d\u00f6nemlerden ge\u00e7mi\u015f, tarihinde 7 defa k\u0131r\u0131lm\u0131\u015f, as\u0131rlarca devletsiz kalm\u0131\u015ft\u0131r. Bulgar kimli\u011fi ve bilinciyle uyan\u0131\u015flar\u0131 Osmanl\u0131 ba\u011fr\u0131nda birlikte ya\u015fad\u0131\u011f\u0131m\u0131z topraklar \u00fczerinde olmas\u0131, bir Tanr\u0131 l\u00fctfudur. Bug\u00fcn art\u0131k Rus \u00c7ar ordular\u0131n\u0131n Bulgarlar\u0131\u00a0<b><i>\u201ckurtarmad\u0131\u011f\u0131\u201d<\/i><\/b>\u00a0milli \u015fuuru nihayet olu\u015ftu. Bulgarlar\u0131n hepsi 1878\u2019de ve 1944\u2019te 2 defa Rus esaretine d\u00fc\u015ft\u00fc\u011f\u00fcm\u00fcz\u00fc biliyor. Bu nedenle k\u00f6y ve kentlerdeki Rus ve Sovyet an\u0131tlar\u0131n\u0131 Bulgarlar kendileri y\u0131kmak istiyor. Biz oradayken Rus-TV yay\u0131n\u0131, Sovyet kitaplar\u0131 ve okullarda haftada 3 saat Rus\u00e7a dersi vard\u0131, hepsi kalkt\u0131. \u00d6nceleri oldu\u011fu gibi 7 Ekim\u2019de\u00a0<b><i>Ekim Devrimi<\/i><\/b>, 3 Mart\u2019ta\u00a0<b><i>\u201c\u015eipka\u201d<\/i><\/b>\u00a0\u015fiir geceleri, Bulgar \u2013 Sovyet Dostluk sergileri art\u0131k d\u00fczenlenmiyor.<\/p>\n<p><b>Bulgarlar bize kar\u015f\u0131 k\u0131\u015fk\u0131rt\u0131lm\u0131\u015f bir millettir.<\/b>\u00a01773 K\u00fc\u00e7\u00fck Kaynarca Anla\u015fmas\u0131ndan sonra Rus \u00e7arlar\u0131 Osmanl\u0131\u2019ya kar\u015f\u0131 sava\u015flarda kullanmak \u00fczere Bulgarlar\u0131 k\u0131\u015fk\u0131rtm\u0131\u015f ve e\u011fitmi\u015ftir. 18. Y\u00fczy\u0131lda Trakya ve Dobruca\u2019dan bug\u00fcnk\u00fc Moldova ve Ukrayna bozk\u0131rlar\u0131na g\u00f6t\u00fcr\u00fclen Bulgarlar\u0131n torunlar\u0131 Nisan 1877\u2019de ellerinde silahla Tuna nehrini ge\u00e7enlerdir. Hayallerinde olan Bulgaristan\u2019\u0131 kurtarmak de\u011fil, Rusya\u2019ya g\u00f6t\u00fcr\u00fcl\u00fcnce d\u00fc\u015ft\u00fckleri toprak k\u00f6leli\u011finden kurtulmakt\u0131r. Bu bak\u0131mdan asl\u0131nda Bulgarlarla T\u00fcrkler aras\u0131nda sorun yoktur.<\/p>\n<p><b><i>\u201cT\u00fcrklerin Bulgaristan\u2019da ya\u015fama hakk\u0131 ebedi ve kutsald\u0131r\u201d<\/i><\/b>\u00a0diye yazan Zahari Stoyanov ve Milli Devrim Program\u0131na\u00a0<b><i>\u201cT\u00fcrkler ve di\u011fer az\u0131nl\u0131klarla h\u00fcr, e\u015fit ve karde\u015f\u00e7e ya\u015fayaca\u011f\u0131z\u201d<\/i><\/b>\u00a0yazan Vasil Levski Rus m\u00fcdahalesinden esaret do\u011faca\u011f\u0131n\u0131n fark\u0131ndayd\u0131lar.<\/p>\n<p>142 y\u0131ldan beri \u015fi\u015firilen, \u00e7eteci Hristo Botev\u2019in T\u00fcrkler taraf\u0131ndan \u00f6ld\u00fcr\u00fcld\u00fc\u011f\u00fc yalan\u0131na art\u0131k inanan da pek kalmad\u0131. Milli kimlik, irade ve gururun yalan \u00fczerinde bina edilemeyece\u011fi de g\u00f6r\u00fcld\u00fc. \u0130van Vazov\u2019un\u00a0<b><i>\u201cEsaret Alt\u0131nda\u201d<\/i><\/b>\u00a0roman\u0131n\u0131 Odesa\u2019da Rus askeri istihbarat\u0131ndan al\u0131nd\u0131\u011f\u0131 ve para kar\u015f\u0131l\u0131\u011f\u0131 yazd\u0131\u011f\u0131 anla\u015f\u0131l\u0131nca, eser hurdaya verildi. T\u00fcrk d\u00fc\u015fmanl\u0131\u011f\u0131n\u0131n boyas\u0131 b\u00f6ylece \u00e7\u0131km\u0131\u015f oldu.\u00a0<b>21. y\u00fczy\u0131lda Bulgaristan\u2019da devletin ve orada ya\u015fayan Bulgar halk\u0131n tek umudu T\u00fcrklerdir.<\/b><\/p>\n<p>Ge\u00e7en y\u00fczy\u0131l gerek Makedonya, gerekse Dobruca cephelerinde omuz omuza sava\u015fm\u0131\u015flard\u0131r. Bulgaristan M\u00fcsl\u00fcmanlar\u0131 Vatan bildikleri topraklar i\u00e7in Birinci D\u00fcnya Sava\u015f\u0131nda toplam 20 bin \u015fehit vermi\u015ftir. Tarihin \u00e7arp\u0131k ve tek yanl\u0131 yaz\u0131lmas\u0131 ger\u00e7ekleri gizleyemez. Belki 1923\u2019te Bulgaristan Halk \u00c7ift\u00e7i Birli\u011fi (BZNS) Ba\u015fkan\u0131 ve Bulgar Ba\u015fbakan\u0131 Aleksand\u0131r Stanboliyski eli, kolu ve ba\u015f\u0131 kesilerek \u00f6ld\u00fcr\u00fclmeseydi, g\u00fcn\u00fcm\u00fcz Bulgaristan, Bulgar milleti ve az\u0131nl\u0131klarla de\u011ferlenmi\u015f bir g\u00fcl demedi olacakt\u0131. 1922\u2019de BZNS 17. Kongresine 500 T\u00fcrk delege kat\u0131ld\u0131 ve onlarla \u00f6zel g\u00f6r\u00fc\u015fen Ba\u015fbakan,\u00a0<b><i>\u201cBulgaristan\u2019\u0131 birlikte y\u00f6netme\u201d<\/i><\/b>\u00a0slogan\u0131 y\u00fckseltmi\u015fti. Toplumlar \u0131rmaklar gibidir akarken kirlenir ve kendi kendine durulur, iyi g\u00fcnlerin gelecekte oldu\u011funa inan\u0131yorum. Bu ayn\u0131 samimiyeti g\u00f6sterecek Bulgarlara ihtiya\u00e7 var sadece.<\/p><div id=\"bghab-3404211810\" class=\"bghab-icerik-icine-20-paragraf bghab-entity-placement\"><script async src=\"\/\/pagead2.googlesyndication.com\/pagead\/js\/adsbygoogle.js?client=ca-pub-6203283170189293\" crossorigin=\"anonymous\"><\/script><ins class=\"adsbygoogle\" style=\"display:block; text-align:center;\" data-ad-client=\"ca-pub-6203283170189293\" \ndata-ad-slot=\"7303146466\" \ndata-ad-layout=\"in-article\"\ndata-ad-format=\"fluid\" data-full-width-responsive=\"true\"><\/ins>\n<script> \n(adsbygoogle = window.adsbygoogle || []).push({}); \n<\/script>\n<\/div>\n<p><b>4.Bulgaristan\u2019da T\u00fcrkler, Az\u0131nl\u0131k hakk\u0131 m\u0131 istiyor?<\/b><\/p>\n<p>Biz, Bulgaristan T\u00fcrkleri, n\u00fcfus olarak 1879\u2019dan beri vatan\u0131m\u0131zda az\u0131nl\u0131\u011f\u0131z. Bulgaristanl\u0131 M\u00fcsl\u00fcmanlar kavram\u0131n\u0131n i\u00e7ine T\u00fcrklerle birlikte, Pomaklar, Tatarlar, \u00c7erkezler ve \u00c7ingene-Millet de girer.<\/p>\n<p>Ne var ki, biz ne T\u00fcrkler ne de M\u00fcsl\u00fcman az\u0131nl\u0131k olarak Bulgaristan i\u00e7inde,\u00a0<b><i>\u201cb\u00f6lgesel otonomi\u201d<\/i><\/b>\u00a0anlam\u0131nda bir\u00a0<b><i>\u201caz\u0131nl\u0131kta yap\u0131lanmay\u0131\u201d<\/i><\/b>\u00a0hayal bile etmedik. Hak ve \u00d6zg\u00fcrl\u00fckler Partisi (DPS) taraf\u0131ndan bug\u00fcn savunulan milli yap\u0131lanma, partinin bug\u00fcnk\u00fc y\u00f6netimi taraf\u0131ndan olu\u015fturulmam\u0131\u015ft\u0131r.<\/p>\n<p>1984-1989 zul\u00fcm d\u00f6neminde Bulgaristan T\u00fcrkleri 55 illegal, legal ve yar\u0131 legal direni\u015f \u00f6rg\u00fct\u00fc kurmu\u015ftu. Onlar\u0131n d\u0131\u015f\u0131nda hapishanelerde, s\u00fcrg\u00fcnde, k\u00f6y ve \u015fehirlerde ismi konmam\u0131\u015f y\u00fczlerce direni\u015f birimi vard\u0131. Bu \u00f6rg\u00fctlenmenin olu\u015fum halindeki g\u00f6vde ve iradesindeki temel fikirler, Bulgaristan T\u00fcrklerinin T\u00fcrk halk\u0131n\u0131n \u00f6z\u00fcnden bir par\u00e7a oldu\u011fu, dili T\u00fcrk, dini \u0130slam, k\u00fclt\u00fcr\u00fc, gelenekleri, halk bilgeli\u011fi, edebiyat ve sanat\u0131 T\u00fcrk olan bir halk toplulu\u011fu oldu\u011fu, T\u00fcrk kimli\u011fi ile ya\u015fad\u0131\u011f\u0131, bu kimli\u011fin asla de\u011fi\u015ftirilemeyece\u011fi bilinci yer al\u0131yor ve g\u00fc\u00e7 topluyordu. Binlerce ki\u015fi\u00a0<b><i>\u201cben T\u00fcrk\u00fcm!\u201d<\/i><\/b>\u00a0dedi\u011fi i\u00e7in hapislere at\u0131ld\u0131, i\u015fkence g\u00f6rd\u00fc, aileler s\u00fcrg\u00fcn edildi, \u00e7ile \u00e7ekti, a\u00e7 kald\u0131, tartakland\u0131, s\u00fcr\u00fcnd\u00fc ama teslim olmad\u0131lar.<\/p>\n<p><b>T\u00fcrkiye\u2019ye y\u00f6nelen 360 bin ki\u015fiden hi\u00e7 biri Bulgar topra\u011f\u0131nda a\u011flamad\u0131, dimdik y\u00fcr\u00fcd\u00fc ve \u00f6nce anavatan topra\u011f\u0131n\u0131 \u00f6pt\u00fc.<\/b>\u00a0Bu direni\u015flerde parlayan halk irademiz, hak ve \u00f6zg\u00fcrl\u00fck, demokrasi, adalet ve e\u015fitlik \u015feklinde bi\u00e7imlendi. Bu y\u00fcksek bilin\u00e7le davay\u0131 halka indiren direni\u015f \u00f6rg\u00fct\u00fcn\u00fcn ad\u0131: \u0130nsan Haklar\u0131n\u0131 Savunan Demokratik Birlik\u2019ti. (Demokratik Lig) \u0130sim de\u011fi\u015ftirmeye ve Bulgarla\u015ft\u0131rmaya kar\u015f\u0131 m\u00fccadele eden ve\u00a0<b><i>\u201cBelene\u201d<\/i><\/b>\u00a0\u00f6l\u00fcm kamp\u0131na d\u00fc\u015fen T\u00fcrk ayd\u0131nlar taraf\u0131ndan 1988 y\u0131l\u0131nda s\u00fcrg\u00fcnde Mustafa \u00d6mer, Sabri \u0130skender ve Ali Ormanl\u0131 taraf\u0131ndan, kurulmu\u015ftur. Bu \u00f6rg\u00fct 1 y\u0131lda 3 bin ki\u015filik \u00fcye yapan Demokratik Lig yerel \u00f6rg\u00fctlenmesini tamamlam\u0131\u015f ve 21 May\u0131s 1989\u2019da Sliven ili Yablanovo Belediye merkezinde Bulgaristan T\u00fcrklerinin \u0130lk Siyasi Partisinin Birinci Milli Kongresini \u00e7a\u011f\u0131rd\u0131. Y\u00f6neticileri tutuklan\u0131p s\u0131n\u0131r d\u0131\u015f\u0131 edilince kongre yap\u0131lamad\u0131.<\/p><div id=\"bghab-1091379357\" class=\"bghab-icerik-icine-25-paragraf bghab-entity-placement\"><script async src=\"\/\/pagead2.googlesyndication.com\/pagead\/js\/adsbygoogle.js?client=ca-pub-6203283170189293\" crossorigin=\"anonymous\"><\/script><ins class=\"adsbygoogle\" style=\"display:block; text-align:center;\" data-ad-client=\"ca-pub-6203283170189293\" \ndata-ad-slot=\"7303146466\" \ndata-ad-layout=\"in-article\"\ndata-ad-format=\"fluid\" data-full-width-responsive=\"true\"><\/ins>\n<script> \n(adsbygoogle = window.adsbygoogle || []).push({}); \n<\/script>\n<\/div>\n<p>Bu etkin direni\u015f \u00f6rg\u00fctlerinden biri de\u00a0<b><i>\u201cViyena 89\u201d<\/i><\/b>\u00a0Dayan\u0131\u015fma \u00d6rg\u00fct\u00fcd\u00fcr. Cebel\u2019i \u00f6\u011fretmen Avni Veli taraf\u0131ndan y\u00f6netilen direni\u015f \u00f6rg\u00fct\u00fc hak ve \u00f6zg\u00fcrl\u00fckler davam\u0131z\u0131n d\u00fcnyaya duyurulmas\u0131nda ola\u011fan\u00fcst\u00fc b\u00fcy\u00fck rol oynam\u0131\u015ft\u0131r.<\/p>\n<p>Zul\u00fcm y\u0131llar\u0131nda kurulan ve \u00f6rg\u00fctlenen direni\u015f \u00f6rg\u00fctleri y\u00f6neticilerinin memleketten kovulmas\u0131ndan sonra bo\u015f kalan alanda Bulgar siyasi polisinin gizli ajan\u0131-muhbiri\u00a0<b><i>\u201cSava\u201d<\/i><\/b>\u00a0ve ayr\u0131ca Sovyet istihbarat\u0131 KGB\u2019ye de g\u00f6n\u00fcl vermi\u015f olan (Ahmet Do\u011fan) bo\u015f kalan sahaya\u00a0<b><i>\u201clider\u201d<\/i><\/b>\u00a0forsuyla \u00e7\u0131km\u0131\u015f ve 30 y\u0131ldan beri Bulgaristan T\u00fcrklerini aldatmaya devam ediyor.<\/p>\n<p>Onun yalanlar\u0131n\u0131n birincisi,\u00a0<b><i>\u201cBulgaristan T\u00fcrkleri\u2019nin T\u00fcrk milletinden olmay\u0131p, Bulgar k\u00f6kenli oldu\u011fu\u201d;<\/i><\/b>\u00a0ikincisi ve T\u00fcrk kimli\u011fimiz olmad\u0131\u011f\u0131 konusundad\u0131r. Onun papagal\u00a0<b><i>\u201cakl\u0131yla\u201d<\/i><\/b>\u00a0geli\u015ftirilen\u00a0<b><i>\u201cBulgar Etnik Modeli\u201d<\/i><\/b>\u00a0diktat\u00f6r Todor Jivkov\u2019un 1972\u2019den beri geli\u015ftirdi\u011fi s\u00f6z\u00fcm ona\u00a0<b><i>\u201csoya d\u00f6n\u00fc\u015f s\u00fcrecinin\u201d<\/i><\/b>\u00a0yeni ko\u015fullarda \u00e7akt\u0131rmadan devam\u0131d\u0131r.<\/p>\n<p><img loading=\"lazy\" decoding=\"async\" class=\"\" src=\"https:\/\/i0.wp.com\/www.kocaelibakis.com\/images\/upload\/WhatsApp_Image_2020-05-23_at_18.25.06_4.jpeg?resize=788%2C348\" alt=\"\" width=\"747\" height=\"330\" \/>\u00a0BULT\u00dcRK Ekibi \u2013 Bulgaristan Parlamento Ziyaretinde<\/p>\n<p><b><i>70 y\u0131ldan beri T\u00fcrk okulumuz, K\u00fclt\u00fcr evimiz, bas\u0131n yay\u0131n faaliyetimiz, radyo ve TV programlar\u0131m\u0131z yok.<\/i><\/b><\/p><div id=\"bghab-138344079\" class=\"bghab-icerik-icine-30-paragraf bghab-entity-placement\"><script async src=\"\/\/pagead2.googlesyndication.com\/pagead\/js\/adsbygoogle.js?client=ca-pub-6203283170189293\" crossorigin=\"anonymous\"><\/script><ins class=\"adsbygoogle\" style=\"display:block; text-align:center;\" data-ad-client=\"ca-pub-6203283170189293\" \ndata-ad-slot=\"7303146466\" \ndata-ad-layout=\"in-article\"\ndata-ad-format=\"fluid\" data-full-width-responsive=\"true\"><\/ins>\n<script> \n(adsbygoogle = window.adsbygoogle || []).push({}); \n<\/script>\n<\/div>\n<p>1984-1989 y\u0131llar\u0131 aras\u0131nda Bulgaristan T\u00fcrkleri \u00fczerinde soyk\u0131r\u0131m denemesi uyguland\u0131, 1989 y\u0131l\u0131nda 360 bin vatanda\u015f\u0131m\u0131z zorla s\u0131n\u0131r d\u0131\u015f\u0131 edilerek \u0131rk\u00e7\u0131 temizlik yap\u0131ld\u0131. Bu katillerin cezaland\u0131r\u0131lmas\u0131na engel olan var m\u0131yd\u0131 kimdi onlar; i\u015fte hain Ahmet Do\u011fan ve etraf\u0131ndaki hainler tayfas\u0131d\u0131r. Bunu art\u0131k herkes g\u00f6rmeye ba\u015flad\u0131.<\/p>\n<p>\u015eunu \u00f6nemle belirtmemiz yerinde olur. 2020 y\u0131l\u0131nda H\u00d6H partisi 1989-1990 bilincini ta\u015f\u0131yan kahramanlar taraf\u0131ndan y\u00f6netilmiyor. 1993 y\u0131l\u0131nda halk\u00e7\u0131 ve milliyet\u00e7i T\u00fcrk kadrolar\u0131n partiden temizlenmesi ba\u015flanm\u0131\u015ft\u0131r. 1996 y\u0131l\u0131nda 10 bin T\u00fcrk direni\u015f\u00e7i, \u00f6zg\u00fcrl\u00fck militan\u0131 H\u00d6H\u2019ten zorla at\u0131lm\u0131\u015ft\u0131r. Bu arada Bulgar istihbarat\u0131\u00a0<b><i>\u201cDS\u201d<\/i><\/b>\u00a0H\u00d6H y\u00f6netimi i\u00e7in yeni nesil kadrolar yeti\u015ftirmi\u015ftir. Onlar\u0131n aras\u0131ndan olup, hain A. Do\u011fan \u00e7izgisinden y\u00fcr\u00fcmeyen G\u00fcner Tahir, Mehmet HOCA, Osman Oktay, Kasim Dal, L\u00fctfi Mestan ve daha bir\u00e7ok belediye \u00f6rg\u00fctlerinde aktif T\u00fcrk kadro partiden at\u0131lm\u0131\u015f ve kendilerine politik alanda nefes alma hakk\u0131 dahi tan\u0131nmam\u0131\u015ft\u0131r.<\/p>\n<p><b><i>1990\u2019da ilk programda parti, T\u00fcrk\u00e7e e\u011fitim ve \u00f6\u011fretim, anadilini kullanma, T\u00fcrk gelenekleriyle ya\u015fama, din \u00f6zg\u00fcrl\u00fc\u011f\u00fc, adalet, demokratikle\u015fme u\u011fruna ba\u015fkald\u0131r\u0131rken, irademiz iki zeytin dal\u0131 ile simgelenirken, bar\u0131\u015f ve bereket istedi\u011fini herkese duyurdu.<\/i><\/b>\u00a0Bulgaristan\u2019a kokan g\u00fcl demetinde bir gonca hakk\u0131 bile alamad\u0131. \u00c7\u00fcnk\u00fc Do\u011fan (DC-KGB) ve \u00e7evresi her zaman ve her yerde engel oldu. Ki\u015fisel \u00e7\u0131karlar\u0131n\u0131 parti menfaatlerinin \u00fcst\u00fcne \u00e7\u0131kard\u0131lar. Para i\u00e7in birbirlerine tabanca \u00e7ektiler. Bu nedenle 35 y\u0131l \u00f6nce ba\u015flayan m\u00fccadelemiz halen devam etmektedir ve 2020 itibar\u0131yla bu M\u00fccadelenin ba\u015f\u0131nda BULT\u00dcRK bulunuyor.<\/p>\n<ol start=\"5\">\n<li><b>Derne\u011fi siz mi kurdunuz ve neden sadece Bulgaristan, \u00e7\u00fcnk\u00fc \u015fimdiye kadar Bulgaristan\u2019dan gelenlerin dernekleri hep \u2018Balkan adl\u0131\u2019 olmu\u015ftur.<\/b><\/li>\n<\/ol>\n<p>BULT\u00dcRK\u2019\u00dc kurma \u00e7al\u0131\u015fmalar\u0131na 2000 y\u0131l\u0131nda ba\u015flad\u0131k ve 2003\u2019te 200 Bulgaristanl\u0131 ayd\u0131n birlikte kurduk. Kurucu Genel Ba\u015fkan\u0131m\u0131z Prof. Dr. Hayati Durmaz se\u00e7ildi. Kurucu heyetimize kat\u0131lanlar\u0131n baz\u0131lar\u0131:\u00a0Prof. Dr. Ahmet \u00c7OLAK; Prof. Dr. Emin \u00c7ARIK\u00c7I; Di\u015f Hekimi \u0130smail AL\u0130O\u011eLU; Gazeteci \u2013 Yazar Alptekin CEVHERL\u0130; Dr. Nedim B\u0130R\u0130NC\u0130; Bayrampa\u015fa Belediye Ba\u015fkan Yard\u0131mc\u0131s\u0131 M\u00fch. Recep KIRPAT; Sinan \u015eEN; Hara\u00e7\u00e7\u0131 Belediye Ba\u015fkan\u0131 Metin KARAN; Nam\u0131k \u00d6ZT\u00dcRK; \u0130smail ERDEM; Zihni KARPAT; Dr. Mustafa KAHRAMAN; Av. Umur \u00d6ZERS\u0130N; U\u00e7ak M\u00fch. \u00d6zkan EM\u0130NO\u011eLU; \u0130brahim SOYT\u00dcRK; Av. Hasan MOLLAO\u011eLU; Ey\u00fcp Musiki Vakf\u0131 Ba\u015fkan\u0131 Nihat \u0130NCEKARA ve bir\u00e7ok ba\u015fka soyda\u015f\u0131m\u0131z da \u00f6nc\u00fc ve kurucu \u00fcye s\u0131fat\u0131yla \u00e7ok de\u011ferli hizmetleri ve katk\u0131lar sunmu\u015fturlar.<\/p>\n<p>Bulgaristan\u2019a y\u00f6nelik dernek kurulmas\u0131 ihtiyac\u0131 T\u00fcrkiye\u2019de milyonlarca Bulgaristanl\u0131 g\u00f6\u00e7menin bulunmas\u0131 nedeniyle ortaya \u00e7\u0131km\u0131\u015ft\u0131r. \u00d6zellikle son 1989 g\u00f6\u00e7\u00fcyle Bulgaristan\u2019dan T\u00fcrkiye\u2019ye gelenlere daha sonra kanat a\u00e7an olmamas\u0131 bu gereksinimi do\u011furmu\u015ftur. Soyda\u015flara sahip \u00e7\u0131kan ciddi bir derne\u011fin olmamas\u0131ndan dolay\u0131 ihtiya\u00e7 duyulmu\u015ftur.<\/p><div id=\"bghab-1834552759\" class=\"bghab-icerik-icine-35-paragraf bghab-entity-placement\"><script async src=\"\/\/pagead2.googlesyndication.com\/pagead\/js\/adsbygoogle.js?client=ca-pub-6203283170189293\" crossorigin=\"anonymous\"><\/script><ins class=\"adsbygoogle\" style=\"display:block; text-align:center;\" data-ad-client=\"ca-pub-6203283170189293\" \ndata-ad-slot=\"7303146466\" \ndata-ad-layout=\"in-article\"\ndata-ad-format=\"fluid\" data-full-width-responsive=\"true\"><\/ins>\n<script> \n(adsbygoogle = window.adsbygoogle || []).push({}); \n<\/script>\n<\/div>\n<p>T\u00fcrkiye\u2019de kurulan g\u00f6\u00e7men dernekler Balkanlar\u0131n t\u00fcm\u00fcyle genel olarak ilgilendiklerinden dolay\u0131 hi\u00e7 biri Bulgaristan\u2019\u0131n ya da di\u011fer Balkan \u00fclkelerinin ger\u00e7eklerini ve de\u011fi\u015fimlerini do\u011fru d\u00fcr\u00fcst alg\u0131layamam\u0131\u015f, uzmanla\u015famam\u0131\u015f ve yeni s\u00fcre\u00e7te s\u00f6z sahibi olamam\u0131\u015ft\u0131r. Bulgaristan\u2019daki zor durumu anlatmak ve T\u00fcrklerin sesini duyurmak ilgililere duyurmak i\u00e7in gerekli sistemli \u00e7al\u0131\u015fmalar bizden \u00f6nce maalesef yap\u0131lmam\u0131\u015ft\u0131. Bulgaristan\u2019da 1989 y\u0131l\u0131nda ba\u015flat\u0131lan geni\u015f \u00e7apl\u0131 etnik temizlik uygulamalar\u0131nda, T\u00fcrkiye\u2019deki sivil toplum kurulu\u015flar\u0131n\u0131n olup bitenlere uzak olmas\u0131ndan ve inisiyatif alamamas\u0131ndan dolay\u0131 Bulgarlar hedeflerine ula\u015fm\u0131\u015ft\u0131r.<\/p>\n<p>B\u00f6ylece her zaman oldu\u011fu gibi Bulgaristan\u2019daki T\u00fcrk karde\u015flerimizin durumunu anlatan ve kamuoyu olu\u015fturan geni\u015f \u00e7apl\u0131 faaliyetler bir tarafa, ciddi k\u00fc\u00e7\u00fck \u00e7apta faaliyetlerde bulunanlar bile yoktu.<\/p>\n<p>Sadece se\u00e7im \u00f6nceleri b\u00fcy\u00fck yaygaralar koparan sivil toplum kurulu\u015flar\u0131 se\u00e7im sonras\u0131 kap\u0131lar\u0131na adeta\u00a0<b><i>\u201ckilit\u201d<\/i><\/b>\u00a0vurunca, durum her defas\u0131nda yeniden k\u0131z\u0131\u015fm\u0131\u015ft\u0131r.<\/p>\n<p><b>Bulgaristan di\u011fer Balkan \u00fclkelerinden \u00e7ok farkl\u0131d\u0131r.\u00a0<\/b>2004\u2019te NATO ve 2007\u2019de Avrupa Birli\u011fi \u00fcyesi oldu. Totalitarizm y\u0131llar\u0131ndan uzakla\u015fsa da totaliter cesedi g\u00f6memedi. Devlet, kooperatif m\u00fclkiyetini da\u011f\u0131tt\u0131, fakat \u00f6zel sekt\u00f6re dayanan hukuksal ve adil yeni bir d\u00fczen kuramad\u0131. 6 milyon olan n\u00fcfusun % 50\u2019si d\u0131\u015f \u00fclkelere ka\u00e7t\u0131, gurbet\u00e7ili\u011fi se\u00e7ti. \u0130\u015f g\u00fcc\u00fc s\u0131k\u0131nt\u0131s\u0131 ba\u015flad\u0131. Korona vir\u00fcs g\u00fcnlerinde i\u015fsiz say\u0131s\u0131 300 bin artt\u0131. \u0130\u015fsizlere g\u00fcnde 9 leva ge\u00e7im paras\u0131 veriliyor, fakat bu \u00e7ok yetersiz. Okullar kapand\u0131, e\u011fitim internet \u00fczerinden yap\u0131l\u0131yor, fakat \u00f6\u011frencilerin yar\u0131s\u0131n\u0131n bilgisayar\u0131 yok. Salg\u0131nla ba\u015far\u0131l\u0131 m\u00fccadele edilse de, tak\u0131m eksikli\u011fi y\u00fcz\u00fcnden doktorlar Vidin, Sliven, Gotse Del\u00e7ev (Nevrekop) gibi \u015fehirlerde hastaneleri kapatt\u0131. AB \u00fclkesi olan Bulgaristan\u2019a bu zor haftalarda en fazla yard\u0131m eden \u00fclke T\u00fcrkiye Cumhuriyeti oldu. Yak\u0131nda ilk hastalar\u0131n tedavi i\u00e7in u\u00e7akla \u0130stanbul\u2019a gelmesi bekleniyor. Yani Bulgaristan \u00e7ok \u00f6zel bir \u00fclke, \u00f6zelle\u015ftirilmi\u015f ve devlet elinde olan\u0131 korumu\u015f ve yeniden \u00f6rg\u00fctlenmeyi ba\u015faramam\u0131\u015f bir durum h\u00e2kim.<\/p>\n<p><img loading=\"lazy\" decoding=\"async\" src=\"https:\/\/i0.wp.com\/www.kocaelibakis.com\/images\/upload\/WhatsApp_Image_2020-05-23_at_18.25.07.jpeg?w=810\" alt=\"\" width=\"747\" height=\"560\" \/>\u00a0BULT\u00dcRK \u2013 BULGAR\u0130STAN DERNEKLER\u0130 FEDERASYONU TOPLANTISI<\/p><div id=\"bghab-3894980864\" class=\"bghab-icerik-icine-40-paragraf bghab-entity-placement\"><script async src=\"\/\/pagead2.googlesyndication.com\/pagead\/js\/adsbygoogle.js?client=ca-pub-6203283170189293\" crossorigin=\"anonymous\"><\/script><ins class=\"adsbygoogle\" style=\"display:block; text-align:center;\" data-ad-client=\"ca-pub-6203283170189293\" \ndata-ad-slot=\"7303146466\" \ndata-ad-layout=\"in-article\"\ndata-ad-format=\"fluid\" data-full-width-responsive=\"true\"><\/ins>\n<script> \n(adsbygoogle = window.adsbygoogle || []).push({}); \n<\/script>\n<\/div>\n<p><b>Bulgaristan\u2019da yerli gazetelerin birinde, \u00fclkede\u00a0<i>\u201cKorku\u201d<\/i>\u00a0havas\u0131 esti\u011fini anlat\u0131rken \u015fu f\u0131kraya yer verdi.<\/b><\/p>\n<p>Vaktiyle\u00a0<b><i>\u201cveba\u201d<\/i><\/b>\u00a0vir\u00fcs\u00fc Ba\u011fdat\u2019a can almaya gidiyormu\u015f. Yol boyunda birine rastlam\u0131\u015f ve<\/p>\n<ul>\n<li><i>Nereye gidiyorsun? Sorusuna<\/i><\/li>\n<li><i>Ba\u011fdat\u2019a can almaya demi\u015f,<\/i><\/li>\n<li><i>Ka\u00e7 can alacaks\u0131n? Sorusuna da,<\/i><\/li>\n<li><i>100 alsam bana yeter, diye cevap vermi\u015f.<\/i><\/li>\n<\/ul>\n<p><i>Bir s\u00fcre sonra \u201cveba\u201d Ba\u011fdat\u2019tan d\u00f6nerken, ayn\u0131 adam ona yine rast gelmi\u015f ve<\/i><\/p>\n<ul>\n<li><i>Ne oldu i\u015fini g\u00f6rd\u00fcn m\u00fc? Ka\u00e7 can ald\u0131n? Diye sormu\u015f.<\/i><\/li>\n<li><i>1 000 can ald\u0131m diye cevap veren \u201cveba\u201d ya,<\/i><\/li>\n<li><i>Han\u0131 100 alacakt\u0131n diye sorunca da, adam \u015fu cevab\u0131 alm\u0131\u015f.<\/i><\/li>\n<li><i>Ben 100 can ald\u0131m, \u00f6tekiler korkudan \u00f6ld\u00fcler.<\/i><\/li>\n<\/ul>\n<p><i>Bulgaristan\u2019daki yetersizlikler durumu tam da b\u00f6yle bir tablo \u00e7iziyor.<\/i><\/p>\n<ol start=\"6\">\n<li><b>BULT\u00dcRK Derne\u011finizin tarih\u00e7esi ve T\u00fcrkiye\u2019de di\u011fer derneklerle fark\u0131 nedir?<\/b><\/li>\n<\/ol>\n<p>BULT\u00dcRK derne\u011fi art\u0131k 17 ya\u015f\u0131ndad\u0131r ve gen\u00e7lik \u00e7a\u011f\u0131n\u0131 ya\u015f\u0131yor. 10 bin \u00fcyemiz var. Dernek y\u00f6netimi 15 ki\u015fiden olu\u015fuyor. Birinci \u00f6devimiz Bulgaristan T\u00fcrkleri\u2019nin soyk\u0131r\u0131m ac\u0131lar\u0131n\u0131 ve kimlik sorunlar\u0131n\u0131 T\u00fcrkiye Cumhuriyeti makamlar\u0131na ve T\u00fcrk D\u00fcnyas\u0131\u2019na ta\u015f\u0131mak oldu. Sofya\u2019dan Ohri, Pi\u015ftine, Bak\u00fc, Alma Ata, \u00c7imkent, Bi\u015fkek, Astana, Semerkant, Kazan, Gagavuz Yeri, Komrat, K\u00f6stence, Hollanda, \u0130sve\u00e7-Malm\u00f6, Girne, Magosa, Lefko\u015fa ve daha bir\u00e7ok yerlerde d\u00fczenlenen konferans, panel ve ba\u015fka forum ve g\u00f6r\u00fc\u015fmelerde ayr\u0131nt\u0131l\u0131 konu\u015fmalarla dile getirdim.<\/p><div id=\"bghab-3949147443\" class=\"bghab-icerik-icine-45-paragraf bghab-entity-placement\"><script async src=\"\/\/pagead2.googlesyndication.com\/pagead\/js\/adsbygoogle.js?client=ca-pub-6203283170189293\" crossorigin=\"anonymous\"><\/script><ins class=\"adsbygoogle\" style=\"display:block; text-align:center;\" data-ad-client=\"ca-pub-6203283170189293\" \ndata-ad-slot=\"7303146466\" \ndata-ad-layout=\"in-article\"\ndata-ad-format=\"fluid\" data-full-width-responsive=\"true\"><\/ins>\n<script> \n(adsbygoogle = window.adsbygoogle || []).push({}); \n<\/script>\n<\/div>\n<p>Soyk\u0131r\u0131m denemesi \u0130stanbul\u2019da d\u00fczenledi\u011fimiz bilimsel konferanslarda tart\u0131\u015f\u0131ld\u0131. \u0130stanbul\u2019a Sofya\u2019dan gelen Prof. Dr. Mihail \u0130vanov, eski Cumhurba\u015fkan\u0131 Jel\u00f6 Jelev\u2019in Etnik Sorunlar Dan\u0131\u015fman\u0131 ve halen Yeni Bulgar \u00dcniversitesi \u00f6\u011fretim \u00fcyesi, Bulgar Ar\u015fivleri Ba\u015fkan\u0131 Arnavudov ve tarih Profes\u00f6r\u00fc Stoyan Dinkov vb kat\u0131ld\u0131lar. Bulgar bilim adamlar\u0131 1984-1989 y\u0131llar\u0131 aras\u0131nda Bulgaristan T\u00fcrklerine\u00a0<b><i>\u201csoyk\u0131r\u0131m denemesi\u201d<\/i><\/b>\u00a0yap\u0131ld\u0131\u011f\u0131n\u0131 ve 1989\u2019da 360 bin vatanda\u015f\u0131n memleketten kovulmas\u0131na da\u00a0<b><i>\u201cetnik temizlik\u201d<\/i><\/b>\u00a0olarak nitelendirdiler.<\/p>\n<p>BULT\u00dcRK kuruldu\u011fundan beri mill\u00ee bir uluslararas\u0131 dayan\u0131\u015fma y\u00fcr\u00fct\u00fcyor. Afganistanl\u0131, K\u0131br\u0131s T\u00fcrk Cumhuriyeti, Do\u011fu T\u00fcrkistanl\u0131, Azerbaycan ve ba\u015fka \u00fclkelerdeki karde\u015flerimizin insan haklar\u0131 ve adalet davalar\u0131yla her zaman yak\u0131n dayan\u0131\u015fma i\u00e7inde olup, de\u011fi\u015fik konularda anma geceleri, kahramanlarla g\u00f6r\u00fc\u015fmeler, resim sergileri vb d\u00fczenlemi\u015ftir. T\u00fcrkiye\u2019deki di\u011fer derneklerden fark\u0131m\u0131z, can al\u0131c\u0131 konularda ola\u011fan\u00fcst\u00fc aktif olmam\u0131z, uluslararas\u0131 etkinliklere kat\u0131larak hakl\u0131 davam\u0131z\u0131 ya\u015fatma yol ve olanaklar\u0131 bulmam\u0131zda gizlidir.<\/p>\n<p><img loading=\"lazy\" decoding=\"async\" class=\"\" src=\"https:\/\/i0.wp.com\/www.kocaelibakis.com\/images\/upload\/WhatsApp_Image_2020-05-23_at_18.25.06.jpeg?resize=810%2C568\" alt=\"\" width=\"747\" height=\"525\" \/><\/p>\n<ol start=\"7\">\n<li><b>BULT\u00dcRK Derne\u011finin \u00f6ncelikleri nelerdir?<\/b><\/li>\n<\/ol>\n<p>Derne\u011fimizin birinci \u00f6nceli\u011fi soyda\u015flar\u0131m\u0131z\u0131n her sorununa derman olmak ve Bulgaristan T\u00fcrkleri\u2019nin madalyonun arka taraf\u0131n\u0131 g\u00f6rebilmelerine yard\u0131m etmektir. Soyda\u015flar\u0131m\u0131z\u0131n e\u011fitim, sa\u011fl\u0131k, i\u015f bulma, devlet ve belediye hizmetlerinden yararlanmas\u0131na hep el uzatt\u0131k. \u0130stidatl\u0131 \u00e7ocuklar i\u00e7in piyano, saz, keman kurslar\u0131 \u00f6rg\u00fctledik. Bulgarca kurslar\u0131 a\u00e7t\u0131k. Korona vir\u00fcs salg\u0131n\u0131yla m\u00fccadelede ya\u015fl\u0131lar\u0131n yan\u0131nda olurken sabun, dezenfektan, ekmek vb da\u011f\u0131t\u0131m\u0131na g\u00f6n\u00fcll\u00fc gen\u00e7 guruplar\u0131m\u0131zla kat\u0131ld\u0131k. Halk\u0131n her zaman yan\u0131nda olmak, hele \u015fu zor g\u00fcnlerde, hele Ramazan ay\u0131nda ba\u015fta gelen \u00f6zelli\u011fimizde d\u00fc\u011f\u00fcmlendi.<\/p>\n<p>Siyasi olarak da her zaman soyda\u015flar\u0131m\u0131z\u0131n yan\u0131nda olurken yerel, genel ve halk oylamas\u0131 gibi kitle kat\u0131l\u0131ml\u0131 giri\u015fimlerde her zaman kap\u0131 kap\u0131 dola\u015f\u0131p insan\u0131m\u0131za indik, \u00fcyelerimizi seferber ettik.<\/p>\n<p>15 Temmuz 2016\u2019da T\u00fcrkiye Cumhuriyeti\u2019nde, \u0130stanbul Birlik Mitinginde\u00a0<b>\u201cYenikap\u0131\u201d<\/b>\u00a0da, Bayrampa\u015fa, Gaziosmanpa\u015fa\u2019da meydan ve sokaklar\u0131nda, Taksim Meydan\u0131nda BULT\u00dcRK bayra\u011f\u0131 alt\u0131nda bulu\u015fan \u00fcyelerimiz Yeni T\u00fcrkiye Ruhu olu\u015fumunda aktif oldular, Vatan ve Bayrak n\u00f6betlerindeydiler.<\/p><div id=\"bghab-803425370\" class=\"bghab-icerik-icine-50-paragraf bghab-entity-placement\"><script async src=\"\/\/pagead2.googlesyndication.com\/pagead\/js\/adsbygoogle.js?client=ca-pub-6203283170189293\" crossorigin=\"anonymous\"><\/script><ins class=\"adsbygoogle\" style=\"display:block; text-align:center;\" data-ad-client=\"ca-pub-6203283170189293\" \ndata-ad-slot=\"7303146466\" \ndata-ad-layout=\"in-article\"\ndata-ad-format=\"fluid\" data-full-width-responsive=\"true\"><\/ins>\n<script> \n(adsbygoogle = window.adsbygoogle || []).push({}); \n<\/script>\n<\/div>\n<p>Bulgaristan\u2019da bir anket yapt\u0131k ve insanlar\u0131m\u0131z\u0131n isteklerini ortaya \u00e7\u0131kartm\u0131\u015f olduk. T\u00fcm gazetelerde boy boy anket sonu\u00e7lar\u0131 tart\u0131\u015f\u0131ld\u0131.<\/p>\n<p>Ayr\u0131ca Bulgaristan\u2019da ilk defa T\u00fcrkiye\u2019de bulunan bir dernek olarak Cumhurba\u015fkan\u0131 aday\u0131 \u00e7\u0131kard\u0131k ve 50 bin oy alarak 21 kat\u0131l\u0131mc\u0131dan 9. S\u0131rada se\u00e7imleri bitirdik. B\u00f6ylece Bulgaristan tarihine ge\u00e7tik.<\/p>\n<ol start=\"8\">\n<li><b>T\u00fcrkiye\u2019de bulunan Bulgaristan T\u00fcrkleri ile ilgili neler yapt\u0131n\u0131z ve neler yapmay\u0131 planl\u0131yorsunuz.<\/b><\/li>\n<\/ol>\n<p>\u00d6z\u00fcnde Bulgaristanl\u0131 T\u00fcrkleri ayd\u0131nlatmak, haklar\u0131 ve \u00f6zg\u00fcrl\u00fckleri u\u011frunda \u00f6rg\u00fctlemek, davam\u0131z\u0131 daha yayg\u0131n bir \u015fekilde sosyalle\u015ftirmek hedefli \u00e7al\u0131\u015fmalar\u0131m\u0131zda son y\u0131llarda Bulgaristan\u2019da yap\u0131lan se\u00e7imlerle ilgili kolayl\u0131klar kap\u0131s\u0131 a\u00e7mak u\u011fruna \u00e7al\u0131\u015fmalar y\u00fcr\u00fctt\u00fck. Bulgaristan Stratejik Ara\u015ft\u0131rma Merkezimizin \u00f6nerisiyle, sand\u0131k say\u0131s\u0131, s\u0131n\u0131rlardaki kilitlenme sorunlar\u0131 ve iki \u00fclkede se\u00e7ime kat\u0131lma gibi problemleri a\u015fmak i\u00e7in soyda\u015flar\u0131m\u0131z\u0131n ve hatta d\u0131\u015f \u00fclkelerdeki Bulgaristan vatanda\u015flar\u0131n\u0131n hepsinin se\u00e7imlere posta ile kat\u0131lmalar\u0131n\u0131 \u00f6nerdik. Bu konuda g\u00f6r\u00fc\u015fmelerimiz oldu, dilek\u00e7emiz Sofya Meclisine ula\u015ft\u0131. Sadece T\u00fcrkiye\u2019de bir milyonu a\u015fan se\u00e7men soyda\u015f\u0131m\u0131z var. Se\u00e7me ve se\u00e7ilme hakk\u0131m\u0131z kutsal\u0131m\u0131zd\u0131r. Biz hepimiz insan haklar\u0131, demokrasi ve \u00e7ok k\u00fclt\u00fcrl\u00fc bir toplum sava\u015f\u00e7\u0131lar\u0131y\u0131z, se\u00e7menin lehinde olan her \u00f6neriyi destekliyoruz.<\/p>\n<p><b><i>Dikkatinizi \u00e7ekerim Bulgaristan gibi bir \u00fclkede \u015fimdiki se\u00e7im sisteminde 2019 yerel se\u00e7imlerinde 656 bin ge\u00e7ersiz oy \u00e7\u0131kt\u0131. Zaten ka\u00e7 ki\u015fi oy kullanm\u0131\u015ft\u0131?\u00a0<\/i><\/b>Sistem toplumun seviyesinden \u00e7ok uzak, bir \u015feyler yapmak gerek. Bu gibi konularda Cumhurba\u015fkan\u0131 Rosen Plevneliev, Meclis Ba\u015fkan\u0131 Karayan\u00e7eva gibi y\u00f6neticilerle g\u00f6r\u00fc\u015fmelerimiz oldu. Se\u00e7me ve se\u00e7ilme hakk\u0131 olan her soyda\u015f\u0131m\u0131z\u0131n oy kullanabilmesi davas\u0131nda birlikteyiz.<\/p>\n<p>Korona vir\u00fcs \u015fartlar\u0131nda Ankara, Kocaeli, D\u00fczce, Bursa ve \u0130zmir temsilcilerimizle video konferans g\u00f6r\u00fc\u015fmelerimize devam ediyoruz. Salg\u0131nla ilgili yasaklardan \u00f6nce \u0130stanbul\/Avc\u0131lar\u2019da Bulgaristanl\u0131 \u015fair ve yazarlarla Cumartesi g\u00f6r\u00fc\u015fmelerimiz \u00e7ok yararl\u0131 oluyordu.<\/p><div id=\"bghab-352982\" class=\"bghab-icerik-icine-55-paragraf bghab-entity-placement\"><script async src=\"\/\/pagead2.googlesyndication.com\/pagead\/js\/adsbygoogle.js?client=ca-pub-6203283170189293\" crossorigin=\"anonymous\"><\/script><ins class=\"adsbygoogle\" style=\"display:block; text-align:center;\" data-ad-client=\"ca-pub-6203283170189293\" \ndata-ad-slot=\"7303146466\" \ndata-ad-layout=\"in-article\"\ndata-ad-format=\"fluid\" data-full-width-responsive=\"true\"><\/ins>\n<script> \n(adsbygoogle = window.adsbygoogle || []).push({}); \n<\/script>\n<\/div>\n<ol start=\"9\">\n<li><b>T\u00fcrkiye\u2019de bulunanlar\u0131n problemleri nelerdir.<\/b><\/li>\n<\/ol>\n<p>Biz hepimiz 21. asr\u0131n ilk b\u00fcy\u00fck bunal\u0131m\u0131n\u0131 birlikte atlatmaya \u00e7al\u0131\u015f\u0131yoruz. Soyda\u015f ailelerimizin hemen hemen hepsi par\u00e7alanm\u0131\u015ft\u0131r. Yar\u0131m\u0131z Bulgaristan\u2019day\u0131z. Halen s\u0131n\u0131r kapal\u0131. Endi\u015feliyiz. Yapacak bir \u015fey yok. Tedbirlere uyarak kendi sa\u011fl\u0131\u011f\u0131m\u0131z\u0131 korumaya \u00e7al\u0131\u015f\u0131yoruz. Soyda\u015f dayan\u0131\u015fmas\u0131 her g\u00fcn bir az daha peki\u015fiyor. Acil ileti\u015fim internet ve telefon \u00fczerinden yap\u0131l\u0131yor. S\u0131n\u0131r a\u00e7\u0131l\u0131nca hele Bayramda yak\u0131n ziyaretleri ba\u015flayacak. Her zaman oldu\u011fu gibi \u015fimdi de kurallara uyarak her soyda\u015f\u0131m\u0131z\u0131n yan\u0131nda olmaya \u00e7al\u0131\u015faca\u011f\u0131z. Bir\u00e7ok plan ve program\u0131m\u0131z ikinci planda kald\u0131 maalesef.<\/p>\n<ol start=\"10\">\n<li><b>Bulgaristan\u2019da ve Avrupa\u2019da bulunan Bulgaristan T\u00fcrkleri problemleri neler ve bunlarla ile ilgili neler yap\u0131yorsunuz.<\/b><\/li>\n<\/ol>\n<p>\u0130spanya\/ Madrit, \u0130sve\u00e7 \/Malm\u00f6 ve Almanya\/Frankfurt\u2019ta temsilciliklerimiz var. Son 2 ayda ofislerimiz kapal\u0131yd\u0131. Bu hafta b\u00fct\u00fcn T\u00fcrkiye ve AB \u00fclkeleri temsilcilerimizle ilk defa uluslararas\u0131 video ileti\u015fim sa\u011flad\u0131k ve g\u00fcncel sorunlar\u0131 g\u00f6r\u00fc\u015ft\u00fck, tart\u0131\u015ft\u0131k, \u00f6neriler ald\u0131k. Bu bahar sezon i\u015f\u00e7ileri i\u00e7in AB kap\u0131lar\u0131n\u0131n kapal\u0131 olmas\u0131 sorunlar yaratt\u0131. Bulgaristanl\u0131 i\u015f\u00e7ilerden sigorta ve i\u015f s\u00f6zle\u015fmeleri isteniyor. Bulgaristan hen\u00fcz korona vir\u00fcs vakalar\u0131na sa\u011fl\u0131kl\u0131 testi vermiyor. Evlerine kapanm\u0131\u015f, daha iyi g\u00fcnler bekleyen soyda\u015flar\u0131m\u0131z var. \u0130ngiltere\u2019de de bir ofis a\u00e7may\u0131 d\u00fc\u015f\u00fcn\u00fcyoruz. Bu s\u0131k\u0131nt\u0131l\u0131 g\u00fcnlerin yak\u0131nda a\u015f\u0131lmas\u0131 temennimizdir. Avrupa \u00fclkelerinde yabanc\u0131 i\u015f\u00e7ilerin i\u015f bulmas\u0131 sorun olursa ve gurbet\u00e7ilerimiz Bulgaristan\u2019a d\u00f6nerse ciddi sorunlar ya\u015fan\u0131r g\u00f6r\u00fc\u015f\u00fcndeyim. Onlar AB \u00fclkelerinin en yoksulu olan Bulgaristan\u2019daki yak\u0131nlar\u0131na y\u0131lda 1 milyar 250 milyon Avro g\u00f6nderiyorlard\u0131. Bu yard\u0131m kanal\u0131 kapan\u0131rsa; d\u00fc\u015f\u00fcnmek bile istemiyorum\u2026<\/p>\n<ol start=\"11\">\n<li><b>Balkan T\u00fcrkleri aras\u0131nda T\u00fcrk D\u00fcnyas\u0131na sizin gibi faal olarak a\u00e7\u0131lan derne\u011finizden ba\u015fka bir dernek yok. Neden di\u011fer dernekler T\u00fcrk D\u00fcnyas\u0131nda etkin de\u011filler?<\/b><\/li>\n<\/ol>\n<p>Biz Bulgaristan T\u00fcrkleri\u2019nin kimli\u011fi, tarihi, gelenekleri, t\u00f6releri, k\u00fclt\u00fcrleri, edebiyat ve sanat\u0131 sorunlar\u0131n\u0131 T\u00fcrk D\u00fcnyas\u0131na ta\u015f\u0131maya \u00e7ok \u00f6nem verdik. Bize\u00a0<b><i>\u201catalar\u0131 Osmanl\u0131 zaman\u0131nda \u0130slamla\u015ft\u0131r\u0131lm\u0131\u015f ve T\u00fcrkle\u015ftirilmi\u015f Bulgarlar\u201d<\/i><\/b>\u00a0dediler. Rodoplar\u2019da ta\u015flar\u0131n hepsi yerinden oynat\u0131ld\u0131 ve alt\u0131nda Bulgar izi arand\u0131. Biz G\u00fcney Do\u011fu Rodoplar\u2019\u0131n T\u00fcrkleri, Bulgar \u00c7arl\u0131\u011f\u0131na 1919\u2019da d\u00e2hil edildik. N\u00fcfusunun % 90\u2019\u0131 T\u00fcrk olan 8 belediye, Bug\u00fcnk\u00fc K\u0131rca Ali, Smolyan (Pa\u015fmakl\u0131) ve Haskovo illerinde bulunur. Daha ilk zamanda yerli M\u00fcsl\u00fcman halk\u0131n isimlerini de\u011fi\u015ftirerek H\u0131ristiyanla\u015ft\u0131r\u0131lmas\u0131 maksad\u0131yla sald\u0131r\u0131lar d\u00fczenlenmi\u015fti.<\/p>\n<p>Burada bir \u00f6rnek vermek isterim:\u00a0<b><i>\u201cTrigrad\u201d<\/i><\/b>\u00a0k\u00f6y\u00fcndeki 120 hac\u0131dan 70\u2019i medreseye kapanm\u0131\u015ft\u0131. Bunlar din de\u011fi\u015ftirmeyi kabul etmeyince k\u00f6yl\u00fclerin g\u00f6z\u00fc \u00f6n\u00fcnde yak\u0131lm\u0131\u015ft\u0131r. Bu ac\u0131 ger\u00e7ekler bizim T\u00fcrk kimli\u011fi m\u00fccadelemizden izlerdir. Biz ezildik\u00e7e peki\u015fen bir milletiz. May\u0131s 1989 tarihinde Bulgar tarihinin en b\u00fcy\u00fck ayaklanmas\u0131n\u0131 ger\u00e7ekle\u015ftirdik ve diktat\u00f6r, zalim Todor Jivkov\u2019u deviren de bizlerdik. Bu kahramanl\u0131klar\u0131m\u0131z\u0131 T\u00fcrk D\u00fcnyas\u0131na anlatma \u015ferefi bana, BULT\u00dcRK\u2019e d\u00fc\u015ft\u00fc. Ne mutlu bize ki, kap\u0131m\u0131z herkese a\u00e7\u0131kt\u0131r, bizler Mevlana torunlar\u0131y\u0131z ne olursan ol yine gel diyenlerdeniz. T\u00fcrk D\u00fcnyas\u0131 forumlar\u0131na isteyen kat\u0131labilir, yay\u0131n organlar\u0131m\u0131zda isteyen yazabilir. Dirilen Bulgaristan T\u00fcrkl\u00fc\u011f\u00fcn\u00fc \u00f6yk\u00fclemek \u015ferefli bir i\u015ftir. Bizler bu d\u00fcnyada sadece ya\u015fay\u0131p ge\u00e7mek istemiyoruz bizler arkam\u0131zdan gelecek yeni nesillere elle tutulur bir \u015feyler b\u0131rakmak isteriz.<\/p>\n<ol start=\"12\">\n<li><b>Bulgaristan T\u00fcrklerini temsil eden bir sivil toplum y\u00f6neticisi olarak T\u00fcrk D\u00fcnyas\u0131\u2019na vermek istedi\u011finiz mesajlar nelerdir?<\/b><\/li>\n<\/ol>\n<p>Biz T\u00fcrk D\u00fcnyas\u0131n\u0131n onurlu bir par\u00e7as\u0131y\u0131z. \u201cBizi aralar\u0131na kabul edip, \u00f6z\u00fcm\u00fczden bir par\u00e7as\u0131n\u0131z\u201d diyenlere yeniden te\u015fekk\u00fcr ediyorum. T\u00fcrkistan\u2019da\u00a0<b><i>\u201cAhmet Yesevi\u201d<\/i><\/b>\u00a0Akademisinde Bulgaristan T\u00fcrklerini anlatma \u015ferefinin bana verilmesi, kimli\u011fimi onurland\u0131rd\u0131. Bulgaristan T\u00fcrkleri i\u00e7in b\u00fcy\u00fck \u00fcstad\u0131n t\u00fcrbesinde dua ettim, 400 senedir yanan oca\u011f\u0131nda pi\u015fmi\u015f pilav\u0131ndan tatt\u0131m, bah\u00e7esindeki g\u00fcllere su verdim. Haz\u0131r bulunanlara, onun yeti\u015ftirdi\u011fi m\u00fcritlerin \u00f6nderi olan Sar\u0131 Saltuk\u2019un Balkanlardaki 16 t\u00fcrbesini anlatt\u0131m. Bizimle gurur duymalar\u0131, bir as\u0131r s\u00fcren zorbal\u0131\u011fa dayanmam\u0131z ve T\u00fcrkl\u00fc\u011f\u00fc ya\u015fatmam\u0131z; haz\u0131r bulunanlardan hepsinin g\u00f6zlerini ya\u015fartt\u0131.<\/p><div id=\"bghab-2205142994\" class=\"bghab-icerik-icine-60-paragraf bghab-entity-placement\"><script async src=\"\/\/pagead2.googlesyndication.com\/pagead\/js\/adsbygoogle.js?client=ca-pub-6203283170189293\" crossorigin=\"anonymous\"><\/script><ins class=\"adsbygoogle\" style=\"display:block; text-align:center;\" data-ad-client=\"ca-pub-6203283170189293\" \ndata-ad-slot=\"7303146466\" \ndata-ad-layout=\"in-article\"\ndata-ad-format=\"fluid\" data-full-width-responsive=\"true\"><\/ins>\n<script> \n(adsbygoogle = window.adsbygoogle || []).push({}); \n<\/script>\n<\/div>\n<p>Bir sivil toplum \u00f6rg\u00fct\u00fc olarak, karde\u015f sivil toplum \u00f6rg\u00fctleriyle s\u0131k\u0131 i\u015fbirli\u011fimizi peki\u015ftirmek niyetindeyiz. D\u00fcnya art\u0131k sivil toplumlarla y\u00f6netilmektedir. Bunu bizden sonra gelenlere iyi \u00f6\u011fretmemiz i\u00e7in yaz\u0131l\u0131 bas\u0131n \u00e7ok \u00f6nemlidir. Bizlerde yapt\u0131\u011f\u0131m\u0131z her \u015feyi yaz\u0131yoruz. BGSAM Bulgaristan Stratejik Ara\u015ft\u0131rma Merkezimizin kitaplar\u0131 63\u2019e ula\u015ft\u0131 ve durmadan devam etmekteyiz. Gazetemizin de 155\u2019ci say\u0131s\u0131n\u0131 \u00e7\u0131kartt\u0131k. Ayr\u0131ca Bulgaristan\u2019da da sivil toplum \u00f6rg\u00fctlenmesine \u00f6nem veriyoruz. Kolektif haklar\u0131m\u0131z\u0131 elde etmemizin yolu tabanda \u00f6rg\u00fctlenmektir\u2026<\/p>\n<ol start=\"13\">\n<li><b>BULT\u00dcRK Derne\u011fi korona sonras\u0131 ne gibi \u00e7al\u0131\u015fmalar yapmay\u0131 d\u00fc\u015f\u00fcn\u00fcyorsunuz.<\/b><\/li>\n<\/ol>\n<p>\u00d6nce y\u00f6netim kurulu toplant\u0131lar\u0131m\u0131zdan sonra bir \u00e7al\u0131\u015fma program\u0131 yap\u0131p Bulgaristan\u2019a \u00e7\u0131kmak, Bult\u00fcrk yay\u0131nlar\u0131 ve \u00f6zellikle\u00a0<b><i>\u201cBulgaristan T\u00fcrklerinin Sesi\u201d<\/i><\/b>\u00a0gazetesi muhabirleri ve kadrolar\u0131yla g\u00f6r\u00fc\u015fmek ve 2021\u2019de orada yap\u0131lacak birka\u00e7 se\u00e7im var, bu konularda yeni ortamda bilgilenmek istiyoruz. Demokrasinin s\u0131rr\u0131 sand\u0131kta gizlidir. Yeni form\u00fcller geli\u015ftirmek zorunday\u0131z. Kendilerinin a\u00e7\u0131klamalar\u0131na g\u00f6re se\u00e7menin % 42\u2019si Bulgarca bilmiyorsa anla\u015f\u0131lmas\u0131 zor \u00e7ar\u015faf \u00e7ar\u015faf se\u00e7im b\u00fcltenleri haz\u0131rlamaya gerek yok.<\/p>\n<p>Orada, \u00f6\u011frencilerin T\u00fcrk\u00e7e derslerinde sorun ya\u015fad\u0131klar\u0131n\u0131 biliyoruz. Kitap sorunu ge\u00e7en sene \u00e7\u00f6z\u00fcld\u00fc. Bilgisayarlar\u0131 yok \u00e7ocuklar\u0131n. T\u00fcrkiye Cumhuriyeti\u2019mizin Mill\u00ee E\u011fitim Bakanl\u0131\u011f\u0131\u2019n\u0131n EBA T\u00fcrk\u00e7e derslerine kat\u0131lmalar\u0131, yaz kamplar\u0131 ve benzer konular\u0131n \u015fu ortamda yeni bir de\u011ferlendirmesini yapmak istiyoruz\u2026<\/p>\n<p>\u0130n\u015fallah salg\u0131n ge\u00e7er de, g\u00f6n\u00fcl ba\u011flar\u0131m\u0131z yeniden g\u00fc\u00e7lenir\u2026<\/p>\n<ol start=\"14\">\n<li><b>Bulgaristan\u2019da bu korona sonras\u0131 insanlara ne gibi \u00f6nerileriniz var.<\/b><\/li>\n<\/ol>\n<p>Hayat yeniden \u00f6rg\u00fctlenirken kap\u0131ya pahal\u0131l\u0131k bek\u00e7i dikilmi\u015f. Hen\u00fcz T\u00fcrk b\u00f6lgelerinde ya\u015fl\u0131lar\u0131n maskesi yok. Oysa hastaneye ve markete maskesiz alm\u0131yorlar. Otob\u00fcse maskesiz binenlere 300 leva ceza kesiliyor. Bizim ya\u015fl\u0131 emekliler bu cezalar\u0131 \u00f6deyemez. Yo\u011fun bir propaganda ile i\u015fleri yeniden \u00f6rg\u00fctlemek, insanlar\u0131m\u0131z\u0131 ayd\u0131nlatmak, gerekti\u011finde maske ve dezenfektan da\u011f\u0131tmak, yard\u0131m eli uzatmak gerek. Ramazan paketleri, iftar sofralar\u0131, konu\u015fma ve kutlamalar, mevlitler, \u015fenlikler birden bire rafa kald\u0131r\u0131ld\u0131. Yeni bir dalgay\u0131 \u00f6nlemek i\u00e7in \u00f6nlemleri halka anlatmam\u0131z laz\u0131m. T\u00fcrk b\u00f6lgelerinde yerel radyo yay\u0131nlar\u0131 ba\u015flat\u0131p, kablo TV programlar\u0131nda T\u00fcrk\u00e7e yay\u0131nlar ba\u015flatmak, gazetelerde k\u00f6\u015fe kap\u0131p ayd\u0131nlar\u0131m\u0131za daha s\u0131k ula\u015fmak, bizi bekleyen \u00f6devlerden sadece baz\u0131lar\u0131d\u0131r.<\/p><div id=\"bghab-97541472\" class=\"bghab-icerik-icine-65-paragraf bghab-entity-placement\"><script async src=\"\/\/pagead2.googlesyndication.com\/pagead\/js\/adsbygoogle.js?client=ca-pub-6203283170189293\" crossorigin=\"anonymous\"><\/script><ins class=\"adsbygoogle\" style=\"display:block; text-align:center;\" data-ad-client=\"ca-pub-6203283170189293\" \ndata-ad-slot=\"7303146466\" \ndata-ad-layout=\"in-article\"\ndata-ad-format=\"fluid\" data-full-width-responsive=\"true\"><\/ins>\n<script> \n(adsbygoogle = window.adsbygoogle || []).push({}); \n<\/script>\n<\/div>\n<ol start=\"15\">\n<li><b>BULT\u00dcRK\u2019e insanlar ni\u00e7in geliyor?<\/b><\/li>\n<\/ol>\n<p>Biz kimseyi zorla \u00fcye yapmad\u0131k. Bizim \u015fu yay\u0131nlar\u0131m\u0131z 5 k\u0131tada 600 bin ki\u015fi taraf\u0131ndan izleniyor:<\/p>\n<p class=\"BasicParagraph\"><i>BGHABER \u0130nternet i\u00e7in \u2013 https:\/\/www.bghaber.org\/<\/i><\/p>\n<p class=\"BasicParagraph\"><b>BULT\u00dcRK Gazetesi i\u00e7in \u2013 www.bulturk.net<\/b><\/p>\n<p class=\"BasicParagraph\"><i>BGSAM Kitaplar\u0131 i\u00e7in \u2013 https:\/\/bgsam.org\u00a0<\/i><\/p>\n<p class=\"BasicParagraph\"><b>BULT\u00dcRK Derne\u011fimizin Kitaplar i\u00e7in \u2013\u00a0<\/b><a href=\"https:\/\/issuu.com\/bulturkdernegi\"><b>https:\/\/issuu.com\/bulturkdernegi<\/b><\/a><\/p>\n<p class=\"BasicParagraph\">Bulgaristan tarihi,\u00a0<b><i>\u201csoya d\u00f6n\u00fc\u015f\u201d<\/i><\/b>\u00a0yalan\u0131n\u0131n maskesini indirme,\u00a0<b><i>\u201cB\u00fcy\u00fck G\u00f6\u00e7\u201d<\/i><\/b>\u00a0yalan\u0131n\u0131n bir komplo oldu\u011funu a\u00e7\u0131klama, T\u00fcrk d\u00fc\u015fmanl\u0131\u011f\u0131n\u0131n k\u00f6kleri, B\u00fcy\u00fck T\u00fcrkiye\u2019yi tan\u0131tma, dostluk ve i\u015fbirli\u011fi k\u00f6pr\u00fcleri atma vb. konularda ba\u015far\u0131l\u0131 oldu\u011fumuz kan\u0131s\u0131nday\u0131m. Ben\u00a0<b><i>\u201c50 Y\u0131l M\u00fccadele\u201d ve \u201cBulgaristan T\u00fcrklerinin Kimlik M\u00fccadelesi\u201d <\/i><\/b>gibi \u00e7al\u0131\u015fmalar\u0131mla ve 16 adet BULT\u00dcRK etkinliklerine adanm\u0131\u015f eserimizle soyda\u015flar\u0131m\u0131za ve Bulgaristan T\u00fcrk ayd\u0131nlar\u0131na, T\u00fcrk\u00e7e \u00f6\u011fretmenlerine inebilmi\u015f bulunuyoruz. Bunlar\u0131 bedava internetten sunuyoruz.<\/p>\n<p class=\"BasicParagraph\">8 y\u0131ldan beri devam eden akt\u00fcel haber ve yorum yay\u0131nlar\u0131m\u0131zdan se\u00e7meleri BGSAM olarak 63 ciltlik bir k\u00fclliyat olarak ve Bulgaristan T\u00fcrklerinin Sesi Gazetesi\u2019ni de E-kitap halinde okurlar\u0131m\u0131z\u0131n dikkatine sunmu\u015f bulunuyoruz. Bir yandan, bizi sevenlerin T\u00fcrk\u00e7elerini geli\u015ftirmelerine yard\u0131mc\u0131 olurken, ayr\u0131ca yukar\u0131da i\u015faret etti\u011fim madalyonun arkas\u0131n\u0131 g\u00f6rmek isteyenlere pencere a\u00e7m\u0131\u015f bulunuyoruz. \u00c7ok yak\u0131nda sesli \u00e7ocuk masallar\u0131 ve annelere \u00f6\u011f\u00fctler gibi yeni sayfalar a\u00e7mak istiyoruz. Biz hizmet sunuyoruz ve ihtiyac\u0131 olan bizi aray\u0131p buluyor. Bulgaristan\u2019da bizi en fazla \u0130zleyenler Sofya ili, K\u0131rca Ali, Rus\u00e7uk ve Razgrad\u2019da ya\u015f\u0131yorlar. Varna\u2019da 240 bin izleyicimiz var. Burgaz ilinde bu say\u0131 124 bindir.<\/p>\n<ol start=\"16\">\n<li><b>T\u00fcrkiye\u2019de Balkanlarla ilgili dernekler Atat\u00fcrk\u00e7\u00fc ve Osmanl\u0131c\u0131 olarak ikiye ayr\u0131lm\u0131\u015f durumda sizler ne taraf\u0131ndas\u0131n\u0131z?<\/b><\/li>\n<\/ol>\n<p>Biz herkesin derne\u011fiyiz. Y\u0131ld\u0131z\u0131m\u0131z ba\u011f\u0131ms\u0131z parl\u0131yor. Kendi ya\u011f\u0131m\u0131zla kavruluyoruz. Tabii ki B\u00fcy\u00fck \u00f6nder Atat\u00fcrk\u2019\u00fc seviyoruz. O yaln\u0131z bizim de\u011fil t\u00fcm T\u00fcrk D\u00fcnyas\u0131\u2019n\u0131n ve t\u00fcm mazlum insanlar\u0131n \u00f6l\u00fcms\u00fcz \u00f6nderidir. Bulgaristan T\u00fcrklerinin ilk lideri Atat\u00fcrk\u2019t\u00fcr. 1913\u2019te Pomak T\u00fcrklerinin isimleri ve dinleri zorla de\u011fi\u015ftirilirken, 250 bin Pomak kimlik de\u011fi\u015ftirmeye zorlan\u0131rken, o d\u00f6nem Bulgar Sol Liberal Parti lideri Radoslavov ile anla\u015f\u0131p, meclis se\u00e7imlerinde Pomak oylar\u0131na kar\u015f\u0131 isimleri ve ibadet haklar\u0131m\u0131z\u0131 geri al\u0131p, olay\u0131 kapatan \u00f6nder Sofya Osmanl\u0131 Askeri Ata\u015fesi Yarbay Mustafa Kemal\u2018dir. Ne yaz\u0131k ki bunu kimse bilmez\u2026<\/p>\n<p>Osmanl\u0131c\u0131 olmak da kan\u0131m\u0131zdad\u0131r. 1909 ve 1913 Osmanl\u0131 devleti ve Bulgar \u00c7arl\u0131\u011f\u0131 Bulgaristan M\u00fcsl\u00fcmanlar\u0131 dikey \u00f6rg\u00fctlenmemizin ilk s\u00fct\u00fcn\u00fc olan Ba\u015f m\u00fcft\u00fcl\u00fc\u011f\u00fcm\u00fcz\u00fcn kurulmas\u0131n\u0131 ve ayd\u0131nl\u0131k ve hukuk oca\u011f\u0131m\u0131z olan y\u00fcksek N\u00fcvvab Enstit\u00fcs\u00fc\u2019n\u00fcn a\u00e7\u0131lmas\u0131na temel olmu\u015ftur. Biz ayn\u0131 zamanda 1989\u2019da T\u00fcrkiye kap\u0131s\u0131n\u0131 a\u00e7\u0131p, anavatan topra\u011f\u0131n\u0131 \u00f6pmemize f\u0131rsat tan\u0131yan Cumhurba\u015fkan\u0131 Turgut \u00d6zalc\u0131y\u0131z. Biz ayn\u0131 zamanda B\u00fcy\u00fck T\u00fcrkiye ufkunu a\u00e7an Yeni T\u00fcrkiye\u2019nin B\u00fcy\u00fck Ba\u015fkan\u0131 Recep Tayyip Erdo\u011fan erleriyiz. Biz T\u00fcrk\u2019\u00fcz ve \u00f6nder se\u00e7meyiz\u2026 Bizler Mete Han\u2019dan ba\u015flayarak g\u00fcn\u00fcm\u00fcze kadar gelen t\u00fcm \u00f6nderlerimizi bizim \u00f6nderimiz olarak kabul ediyoruz. Onlardan herhangi birine k\u00f6t\u00fc s\u00f6z s\u00f6yleyenin kar\u015f\u0131s\u0131nday\u0131z ve onun T\u00fcrk D\u00fc\u015fman\u0131 veya yabanc\u0131lar\u0131n bir u\u015fa\u011f\u0131 oldu\u011funa eminiz.<\/p>\n<ol start=\"17\">\n<li><b>Son olarak ne demek istersiniz?<\/b><\/li>\n<\/ol>\n<p>Art\u0131k el ele verelim. B\u00fcy\u00fck \u015fehirlerimiz doldu ta\u015ft\u0131. Vir\u00fcs bizi \u00e7ok s\u0131k\u0131\u015ft\u0131rd\u0131. Fazla d\u00fc\u015f\u00fcnmeden Bulgaristan yolunu a\u00e7al\u0131m. Bu bahar \u00e7i\u00e7ek kokular\u0131 oradan geliyor. Vatand\u0131r, bizi bekler. Gidip bir koklayal\u0131m\u2026 T\u00fcm okuyucular\u0131n\u0131za sa\u011fl\u0131kl\u0131 g\u00fcnler dilerim.<\/p>\n<p>Bu \u00f6nemli r\u00f6portaj imk\u00e2n\u0131 i\u00e7in te\u015fekk\u00fcr ederim.<\/p>\n<p>Al\u0131nt\u0131: http:\/\/www.kocaelibakis.com\/<\/p>\n<p>&nbsp;<\/p>\n<div id=\"bghab-3941296682\" class=\"bghab-yazi-altinda bghab-entity-placement\"><script async src=\"https:\/\/pagead2.googlesyndication.com\/pagead\/js\/adsbygoogle.js\"><\/script>\r\n<!-- bghaber-yaz\u0131-sonu -->\r\n<ins class=\"adsbygoogle\"\r\n     style=\"display:block\"\r\n     data-ad-client=\"ca-pub-6203283170189293\"\r\n     data-ad-slot=\"4222328180\"\r\n     data-ad-format=\"auto\"\r\n     data-full-width-responsive=\"true\"><\/ins>\r\n<script>\r\n     (adsbygoogle = window.adsbygoogle || []).push({});\r\n<\/script><\/div><br style=\"clear: both; display: block; float: none;\"\/>","protected":false},"excerpt":{"rendered":"<p>BULT\u00dcRK Ba\u015fkan\u0131 Rafet Ulut\u00fcrk\u201d Biz 1989\u2019da T\u00fcrkiye kap\u0131s\u0131n\u0131 a\u00e7\u0131p, anavatan topra\u011f\u0131n\u0131 \u00f6pmemize f\u0131rsat tan\u0131yan Cumhurba\u015fkan\u0131 Turgut \u00d6zalc\u0131y\u0131z. Biz ayn\u0131 zamanda B\u00fcy\u00fck T\u00fcrkiye ufkunu a\u00e7an Yeni<\/p>\n","protected":false},"author":13,"featured_media":47407,"comment_status":"closed","ping_status":"closed","sticky":false,"template":"","format":"standard","meta":{"advanced_seo_description":"","jetpack_seo_html_title":"","jetpack_seo_noindex":false,"jetpack_seo_schema_type":"","_jetpack_newsletter_access":"","_jetpack_dont_email_post_to_subs":false,"_jetpack_newsletter_tier_id":0,"_jetpack_memberships_contains_paywalled_content":false,"_jetpack_feature_clip_id":0,"_jetpack_memberships_contains_paid_content":false,"footnotes":"","jetpack_post_was_ever_published":false},"categories":[6],"tags":[37,785],"class_list":["post-47406","post","type-post","status-publish","format-standard","has-post-thumbnail","hentry","category-yorum","tag-bulturk","tag-bulturk-dernegi"],"jetpack_sharing_enabled":true,"jetpack_likes_enabled":true,"jetpack-related-posts":[],"jetpack_shortlink":"https:\/\/wp.me\/pc2PfJ-ckC","jetpack_featured_media_url":"https:\/\/i0.wp.com\/www.bghaber.org\/bghaber\/wp-content\/uploads\/2020\/06\/Bulturk.jpg?fit=275%2C183&ssl=1","_links":{"self":[{"href":"https:\/\/www.bghaber.org\/bghaber\/wp-json\/wp\/v2\/posts\/47406","targetHints":{"allow":["GET"]}}],"collection":[{"href":"https:\/\/www.bghaber.org\/bghaber\/wp-json\/wp\/v2\/posts"}],"about":[{"href":"https:\/\/www.bghaber.org\/bghaber\/wp-json\/wp\/v2\/types\/post"}],"author":[{"embeddable":true,"href":"https:\/\/www.bghaber.org\/bghaber\/wp-json\/wp\/v2\/users\/13"}],"replies":[{"embeddable":true,"href":"https:\/\/www.bghaber.org\/bghaber\/wp-json\/wp\/v2\/comments?post=47406"}],"version-history":[{"count":0,"href":"https:\/\/www.bghaber.org\/bghaber\/wp-json\/wp\/v2\/posts\/47406\/revisions"}],"wp:featuredmedia":[{"embeddable":true,"href":"https:\/\/www.bghaber.org\/bghaber\/wp-json\/wp\/v2\/media\/47407"}],"wp:attachment":[{"href":"https:\/\/www.bghaber.org\/bghaber\/wp-json\/wp\/v2\/media?parent=47406"}],"wp:term":[{"taxonomy":"category","embeddable":true,"href":"https:\/\/www.bghaber.org\/bghaber\/wp-json\/wp\/v2\/categories?post=47406"},{"taxonomy":"post_tag","embeddable":true,"href":"https:\/\/www.bghaber.org\/bghaber\/wp-json\/wp\/v2\/tags?post=47406"}],"curies":[{"name":"wp","href":"https:\/\/api.w.org\/{rel}","templated":true}]}}