{"id":46814,"date":"2020-05-23T07:14:43","date_gmt":"2020-05-23T04:14:43","guid":{"rendered":"https:\/\/www.bghaber.org\/bghaber\/?p=46814"},"modified":"2020-05-23T07:14:45","modified_gmt":"2020-05-23T04:14:45","slug":"devlet-covid-19-krizinde-170-bin-kadar-isyeri-kurtaracak","status":"publish","type":"post","link":"https:\/\/www.bghaber.org\/bghaber\/devlet-covid-19-krizinde-170-bin-kadar-isyeri-kurtaracak\/","title":{"rendered":"Devlet COVID-19 krizinde 170 bin kadar i\u015fyeri kurtaracak"},"content":{"rendered":"\n<p class=\"wp-block-paragraph\">60\/40 tedbiri ile 170\u00a0000\u00a0kadar i\u015fyeri\u00a0kapsanacak. Ya\u015fanan krizde i\u015ften at\u0131lmamalar\u0131 i\u00e7in devlet, personellerinin maa\u015f ve sigortalar\u0131n\u0131n y\u00fczde 60\u2019\u0131n\u0131 i\u015fverenlere \u00f6d\u00fcyor. \u00c7al\u0131\u015fma Bakan\u0131 Denitsa Sa\u00e7eva Meclis\u2019te bir soruya cevap verirken, \u0130stihdam Ajans\u0131\u2019na sunulan ba\u015fvuru say\u0131s\u0131 ayn\u0131 h\u0131zla devam eder ve verilen onay y\u00fczde 70 oran\u0131na kadar kal\u0131rsa yard\u0131m\u0131n 170 bin i\u015f\u00e7i ve memura ula\u015faca\u011f\u0131n\u0131n tahmin edildi\u011fini belirtti. Bu \u00e7al\u0131\u015fanlar\u0131n iki ayl\u0131k yard\u0131mlanmas\u0131na 92 milyon Avro gerekli iken \u00fc\u00e7 ayl\u0131k d\u00f6nemde bu para 137 milyon Avroya ula\u015facak.<br><\/p>\n\n\n\n<p class=\"wp-block-paragraph\"><\/p>\n\n\n\n<p class=\"wp-block-paragraph\">BNR<\/p>\n<div id=\"bghab-1280932515\" class=\"bghab-yazi-altinda bghab-entity-placement\"><script async src=\"https:\/\/pagead2.googlesyndication.com\/pagead\/js\/adsbygoogle.js\"><\/script>\r\n<!-- bghaber-yaz\u0131-sonu -->\r\n<ins class=\"adsbygoogle\"\r\n     style=\"display:block\"\r\n     data-ad-client=\"ca-pub-6203283170189293\"\r\n     data-ad-slot=\"4222328180\"\r\n     data-ad-format=\"auto\"\r\n     data-full-width-responsive=\"true\"><\/ins>\r\n<script>\r\n     (adsbygoogle = window.adsbygoogle || []).push({});\r\n<\/script><\/div><br style=\"clear: both; display: block; float: none;\"\/>","protected":false},"excerpt":{"rendered":"<p>60\/40 tedbiri ile 170\u00a0000\u00a0kadar i\u015fyeri\u00a0kapsanacak. Ya\u015fanan krizde i\u015ften at\u0131lmamalar\u0131 i\u00e7in devlet, personellerinin maa\u015f ve sigortalar\u0131n\u0131n y\u00fczde 60\u2019\u0131n\u0131 i\u015fverenlere \u00f6d\u00fcyor. \u00c7al\u0131\u015fma Bakan\u0131 Denitsa Sa\u00e7eva Meclis\u2019te bir<\/p>\n","protected":false},"author":29,"featured_media":46663,"comment_status":"closed","ping_status":"closed","sticky":false,"template":"","format":"standard","meta":{"advanced_seo_description":"","jetpack_seo_html_title":"","jetpack_seo_noindex":false,"jetpack_seo_schema_type":"","_jetpack_newsletter_access":"","_jetpack_dont_email_post_to_subs":false,"_jetpack_newsletter_tier_id":0,"_jetpack_memberships_contains_paywalled_content":false,"_jetpack_feature_clip_id":0,"_jetpack_memberships_contains_paid_content":false,"footnotes":"","jetpack_post_was_ever_published":false},"categories":[9,1],"tags":[30,2700,2902,2884],"class_list":["post-46814","post","type-post","status-publish","format-standard","has-post-thumbnail","hentry","category-ekonomi","category-haberler","tag-bulgaristan","tag-denitsa-saceva","tag-korona","tag-virus"],"jetpack_sharing_enabled":true,"jetpack_likes_enabled":true,"jetpack-related-posts":[],"jetpack_shortlink":"https:\/\/wp.me\/pc2PfJ-cb4","jetpack_featured_media_url":"https:\/\/i0.wp.com\/www.bghaber.org\/bghaber\/wp-content\/uploads\/2020\/05\/bulgaristan-Sosyal-Politika-Bakan%C4%B1-Denitsa-Sa%C3%A7eva-2020.jpg?fit=680%2C382&ssl=1","_links":{"self":[{"href":"https:\/\/www.bghaber.org\/bghaber\/wp-json\/wp\/v2\/posts\/46814","targetHints":{"allow":["GET"]}}],"collection":[{"href":"https:\/\/www.bghaber.org\/bghaber\/wp-json\/wp\/v2\/posts"}],"about":[{"href":"https:\/\/www.bghaber.org\/bghaber\/wp-json\/wp\/v2\/types\/post"}],"author":[{"embeddable":true,"href":"https:\/\/www.bghaber.org\/bghaber\/wp-json\/wp\/v2\/users\/29"}],"replies":[{"embeddable":true,"href":"https:\/\/www.bghaber.org\/bghaber\/wp-json\/wp\/v2\/comments?post=46814"}],"version-history":[{"count":0,"href":"https:\/\/www.bghaber.org\/bghaber\/wp-json\/wp\/v2\/posts\/46814\/revisions"}],"wp:featuredmedia":[{"embeddable":true,"href":"https:\/\/www.bghaber.org\/bghaber\/wp-json\/wp\/v2\/media\/46663"}],"wp:attachment":[{"href":"https:\/\/www.bghaber.org\/bghaber\/wp-json\/wp\/v2\/media?parent=46814"}],"wp:term":[{"taxonomy":"category","embeddable":true,"href":"https:\/\/www.bghaber.org\/bghaber\/wp-json\/wp\/v2\/categories?post=46814"},{"taxonomy":"post_tag","embeddable":true,"href":"https:\/\/www.bghaber.org\/bghaber\/wp-json\/wp\/v2\/tags?post=46814"}],"curies":[{"name":"wp","href":"https:\/\/api.w.org\/{rel}","templated":true}]}}