{"id":46812,"date":"2020-05-23T07:13:13","date_gmt":"2020-05-23T04:13:13","guid":{"rendered":"https:\/\/www.bghaber.org\/bghaber\/?p=46812"},"modified":"2020-05-23T07:13:15","modified_gmt":"2020-05-23T04:13:15","slug":"1-hazirandan-itibaren-yunanistan-ve-sirbistan-ile-seyahat-karantinasi-kaldirilacak","status":"publish","type":"post","link":"https:\/\/www.bghaber.org\/bghaber\/1-hazirandan-itibaren-yunanistan-ve-sirbistan-ile-seyahat-karantinasi-kaldirilacak\/","title":{"rendered":"1 Haziran\u2019dan itibaren Yunanistan ve S\u0131rbistan ile seyahat karantinas\u0131 kald\u0131r\u0131lacak"},"content":{"rendered":"\n<p class=\"wp-block-paragraph\">Ba\u015fbakan Boyko Borissov, Romanya, S\u0131rbistan ve Yunanistan&#8217;dan meslekta\u015flar\u0131 ile yapt\u0131\u011f\u0131 video konferans\u0131n ard\u0131ndan, Bulgaristan ve Yunanistan aras\u0131nda 1 Haziran\u2019dan itibaren karantins\u0131z seyahat edilebilece\u011fini bildirdi.<\/p>\n\n\n\n<p class=\"wp-block-paragraph\">Bulgaristan ve S\u0131rbistan aras\u0131ndaki seyahatler de 1.06 tarihinden sonra serbest olacak, ancak ikili deklarasyonlar\u0131n imzalanmas\u0131 gerekecek.<\/p>\n\n\n\n<p class=\"wp-block-paragraph\">Borisov, \u201cUmar\u0131m Romanya parlamentosu da benzer karar\u0131 al\u0131r, ancak orada h\u00fck\u00fcmet istifa ett\u201d. diye a\u00e7\u0131klamada bulundu.<\/p>\n\n\n\n<p class=\"wp-block-paragraph\">En basit bir belge ile vatanda\u015flar semptomlar\u0131 olmad\u0131\u011f\u0131n\u0131, karantina alt\u0131nda olmad\u0131klar\u0131n\u0131 ve kendi riskleriyle seyahat ettiklerini ve telefon numaralar\u0131n\u0131 beyan edeceklerdir. Video toplant\u0131 Bulgaristan\u2019\u0131n inisiyatifiyle ger\u00e7ekle\u015ftirildi. \u00a0<\/p>\n\n\n\n<p class=\"wp-block-paragraph\"><\/p>\n\n\n\n<p class=\"wp-block-paragraph\">BNR<\/p><div id=\"bghab-537567256\" class=\"bghab-icerik-icine bghab-entity-placement\"><script async src=\"\/\/pagead2.googlesyndication.com\/pagead\/js\/adsbygoogle.js?client=ca-pub-6203283170189293\" crossorigin=\"anonymous\"><\/script><ins class=\"adsbygoogle\" style=\"display:block; text-align:center;\" data-ad-client=\"ca-pub-6203283170189293\" \ndata-ad-slot=\"7303146466\" \ndata-ad-layout=\"in-article\"\ndata-ad-format=\"fluid\" data-full-width-responsive=\"true\"><\/ins>\n<script> \n(adsbygoogle = window.adsbygoogle || []).push({}); \n<\/script>\n<\/div>\n<div id=\"bghab-2858710\" class=\"bghab-yazi-altinda bghab-entity-placement\"><script async src=\"https:\/\/pagead2.googlesyndication.com\/pagead\/js\/adsbygoogle.js\"><\/script>\r\n<!-- bghaber-yaz\u0131-sonu -->\r\n<ins class=\"adsbygoogle\"\r\n     style=\"display:block\"\r\n     data-ad-client=\"ca-pub-6203283170189293\"\r\n     data-ad-slot=\"4222328180\"\r\n     data-ad-format=\"auto\"\r\n     data-full-width-responsive=\"true\"><\/ins>\r\n<script>\r\n     (adsbygoogle = window.adsbygoogle || []).push({});\r\n<\/script><\/div><br style=\"clear: both; display: block; float: none;\"\/>","protected":false},"excerpt":{"rendered":"<p>Ba\u015fbakan Boyko Borissov, Romanya, S\u0131rbistan ve Yunanistan&#8217;dan meslekta\u015flar\u0131 ile yapt\u0131\u011f\u0131 video konferans\u0131n ard\u0131ndan, Bulgaristan ve Yunanistan aras\u0131nda 1 Haziran\u2019dan itibaren karantins\u0131z seyahat edilebilece\u011fini bildirdi. Bulgaristan<\/p>\n","protected":false},"author":29,"featured_media":41770,"comment_status":"closed","ping_status":"closed","sticky":false,"template":"","format":"standard","meta":{"advanced_seo_description":"","jetpack_seo_html_title":"","jetpack_seo_noindex":false,"jetpack_seo_schema_type":"","_jetpack_newsletter_access":"","_jetpack_dont_email_post_to_subs":false,"_jetpack_newsletter_tier_id":0,"_jetpack_memberships_contains_paywalled_content":false,"_jetpack_feature_clip_id":0,"_jetpack_memberships_contains_paid_content":false,"footnotes":"","jetpack_post_was_ever_published":false},"categories":[1,4],"tags":[122,30,2429,281,56],"class_list":["post-46812","post","type-post","status-publish","format-standard","has-post-thumbnail","hentry","category-haberler","category-siyaset","tag-boyko-borisov","tag-bulgaristan","tag-seyahat","tag-sirbistan","tag-yunanistan"],"jetpack_sharing_enabled":true,"jetpack_likes_enabled":true,"jetpack-related-posts":[],"jetpack_shortlink":"https:\/\/wp.me\/pc2PfJ-cb2","jetpack_featured_media_url":"https:\/\/i0.wp.com\/www.bghaber.org\/bghaber\/wp-content\/uploads\/2019\/11\/boyko-borisov-bulgaristan-ba%C5%9Fbakani-2019.jpg?fit=925%2C520&ssl=1","_links":{"self":[{"href":"https:\/\/www.bghaber.org\/bghaber\/wp-json\/wp\/v2\/posts\/46812","targetHints":{"allow":["GET"]}}],"collection":[{"href":"https:\/\/www.bghaber.org\/bghaber\/wp-json\/wp\/v2\/posts"}],"about":[{"href":"https:\/\/www.bghaber.org\/bghaber\/wp-json\/wp\/v2\/types\/post"}],"author":[{"embeddable":true,"href":"https:\/\/www.bghaber.org\/bghaber\/wp-json\/wp\/v2\/users\/29"}],"replies":[{"embeddable":true,"href":"https:\/\/www.bghaber.org\/bghaber\/wp-json\/wp\/v2\/comments?post=46812"}],"version-history":[{"count":0,"href":"https:\/\/www.bghaber.org\/bghaber\/wp-json\/wp\/v2\/posts\/46812\/revisions"}],"wp:featuredmedia":[{"embeddable":true,"href":"https:\/\/www.bghaber.org\/bghaber\/wp-json\/wp\/v2\/media\/41770"}],"wp:attachment":[{"href":"https:\/\/www.bghaber.org\/bghaber\/wp-json\/wp\/v2\/media?parent=46812"}],"wp:term":[{"taxonomy":"category","embeddable":true,"href":"https:\/\/www.bghaber.org\/bghaber\/wp-json\/wp\/v2\/categories?post=46812"},{"taxonomy":"post_tag","embeddable":true,"href":"https:\/\/www.bghaber.org\/bghaber\/wp-json\/wp\/v2\/tags?post=46812"}],"curies":[{"name":"wp","href":"https:\/\/api.w.org\/{rel}","templated":true}]}}