{"id":46807,"date":"2020-05-23T07:08:21","date_gmt":"2020-05-23T04:08:21","guid":{"rendered":"https:\/\/www.bghaber.org\/bghaber\/?p=46807"},"modified":"2020-05-23T07:08:23","modified_gmt":"2020-05-23T04:08:23","slug":"nisan-ayinda-bulgar-otomobil-pazari-%726-daraldi","status":"publish","type":"post","link":"https:\/\/www.bghaber.org\/bghaber\/nisan-ayinda-bulgar-otomobil-pazari-%726-daraldi\/","title":{"rendered":"Nisan ay\u0131nda Bulgar otomobil pazar\u0131 %72,6 darald\u0131"},"content":{"rendered":"\n<p class=\"wp-block-paragraph\">AB ve Bulgaristan\u2019da ara\u00e7 sat\u0131\u015flar\u0131 Nisan ay\u0131nda %72\u2019nin \u00fcs\u00fctnde d\u00fc\u015ft\u00fc. Covid -19&#8217;a&nbsp;kar\u015f\u0131&nbsp;k\u0131s\u0131tlamalar\u0131n mevcut tam aydan itibaren Avrupa Otomobil \u00dcreticileri Birli\u011fi&#8217;nden al\u0131nan veriler, AB&#8217;deki sat\u0131\u015flar\u0131n y\u0131ll\u0131k bazda% 76,3 azald\u0131\u011f\u0131n\u0131 g\u00f6steriyor.<\/p>\n\n\n\n<p class=\"wp-block-paragraph\">Mart ay\u0131nda bu d\u00fc\u015f\u00fc\u015f% 55&#8217;in \u00fczerinde. Bulgaristan otomobil pazar\u0131 da% 72,6 oran\u0131nda darald\u0131. Nisan ay\u0131nda \u00fclkede sadece 824 yeni araba sat\u0131ld\u0131. Bir y\u0131l \u00f6nce, Nisan 2019&#8217;da 3.008 yeni araba kaydedildi.<\/p>\n\n\n\n<p class=\"wp-block-paragraph\">Ocak-nisan d\u00f6neminde sat\u0131\u015flardaki d\u00fc\u015f\u00fc\u015f\u00a0,\u00a0% 41 idi. 2020&#8217;nin ilk d\u00f6rt ay\u0131nda 6751 araba sat\u0131l\u0131rken, , 2019 bu say\u0131 11727\u00a0idi.<\/p>\n\n\n\n<p class=\"wp-block-paragraph\"><\/p>\n\n\n\n<p class=\"wp-block-paragraph\">BNR<\/p>\n<div id=\"bghab-605324648\" class=\"bghab-yazi-altinda bghab-entity-placement\"><script async src=\"https:\/\/pagead2.googlesyndication.com\/pagead\/js\/adsbygoogle.js\"><\/script>\r\n<!-- bghaber-yaz\u0131-sonu -->\r\n<ins class=\"adsbygoogle\"\r\n     style=\"display:block\"\r\n     data-ad-client=\"ca-pub-6203283170189293\"\r\n     data-ad-slot=\"4222328180\"\r\n     data-ad-format=\"auto\"\r\n     data-full-width-responsive=\"true\"><\/ins>\r\n<script>\r\n     (adsbygoogle = window.adsbygoogle || []).push({});\r\n<\/script><\/div><br style=\"clear: both; display: block; float: none;\"\/>","protected":false},"excerpt":{"rendered":"<p>AB ve Bulgaristan\u2019da ara\u00e7 sat\u0131\u015flar\u0131 Nisan ay\u0131nda %72\u2019nin \u00fcs\u00fctnde d\u00fc\u015ft\u00fc. Covid -19&#8217;a&nbsp;kar\u015f\u0131&nbsp;k\u0131s\u0131tlamalar\u0131n mevcut tam aydan itibaren Avrupa Otomobil \u00dcreticileri Birli\u011fi&#8217;nden al\u0131nan veriler, AB&#8217;deki sat\u0131\u015flar\u0131n y\u0131ll\u0131k<\/p>\n","protected":false},"author":29,"featured_media":27308,"comment_status":"closed","ping_status":"closed","sticky":false,"template":"","format":"standard","meta":{"advanced_seo_description":"","jetpack_seo_html_title":"","jetpack_seo_noindex":false,"jetpack_seo_schema_type":"","_jetpack_newsletter_access":"","_jetpack_dont_email_post_to_subs":false,"_jetpack_newsletter_tier_id":0,"_jetpack_memberships_contains_paywalled_content":false,"_jetpack_feature_clip_id":0,"_jetpack_memberships_contains_paid_content":false,"footnotes":"","jetpack_post_was_ever_published":false},"categories":[9],"tags":[1139,30,1235],"class_list":["post-46807","post","type-post","status-publish","format-standard","has-post-thumbnail","hentry","category-ekonomi","tag-araba","tag-bulgaristan","tag-otomobil"],"jetpack_sharing_enabled":true,"jetpack_likes_enabled":true,"jetpack-related-posts":[],"jetpack_shortlink":"https:\/\/wp.me\/pc2PfJ-caX","jetpack_featured_media_url":"https:\/\/i0.wp.com\/www.bghaber.org\/bghaber\/wp-content\/uploads\/2018\/02\/araba-otomobil-satilik-ikinci-el.jpg?fit=1024%2C576&ssl=1","_links":{"self":[{"href":"https:\/\/www.bghaber.org\/bghaber\/wp-json\/wp\/v2\/posts\/46807","targetHints":{"allow":["GET"]}}],"collection":[{"href":"https:\/\/www.bghaber.org\/bghaber\/wp-json\/wp\/v2\/posts"}],"about":[{"href":"https:\/\/www.bghaber.org\/bghaber\/wp-json\/wp\/v2\/types\/post"}],"author":[{"embeddable":true,"href":"https:\/\/www.bghaber.org\/bghaber\/wp-json\/wp\/v2\/users\/29"}],"replies":[{"embeddable":true,"href":"https:\/\/www.bghaber.org\/bghaber\/wp-json\/wp\/v2\/comments?post=46807"}],"version-history":[{"count":0,"href":"https:\/\/www.bghaber.org\/bghaber\/wp-json\/wp\/v2\/posts\/46807\/revisions"}],"wp:featuredmedia":[{"embeddable":true,"href":"https:\/\/www.bghaber.org\/bghaber\/wp-json\/wp\/v2\/media\/27308"}],"wp:attachment":[{"href":"https:\/\/www.bghaber.org\/bghaber\/wp-json\/wp\/v2\/media?parent=46807"}],"wp:term":[{"taxonomy":"category","embeddable":true,"href":"https:\/\/www.bghaber.org\/bghaber\/wp-json\/wp\/v2\/categories?post=46807"},{"taxonomy":"post_tag","embeddable":true,"href":"https:\/\/www.bghaber.org\/bghaber\/wp-json\/wp\/v2\/tags?post=46807"}],"curies":[{"name":"wp","href":"https:\/\/api.w.org\/{rel}","templated":true}]}}