{"id":4613,"date":"2013-08-02T00:30:13","date_gmt":"2013-08-01T21:30:13","guid":{"rendered":"http:\/\/bghaber.org\/bghaber\/?p=4613"},"modified":"2019-07-18T23:00:51","modified_gmt":"2019-07-18T21:00:51","slug":"globulun-satisi-tamamlandi","status":"publish","type":"post","link":"https:\/\/www.bghaber.org\/bghaber\/globulun-satisi-tamamlandi\/","title":{"rendered":"Globul&#8217;un Sat\u0131\u015f\u0131 Tamamland\u0131"},"content":{"rendered":"<p>Yunanistan telekom \u015firketi OTE&#8217;nin, Bulgaristan birimi Cosmo Bulgaria Mobile&#8217;\u0131n (Globul) ve telekom perakende birimi Germanos Telecom Bulgaria&#8217;n\u0131n Norve\u00e7&#8217;in Telenor \u015firketine sat\u0131\u015f\u0131yla ilgili i\u015flemlerin tamamland\u0131\u011f\u0131 bildirildi.<!--more--><br \/>\n<a href=\"https:\/\/i0.wp.com\/bghaber.org\/bghaber\/wp-content\/uploads\/2013\/04\/globul-bg1.jpg\"><img data-recalc-dims=\"1\" loading=\"lazy\" decoding=\"async\" class=\"alignright size-medium wp-image-1094\" alt=\"globul-bg\" src=\"https:\/\/i0.wp.com\/bghaber.org\/bghaber\/wp-content\/uploads\/2013\/04\/globul-bg1-300x172.jpg?resize=300%2C172\" width=\"300\" height=\"172\" srcset=\"https:\/\/i0.wp.com\/www.bghaber.org\/bghaber\/wp-content\/uploads\/2013\/04\/globul-bg1.jpg?resize=300%2C172&amp;ssl=1 300w, https:\/\/i0.wp.com\/www.bghaber.org\/bghaber\/wp-content\/uploads\/2013\/04\/globul-bg1.jpg?w=475&amp;ssl=1 475w\" sizes=\"auto, (max-width: 300px) 100vw, 300px\" \/><\/a><br \/>\nOTE&#8217;den yap\u0131lan a\u00e7\u0131klamada, sat\u0131\u015f i\u015fleminin yetkili makamlarca onaylanmas\u0131n\u0131n ard\u0131ndan, Globul ve Germanos Telecom Bulgaria&#8217;n\u0131n Telenor&#8217;a devredildi\u011fi belirtildi.<\/p>\n<p>Sat\u0131\u015ftan elde edilen 717 milyon avronun &#8220;son derece \u00e7ekici&#8221; bir fiyat oldu\u011fu ifade edilen a\u00e7\u0131klamada, bununla OTE&#8217;nin bor\u00e7lanmas\u0131nda 2 milyar avroluk bir azalma sa\u011flanaca\u011f\u0131 kaydedildi.<\/p>\n<p>OTE grubunun mali i\u015fler sorumlusu Babis Mazarakis, &#8220;Globul&#8217;un sat\u0131\u015f\u0131n\u0131n, OTE&#8217;nin prefinansman\u0131yla ilgili stratejisinde \u00f6nemli bir ad\u0131m te\u015fkil etti\u011fini ve grubun de\u011ferini artt\u0131rd\u0131\u011f\u0131n\u0131&#8221; s\u00f6yledi.<\/p>\n<p>T\u00fcrk Telekom&#8217;un da ba\u011flay\u0131c\u0131 teklif verdi\u011fi Globul, 4,6 milyon abonesiyle Bulgaristan&#8217;\u0131n ikinci b\u00fcy\u00fck mobil ileti\u015fim operat\u00f6r\u00fc. Germanos Telecom Bulgaria ise telekom\u00fcnikasyon perakendesi alan\u0131nda faaliyet g\u00f6steriyor.<\/p>\n<p>&nbsp;<\/p>\n<p>AA<\/p><div id=\"bghab-1151748495\" class=\"bghab-icerik-icine bghab-entity-placement\"><script async src=\"\/\/pagead2.googlesyndication.com\/pagead\/js\/adsbygoogle.js?client=ca-pub-6203283170189293\" crossorigin=\"anonymous\"><\/script><ins class=\"adsbygoogle\" style=\"display:block; text-align:center;\" data-ad-client=\"ca-pub-6203283170189293\" \ndata-ad-slot=\"7303146466\" \ndata-ad-layout=\"in-article\"\ndata-ad-format=\"fluid\" data-full-width-responsive=\"true\"><\/ins>\n<script> \n(adsbygoogle = window.adsbygoogle || []).push({}); \n<\/script>\n<\/div>\n<div id=\"bghab-3878923131\" class=\"bghab-yazi-altinda bghab-entity-placement\"><script async src=\"https:\/\/pagead2.googlesyndication.com\/pagead\/js\/adsbygoogle.js\"><\/script>\r\n<!-- bghaber-yaz\u0131-sonu -->\r\n<ins class=\"adsbygoogle\"\r\n     style=\"display:block\"\r\n     data-ad-client=\"ca-pub-6203283170189293\"\r\n     data-ad-slot=\"4222328180\"\r\n     data-ad-format=\"auto\"\r\n     data-full-width-responsive=\"true\"><\/ins>\r\n<script>\r\n     (adsbygoogle = window.adsbygoogle || []).push({});\r\n<\/script><\/div><br style=\"clear: both; display: block; float: none;\"\/>","protected":false},"excerpt":{"rendered":"<p>Yunanistan telekom \u015firketi OTE&#8217;nin, Bulgaristan birimi Cosmo Bulgaria Mobile&#8217;\u0131n (Globul) ve telekom perakende birimi Germanos Telecom Bulgaria&#8217;n\u0131n Norve\u00e7&#8217;in Telenor \u015firketine sat\u0131\u015f\u0131yla ilgili i\u015flemlerin tamamland\u0131\u011f\u0131 bildirildi.<\/p>\n","protected":false},"author":29,"featured_media":1094,"comment_status":"closed","ping_status":"closed","sticky":false,"template":"","format":"standard","meta":{"advanced_seo_description":"","jetpack_seo_html_title":"","jetpack_seo_noindex":false,"jetpack_seo_schema_type":"","_jetpack_newsletter_access":"","_jetpack_dont_email_post_to_subs":false,"_jetpack_newsletter_tier_id":0,"_jetpack_memberships_contains_paywalled_content":false,"_jetpack_feature_clip_id":0,"_jetpack_memberships_contains_paid_content":false,"footnotes":"","jetpack_post_was_ever_published":false},"categories":[9],"tags":[30],"class_list":["post-4613","post","type-post","status-publish","format-standard","has-post-thumbnail","hentry","category-ekonomi","tag-bulgaristan"],"jetpack_sharing_enabled":true,"jetpack_likes_enabled":true,"jetpack-related-posts":[],"jetpack_shortlink":"https:\/\/wp.me\/pc2PfJ-1cp","jetpack_featured_media_url":"https:\/\/i0.wp.com\/www.bghaber.org\/bghaber\/wp-content\/uploads\/2013\/04\/globul-bg1.jpg?fit=475%2C273&ssl=1","_links":{"self":[{"href":"https:\/\/www.bghaber.org\/bghaber\/wp-json\/wp\/v2\/posts\/4613","targetHints":{"allow":["GET"]}}],"collection":[{"href":"https:\/\/www.bghaber.org\/bghaber\/wp-json\/wp\/v2\/posts"}],"about":[{"href":"https:\/\/www.bghaber.org\/bghaber\/wp-json\/wp\/v2\/types\/post"}],"author":[{"embeddable":true,"href":"https:\/\/www.bghaber.org\/bghaber\/wp-json\/wp\/v2\/users\/29"}],"replies":[{"embeddable":true,"href":"https:\/\/www.bghaber.org\/bghaber\/wp-json\/wp\/v2\/comments?post=4613"}],"version-history":[{"count":0,"href":"https:\/\/www.bghaber.org\/bghaber\/wp-json\/wp\/v2\/posts\/4613\/revisions"}],"wp:featuredmedia":[{"embeddable":true,"href":"https:\/\/www.bghaber.org\/bghaber\/wp-json\/wp\/v2\/media\/1094"}],"wp:attachment":[{"href":"https:\/\/www.bghaber.org\/bghaber\/wp-json\/wp\/v2\/media?parent=4613"}],"wp:term":[{"taxonomy":"category","embeddable":true,"href":"https:\/\/www.bghaber.org\/bghaber\/wp-json\/wp\/v2\/categories?post=4613"},{"taxonomy":"post_tag","embeddable":true,"href":"https:\/\/www.bghaber.org\/bghaber\/wp-json\/wp\/v2\/tags?post=4613"}],"curies":[{"name":"wp","href":"https:\/\/api.w.org\/{rel}","templated":true}]}}