{"id":45084,"date":"2020-03-20T11:36:43","date_gmt":"2020-03-20T08:36:43","guid":{"rendered":"https:\/\/www.bghaber.org\/bghaber\/?p=45084"},"modified":"2020-03-20T11:36:43","modified_gmt":"2020-03-20T08:36:43","slug":"turk-bulgar-iliskileri-uzerine-makaleler","status":"publish","type":"post","link":"https:\/\/www.bghaber.org\/bghaber\/turk-bulgar-iliskileri-uzerine-makaleler\/","title":{"rendered":"T\u00fcrk-Bulgar \u0130li\u015fkileri \u00dczerine Makaleler"},"content":{"rendered":"<div class=\"row mb30\">\n<div class=\"col-sm-12 col-md-8 pd-info-wrapper\">\n<div class=\"tab-content\">\n<div id=\"description\" class=\"tab-pane fade in active\" role=\"tabpanel\">\n<div class=\"tab-content-container\">\n<p>Kara ve Demir yolu ile T\u00fcrkiye&#8217;nin Avrupa&#8217;ya a\u00e7\u0131lan kap\u0131s\u0131d\u0131r Bulgaristan. T\u00fcrkiye- Bulgaristan ili\u015fkileri \u00fclkemizde siyaset bilimi ve uluslararas\u0131 ili\u015fkiler perspektifinden ele al\u0131nm\u0131\u015f ve al\u0131nmakta olan bir ba\u015fl\u0131k. Ancak sadece bu perspektiften konuyu ele almak iki \u00fclkenin halklar\u0131n\u0131n duygu ve k\u00fclt\u00fcr birli\u011fini tam anlam\u0131yla yans\u0131tmaya yeter mi noktas\u0131ndan hareketle, biyografi, bas\u0131n yay\u0131n tarihi, siyaset bilimi, halkbilim ve edebiyat gibi de\u011fi\u015fik disiplinlerden makaleler bir araya getirme fikri ile olu\u015fan bu kitap iki \u00fclkenin yak\u0131n tarihindeki pek de g\u00fczel hat\u0131rlanmayan geli\u015fmelerin bundan b\u00f6yle iyi ve olumluya y\u00f6nelmesi umuduyla derlendi.<\/p>\n<\/div>\n<\/div>\n<\/div>\n<\/div>\n<\/div>\n<div class=\"row\">\n<div class=\"col-md-12\">https:\/\/www.babil.com\/turk-bulgar-iliskileri-uzerine-makaleler-kitabi-kolektif<\/div>\n<\/div>\n<div id=\"bghab-3146806791\" class=\"bghab-yazi-altinda bghab-entity-placement\"><script async src=\"https:\/\/pagead2.googlesyndication.com\/pagead\/js\/adsbygoogle.js\"><\/script>\r\n<!-- bghaber-yaz\u0131-sonu -->\r\n<ins class=\"adsbygoogle\"\r\n     style=\"display:block\"\r\n     data-ad-client=\"ca-pub-6203283170189293\"\r\n     data-ad-slot=\"4222328180\"\r\n     data-ad-format=\"auto\"\r\n     data-full-width-responsive=\"true\"><\/ins>\r\n<script>\r\n     (adsbygoogle = window.adsbygoogle || []).push({});\r\n<\/script><\/div><br style=\"clear: both; display: block; float: none;\"\/>","protected":false},"excerpt":{"rendered":"<p>Kara ve Demir yolu ile T\u00fcrkiye&#8217;nin Avrupa&#8217;ya a\u00e7\u0131lan kap\u0131s\u0131d\u0131r Bulgaristan. T\u00fcrkiye- Bulgaristan ili\u015fkileri \u00fclkemizde siyaset bilimi ve uluslararas\u0131 ili\u015fkiler perspektifinden ele al\u0131nm\u0131\u015f ve al\u0131nmakta olan<\/p>\n","protected":false},"author":13,"featured_media":45085,"comment_status":"closed","ping_status":"closed","sticky":false,"template":"","format":"standard","meta":{"advanced_seo_description":"","jetpack_seo_html_title":"","jetpack_seo_noindex":false,"jetpack_seo_schema_type":"","_jetpack_newsletter_access":"","_jetpack_dont_email_post_to_subs":false,"_jetpack_newsletter_tier_id":0,"_jetpack_memberships_contains_paywalled_content":false,"_jetpack_feature_clip_id":0,"_jetpack_memberships_contains_paid_content":false,"footnotes":"","jetpack_post_was_ever_published":false},"categories":[211],"tags":[],"class_list":["post-45084","post","type-post","status-publish","format-standard","has-post-thumbnail","hentry","category-kitap"],"jetpack_sharing_enabled":true,"jetpack_likes_enabled":true,"jetpack-related-posts":[],"jetpack_shortlink":"https:\/\/wp.me\/pc2PfJ-bJa","jetpack_featured_media_url":"https:\/\/i0.wp.com\/www.bghaber.org\/bghaber\/wp-content\/uploads\/2020\/03\/turk-bulgar-iliskiler.jpg?fit=378%2C560&ssl=1","_links":{"self":[{"href":"https:\/\/www.bghaber.org\/bghaber\/wp-json\/wp\/v2\/posts\/45084","targetHints":{"allow":["GET"]}}],"collection":[{"href":"https:\/\/www.bghaber.org\/bghaber\/wp-json\/wp\/v2\/posts"}],"about":[{"href":"https:\/\/www.bghaber.org\/bghaber\/wp-json\/wp\/v2\/types\/post"}],"author":[{"embeddable":true,"href":"https:\/\/www.bghaber.org\/bghaber\/wp-json\/wp\/v2\/users\/13"}],"replies":[{"embeddable":true,"href":"https:\/\/www.bghaber.org\/bghaber\/wp-json\/wp\/v2\/comments?post=45084"}],"version-history":[{"count":0,"href":"https:\/\/www.bghaber.org\/bghaber\/wp-json\/wp\/v2\/posts\/45084\/revisions"}],"wp:featuredmedia":[{"embeddable":true,"href":"https:\/\/www.bghaber.org\/bghaber\/wp-json\/wp\/v2\/media\/45085"}],"wp:attachment":[{"href":"https:\/\/www.bghaber.org\/bghaber\/wp-json\/wp\/v2\/media?parent=45084"}],"wp:term":[{"taxonomy":"category","embeddable":true,"href":"https:\/\/www.bghaber.org\/bghaber\/wp-json\/wp\/v2\/categories?post=45084"},{"taxonomy":"post_tag","embeddable":true,"href":"https:\/\/www.bghaber.org\/bghaber\/wp-json\/wp\/v2\/tags?post=45084"}],"curies":[{"name":"wp","href":"https:\/\/api.w.org\/{rel}","templated":true}]}}