{"id":44997,"date":"2020-03-15T19:42:12","date_gmt":"2020-03-15T16:42:12","guid":{"rendered":"https:\/\/www.bghaber.org\/bghaber\/?p=44997"},"modified":"2020-03-15T19:42:12","modified_gmt":"2020-03-15T16:42:12","slug":"bir-muhacir-koyunun-hikayesi-nalkoyu","status":"publish","type":"post","link":"https:\/\/www.bghaber.org\/bghaber\/bir-muhacir-koyunun-hikayesi-nalkoyu\/","title":{"rendered":"Bir muhacir k\u00f6y\u00fcn\u00fcn hik\u00e2yesi, Nalk\u00f6y\u00fc"},"content":{"rendered":"<p>Mustafa \u0130sen \u00e7ocuklu\u011funun ge\u00e7ti\u011fi Nalk\u00f6y\u00fc\u2019n\u00fc anlat\u0131rken ayn\u0131 zamanda muhacirlerin g\u00fcnl\u00fck hayat\u0131ndan, k\u00fclt\u00fcrel kimli\u011finden de okuru haberdar eder.<\/p>\n<p>Nalk\u00f6y\u00fc kitab\u0131, Sakarya s\u0131n\u0131rlar\u0131 i\u00e7inde yer alan bir muhacir k\u00f6y\u00fcn\u00fc anlat\u0131yor. Prof. Dr.Mustafa \u0130sen, \u00e7ocuklu\u011funu ve ilk gen\u00e7li\u011fini ge\u00e7irdi\u011fi k\u00f6y\u00fcn\u00fc bir kitab\u0131n i\u00e7ine s\u0131\u011fd\u0131rm\u0131\u015f ve bu muhacir k\u00f6y\u00fcn\u00fcn sofras\u0131na bizi de buyur ediyor.<\/p>\n<p>1953 do\u011fumlu Mustafa \u0130sen, Nalk\u00f6y\u00fc\u2019n\u00fcn 1950\u2019li 1960\u2019l\u0131 y\u0131llar\u0131 a\u011f\u0131rl\u0131kl\u0131 olmak \u00fczere, k\u00f6y\u00fcn Balkan Harbi sonras\u0131 kurulu\u015fundan 1980\u2019li y\u0131llara kadar uzanan k\u00fclt\u00fcrel d\u00f6n\u00fc\u015f\u00fcm\u00fcn\u00fc, T\u00fcrkiye\u2019nin d\u00f6n\u00fc\u015f\u00fcm\u00fcne paralel olarak anlatm\u0131\u015f bize. Peki, ni\u00e7in b\u00f6yle bir kitap yazmaya ihtiya\u00e7 duymu\u015f yazar diye sordu\u011funuzu duyar gibiyim. Bunun cevab\u0131n\u0131 yazar\u0131n s\u00f6zc\u00fckleri ile verelim:<\/p>\n<p>\u201cBenden yedi sekiz ya\u015f k\u00fc\u00e7\u00fck yak\u0131nlar\u0131ma g\u00f6rd\u00fc\u011f\u00fcm baz\u0131 \u015feyleri sordu\u011fumda bunlar\u0131 hat\u0131rlamad\u0131klar\u0131n\u0131 fark ettim. O y\u00fczden bu sat\u0131rlar\u0131 yazmak ve bunlar\u0131 b\u00fcsb\u00fct\u00fcn unutulur olmaktan kurtarmaya \u00e7al\u0131\u015ft\u0131m.\u201d(s.180)<\/p>\n<p>Ne de olsa s\u00f6z u\u00e7ar yaz\u0131 kal\u0131r\u2026<\/p><div id=\"bghab-546811987\" class=\"bghab-icerik-icine bghab-entity-placement\"><script async src=\"\/\/pagead2.googlesyndication.com\/pagead\/js\/adsbygoogle.js?client=ca-pub-6203283170189293\" crossorigin=\"anonymous\"><\/script><ins class=\"adsbygoogle\" style=\"display:block; text-align:center;\" data-ad-client=\"ca-pub-6203283170189293\" \ndata-ad-slot=\"7303146466\" \ndata-ad-layout=\"in-article\"\ndata-ad-format=\"fluid\" data-full-width-responsive=\"true\"><\/ins>\n<script> \n(adsbygoogle = window.adsbygoogle || []).push({}); \n<\/script>\n<\/div>\n<p>Kitap, bize Nalk\u00f6y\u00fc\u2019n\u00fc anlatmaya ba\u015flamadan evvel Osmanl\u0131 d\u00f6neminde T\u00fcrklerin Balkanlara nas\u0131l yerle\u015fti\u011fini, 400 y\u0131l boyunca oray\u0131 nas\u0131l yurt haline getirdi\u011fini, daha sonra Osmanl\u0131\u2019n\u0131n zay\u0131flamas\u0131 ile Balkanlarda ya\u015fayan T\u00fcrklerin bask\u0131lar sonucu anayurda g\u00f6\u00e7 edi\u015f hik\u00e2yesini genel hatlar\u0131yla anlat\u0131r. Bu a\u00e7\u0131klamadan sonra da okurunu Kuzey Bulgaristan\u2019daki Deliorman b\u00f6lgesinden T\u00fcrkiye\u2019ye g\u00f6\u00e7 eden muhacirlerin kurdu\u011fu Nalk\u00f6y\u00fc\u2019ne buyur eder.<\/p>\n<p>Kitapta Nalk\u00f6y\u00fc merkeze al\u0131narak muhacir k\u00f6ylerinde &#8211; g\u00f6\u00e7 edilen Bulgaristan\u2019daki T\u00fcrk k\u00f6ylerinden miras kalm\u0131\u015f- yerle\u015fiminin nas\u0131l oldu\u011funu \u00f6\u011freniriz. \u201cBu yerle\u015fimin temel \u00f6zelli\u011fi, adeta bir m\u00fchendisin elinden \u00e7\u0131km\u0131\u015f d\u00fcmd\u00fcz bir yolun etraf\u0131na s\u0131ralanm\u0131\u015f evlerden ibaret olmas\u0131d\u0131r\u201d(s.35)<\/p>\n<p>Yazar, sadece k\u00f6y\u00fcn yerle\u015fim d\u00fczenini anlatmakla kalmaz; k\u00f6y\u00fc olu\u015fturan evlerin i\u00e7ine kadar sokularak bir muhacir evini birka\u00e7 b\u00f6l\u00fcmden olu\u015fan avludan, i\u00e7 avluya, oradan evin i\u00e7indeki ayr\u0131nt\u0131lara kadar anlat\u0131l\u0131r. Bulgaristan\u2019da ya\u015fayan bir T\u00fcrk k\u00f6y\u00fc iken geli\u015ftirilen ve Sakarya\u2019ya ba\u011fl\u0131 Nalk\u00f6y\u00fc\u2019ne ta\u015f\u0131nan bu k\u00fclt\u00fcr, T\u00fcrk\u00e7enin konu\u015fulan dilde hissedilen a\u011fz\u0131 ile d\u00fc\u011f\u00fcnlere, kom\u015fuluk ili\u015fkilerinden, misafir a\u011f\u0131rlamaya, ramazanlara, bayramlara kadar sirayet etmi\u015f. Elbette zaman\u0131n saatle de\u011fil de mevsimlerle, g\u00fcne\u015fin do\u011fu\u015fu ve bat\u0131\u015f\u0131 ile ayarland\u0131\u011f\u0131 y\u0131llard\u0131r bu y\u0131llar:<\/p>\n<p>\u201cK\u00f6y hayat\u0131nda yaz ve k\u0131\u015f diye iki mevsim vard\u0131r. Yaz 6 May\u0131s\u2019ta H\u0131d\u0131rellez ile ba\u015flar ve 8 Kas\u0131m\u2019a kadar devam eder\u2026.Ben bahar ve sonbahar kelimelerini de ancak okula ba\u015flay\u0131nca \u00f6\u011frendim\u201d(72)<\/p>\n<p>Elbette k\u00f6yde topra\u011f\u0131n s\u00fcr\u00fclmesi, ekin ekilmesi, hasad\u0131n yap\u0131lmas\u0131 ve bunu takip eden d\u00fc\u011f\u00fcnlerin yap\u0131lmas\u0131 ve ard\u0131ndan k\u0131\u015f haz\u0131rl\u0131\u011f\u0131 da bu zamana g\u00f6re belirlenen eylemler.<\/p><div id=\"bghab-688204581\" class=\"bghab-icerik-icine-10-paragraf bghab-entity-placement\"><script async src=\"\/\/pagead2.googlesyndication.com\/pagead\/js\/adsbygoogle.js?client=ca-pub-6203283170189293\" crossorigin=\"anonymous\"><\/script><ins class=\"adsbygoogle\" style=\"display:block; text-align:center;\" data-ad-client=\"ca-pub-6203283170189293\" \ndata-ad-slot=\"7303146466\" \ndata-ad-layout=\"in-article\"\ndata-ad-format=\"fluid\" data-full-width-responsive=\"true\"><\/ins>\n<script> \n(adsbygoogle = window.adsbygoogle || []).push({}); \n<\/script>\n<\/div>\n<p>TAKASLA ALI\u015eVER\u0130\u015e<br \/>\nYine yazar\u0131n anlatt\u0131klar\u0131ndan 50\u2019li, 60\u2019l\u0131 y\u0131llarda Nalk\u00f6y\u00fc\u2019nde paradan ziyade takas yolu ile al\u0131\u015f veri\u015fin yap\u0131ld\u0131\u011f\u0131n\u0131 \u00f6\u011freniyoruz. Kim bilir, belki de paran\u0131n girmedi\u011fi bu sistem, insanlar\u0131 daha \u00e7ok birbirine yakla\u015ft\u0131r\u0131yordu. Paran\u0131n k\u00f6ye girmesi, ancak 70\u2019li y\u0131llarda Karasu\u2019ya f\u0131nd\u0131k toplamaya gidenlere verilen yevmiyeler ile olmu\u015f.<\/p>\n<p>Art\u0131k n\u00fcfusun \u00e7o\u011funun \u015fehirli oldu\u011fu bir hayat\u0131 ya\u015fayan bizler i\u00e7in Nalk\u00f6y\u00fc kitab\u0131, \u00e7oktan ge\u00e7mi\u015fe ait ayr\u0131nt\u0131lara d\u00f6n\u00fc\u015fm\u00fc\u015f bu bilgileri anlatmakla kalm\u0131yor; bu ayr\u0131nt\u0131lar\u0131n i\u00e7inde sakl\u0131 olan s\u0131cak insan ili\u015fkilerini, gelene\u011fin i\u00e7indeki zenginli\u011fi, dayan\u0131\u015fmay\u0131 da g\u00fcn\u00fcm\u00fcze ta\u015f\u0131yor asl\u0131nda.<\/p>\n<p>&nbsp;<\/p>\n<p class=\"non-card\" data-card-id=\"45df8591-e5f4-4fc4-928c-7b3b4acd2cd7\" data-card-type=\"Text\"><strong>FUNDA \u00d6ZSOY E. &#8211; Yeni\u00e7a\u011f<\/strong><\/p>\n<div id=\"bghab-833028996\" class=\"bghab-yazi-altinda bghab-entity-placement\"><script async src=\"https:\/\/pagead2.googlesyndication.com\/pagead\/js\/adsbygoogle.js\"><\/script>\r\n<!-- bghaber-yaz\u0131-sonu -->\r\n<ins class=\"adsbygoogle\"\r\n     style=\"display:block\"\r\n     data-ad-client=\"ca-pub-6203283170189293\"\r\n     data-ad-slot=\"4222328180\"\r\n     data-ad-format=\"auto\"\r\n     data-full-width-responsive=\"true\"><\/ins>\r\n<script>\r\n     (adsbygoogle = window.adsbygoogle || []).push({});\r\n<\/script><\/div><br style=\"clear: both; display: block; float: none;\"\/>","protected":false},"excerpt":{"rendered":"<p>Mustafa \u0130sen \u00e7ocuklu\u011funun ge\u00e7ti\u011fi Nalk\u00f6y\u00fc\u2019n\u00fc anlat\u0131rken ayn\u0131 zamanda muhacirlerin g\u00fcnl\u00fck hayat\u0131ndan, k\u00fclt\u00fcrel kimli\u011finden de okuru haberdar eder. Nalk\u00f6y\u00fc kitab\u0131, Sakarya s\u0131n\u0131rlar\u0131 i\u00e7inde yer alan bir<\/p>\n","protected":false},"author":29,"featured_media":44998,"comment_status":"closed","ping_status":"closed","sticky":false,"template":"","format":"standard","meta":{"advanced_seo_description":"","jetpack_seo_html_title":"","jetpack_seo_noindex":false,"jetpack_seo_schema_type":"","_jetpack_newsletter_access":"","_jetpack_dont_email_post_to_subs":false,"_jetpack_newsletter_tier_id":0,"_jetpack_memberships_contains_paywalled_content":false,"_jetpack_feature_clip_id":0,"_jetpack_memberships_contains_paid_content":false,"footnotes":"","jetpack_post_was_ever_published":false},"categories":[211],"tags":[2984,68],"class_list":["post-44997","post","type-post","status-publish","format-standard","has-post-thumbnail","hentry","category-kitap","tag-nalkoyu","tag-sakarya"],"jetpack_sharing_enabled":true,"jetpack_likes_enabled":true,"jetpack-related-posts":[],"jetpack_shortlink":"https:\/\/wp.me\/pc2PfJ-bHL","jetpack_featured_media_url":"https:\/\/i0.wp.com\/www.bghaber.org\/bghaber\/wp-content\/uploads\/2020\/03\/nalk%C3%B6y%C3%BC-bir-mac%C4%B1r-k%C3%B6y%C3%BCn%C3%BCn-hikayesi-mustafa-isen.jpg?fit=320%2C468&ssl=1","_links":{"self":[{"href":"https:\/\/www.bghaber.org\/bghaber\/wp-json\/wp\/v2\/posts\/44997","targetHints":{"allow":["GET"]}}],"collection":[{"href":"https:\/\/www.bghaber.org\/bghaber\/wp-json\/wp\/v2\/posts"}],"about":[{"href":"https:\/\/www.bghaber.org\/bghaber\/wp-json\/wp\/v2\/types\/post"}],"author":[{"embeddable":true,"href":"https:\/\/www.bghaber.org\/bghaber\/wp-json\/wp\/v2\/users\/29"}],"replies":[{"embeddable":true,"href":"https:\/\/www.bghaber.org\/bghaber\/wp-json\/wp\/v2\/comments?post=44997"}],"version-history":[{"count":0,"href":"https:\/\/www.bghaber.org\/bghaber\/wp-json\/wp\/v2\/posts\/44997\/revisions"}],"wp:featuredmedia":[{"embeddable":true,"href":"https:\/\/www.bghaber.org\/bghaber\/wp-json\/wp\/v2\/media\/44998"}],"wp:attachment":[{"href":"https:\/\/www.bghaber.org\/bghaber\/wp-json\/wp\/v2\/media?parent=44997"}],"wp:term":[{"taxonomy":"category","embeddable":true,"href":"https:\/\/www.bghaber.org\/bghaber\/wp-json\/wp\/v2\/categories?post=44997"},{"taxonomy":"post_tag","embeddable":true,"href":"https:\/\/www.bghaber.org\/bghaber\/wp-json\/wp\/v2\/tags?post=44997"}],"curies":[{"name":"wp","href":"https:\/\/api.w.org\/{rel}","templated":true}]}}