{"id":44865,"date":"2020-03-08T18:30:24","date_gmt":"2020-03-08T15:30:24","guid":{"rendered":"https:\/\/www.bghaber.org\/bghaber\/?p=44865"},"modified":"2022-06-14T17:28:08","modified_gmt":"2022-06-14T14:28:08","slug":"turklugumuzu-uyandiran-kadinlar","status":"publish","type":"post","link":"https:\/\/www.bghaber.org\/bghaber\/turklugumuzu-uyandiran-kadinlar\/","title":{"rendered":"T\u00fcrkl\u00fc\u011f\u00fcm\u00fcz\u00fc Uyand\u0131ran Kad\u0131nlar"},"content":{"rendered":"<p>Raziye \u00c7AKIR<\/p>\n<p><strong>&#8211; Safiye Ali<br \/>\n<\/strong>T\u00fcrk tarihinin ilk kad\u0131n doktoru Safiye Ali. Balkan Sava\u015flar\u0131 s\u0131ras\u0131nda cepheden gelen yaral\u0131 askerleri g\u00f6rerek doktor olmaya karar vermi\u015f, Maarif Vekili \u015e\u00fckr\u00fc Bey\u2019in yard\u0131mlar\u0131 ile t\u0131p e\u011fitimi almaya Almanya\u2019ya gitmi\u015ftir. Kad\u0131n ve \u00e7ocuk hastal\u0131klar\u0131 alanlar\u0131nda e\u011fitim g\u00f6ren Safiye Han\u0131m yurda d\u00f6nm\u00fc\u015f ve Ca\u011falo\u011flu\u2019nda a\u00e7t\u0131\u011f\u0131 klinikte hizmet vermi\u015ftir. Safiye Ali, yurt d\u0131\u015f\u0131nda d\u00fczenlenen t\u0131p kongrelerinde T\u00fcrkiye\u2019yi temsil etmi\u015ftir.<\/p>\n<p><strong>&#8211; Sabiha Beng\u00fcta\u015f<br \/>\n<\/strong>Sabiha Beng\u00fcta\u015f, T\u00fcrk tarihinde ta\u015fa \u015fekil vermi\u015f ilk kad\u0131n heykelt\u0131ra\u015ft\u0131r. Atat\u00fcrk, \u0130smet \u0130n\u00f6n\u00fc, Abd\u00fclhak Hamit, Bedia Muvahhit, Ahmet Ha\u015fim gibi \u00f6nemli isimlerin heykellerini yapm\u0131\u015ft\u0131r. 16 ya\u015f\u0131nda resim b\u00f6l\u00fcm\u00fcnde okurken antik bir b\u00fcst\u00fc kopya etmesi \u00f6\u011fretmeninin dikkatini \u00e7ekmi\u015ftir. Okulun heykel b\u00f6l\u00fcm\u00fcne al\u0131nan ilk k\u0131z \u00f6\u011frenci olmu\u015f ve okulunu birincilikle bitirmi\u015ftir.<\/p>\n<p><strong>&#8211; Mihri M\u00fc\u015ffik Han\u0131m<br \/>\n<\/strong>\u00c7a\u011fda\u015f T\u00fcrk resminin ilk ressam\u0131 olarak kabul edilen ki\u015fidir. Mihri M\u00fc\u015ffik Han\u0131m \u00f6zellikle portreleri ile tan\u0131nmaktad\u0131r. Yapt\u0131\u011f\u0131 resmi Sultan II. Abd\u00fclhamit\u2019e takdim edince saray ressam\u0131 Zonaro\u2019nun \u00f6\u011frencisi olmu\u015f, kendisinden Be\u015fikta\u015f\u2019taki at\u00f6lyesinde resim dersleri alm\u0131\u015ft\u0131r.<\/p>\n<p><strong>&#8211; Sabiha G\u00f6k\u00e7en (1913-2001)<br \/>\n<\/strong><span style=\"font-size: 1rem;\">D\u00fcnyan\u0131n ilk kad\u0131n sava\u015f pilotuydu. <\/span><em style=\"font-size: 1rem;\">Sabiha G\u00f6k\u00e7en, T\u00fcrk tarihinin ilk kad\u0131n pilotudur. 1912 y\u0131l\u0131nda T\u00fcrkiye\u2019nin ilk u\u00e7a\u011f\u0131n\u0131 kullanan kad\u0131n olarak T\u00fcrk tarihine ad\u0131n\u0131 alt\u0131n harflerle yazd\u0131rm\u0131\u015ft\u0131r. Ayn\u0131 zamanda T\u00fcrkiye\u2019nin ilk askeri pilotu olan Sabiha G\u00f6k\u00e7en\u2019i kad\u0131n\u0131n her alanda ba\u015far\u0131l\u0131 olabilece\u011fini g\u00f6stermesi amac\u0131yla Atat\u00fcrk yeti\u015ftirmi\u015ftir. G\u00f6k\u00e7en, Sovyetler Birli\u011finde Y\u00fcksek Plan\u00f6r Okulunu bitirmi\u015f ve plan\u00f6r \u00f6\u011fretmenli\u011fi yapm\u0131\u015ft\u0131r.<\/em><\/p><div id=\"bghab-366135789\" class=\"bghab-icerik-icine bghab-entity-placement\"><script async src=\"\/\/pagead2.googlesyndication.com\/pagead\/js\/adsbygoogle.js?client=ca-pub-6203283170189293\" crossorigin=\"anonymous\"><\/script><ins class=\"adsbygoogle\" style=\"display:block; text-align:center;\" data-ad-client=\"ca-pub-6203283170189293\" \ndata-ad-slot=\"7303146466\" \ndata-ad-layout=\"in-article\"\ndata-ad-format=\"fluid\" data-full-width-responsive=\"true\"><\/ins>\n<script> \n(adsbygoogle = window.adsbygoogle || []).push({}); \n<\/script>\n<\/div>\n<p><strong>&#8211; Prof. Dr. T\u00fcrkan Akyol<br \/>\n<\/strong>T\u00fcrkiye Cumhuriyeti\u2019nin ilk kad\u0131n bakan\u0131 olan T\u00fcrkan Akyol, 1971 y\u0131l\u0131nda kurulan partiler \u00fcst\u00fc Nihat Erim H\u00fck\u00fcmeti\u2019nde Sa\u011fl\u0131k ve Sosyal Yard\u0131m Bakan\u0131 olarak g\u00f6rev yapm\u0131\u015ft\u0131r. Ba\u015fkanl\u0131\u011f\u0131n 8\u2019inci ay\u0131nda \u00e7\u0131kan anla\u015fmazl\u0131k nedeniyle g\u00f6revinden istifa etmi\u015f ve Ankara \u00dcniversitesi rekt\u00f6rl\u00fc\u011f\u00fcne se\u00e7ilmi\u015ftir.<\/p>\n<p><strong>&#8211; G\u00fcl Esin<br \/>\n<\/strong>1933 y\u0131l\u0131nda T\u00fcrkiye\u2019de se\u00e7ilmi\u015f ilk kad\u0131n muhtar G\u00fcl Esin\u2019dir. Ayd\u0131n\u2019\u0131n \u00c7ine il\u00e7esi Karpuzlu buca\u011f\u0131 muhtarl\u0131\u011f\u0131nda g\u00f6rev yaparken Mustafa Kemal Atat\u00fcrk taraf\u0131ndan \u00f6d\u00fcllendirilmi\u015ftir. Muhtarl\u0131k g\u00f6revine gelir gelmez, kumar oynamay\u0131 yasaklam\u0131\u015f, k\u0131z ka\u00e7\u0131rma olaylar\u0131n\u0131 engellemi\u015f ve nikah i\u015flerini d\u00fczene koyarak \u00f6nemli bir ba\u015far\u0131 elde etmi\u015ftir.<\/p>\n<h2><strong><span class=\"numara\">\u0130lk Kad\u0131n Kimyac\u0131:\u00a0<\/span>Prof. Dr. Remziye Hisar<br \/>\n<\/strong><\/h2>\n<p>Fransa Sorbonne \u00dcniversitesi\u2019nden mezun olan ilk T\u00fcrk kad\u0131n\u0131d\u0131r ve T\u00fcrkiye Cumhuriyeti\u2019nin ilk kad\u0131n kimyac\u0131s\u0131d\u0131r. 1992 y\u0131l\u0131nda ya\u015fam\u0131n\u0131 yitiren Cumhuriyet kad\u0131n\u0131 Remziye Hisar, d\u00fcnyaca \u00fcnl\u00fc fizik\u00e7i Feza G\u00fcrsey ve Milletleraras\u0131 Psikoloji Cemiyeti\u2019nin tek T\u00fcrk azas\u0131 psikiyatrisi Deha Han\u0131m\u2019\u0131n annesidir.<\/p>\n<p>Olduk\u00e7a ba\u015far\u0131l\u0131 bir e\u011fitim hayat\u0131 olan Remziye Hisar, meslek hayat\u0131nda bir\u00e7ok zorlukla kar\u015f\u0131la\u015fm\u0131\u015ft\u0131r. Kimya aln\u0131nda T\u00fcrkiye\u2019yi temsil edecek bir ismin bulunmamas\u0131 nedeniyle olan \u00fczg\u00fcnl\u00fc\u011f\u00fc, onu Bak\u00fc\u2019ye s\u00fcr\u00fckler. Ama Bak\u00fc\u2019de bir sava\u015f\u0131n ortas\u0131na d\u00fc\u015fer. Yine de umudunu yitirmeyen Hisar, y\u0131lmadan mesle\u011fini icra etmeye devam eder. Tersliklerin devam etmesi Sovyet Rusya\u2019n\u0131n Azerbaycan\u2019\u0131n ba\u011f\u0131ms\u0131zl\u0131\u011f\u0131na son vermesi gibi sorunlar s\u0131ras\u0131nda doktor e\u015fi Re\u015fit S\u00fcreyya G\u00fcrsey ile tan\u0131\u015f\u0131r ve evlenerek, \u0130stanbul\u2019a d\u00f6n\u00fc\u015f yapar.<\/p>\n<p>Meslek a\u015fk\u0131 \u00e7ocuk sahibi olmas\u0131n\u0131n \u00f6n\u00fcne ge\u00e7er ve Adana\u2019da Dar\u00fclmuallima\u2019ya m\u00fcd\u00fcr olarak gider. Daha sonra e\u015fiyle birlikte Paris\u2019e gider ve burada ad\u0131n\u0131 bilim d\u00fcnyas\u0131na yazd\u0131rmak i\u00e7in Sorbonne \u00dcniversitesi\u2019nin kimya b\u00f6l\u00fcm\u00fcnde \u00f6\u011frenim g\u00f6rmeye ba\u015flar. Biyokimya sertifikas\u0131 alarak Paris\u2019te Maarif Vekaleti\u2019nin verdi\u011fi bursla \u00f6\u011frenim g\u00f6r\u00fcr. Doktoras\u0131n\u0131 yapaca\u011f\u0131 s\u0131rada bursu kesilen Hisar, \u00f6\u011frenimini yar\u0131m b\u0131rakmak zorunda kal\u0131r. Ama bu durum onu engellemez ve 1930 y\u0131l\u0131nda yeniden Paris\u2019e gider. E\u015finden bo\u015fanan Remziye Han\u0131m, k\u0131z\u0131 ve karde\u015fiyle birlikte gider. Doktoras\u0131n\u0131 tamamlad\u0131ktan sonra T\u00fcrkiye\u2019ye d\u00f6n\u00fc\u015f yapar ve 1933 \u2013 1936 y\u0131llar\u0131nda \u0130stanbul \u00dcniversitesi\u2019nde kimya ve fiziko kimya do\u00e7enti olarak g\u00f6rev yapm\u0131\u015ft\u0131r.<\/p><div id=\"bghab-4082544031\" class=\"bghab-icerik-icine-10-paragraf bghab-entity-placement\"><script async src=\"\/\/pagead2.googlesyndication.com\/pagead\/js\/adsbygoogle.js?client=ca-pub-6203283170189293\" crossorigin=\"anonymous\"><\/script><ins class=\"adsbygoogle\" style=\"display:block; text-align:center;\" data-ad-client=\"ca-pub-6203283170189293\" \ndata-ad-slot=\"7303146466\" \ndata-ad-layout=\"in-article\"\ndata-ad-format=\"fluid\" data-full-width-responsive=\"true\"><\/ins>\n<script> \n(adsbygoogle = window.adsbygoogle || []).push({}); \n<\/script>\n<\/div>\n<p><strong><span class=\"numara\">\u0130lk Kad\u0131n Foto\u011fraf\u00e7\u0131:\u00a0<\/span>Semiha Es<\/strong><br \/>\ntekni\u011fi ile bas\u0131lan Hayat Dergisi, foto\u011fraf d\u00fcnyam\u0131za yeni ve \u00f6zel bir de\u011fer kazand\u0131ran dergi oldu. Derginin ilk say\u0131s\u0131nda Hikmet Ferudun Es\u2019in Malatya\u2019dan yollad\u0131\u011f\u0131 bir yaz\u0131 dizisi yay\u0131nland\u0131. R\u00f6portaj\u0131n foto\u011fraflar\u0131 ise Semiha Es taraf\u0131ndan \u00e7ekildi. Celal Bayar\u2019\u0131n cumhurba\u015fkanl\u0131\u011f\u0131 d\u00f6neminde toplanan Bakanlar Kurulu, Kore Sava\u015f\u0131\u2019na kat\u0131lmak i\u00e7in 4500 silahl\u0131 birli\u011fi Birle\u015fmi\u015f Milletler emrine vermi\u015ftir. H\u00fcrriyet Gazetesi sava\u015f\u0131n g\u00f6r\u00fcnt\u00fclenmesi i\u00e7in Semiha Es\u2019i g\u00f6revlendirmi\u015ftir. 11 Kas\u0131m 1950 tarihinde de gazetede verilen Kore eki ile T\u00fcrkler, sava\u015f hakk\u0131nda izlenimlerini Semiha Es\u2019in objektifinden \u00f6\u011frenmi\u015ftir.<\/p>\n<p><strong><span class=\"numara\">\u0130lk Kad\u0131n Avukat:\u00a0<\/span>S\u00fcreyya A\u011fao\u011flu<br \/>\n<\/strong>Tarihimizin ilk kad\u0131n avukat\u0131d\u0131r. Ayr\u0131ca Yass\u0131ada\u2019da hukuk profes\u00f6r\u00fc olan babas\u0131n\u0131n savunucusu, H\u00fcr Fikirleri Yayma Derne\u011fi\u2019nin kurucusu, \u00c7ocuk Dostlar\u0131 Derne\u011fi\u2019nin kurucudur. Milletleraras\u0131 Hukuk\u00e7ular Komisyonu \u00fcyesidir. Milletleraras\u0131 Barolar Birli\u011fi Y\u00f6netim Kurulu \u0130dari Heyet \u00dcyesi\u2019dir. Ayn\u0131 zamanda kad\u0131n haklar\u0131 savunucusudur.<br \/>\nTarihimizde en cesur kad\u0131n entelekt\u00fcel olarak yer alm\u0131\u015ft\u0131r. 58 y\u0131l avukatl\u0131k yapm\u0131\u015ft\u0131r. Lise y\u0131llar\u0131nda cumhuriyet rejiminden bahsetti\u011fi arkada\u015flar\u0131n\u0131n gavur olarak nitelendirmesine maruz kalm\u0131\u015ft\u0131r. Bu nedenle de avukat olmay\u0131 kafas\u0131na koymu\u015ftur. Hukuk fak\u00fcltesine kayd\u0131n\u0131 yapt\u0131rmak istedi\u011finde de bir\u00e7ok sorunla kar\u015f\u0131la\u015fm\u0131\u015ft\u0131r. O d\u00f6nemde k\u0131z \u00f6\u011frenci olmad\u0131\u011f\u0131 i\u00e7in \u00fcniversite rekt\u00f6r\u00fc Haldun Taner\u2019in babas\u0131, Selahattin Bey\u2019e ba\u015fvurur. D\u00f6nem kad\u0131nlar\u0131n\u0131n \u00e7ar\u015fafla dola\u015ft\u0131\u011f\u0131 d\u00f6nemde ba\u015f\u0131n\u0131 bile kapatmadan g\u00f6r\u00fc\u015fmeye gider. Talebini iletti\u011fi zaman Selahattin Bey\u2019in salonunda kahkahalar at\u0131l\u0131r. Ama kendi gibi avukat olmak isteyen ba\u015fka 3 arkada\u015f\u0131n\u0131 da g\u00f6ren Selahattin Bey, fak\u00fclteyi a\u00e7maya karar verir.<\/p>\n<p><strong><span class=\"numara\">\u0130lk Kad\u0131n Banka M\u00fcd\u00fcr\u00fc:\u00a0<\/span>\u0130clal Ersin<br \/>\n<\/strong><\/p>\n<p>kad\u0131n banka m\u00fcd\u00fcr\u00fc, ilk kad\u0131n ekonomi doktoru ve Atat\u00fcrk\u2019\u00fcn yurtd\u0131\u015f\u0131na e\u011fitim i\u00e7in g\u00f6nderdi\u011fi kad\u0131nd\u0131r. 1928 y\u0131l\u0131nda T\u00fcrkiye \u0130\u015f Bankas\u0131\u2019nda muhasebeci olarak g\u00f6reve ba\u015flayan \u0130clal Ersin, \u0130\u015f Bankas\u0131\u2019n\u0131n kurucusu Celal Bayar taraf\u0131ndan Atat\u00fcrk\u2019e ilk kad\u0131n muhasebeci olarak tan\u0131t\u0131l\u0131r. Atat\u00fcrk\u2019\u00fcn ilgisini fazlas\u0131yla \u00e7ekmi\u015ftir ve b\u00f6ylece en b\u00fcy\u00fck arzusu olan yurtd\u0131\u015f\u0131 e\u011fitimine g\u00f6nderilmi\u015ftir. 1929 y\u0131l\u0131nda Cenevre\u2019ye g\u00f6nderilmi\u015ftir ve T\u00fcrkiye\u2019de meslek gelirlerinin vergilendirilmesi ba\u015fl\u0131kl\u0131 tezini Frans\u0131zca olarak haz\u0131rlayarak doktoras\u0131n\u0131 tamamlam\u0131\u015ft\u0131r.<br \/>\nT\u00fcrkiye\u2019ye d\u00f6nen \u0130clal Ersin, T\u00fcrkiye\u2019nin ilk iktisat doktoru unvan\u0131n\u0131 alm\u0131\u015ft\u0131r. \u0130\u015f Bankas\u0131 ile \u00e7al\u0131\u015fma hayat\u0131na devam etmi\u015ftir ve 1953 y\u0131l\u0131nda a\u00e7\u0131lan \u0130\u015f Bankas\u0131 Ni\u015fanta\u015f\u0131 \u015eubesi\u2019nin m\u00fcd\u00fcrl\u00fc\u011f\u00fcn\u00fc yapm\u0131\u015ft\u0131r. B\u00f6ylece T\u00fcrkiye\u2019nin ilk kad\u0131n banka m\u00fcd\u00fcr\u00fc unvan\u0131n\u0131 da elde etmi\u015ftir.<\/p>\n<p><strong>Tanzimat D\u00f6nemi ve Sonras\u0131n\u0131n T\u00fcrkl\u00fc\u011f\u00fcm\u00fcz\u00fc Uyand\u0131ran Kad\u0131n Yazarlar;<\/strong><\/p><div id=\"bghab-731733140\" class=\"bghab-icerik-icine-15-paragraf bghab-entity-placement\"><script async src=\"\/\/pagead2.googlesyndication.com\/pagead\/js\/adsbygoogle.js?client=ca-pub-6203283170189293\" crossorigin=\"anonymous\"><\/script><ins class=\"adsbygoogle\" style=\"display:block; text-align:center;\" data-ad-client=\"ca-pub-6203283170189293\" \ndata-ad-slot=\"7303146466\" \ndata-ad-layout=\"in-article\"\ndata-ad-format=\"fluid\" data-full-width-responsive=\"true\"><\/ins>\n<script> \n(adsbygoogle = window.adsbygoogle || []).push({}); \n<\/script>\n<\/div>\n<p>T\u00fcrk kad\u0131n\u0131n toplumda k\u00fclt\u00fcr ve sosyal hayat\u0131nda ba\u015far\u0131l\u0131 olmas\u0131 Tanzimat d\u00f6neminden sonra olmu\u015ftur. Tanzimat sonras\u0131ndaki d\u00f6nemde kad\u0131n\u0131n toplum hayat\u0131nda daha etkili olmas\u0131 ve e\u011fitimi konusunda gereken \u00f6nem verilmi\u015f bir\u00e7ok alanda oldu\u011fu gibi edebi \u00e7evrede de b\u00fcy\u00fck ba\u015far\u0131lara imza atm\u0131\u015flard\u0131r. Sizler i\u00e7in edebiyata g\u00f6n\u00fcl vermi\u015f, yazarak \u00e7o\u011falm\u0131\u015f, kalemiyle \u00e7evresine ve topluma de\u011fer katm\u0131\u015f kad\u0131n yazarlar\u0131 derledik.<\/p>\n<p><strong>1) Fatma Aliye Topuz<br \/>\n<\/strong><span style=\"font-size: 1rem;\">\u0130lk T\u00fcrk kad\u0131n romanc\u0131 olan Fatma Aliye Han\u0131m tarih\u00e7i ve hukuk\u00e7u olan babas\u0131n\u0131n etkisi ile d\u00f6neminde etkin bir yazar olmu\u015ftur. Kad\u0131n haklar\u0131 konusunda cesur s\u00f6ylemleri ile \u00fclkedeki kad\u0131n haklar\u0131 m\u00fccadelesine katk\u0131s\u0131 bir hayli fazla olmu\u015ftur. Fatma Aliye Topuz 1892 y\u0131l\u0131nda yay\u0131nlanan \u201cMuhaderat\u201d isimli ilk roman\u0131nda kad\u0131n\u0131n problemlerini cesurca ele alm\u0131\u015ft\u0131r. Bu roman\u0131nda T\u00fcrk kad\u0131n\u0131n\u0131n toplum i\u00e7indeki yerini ve \u00e7al\u0131\u015fma hayat\u0131n\u0131n i\u00e7inde var olmas\u0131 i\u015flenir. D\u00f6nemin kad\u0131nlara \u00f6zel gazetelerinde kad\u0131n haklar\u0131 konusunda \u00e7e\u015fitli yaz\u0131lar kaleme alm\u0131\u015ft\u0131r.\u00a0 II. Me\u015frutiyet\u2019e kadar Fatma Aliye Topuz tek kad\u0131n yazar olmu\u015ftur.<\/span><\/p>\n<p><strong>2) Selma R\u0131za Feraceli<br \/>\n<\/strong><strong>Selma R\u0131za Feraceli ilk T\u00fcrk kad\u0131n gazetecidir. <\/strong>Ayn\u0131 zamanda ittihat ve Terakki cemiyetinin tek kad\u0131n \u00fcyesidir. Osmanl\u0131 d\u00f6neminde entelekt\u00fcel bir ailenin k\u0131z\u0131yd\u0131. 19.yy sonlar\u0131nda ailesinden gizli olarak Paris\u2019e ka\u00e7arak J\u00f6n T\u00fcrk lideri olan abisi Ahmet R\u0131za\u2019n\u0131n yan\u0131na gitmi\u015ftir. \u0130yi bir \u00fcniversitede e\u011fitim alan Selma R\u0131za Paris\u2019te yay\u0131nlanmakta olan Me\u015fveret Gazetesinde \u00e7al\u0131\u015ft\u0131. \u0130stanbul\u2019a d\u00f6nd\u00fckten sonra K\u0131z\u0131lay\u2019\u0131n kurulmas\u0131 i\u00e7in \u00e7al\u0131\u015fmalar yapt\u0131. Selma R\u0131za Han\u0131m kaleme ald\u0131\u011f\u0131 Uhuvvet Karde\u015flik isimli roman\u0131nda kad\u0131n\u0131n kimlik m\u00fccadelesini konu alm\u0131\u015ft\u0131r.<\/p>\n<p><strong>3) Emine Semiye<br \/>\n<\/strong>Emine Semiye <strong>ilk T\u00fcrk kad\u0131n yazarlardand\u0131r. <\/strong>Kad\u0131n hareketinin \u00f6nc\u00fclerinden biridir. Yazarl\u0131k ser\u00fcvenine \u00f6\u011fretmenlik yapt\u0131\u011f\u0131 y\u0131llarda ba\u015flad\u0131.<br \/>\nMakalelerinde kad\u0131n ve \u00e7ocuk sorunlar\u0131n\u0131 i\u015fledi. Osmanl\u0131n\u0131n ayd\u0131n kad\u0131n yazarlar\u0131ndan olan Emine Semiye d\u00f6neminin d\u00fc\u015f\u00fcnsel hareketinin yo\u011fun olmas\u0131 nedeni ile uzun y\u0131llar yazmaya ara vermi\u015ftir. Roman, deneme, \u00f6yk\u00fc alan\u0131nda olduk\u00e7a ba\u015far\u0131l\u0131 eserlere imza atm\u0131\u015ft\u0131r. Emine Semiye\u2019nin eserlerinin bir\u00e7o\u011fu tefrika edildi\u011fi gazetelerde kalm\u0131\u015ft\u0131r.<\/p>\n<p><strong>4) Halide Edib Ad\u0131var<br \/>\n<\/strong>Halide Edip Ad\u0131var (1884-1964) bug\u00fcnk\u00fc T\u00fcrkiye\u2019de genellikle \u2018roman yazar\u0131\u2019 olarak bilinir. H\u00e2lbuki yak\u0131n tarihimizdeki b\u00fcy\u00fck d\u00f6n\u00fc\u015f\u00fcm d\u00f6nemlerinde hem rol alm\u0131\u015f hem o d\u00f6nemlerin kitaplar\u0131n\u0131 yazm\u0131\u015ft\u0131r.<br \/>\nOsmanl\u0131\u2019da modern kad\u0131n hareketinin ve milliyet\u00e7ilik fikrinin do\u011fu\u015funda Halide Edip \u00f6nc\u00fclerden biridir. \u2018Mor Salk\u0131ml\u0131 Ev\u2019 adl\u0131 kitab\u0131nda bu d\u00f6neme ili\u015fkin an\u0131lar\u0131n\u0131 yazd\u0131. \u2018Yeni Turan\u2019 adl\u0131 kitab\u0131 da modern ve milli bir T\u00fcrkiye \u00fctopyas\u0131d\u0131r.<br \/>\nHalide Edib Ad\u0131var yazar ve siyaset\u00e7i kimli\u011fi ile kad\u0131n yazarlar aras\u0131nda \u00e7ok \u00f6nemli bir yere sahiptir. \u0130stanbul halk\u0131n\u0131 \u00fclkenin i\u015fgaline kar\u015f\u0131 ayakland\u0131rmak i\u00e7in yapm\u0131\u015f oldu\u011fu konu\u015fmalar ile zihinlerde yer eden usta bir kalemdir. Kurtulu\u015f Sava\u015f\u0131n\u0131n \u00f6nemli kad\u0131n isimlerinden olan Halide Edib Ad\u0131var Mustafa Kemal\u2019in yan\u0131nda g\u00f6rev yapm\u0131\u015ft\u0131r. II. Me\u015frutiyet\u2019in ilan\u0131 ile yazarl\u0131\u011fa ba\u015flayan Halide Edib 24 roman, 4 hik\u00e2ye kitab\u0131 ve \u00e7e\u015fitli incelemeleri ile Cumhuriyet D\u00f6neminin \u00e7ok eser veren kad\u0131n yazarlar\u0131ndan olmu\u015ftur. Eserlerinde kad\u0131n\u0131n e\u011fitilmesine ve T\u00fcrk toplumunun i\u00e7indeki yerine de\u011finmi\u015f ve kad\u0131n haklar\u0131 savunuculu\u011fu yapm\u0131\u015ft\u0131r. Halide Edib Ad\u0131var\u2019\u0131n bir\u00e7ok kitab\u0131 beyazperdeye uyarlanm\u0131\u015ft\u0131r.<\/p><div id=\"bghab-1975966722\" class=\"bghab-icerik-icine-20-paragraf bghab-entity-placement\"><script async src=\"\/\/pagead2.googlesyndication.com\/pagead\/js\/adsbygoogle.js?client=ca-pub-6203283170189293\" crossorigin=\"anonymous\"><\/script><ins class=\"adsbygoogle\" style=\"display:block; text-align:center;\" data-ad-client=\"ca-pub-6203283170189293\" \ndata-ad-slot=\"7303146466\" \ndata-ad-layout=\"in-article\"\ndata-ad-format=\"fluid\" data-full-width-responsive=\"true\"><\/ins>\n<script> \n(adsbygoogle = window.adsbygoogle || []).push({}); \n<\/script>\n<\/div>\n<p><strong>5) \u015e\u00fckufe Nihal Ba\u015far<br \/>\n<\/strong>\u015e\u00fckufe Nihal Ba\u015far T\u00fcrkiye\u2019nin modernle\u015fme s\u00fcrecinde eserlerini yay\u0131nlam\u0131\u015ft\u0131r. Ba\u015far d\u00f6neminin \u00f6nemli kad\u0131n derne\u011finde aktif olarak g\u00f6rev yapm\u0131\u015ft\u0131r.<br \/>\nKad\u0131n haklar\u0131 ile yaz\u0131lar yazm\u0131\u015f ve yay\u0131nlam\u0131\u015f romanlar\u0131nda kad\u0131n kahramanlar\u0131 \u00f6n plana \u00e7\u0131karm\u0131\u015ft\u0131r.<br \/>\n\u015e\u00fckufe Nihal Ba\u015far ilk e\u015fi ile birlikte Mekteb-i \u00dcmit isimli bir okul kurarak burada \u00f6\u011fretmenlik yapm\u0131\u015ft\u0131r.<br \/>\nKurtulu\u015f Sava\u015f\u0131nda evinde d\u00fczenledi\u011fi kad\u0131n toplant\u0131lar\u0131nda milli m\u00fccadeleye kad\u0131nlar\u0131n destek olmas\u0131 i\u00e7in \u00e7al\u0131\u015fm\u0131\u015ft\u0131r.<br \/>\nCumhuriyetinin ilan\u0131ndan sonra kurulan T\u00fcrk Kad\u0131nlar Birli\u011finin kurucular\u0131ndand\u0131r. Eserleri beyazperdeye de uyarlanm\u0131\u015ft\u0131r.<\/p>\n<p><strong>6) Nezihe Muhiddin<br \/>\n<\/strong>Nezihe Muhiddin i\u00e7in kad\u0131n haklar\u0131na adanm\u0131\u015f bir \u00f6m\u00fcr demek do\u011fru olacakt\u0131r. Nezihe Muhiddin olduk\u00e7a aktif bir \u00e7al\u0131\u015fma hayat\u0131 i\u00e7inde olmu\u015ftur.<br \/>\nOsmanl\u0131 feminizmin \u00f6nc\u00fclerinden say\u0131lmaktad\u0131r. Nezihe Muhiddin\u2019e g\u00f6re memleketin y\u00fckselmesi ancak kad\u0131nlar\u0131n y\u00fckselmesi ile sa\u011flanabilirdi.<br \/>\nNezihe Muhiddin yetim ve muhta\u00e7 kad\u0131nlar i\u00e7in kurulan Osmanl\u0131 T\u00fcrk Han\u0131mlar\u0131 Esirgeme derne\u011finin kurucusudur.<br \/>\nKad\u0131nlar\u0131n se\u00e7me ve se\u00e7ilme haklar\u0131 i\u00e7in Cumhuriyet Halk F\u0131rkas\u0131ndan \u00f6nce Kad\u0131nlar Halk F\u0131rkas\u0131n\u0131 kurmu\u015ftur. Bu f\u0131rkan\u0131n amac\u0131 kad\u0131nlar\u0131n siyasi haklar\u0131n\u0131 elde etmektir.<\/p>\n<p><strong>7) Suat Dervi\u015f<br \/>\n<\/strong><span style=\"font-size: 1rem;\">Suat Dervi\u015f kendisi gibi yazar olan Re\u015fat Fuat Baraner\u2019in e\u015fidir. \u00d6zel e\u011fitim ald\u0131 ve Berlin Konservatuar\u0131 ve edebiyat fak\u00fcltesinde okumu\u015ftur. T\u00fcrkiye\u2019ye d\u00f6nd\u00fckten sonra d\u00f6nemin \u00fcnl\u00fc gazetelerinde r\u00f6portaj ve romanlar\u0131n\u0131 yay\u0131nlad\u0131. E\u015fi ile birlikte T\u00fcrkiye\u2019nin toplumsal ger\u00e7ek\u00e7i ak\u0131m\u0131n\u0131n ilk yay\u0131n organ\u0131 olan Yeni Edebiyat dergisini yay\u0131nlam\u0131\u015ft\u0131r.<br \/>\n<\/span>1944 tutuklamalar\u0131 s\u0131ras\u0131nda e\u015fi Re\u015fat Fuat Baraner\u2019i saklad\u0131\u011f\u0131 gerek\u00e7esi yarg\u0131lanm\u0131\u015ft\u0131r.<br \/>\nDevrimci Kad\u0131nlar Birli\u011finin kurulmas\u0131nda g\u00f6rev alm\u0131\u015ft\u0131r. Edebiyat ya\u015fam\u0131na ise \u015fiir ile girmi\u015ftir. Ger\u00e7ek\u00e7i ve toplumcu edebiyat\u0131n geli\u015fmesine \u00f6nc\u00fcl\u00fck etmi\u015ftir.<\/p>\n<p><strong>8) Halide Nusret Zorlutuna<br \/>\n<\/strong>Halide Nusret Zorlutuna \u0130stanbul \u00dcniversitesinde T\u00fcrk Dili ve Edebiyat\u0131 b\u00f6l\u00fcm\u00fcnde okumu\u015ftur.<br \/>\nEmekliye ayr\u0131lana kadar \u00f6\u011fretmenlik yapm\u0131\u015ft\u0131r. Halide Nusret Zorlutuna edebiyata \u015fiir ile ba\u015flam\u0131\u015ft\u0131r. Kurtulu\u015f Sava\u015f\u0131 d\u00f6neminin heyecan\u0131 ile milli edebiyat ak\u0131m\u0131na kat\u0131lm\u0131\u015ft\u0131r. D\u00f6nemin \u00fcnl\u00fc edebiyat dergilerinde \u015fiirleri yay\u0131nland\u0131.<br \/>\n\u015eiirin yan\u0131 s\u0131ra roman ve deneme t\u00fcr\u00fcnde de eserler verdi. Milli edebiyat ak\u0131m\u0131 i\u00e7inde hececi anlay\u0131\u015f ile yazd\u0131.<br \/>\nRomanlar\u0131nda iyi ve g\u00fczel karakterleri i\u015fledi, ideal kad\u0131n tipinin \u00f6rneklerini sundu. Halide Nusret Zorlutuna, Emine I\u015f\u0131nsu ve P\u0131nar K\u00fcr\u2019\u00fcn teyzesidir.<\/p>\n<p><strong>\u0130\u015fte daha fazlas\u0131:<\/strong><\/p><div id=\"bghab-1053737672\" class=\"bghab-icerik-icine-25-paragraf bghab-entity-placement\"><script async src=\"\/\/pagead2.googlesyndication.com\/pagead\/js\/adsbygoogle.js?client=ca-pub-6203283170189293\" crossorigin=\"anonymous\"><\/script><ins class=\"adsbygoogle\" style=\"display:block; text-align:center;\" data-ad-client=\"ca-pub-6203283170189293\" \ndata-ad-slot=\"7303146466\" \ndata-ad-layout=\"in-article\"\ndata-ad-format=\"fluid\" data-full-width-responsive=\"true\"><\/ins>\n<script> \n(adsbygoogle = window.adsbygoogle || []).push({}); \n<\/script>\n<\/div>\n<p><img loading=\"lazy\" decoding=\"async\" class=\"\" src=\"https:\/\/i0.wp.com\/paratic.com\/dosya\/2015\/06\/turkiye-tarihinde-ilklere-imza-atan-kadinlar.jpg?resize=700%2C804&amp;ssl=1\" alt=\"T\u00fcrkiye Tarihinde \u0130lklere \u0130mza Atan Kad\u0131nlar\" width=\"675\" height=\"775\" \/><\/p>\n<div id=\"bghab-1714036066\" class=\"bghab-yazi-altinda bghab-entity-placement\"><script async src=\"https:\/\/pagead2.googlesyndication.com\/pagead\/js\/adsbygoogle.js\"><\/script>\r\n<!-- bghaber-yaz\u0131-sonu -->\r\n<ins class=\"adsbygoogle\"\r\n     style=\"display:block\"\r\n     data-ad-client=\"ca-pub-6203283170189293\"\r\n     data-ad-slot=\"4222328180\"\r\n     data-ad-format=\"auto\"\r\n     data-full-width-responsive=\"true\"><\/ins>\r\n<script>\r\n     (adsbygoogle = window.adsbygoogle || []).push({});\r\n<\/script><\/div><br style=\"clear: both; display: block; float: none;\"\/>","protected":false},"excerpt":{"rendered":"<p>Raziye \u00c7AKIR &#8211; Safiye Ali T\u00fcrk tarihinin ilk kad\u0131n doktoru Safiye Ali. Balkan Sava\u015flar\u0131 s\u0131ras\u0131nda cepheden gelen yaral\u0131 askerleri g\u00f6rerek doktor olmaya karar vermi\u015f, Maarif<\/p>\n","protected":false},"author":14,"featured_media":42430,"comment_status":"closed","ping_status":"closed","sticky":false,"template":"","format":"standard","meta":{"advanced_seo_description":"","jetpack_seo_html_title":"","jetpack_seo_noindex":false,"jetpack_seo_schema_type":"","_jetpack_newsletter_access":"","_jetpack_dont_email_post_to_subs":false,"_jetpack_newsletter_tier_id":0,"_jetpack_memberships_contains_paywalled_content":false,"_jetpack_feature_clip_id":0,"_jetpack_memberships_contains_paid_content":false,"footnotes":"","jetpack_post_was_ever_published":false},"categories":[6],"tags":[],"class_list":["post-44865","post","type-post","status-publish","format-standard","has-post-thumbnail","hentry","category-yorum"],"jetpack_sharing_enabled":true,"jetpack_likes_enabled":true,"jetpack-related-posts":[],"jetpack_shortlink":"https:\/\/wp.me\/pc2PfJ-bFD","jetpack_featured_media_url":"https:\/\/i0.wp.com\/www.bghaber.org\/bghaber\/wp-content\/uploads\/2019\/12\/raziye-rsm.jpg?fit=230%2C342&ssl=1","_links":{"self":[{"href":"https:\/\/www.bghaber.org\/bghaber\/wp-json\/wp\/v2\/posts\/44865","targetHints":{"allow":["GET"]}}],"collection":[{"href":"https:\/\/www.bghaber.org\/bghaber\/wp-json\/wp\/v2\/posts"}],"about":[{"href":"https:\/\/www.bghaber.org\/bghaber\/wp-json\/wp\/v2\/types\/post"}],"author":[{"embeddable":true,"href":"https:\/\/www.bghaber.org\/bghaber\/wp-json\/wp\/v2\/users\/14"}],"replies":[{"embeddable":true,"href":"https:\/\/www.bghaber.org\/bghaber\/wp-json\/wp\/v2\/comments?post=44865"}],"version-history":[{"count":0,"href":"https:\/\/www.bghaber.org\/bghaber\/wp-json\/wp\/v2\/posts\/44865\/revisions"}],"wp:featuredmedia":[{"embeddable":true,"href":"https:\/\/www.bghaber.org\/bghaber\/wp-json\/wp\/v2\/media\/42430"}],"wp:attachment":[{"href":"https:\/\/www.bghaber.org\/bghaber\/wp-json\/wp\/v2\/media?parent=44865"}],"wp:term":[{"taxonomy":"category","embeddable":true,"href":"https:\/\/www.bghaber.org\/bghaber\/wp-json\/wp\/v2\/categories?post=44865"},{"taxonomy":"post_tag","embeddable":true,"href":"https:\/\/www.bghaber.org\/bghaber\/wp-json\/wp\/v2\/tags?post=44865"}],"curies":[{"name":"wp","href":"https:\/\/api.w.org\/{rel}","templated":true}]}}