{"id":44863,"date":"2020-03-08T18:26:34","date_gmt":"2020-03-08T15:26:34","guid":{"rendered":"https:\/\/www.bghaber.org\/bghaber\/?p=44863"},"modified":"2022-06-14T17:29:56","modified_gmt":"2022-06-14T14:29:56","slug":"turkiyenin-kadinlarindan-ilkler","status":"publish","type":"post","link":"https:\/\/www.bghaber.org\/bghaber\/turkiyenin-kadinlarindan-ilkler\/","title":{"rendered":"T\u00fcrkiye&#8217;nin Kad\u0131nlar\u0131ndan \u0130lkler"},"content":{"rendered":"<p>Raziye \u00c7AKIR<\/p>\n<p><strong>T\u00fcrkiye&#8217;nin ilk \u00f6\u011fretmeni: Refet Ang\u0131n (1915-2010)<br \/>\n<\/strong><span style=\"font-size: 1rem;\">Emniyet Amiri Haf\u0131z \u015eerif Bey\u2019in k\u0131z\u0131 Refet Ang\u0131n\u2019\u0131n hik\u00e2yesi, 1915 y\u0131l\u0131nda Gelibolu\u2019da sava\u015f\u0131n ve k\u0131tl\u0131\u011f\u0131n hakim oldu\u011fu bir d\u00f6nemde ba\u015flad\u0131. Okuma yazmay\u0131 annesinin yard\u0131m\u0131yla s\u00f6ken Refet, Cumhuriyet Okulu s\u0131nav\u0131n\u0131 kazan\u0131p okula \u00fc\u00e7\u00fcnc\u00fc s\u0131n\u0131ftan ba\u015flad\u0131. Daha o ya\u015f\u0131nda \u00f6\u011fretmen olaca\u011f\u0131ndan o kadar emindi ki Atat\u00fcrk\u2019le ilk kar\u015f\u0131la\u015fmalar\u0131nda \u201cB\u00fcy\u00fcy\u00fcnce ne olacaks\u0131n \u00e7ocuk?\u201d s\u00f6z\u00fcne, \u201c\u00d6\u011fretmen\u201d yan\u0131t\u0131n\u0131 verdi. <\/span>\u0130lk \u00d6\u011fretmenler G\u00fcn\u00fc\u2019nde y\u0131l\u0131n \u00f6\u011fretmeni se\u00e7ilen, 1982\u2019de emekli olana kadar pek \u00e7ok okulda \u00f6\u011fretmen, m\u00fcd\u00fcr yard\u0131mc\u0131s\u0131 ve okul m\u00fcd\u00fcr\u00fc olarak e\u011fitim verdi.<\/p>\n<p><strong>\u0130lk \u2018mektepli\u2019 kad\u0131n foto\u011fraf\u00e7\u0131: Y\u0131ld\u0131z Moran<br \/>\n<\/strong>Y\u0131ld\u0131z Moran (1932-1995) Anadolu\u2019yu k\u00f6\u015fe bucak \u00e7ekti\u011fi foto\u011fraflar\u0131yla bir d\u00f6nemi kay\u0131t alt\u0131na ald\u0131. Bir r\u00f6portaj\u0131nda ba\u015far\u0131s\u0131zl\u0131k y\u00fcz\u00fcnden ba\u015flad\u0131\u011f\u0131n\u0131 anlat\u0131yor foto\u011fraf\u00e7\u0131l\u0131\u011fa. Kolejde s\u0131n\u0131fta kal\u0131nca, day\u0131s\u0131 ressam Mazhar \u015eevket \u0130p\u015firo\u011flu onu foto\u011frafa y\u00f6neltti.\u00a0 1950\u2019de hen\u00fcz 18 ya\u015f\u0131ndayken apar topar gitti\u011fi Londra\u2019da, \u00f6nce Bloomsbury sonra Ealing Teknik Koleji\u2019nde e\u011fitim ald\u0131. Arkada\u015flar\u0131 aras\u0131nda h\u0131zla sivrilip Londra ve Cambridge\u2019de sergiler a\u00e7t\u0131. \u0130spanya ve Portekiz\u2019i dola\u015f\u0131p \u00e7ekimler yapt\u0131; bu \u00e7ekimleri bir kitap haline getirdi.<br \/>\nT\u00fcrkiye\u2019nin e\u011fitim alm\u0131\u015f ilk kad\u0131n foto\u011fraf\u00e7\u0131s\u0131yd\u0131. Memlekete d\u00f6nd\u00fc\u011f\u00fcnde Anadolu\u2019yu k\u00f6\u015fe bucak dola\u015f\u0131p foto\u011fraflar \u00e7ekti; sergiler a\u00e7t\u0131.<br \/>\n2013\u2019te Pera M\u00fczesi\u2019nde a\u00e7\u0131lan \u2018Y\u0131ld\u0131z Moran-Zamans\u0131z Foto\u011fraflar\u2019 sergisinin katalo\u011fu, onu \u015f\u00f6yle tarif ediyor: \u201cI\u015f\u0131\u011f\u0131 b\u00fcy\u00fck bir ustal\u0131kla kullanarak elde etti\u011fi teknik ba\u015far\u0131s\u0131n\u0131n \u00f6tesinde; ruhunu, akl\u0131n\u0131, kalbini yani kendini de katarak g\u00f6r\u00fcnt\u00fcn\u00fcn izini derinle\u015ftirebilmi\u015f bir foto\u011fraf\u00e7\u0131.\u201d Belli ki izini kaybettirmekte de ustayd\u0131.<\/p>\n<p><strong>Samiye Cahid Morkaya T\u00fcrkiye\u2019nin ilk kad\u0131n otomobil yar\u0131\u015f\u00e7\u0131s\u0131<br \/>\n<\/strong>Samiye Cahid Morkaya (1899-1972) T\u00fcrkiye\u2019nin ilk kad\u0131n otomobil yar\u0131\u015f\u00e7\u0131s\u0131.<br \/>\n\u0130stinye K\u00f6pr\u00fcs\u00fc ile Zincirlikuyu aras\u0131nda 9.5 kilometrelik bir parkur&#8230; Samiye Cahid Han\u0131m (Morkaya) o parkurda yap\u0131lan otomobil yar\u0131\u015f\u0131n\u0131 1932\u2019de birincilikle tamamlad\u0131. Yar\u0131\u015f\u0131n ertesi g\u00fcn\u00fc t\u00fcm gazeteler birinci sayfalar\u0131n\u0131 ona ay\u0131rm\u0131\u015ft\u0131. Otomobil kullanan kad\u0131n say\u0131s\u0131n\u0131n bir elin parmaklar\u0131n\u0131 ge\u00e7medi\u011fi bir d\u00f6nemde, zorlu bir yar\u0131\u015f\u0131 erkek s\u00fcr\u00fcc\u00fclere toz yutturarak kazanan bir kad\u0131n&#8230;<\/p>\n<p><strong>Remziye Hisar (1902-1992)<br \/>\n<\/strong><strong>T\u00fcrkiye\u2019nin ilk kad\u0131n kimya profes\u00f6r\u00fc<br \/>\n<\/strong>Prof. Dr. Remziye Hisar, T\u00fcrkiye Cumhuriyeti\u2019nin ilk kad\u0131n kimyac\u0131s\u0131. Fransa\u2019n\u0131n Sorbonne \u00dcniversitesi\u2019nden mezun olan ilk T\u00fcrk kad\u0131n\u0131 ve d\u00fcnyaca \u00fcnl\u00fc bilgin Madam Curie\u2019nin \u00f6\u011frencisi olmu\u015f tek T\u00fcrk. 1902 y\u0131l\u0131nda \u00dcsk\u00fcp\u2019te do\u011fan Remziye Hisar, Davutpa\u015fa\u2019da \u00fc\u00e7 y\u0131ll\u0131k Mekteb-i \u0130ptidai\u2019yi bir y\u0131lda ba\u015far\u0131yla tamamlay\u0131p dokuz ya\u015f\u0131nda mezun oldu. Dar\u00fclf\u00fcnun\u2019un kimya b\u00f6l\u00fcm\u00fcne kayd\u0131n\u0131 yapt\u0131rd\u0131. Burada \u00f6\u011frenim g\u00f6r\u00fcrken \u00f6\u011fretmeni ve okul arkada\u015flar\u0131yla birlikte Bak\u00fc\u2019ye gitti. Bir erkek \u00f6\u011fretmen okulunda \u00f6\u011frencilere ders vermeye ba\u015flad\u0131. Doktor Re\u015fit S\u00fcreyya G\u00fcrsey ile evlendi.<br \/>\n1930 y\u0131l\u0131nda yeniden Paris\u2019e gitti. Doktora tezini tamamlamas\u0131n\u0131n ard\u0131ndan, T\u00fcrkiye\u2019ye d\u00f6n\u00fcp, 1933 &#8211; 1936 y\u0131llar\u0131 aras\u0131nda \u0130stanbul \u00dcniversitesi\u2019nde kimya ve fizikokimya do\u00e7enti olarak g\u00f6rev yapt\u0131. 1947 y\u0131l\u0131nda \u0130T\u00dc Makine ve Kimya do\u00e7entli\u011fi g\u00f6revine ba\u015flayan Hisar, 1959 y\u0131l\u0131nda profes\u00f6r oldu. 1973 y\u0131l\u0131nda emekliye ayr\u0131ld\u0131. Remziye Hisar, d\u00fcnyaca \u00fcnl\u00fc fizik\u00e7i Feza G\u00fcrsey ve Milletleraras\u0131 Psikoloji Cemiyeti\u2019nin tek T\u00fcrk \u00fcyesi psikiyatrist Deha Han\u0131m\u2019\u0131n annesidir. Remziye Hisar 1992 y\u0131l\u0131nda hayata veda etti.<\/p><div id=\"bghab-3910979591\" class=\"bghab-icerik-icine bghab-entity-placement\"><script async src=\"\/\/pagead2.googlesyndication.com\/pagead\/js\/adsbygoogle.js?client=ca-pub-6203283170189293\" crossorigin=\"anonymous\"><\/script><ins class=\"adsbygoogle\" style=\"display:block; text-align:center;\" data-ad-client=\"ca-pub-6203283170189293\" \ndata-ad-slot=\"7303146466\" \ndata-ad-layout=\"in-article\"\ndata-ad-format=\"fluid\" data-full-width-responsive=\"true\"><\/ins>\n<script> \n(adsbygoogle = window.adsbygoogle || []).push({}); \n<\/script>\n<\/div>\n<p><strong>Dilhan Eryurt (1926-2012) <\/strong><strong style=\"font-size: 1rem;\">T\u00fcrkiye\u2019nin en \u00f6nemli g\u00f6k fizik\u00e7ileri aras\u0131ndayd\u0131.<br \/>\n<\/strong>G\u00fcne\u015f hakk\u0131nda yan\u0131l\u0131yorduk. Bir T\u00fcrk bilim kad\u0131n\u0131 \u00e7\u0131k\u0131p t\u00fcm bilim camias\u0131n\u0131 d\u00fczeltene kadar&#8230; G\u00fcne\u015fin parlakl\u0131k ve s\u0131cakl\u0131\u011f\u0131n\u0131n gezegenlerin olu\u015fum s\u00fcrecinde D\u00fcnya ve Ay\u2019\u0131n fiziksel ve kimyasal \u00f6zelliklerine do\u011frudan etki yapt\u0131\u011f\u0131n\u0131, bilim \u00e2lemi b\u00fcy\u00fck \u00f6l\u00e7\u00fcde onun \u00e7al\u0131\u015fmalar\u0131n\u0131n katk\u0131s\u0131yla \u00e7\u00f6zd\u00fc. Az i\u015f de\u011fil, insano\u011flunun 1969\u2019da \u00e7\u0131kt\u0131\u011f\u0131 o muazzam Ay yolculu\u011fu bu bilgiler \u0131\u015f\u0131\u011f\u0131nda yap\u0131ld\u0131; astronotlar\u0131n orada kar\u015f\u0131la\u015faca\u011f\u0131 ortam bu \u00e7al\u0131\u015fmayla et\u00fct edildi. T\u00fcrk astrofizik\u00e7i Dilhan Eryurt\u2019a NASA\u2019n\u0131n hemen o y\u0131l, 1969\u2019da \u2018Apollo Ba\u015far\u0131 \u00d6d\u00fcl\u00fc\u2019 vermesi bu y\u00fczden&#8230;\u00a0NASA\u2019da \u00e7al\u0131\u015fan (1961-1973) ilk T\u00fcrk bilim kad\u0131n\u0131&#8230;<strong><br \/>\n<\/strong>G\u00fcne\u015fin ve y\u0131ld\u0131zlar\u0131n evrimini anlamada insanl\u0131\u011fa b\u00fcy\u00fck katk\u0131 sunmu\u015f bir astrofizik\u00e7i. ODT\u00dc\u2019de astrofizik anabilim dal\u0131n\u0131 kuran ki\u015fi. Say\u0131s\u0131z uluslararas\u0131 ba\u015far\u0131, onlarca \u00f6d\u00fcl&#8230; Ankara\u2019da yol paras\u0131n\u0131 g\u00fc\u00e7l\u00fckle denkle\u015ftirip iki g\u00fcnde bir rasathaneye giderek saatleri kuran gen\u00e7 bir asistanken, bilim d\u00fcnyas\u0131n\u0131n zirvesine \u00e7ok uzun bir yolu y\u00fcr\u00fcd\u00fc.<\/p>\n<p>Bir amac\u0131 da kendisinden sonra gelen gen\u00e7 kad\u0131nlar\u0131n hayat\u0131n\u0131 kolayla\u015ft\u0131rmakt\u0131. \u00d6l\u00fcm\u00fcnden iki y\u0131l evvel, kocas\u0131 Sebahattin Eryurt\u2019la t\u00fcm servetlerini Erzurum Milli E\u011fitim M\u00fcd\u00fcrl\u00fc\u011f\u00fc\u2019ne ba\u011f\u0131\u015flad\u0131. Bu ba\u011f\u0131\u015f\u0131n bir k\u0131sm\u0131yla Erzurum merkezine anaokulu, kalan\u0131yla da Pasinler il\u00e7esine 100 \u00f6\u011frenci kapasiteli bir k\u0131z yurdu yapt\u0131r\u0131lmas\u0131n\u0131 \u015fart ko\u015fmu\u015ftu. \u00c7ocuklar\u0131 oldu\u011fu halde t\u00fcm servetini neden ba\u011f\u0131\u015flad\u0131\u011f\u0131n\u0131 soranlara, \u201c\u00d6mr\u00fcm\u00fcz\u00fcn sonuna geldik, memlekete vefa borcumuzu \u00f6demek istedik\u201d diyecekti. Dilhan Eryurt\u2019u yeterince tan\u0131m\u0131yor olmam\u0131z bizim kusurumuz. Bir kuru te\u015fekk\u00fcr yetmez; o bizim g\u00f6\u011fe bakmam\u0131z\u0131 sa\u011flad\u0131.<\/p>\n<p><strong>\u0130lk kad\u0131n jet pilotu &#8211; Leman Alt\u0131n\u00e7eki\u00e7:<br \/>\n<\/strong>Hem T\u00fcrkiye&#8217;nin hem de NATO kuvvetlerinin ilk jet pilotu olmu\u015ftur ve uzun d\u00f6nem NATO kuvvetlerinde bir kad\u0131n olarak tek ba\u015f\u0131na g\u00f6rev alm\u0131\u015ft\u0131r.<\/p>\n<p><strong>\u0130lk Kad\u0131n Ba\u015fbakan: <\/strong><strong>Tansu \u00c7iller<br \/>\n<\/strong>T\u00fcrkiye\u2019nin ilk kad\u0131n ba\u015fbakan\u0131 se\u00e7ildi\u011finde Cumhuriyet, 70\u2019inci y\u0131l\u0131n\u0131 kutluyordu. T\u0131pk\u0131 se\u00e7me ve se\u00e7ilme hakk\u0131nda oldu\u011fu gibi T\u00fcrkiye, Bat\u0131 demokrasilerinin bir\u00e7o\u011fundan \u00f6nce kad\u0131n bir ba\u015fbakan se\u00e7mi\u015fti.<br \/>\n\u00c7iller, S\u00fcleyman Demirel taraf\u0131ndan, 20 Ekim 1991\u2019de yap\u0131lan se\u00e7imler \u00f6ncesinde siyasete davet edildi. Do\u011fru Yol Partisi\u2019nde Genel Ba\u015fkan Yard\u0131mc\u0131s\u0131 oldu. \u0130stanbul Milletvekili olarak parlamentoya girdi ve hemen ard\u0131ndan DYP-SHP koalisyonunda ekonomiden sorumlu devlet bakanl\u0131\u011f\u0131 g\u00f6revine getirildi. Birka\u00e7 y\u0131l sonra T\u00fcrkiye\u2019nin \u2018ilk kad\u0131n d\u0131\u015fi\u015fleri bakan\u0131\u2019 unvan\u0131na da sahip olacakt\u0131.<br \/>\nSiyasete girmeden \u00f6nce Bo\u011fazi\u00e7i \u00dcniversitesi\u2019nde ekonomi profes\u00f6r\u00fcyd\u00fc. ABD\u2019de New Hampshire ve Connecticut \u00fcniversitelerinde e\u011fitim g\u00f6rm\u00fc\u015ft\u00fc. Sekizinci Cumhurba\u015fkan\u0131 Turgut \u00d6zal\u2019\u0131n 17 Nisan 1993\u2019te beklenmeyen \u00f6l\u00fcm\u00fc, siyasi kariyerinde \u00c7iller\u2019in \u00f6n\u00fcn\u00fc a\u00e7t\u0131. S\u00fcleyman Demirel, K\u00f6\u015fk\u2019e \u00e7\u0131k\u0131nca DYP Genel Ba\u015fkanl\u0131\u011f\u0131 ve ba\u015fbakanl\u0131k g\u00f6revine geldi.<\/p>\n<div class=\" col-lg-9 col-md-12 col-sm-12 col-xs-12\">\n<div class=\"description\">\n<p><strong>\u0130lk kad\u0131n opera sanat\u00e7\u0131s\u0131 &#8211; Semiha Berksoy:<br \/>\n<\/strong>Devlet bursuyla yurt d\u0131\u015f\u0131nda \u00f6\u011frenim g\u00f6rm\u00fc\u015f ve Almanya ve Portekiz&#8217;de de sahneye \u00e7\u0131km\u0131\u015ft\u0131r.<\/p>\n<\/div>\n<\/div>\n<div class=\"col-lg-9 col-md-12 col-sm-12 col-xs-12 text-center\">\n<div class=\" col-lg-9 col-md-12 col-sm-12 col-xs-12\">\n<div class=\"description\">\n<p><strong>Olimpiyatlar&#8217;da madalya kazanan ilk T\u00fcrk kad\u0131n sporcu &#8211; H\u00fclya \u015eenyurt:<br \/>\n<\/strong>Hen\u00fcz 16 ya\u015f\u0131nda judoda elde etti\u011fi 3.&#8217;l\u00fck ile bronz madalya kazand\u0131 ve Olimpiyat tarihinin madalya alan ilk T\u00fcrk kad\u0131n sporcusu oldu.<\/p>\n<\/div>\n<\/div>\n<div class=\"col-lg-9 col-md-12 col-sm-12 col-xs-12 text-center\">\n<div class=\" col-lg-9 col-md-12 col-sm-12 col-xs-12\">\n<div class=\"description\">\n<p><strong>Avrupa ve D\u00fcnya G\u00fcre\u015f \u015eampiyonas\u0131&#8217;n\u0131n ilk T\u00fcrk kad\u0131n \u015fampiyonu &#8211; Yasemin Adar:<br \/>\n<\/strong>T\u00fcrkiye g\u00fcre\u015f tarihinde yepyeni bir sayfa a\u00e7arak hem Avrupa hem de D\u00fcnya&#8217;da \u015fampiyon olan ilk T\u00fcrk kad\u0131n sporcu oldu.<\/p>\n<\/div>\n<\/div>\n<div class=\"col-lg-9 col-md-12 col-sm-12 col-xs-12 text-center\">\n<div class=\" col-lg-9 col-md-12 col-sm-12 col-xs-12\">\n<div class=\"description\">\n<p><strong>Avrupa Eskrim \u015eampiyonas\u0131&#8217;n\u0131n ilk T\u00fcrk \u015fampiyonu &#8211; Deniz Selin \u00dcnl\u00fcda\u011f:<br \/>\n<\/strong>Y\u0131ld\u0131zlar ve gen\u00e7ler kategorilerinde Avrupa \u015fampiyonlu\u011fu elde eden ilk T\u00fcrk sporcu oldu.<\/p>\n<\/div>\n<\/div>\n<div class=\"col-lg-9 col-md-12 col-sm-12 col-xs-12 text-center\">\n<div class=\" col-lg-9 col-md-12 col-sm-12 col-xs-12\">\n<div class=\"description\">\n<p><strong>Serbest dal\u0131\u015f D\u00fcnya rekortmeni &#8211; \u015eahika Erc\u00fcmen:<\/strong><br \/>\nKat\u0131ld\u0131\u011f\u0131 3. Ulusal Antarktika Bilim Seferi&#8217;nde t\u00fcps\u00fcz dal\u0131\u015f yaparak tarihe ge\u00e7ti. Serbest dal\u0131\u015f stilinde D\u00fcnya rekortmeni oldu.<\/p>\n<\/div>\n<\/div>\n<div class=\"col-lg-9 col-md-12 col-sm-12 col-xs-12 text-center\">\n<div class=\" col-lg-9 col-md-12 col-sm-12 col-xs-12\">\n<div class=\"description\">\n<p><strong>Olimpiyatlar&#8217;da 2 kez \u015fampiyon olan ilk ve tek T\u00fcrk kad\u0131n Taekwondo sporcusu &#8211; Nur Tatar Askari:<br \/>\n<\/strong>2012 ve 2016 Olimpiyat Oyunlar\u0131&#8217;nda alt\u0131n madalya kazanarak \u015fampiyon oldu.<\/p>\n<\/div>\n<\/div>\n<div class=\"col-lg-9 col-md-12 col-sm-12 col-xs-12 text-center\">\n<div class=\" col-lg-9 col-md-12 col-sm-12 col-xs-12\">\n<div class=\"description\">\n<p><strong>Avrupa \u015eampiyonu paralimpik y\u00fcz\u00fcc\u00fc &#8211; S\u00fcmeyye Boyac\u0131:\u00a0<\/strong>Do\u011fu\u015ftan 2 kolu olmayan S\u00fcmeyye Boyac\u0131, kat\u0131ld\u0131\u011f\u0131 Avrupa \u015eampiyonas\u0131&#8217;nda alt\u0131n madalya kazanarak Avrupa \u015fampiyonu oldu.<\/p>\n<\/div>\n<\/div>\n<\/div>\n<\/div>\n<\/div>\n<\/div>\n<\/div>\n<\/div>\n<p><strong>\u0130lk kad\u0131n B\u00fcy\u00fckel\u00e7i: Filiz Din\u00e7men<br \/>\n<\/strong>Kad\u0131n \u00e7al\u0131\u015fanlara di\u011fer kurumlardan daha fazla g\u00f6rev veren D\u0131\u015fi\u015fleri Bakanl\u0131\u011f\u0131\u2019nda esas de\u011fi\u015fim 1982\u2019de Filiz Din\u00e7men\u2019in Hollanda Lahey B\u00fcy\u00fckel\u00e7ili\u011fi\u2019ne atanmas\u0131yla ba\u015flad\u0131. Bu mevkiye bile\u011finin hakk\u0131yla gelen Din\u00e7men, 1961\u2019de ba\u015flad\u0131\u011f\u0131 mesle\u011finde Birle\u015fmi\u015f Milletler Daimi Temsilcili\u011fi, Tahran B\u00fcy\u00fckel\u00e7ili\u011fi ve Ortak Pazar Daimi Temsilcili\u011fi\u2019nde zorlu g\u00f6revlerden ge\u00e7tikten sonra T\u00fcrkiye\u2019nin ilk kad\u0131n b\u00fcy\u00fckel\u00e7isi oldu. \u0130lerleyen y\u0131llarda Avusturya ve Vatikan b\u00fcy\u00fckel\u00e7isi olarak da g\u00f6rev yapt\u0131. Bug\u00fcn bile D\u0131\u015fi\u015fleri\u2019nde \u00e7i\u00e7e\u011fi burnunda bir meslek memuru olarak kariyerlerine ba\u015flayan gen\u00e7 kad\u0131nlara ilham veren 1939 do\u011fumlu Din\u00e7men, 1984\u2019te verdi\u011fi bir r\u00f6portajda \u015funlar\u0131 s\u00f6yl\u00fcyordu: \u201cT\u00fcrkiye\u2019nin kalk\u0131nmas\u0131, kad\u0131nlar\u0131n katk\u0131lar\u0131 olmadan tam anlam\u0131yla ger\u00e7ekle\u015femez.\u201d<\/p><div id=\"bghab-579595805\" class=\"bghab-icerik-icine-10-paragraf bghab-entity-placement\"><script async src=\"\/\/pagead2.googlesyndication.com\/pagead\/js\/adsbygoogle.js?client=ca-pub-6203283170189293\" crossorigin=\"anonymous\"><\/script><ins class=\"adsbygoogle\" style=\"display:block; text-align:center;\" data-ad-client=\"ca-pub-6203283170189293\" \ndata-ad-slot=\"7303146466\" \ndata-ad-layout=\"in-article\"\ndata-ad-format=\"fluid\" data-full-width-responsive=\"true\"><\/ins>\n<script> \n(adsbygoogle = window.adsbygoogle || []).push({}); \n<\/script>\n<\/div>\n<p><strong>\u0130lk Kad\u0131n Milletvekili: <\/strong><strong>Benal Ar\u0131man<br \/>\n<\/strong>Se\u00e7ilme hakk\u0131n\u0131 ilk kullanan kad\u0131n, Benal Ar\u0131man\u2019d\u0131r. 1935 y\u0131l\u0131nda Atat\u00fcrk\u2019\u00fcn meclisinde milletvekilli\u011fini hakk\u0131yla kazanm\u0131\u015ft\u0131r. Sorbonne \u00dcniversitesi\u2019nde edebiyat e\u011fitimi alm\u0131\u015ft\u0131r ve \u0130zmir\u2019de Halk Partisi\u2019nde g\u00f6re alan kad\u0131nlar\u0131n partilere girmedi\u011fi d\u00f6nemde, Latin alfabesinin \u00f6\u011frenilmesi ve yayg\u0131nla\u015ft\u0131r\u0131lmas\u0131 ad\u0131na \u00e7al\u0131\u015fm\u0131\u015ft\u0131r. Ard\u0131ndan milletvekili se\u00e7ilmi\u015ftir.<br \/>\nBelediye ve parti \u00fcyeli\u011finden sonra bir kad\u0131n olarak hi\u00e7 rahats\u0131zl\u0131k duymam\u0131\u015ft\u0131r. 16 y\u0131l boyunca kad\u0131n milletvekili olarak g\u00f6rev yapm\u0131\u015ft\u0131r. Hamilelik d\u00f6neminde y\u0131ll\u0131k izinlerini kullanarak gizlice do\u011fum yapm\u0131\u015ft\u0131r. Bu s\u00fcre\u00e7te, TBMM\u2019de bulunmamay\u0131 \u00f6ng\u00f6rd\u00fc\u011f\u00fcn\u00fc s\u00f6ylemi\u015ftir.<\/p>\n<div id=\"bghab-1476211127\" class=\"bghab-yazi-altinda bghab-entity-placement\"><script async src=\"https:\/\/pagead2.googlesyndication.com\/pagead\/js\/adsbygoogle.js\"><\/script>\r\n<!-- bghaber-yaz\u0131-sonu -->\r\n<ins class=\"adsbygoogle\"\r\n     style=\"display:block\"\r\n     data-ad-client=\"ca-pub-6203283170189293\"\r\n     data-ad-slot=\"4222328180\"\r\n     data-ad-format=\"auto\"\r\n     data-full-width-responsive=\"true\"><\/ins>\r\n<script>\r\n     (adsbygoogle = window.adsbygoogle || []).push({});\r\n<\/script><\/div><br style=\"clear: both; display: block; float: none;\"\/>","protected":false},"excerpt":{"rendered":"<p>Raziye \u00c7AKIR T\u00fcrkiye&#8217;nin ilk \u00f6\u011fretmeni: Refet Ang\u0131n (1915-2010) Emniyet Amiri Haf\u0131z \u015eerif Bey\u2019in k\u0131z\u0131 Refet Ang\u0131n\u2019\u0131n hik\u00e2yesi, 1915 y\u0131l\u0131nda Gelibolu\u2019da sava\u015f\u0131n ve k\u0131tl\u0131\u011f\u0131n hakim oldu\u011fu<\/p>\n","protected":false},"author":14,"featured_media":42430,"comment_status":"closed","ping_status":"closed","sticky":false,"template":"","format":"standard","meta":{"advanced_seo_description":"","jetpack_seo_html_title":"","jetpack_seo_noindex":false,"jetpack_seo_schema_type":"","_jetpack_newsletter_access":"","_jetpack_dont_email_post_to_subs":false,"_jetpack_newsletter_tier_id":0,"_jetpack_memberships_contains_paywalled_content":false,"_jetpack_feature_clip_id":0,"_jetpack_memberships_contains_paid_content":false,"footnotes":"","jetpack_post_was_ever_published":false},"categories":[6],"tags":[],"class_list":["post-44863","post","type-post","status-publish","format-standard","has-post-thumbnail","hentry","category-yorum"],"jetpack_sharing_enabled":true,"jetpack_likes_enabled":true,"jetpack-related-posts":[],"jetpack_shortlink":"https:\/\/wp.me\/pc2PfJ-bFB","jetpack_featured_media_url":"https:\/\/i0.wp.com\/www.bghaber.org\/bghaber\/wp-content\/uploads\/2019\/12\/raziye-rsm.jpg?fit=230%2C342&ssl=1","_links":{"self":[{"href":"https:\/\/www.bghaber.org\/bghaber\/wp-json\/wp\/v2\/posts\/44863","targetHints":{"allow":["GET"]}}],"collection":[{"href":"https:\/\/www.bghaber.org\/bghaber\/wp-json\/wp\/v2\/posts"}],"about":[{"href":"https:\/\/www.bghaber.org\/bghaber\/wp-json\/wp\/v2\/types\/post"}],"author":[{"embeddable":true,"href":"https:\/\/www.bghaber.org\/bghaber\/wp-json\/wp\/v2\/users\/14"}],"replies":[{"embeddable":true,"href":"https:\/\/www.bghaber.org\/bghaber\/wp-json\/wp\/v2\/comments?post=44863"}],"version-history":[{"count":0,"href":"https:\/\/www.bghaber.org\/bghaber\/wp-json\/wp\/v2\/posts\/44863\/revisions"}],"wp:featuredmedia":[{"embeddable":true,"href":"https:\/\/www.bghaber.org\/bghaber\/wp-json\/wp\/v2\/media\/42430"}],"wp:attachment":[{"href":"https:\/\/www.bghaber.org\/bghaber\/wp-json\/wp\/v2\/media?parent=44863"}],"wp:term":[{"taxonomy":"category","embeddable":true,"href":"https:\/\/www.bghaber.org\/bghaber\/wp-json\/wp\/v2\/categories?post=44863"},{"taxonomy":"post_tag","embeddable":true,"href":"https:\/\/www.bghaber.org\/bghaber\/wp-json\/wp\/v2\/tags?post=44863"}],"curies":[{"name":"wp","href":"https:\/\/api.w.org\/{rel}","templated":true}]}}