{"id":44642,"date":"2020-02-25T14:00:08","date_gmt":"2020-02-25T11:00:08","guid":{"rendered":"https:\/\/www.bghaber.org\/bghaber\/?p=44642"},"modified":"2020-02-24T23:39:09","modified_gmt":"2020-02-24T20:39:09","slug":"filibede-21-subat-dunya-ana-dili-gunu-kutlandi","status":"publish","type":"post","link":"https:\/\/www.bghaber.org\/bghaber\/filibede-21-subat-dunya-ana-dili-gunu-kutlandi\/","title":{"rendered":"Filibe\u2019de 21 \u015eubat D\u00fcnya Ana Dili G\u00fcn\u00fc Kutland\u0131"},"content":{"rendered":"<p>Filibe kenti \u00fc\u00e7\u00fcnc\u00fc y\u0131l 21 \u015eubat D\u00fcnya Ana Dili G\u00fcn\u00fc kutlamalar\u0131na kat\u0131ld\u0131. Filibe B\u00fcy\u00fck\u015fehir Belediyesi K\u00fclt\u00fcr Sanat Etkinlikleri Takvimi\u2019nde yer alan etkinlik, T\u00fcrk-Bulgar Edebiyat Kul\u00fcb\u00fc taraf\u0131ndan Filibe Konsoloslar Kul\u00fcb\u00fc\u2019n\u00fcn deste\u011fiyle organize edildi.<\/p>\n<p>Kentte ya\u015fayan de\u011fi\u015fik etnik gruplar\u0131n kendi dillerinde ninniler s\u00f6ylemesi, geleneksel danslar sergilemesi ve ilk Bulgar ve Slav alfabesi Glagolitsa hakk\u0131nda film g\u00f6sterimi, onlarca konu\u011fun kat\u0131ld\u0131\u011f\u0131 programda yap\u0131lan s\u00fcrprizlerin sadece bir par\u00e7as\u0131yd\u0131. Dobrin Petkov M\u00fczik ve Dans Sanatlar\u0131 Okulu konser salonunda d\u00fczenlenen etkinli\u011fin kat\u0131l\u0131mc\u0131lar\u0131 i\u00e7in 2019 y\u0131l\u0131nda Avrupa\u2019n\u0131n K\u00fclt\u00fcr Ba\u015fkenti ilan edilen Filibe\u2019deki dil \u00e7e\u015fitlili\u011fini yak\u0131ndan g\u00f6rmek etkileyiciydi.<\/p>\n<p>Programda yer alan kat\u0131l\u0131mc\u0131lar, Bulgarca, T\u00fcrk\u00e7e, \u0130ngilizce, Almanca, Felemenk\u00e7e, Frans\u0131zca, Rus\u00e7a, Ermenice, \u0130talyanca vb. dillerde konu\u015ftu.<\/p>\n<p>Salonda Mo\u011folca ve Azerice s\u00f6zler bile i\u015fitildi. Bir\u00e7ok Filibe Okulu, lise ve \u00fcniversiteden \u00e7ocuklar\u0131n ve gen\u00e7lerin dil becerileri bir j\u00fcri taraf\u0131ndan de\u011ferlendirildi. J\u00fcride Filibe \u00dcniversitesi\u2019nde \u00f6\u011fretim g\u00f6revlisi Prof. Dr. Hristina Ton\u00e7eva, Filibe\u2019deki M\u00fczik ve Dans Sanatlar\u0131 Akademisi\u2019nin yeni rekt\u00f6r\u00fc Prof. Dr. Toni \u015eekercieva-Novak ve Filibe Konsoloslar Kul\u00fcb\u00fc Ba\u015fkan Yard\u0131mc\u0131s\u0131 Dr. Maria \u00c7olakova yer ald\u0131lar.<\/p>\n<p>Programda sahne alan \u00e7ocuk ve gen\u00e7lere te\u015fekk\u00fcr belgesi ve 21 \u015eubat D\u00fcnya Ana Dili G\u00fcn\u00fc i\u00e7in \u00f6zel olarak haz\u0131rlanan plaketler sunuldu.<\/p><div id=\"bghab-1233799602\" class=\"bghab-icerik-icine bghab-entity-placement\"><script async src=\"\/\/pagead2.googlesyndication.com\/pagead\/js\/adsbygoogle.js?client=ca-pub-6203283170189293\" crossorigin=\"anonymous\"><\/script><ins class=\"adsbygoogle\" style=\"display:block; text-align:center;\" data-ad-client=\"ca-pub-6203283170189293\" \ndata-ad-slot=\"7303146466\" \ndata-ad-layout=\"in-article\"\ndata-ad-format=\"fluid\" data-full-width-responsive=\"true\"><\/ins>\n<script> \n(adsbygoogle = window.adsbygoogle || []).push({}); \n<\/script>\n<\/div>\n<p>Filibe Konsoloslar Birli\u011fi Ba\u015fkan\u0131 ve T\u00fcrkiye\u2019nin Filibe Ba\u015fkonsolosu H\u00fcseyin Ergani, t\u00fcm kat\u0131l\u0131mc\u0131lara te\u015fekk\u00fcr etti.<\/p>\n<p>&nbsp;<\/p>\n<p>K\u0131rcaali Haber<\/p>\n<div id=\"bghab-1508414216\" class=\"bghab-yazi-altinda bghab-entity-placement\"><script async src=\"https:\/\/pagead2.googlesyndication.com\/pagead\/js\/adsbygoogle.js\"><\/script>\r\n<!-- bghaber-yaz\u0131-sonu -->\r\n<ins class=\"adsbygoogle\"\r\n     style=\"display:block\"\r\n     data-ad-client=\"ca-pub-6203283170189293\"\r\n     data-ad-slot=\"4222328180\"\r\n     data-ad-format=\"auto\"\r\n     data-full-width-responsive=\"true\"><\/ins>\r\n<script>\r\n     (adsbygoogle = window.adsbygoogle || []).push({});\r\n<\/script><\/div><br style=\"clear: both; display: block; float: none;\"\/>","protected":false},"excerpt":{"rendered":"<p>Filibe kenti \u00fc\u00e7\u00fcnc\u00fc y\u0131l 21 \u015eubat D\u00fcnya Ana Dili G\u00fcn\u00fc kutlamalar\u0131na kat\u0131ld\u0131. Filibe B\u00fcy\u00fck\u015fehir Belediyesi K\u00fclt\u00fcr Sanat Etkinlikleri Takvimi\u2019nde yer alan etkinlik, T\u00fcrk-Bulgar Edebiyat Kul\u00fcb\u00fc<\/p>\n","protected":false},"author":29,"featured_media":44643,"comment_status":"closed","ping_status":"closed","sticky":false,"template":"","format":"standard","meta":{"advanced_seo_description":"","jetpack_seo_html_title":"","jetpack_seo_noindex":false,"jetpack_seo_schema_type":"","_jetpack_newsletter_access":"","_jetpack_dont_email_post_to_subs":false,"_jetpack_newsletter_tier_id":0,"_jetpack_memberships_contains_paywalled_content":false,"_jetpack_feature_clip_id":0,"_jetpack_memberships_contains_paid_content":false,"footnotes":"","jetpack_post_was_ever_published":false},"categories":[1,10],"tags":[2460,30,143,144,340],"class_list":["post-44642","post","type-post","status-publish","format-standard","has-post-thumbnail","hentry","category-haberler","category-kultur-sanat","tag-anadil","tag-bulgaristan","tag-filibe","tag-plovdiv","tag-turkce"],"jetpack_sharing_enabled":true,"jetpack_likes_enabled":true,"jetpack-related-posts":[],"jetpack_shortlink":"https:\/\/wp.me\/pc2PfJ-bC2","jetpack_featured_media_url":"https:\/\/i0.wp.com\/www.bghaber.org\/bghaber\/wp-content\/uploads\/2020\/02\/Filibe%E2%80%99de-21-%C5%9Eubat-D%C3%BCnya-Ana-Dili-G%C3%BCn%C3%BC-Kutland%C4%B1.jpg?fit=1024%2C683&ssl=1","_links":{"self":[{"href":"https:\/\/www.bghaber.org\/bghaber\/wp-json\/wp\/v2\/posts\/44642","targetHints":{"allow":["GET"]}}],"collection":[{"href":"https:\/\/www.bghaber.org\/bghaber\/wp-json\/wp\/v2\/posts"}],"about":[{"href":"https:\/\/www.bghaber.org\/bghaber\/wp-json\/wp\/v2\/types\/post"}],"author":[{"embeddable":true,"href":"https:\/\/www.bghaber.org\/bghaber\/wp-json\/wp\/v2\/users\/29"}],"replies":[{"embeddable":true,"href":"https:\/\/www.bghaber.org\/bghaber\/wp-json\/wp\/v2\/comments?post=44642"}],"version-history":[{"count":0,"href":"https:\/\/www.bghaber.org\/bghaber\/wp-json\/wp\/v2\/posts\/44642\/revisions"}],"wp:featuredmedia":[{"embeddable":true,"href":"https:\/\/www.bghaber.org\/bghaber\/wp-json\/wp\/v2\/media\/44643"}],"wp:attachment":[{"href":"https:\/\/www.bghaber.org\/bghaber\/wp-json\/wp\/v2\/media?parent=44642"}],"wp:term":[{"taxonomy":"category","embeddable":true,"href":"https:\/\/www.bghaber.org\/bghaber\/wp-json\/wp\/v2\/categories?post=44642"},{"taxonomy":"post_tag","embeddable":true,"href":"https:\/\/www.bghaber.org\/bghaber\/wp-json\/wp\/v2\/tags?post=44642"}],"curies":[{"name":"wp","href":"https:\/\/api.w.org\/{rel}","templated":true}]}}