{"id":446,"date":"2013-04-15T11:10:49","date_gmt":"2013-04-15T08:10:49","guid":{"rendered":"http:\/\/bghaber.org\/bghaber\/?p=446"},"modified":"2019-07-19T00:07:56","modified_gmt":"2019-07-18T22:07:56","slug":"uluslararasi-uzmanlar-bulgaristanin-enerji-sektorunu-teftis-edecekler","status":"publish","type":"post","link":"https:\/\/www.bghaber.org\/bghaber\/uluslararasi-uzmanlar-bulgaristanin-enerji-sektorunu-teftis-edecekler\/","title":{"rendered":"Bulgaristan\u2019\u0131n enerji sekt\u00f6r\u00fcn\u00fc tefti\u015f edecekler"},"content":{"rendered":"<p>Ekonomi Bakan\u0131 Asen Vasilev\u2019in yapt\u0131\u011f\u0131 a\u00e7\u0131klamaya g\u00f6re D\u00fcnya Bankas\u0131\u2019ndan uzmanlar , enerji sisteminde yap\u0131lacak tefti\u015fe kat\u0131lacaklar. Enerji alan\u0131nda yat\u0131r\u0131m giderlerinin etkinli\u011fini de\u011ferlendirecek uzmanlar\u0131n bug\u00fcn \u00fclkemize gelmeleri bekleniyor. <!--more-->\u015eu an itibar\u0131yla sistem savc\u0131l\u0131k ve farkl\u0131 denetim str\u00fckt\u00fcrleri taraf\u0131ndan tefti\u015f ediliyor. Enerji alan\u0131ndaki anla\u015fmalar\u0131n Avrupa kurallar\u0131na uyumlulu\u011funu ara\u015ft\u0131rmak \u00fczere Sal\u0131 g\u00fcn\u00fc D\u00fcnya Bankas\u0131 uzmanlar\u0131na Avrupa Komisyonu\u2019nun Rekabetg\u00fcc\u00fc ve Enerji M\u00fcd\u00fcrl\u00fckleri\u2019nden m\u00fcfetti\u015flerin kat\u0131laca\u011f\u0131 bildirildi.<\/p>\n<div id=\"bghab-1122712314\" class=\"bghab-yazi-altinda bghab-entity-placement\"><script async src=\"https:\/\/pagead2.googlesyndication.com\/pagead\/js\/adsbygoogle.js\"><\/script>\r\n<!-- bghaber-yaz\u0131-sonu -->\r\n<ins class=\"adsbygoogle\"\r\n     style=\"display:block\"\r\n     data-ad-client=\"ca-pub-6203283170189293\"\r\n     data-ad-slot=\"4222328180\"\r\n     data-ad-format=\"auto\"\r\n     data-full-width-responsive=\"true\"><\/ins>\r\n<script>\r\n     (adsbygoogle = window.adsbygoogle || []).push({});\r\n<\/script><\/div><br style=\"clear: both; display: block; float: none;\"\/>","protected":false},"excerpt":{"rendered":"<p>Ekonomi Bakan\u0131 Asen Vasilev\u2019in yapt\u0131\u011f\u0131 a\u00e7\u0131klamaya g\u00f6re D\u00fcnya Bankas\u0131\u2019ndan uzmanlar , enerji sisteminde yap\u0131lacak tefti\u015fe kat\u0131lacaklar. Enerji alan\u0131nda yat\u0131r\u0131m giderlerinin etkinli\u011fini de\u011ferlendirecek uzmanlar\u0131n bug\u00fcn \u00fclkemize<\/p>\n","protected":false},"author":29,"featured_media":253,"comment_status":"closed","ping_status":"closed","sticky":false,"template":"","format":"standard","meta":{"advanced_seo_description":"","jetpack_seo_html_title":"","jetpack_seo_noindex":false,"jetpack_seo_schema_type":"","_jetpack_newsletter_access":"","_jetpack_dont_email_post_to_subs":false,"_jetpack_newsletter_tier_id":0,"_jetpack_memberships_contains_paywalled_content":false,"_jetpack_feature_clip_id":0,"_jetpack_memberships_contains_paid_content":false,"footnotes":"","jetpack_post_was_ever_published":false},"categories":[9],"tags":[],"class_list":["post-446","post","type-post","status-publish","format-standard","has-post-thumbnail","hentry","category-ekonomi"],"jetpack_sharing_enabled":true,"jetpack_likes_enabled":true,"jetpack-related-posts":[],"jetpack_shortlink":"https:\/\/wp.me\/pc2PfJ-7c","jetpack_featured_media_url":"https:\/\/i0.wp.com\/www.bghaber.org\/bghaber\/wp-content\/uploads\/2013\/04\/partiler-kura.jpg?fit=275%2C183&ssl=1","_links":{"self":[{"href":"https:\/\/www.bghaber.org\/bghaber\/wp-json\/wp\/v2\/posts\/446","targetHints":{"allow":["GET"]}}],"collection":[{"href":"https:\/\/www.bghaber.org\/bghaber\/wp-json\/wp\/v2\/posts"}],"about":[{"href":"https:\/\/www.bghaber.org\/bghaber\/wp-json\/wp\/v2\/types\/post"}],"author":[{"embeddable":true,"href":"https:\/\/www.bghaber.org\/bghaber\/wp-json\/wp\/v2\/users\/29"}],"replies":[{"embeddable":true,"href":"https:\/\/www.bghaber.org\/bghaber\/wp-json\/wp\/v2\/comments?post=446"}],"version-history":[{"count":0,"href":"https:\/\/www.bghaber.org\/bghaber\/wp-json\/wp\/v2\/posts\/446\/revisions"}],"wp:featuredmedia":[{"embeddable":true,"href":"https:\/\/www.bghaber.org\/bghaber\/wp-json\/wp\/v2\/media\/253"}],"wp:attachment":[{"href":"https:\/\/www.bghaber.org\/bghaber\/wp-json\/wp\/v2\/media?parent=446"}],"wp:term":[{"taxonomy":"category","embeddable":true,"href":"https:\/\/www.bghaber.org\/bghaber\/wp-json\/wp\/v2\/categories?post=446"},{"taxonomy":"post_tag","embeddable":true,"href":"https:\/\/www.bghaber.org\/bghaber\/wp-json\/wp\/v2\/tags?post=446"}],"curies":[{"name":"wp","href":"https:\/\/api.w.org\/{rel}","templated":true}]}}