{"id":44488,"date":"2020-02-18T15:00:06","date_gmt":"2020-02-18T12:00:06","guid":{"rendered":"https:\/\/www.bghaber.org\/bghaber\/?p=44488"},"modified":"2020-02-18T01:42:17","modified_gmt":"2020-02-17T22:42:17","slug":"borisov-yalniz-biz-yasadisi-goc-ile-basa-ciktik","status":"publish","type":"post","link":"https:\/\/www.bghaber.org\/bghaber\/borisov-yalniz-biz-yasadisi-goc-ile-basa-ciktik\/","title":{"rendered":"Borisov: Yaln\u0131z biz yasad\u0131\u015f\u0131 g\u00f6\u00e7 ile ba\u015fa \u00e7\u0131kt\u0131k"},"content":{"rendered":"<p>M\u00fcnih G\u00fcvenlik Konferans\u0131 \u00e7er\u00e7evesinde\u00a0 Ba\u015fbakan Boyko Borisov Bavyera Ba\u015fbakan\u0131\u00a0 Markus S\u00f6der ile temasta bulundu.<\/p>\n<p>G\u00f6r\u00fc\u015fme esnas\u0131nda ba\u015fbakan Borisov, Bulgaristan\u2019\u0131n\u00a0 yasad\u0131\u015f\u0131 g\u00f6\u00e7 ile\u00a0 ba\u015fedebilen\u00a0 tek \u00fclke oldu\u011funu,gelirleri her y\u0131l art\u0131rd\u0131\u011f\u0131n\u0131 vurgularken, gayrisafi yurti\u00e7i has\u0131lan\u0131n\u00a0 % 3,7\u2019lik daimi bir art\u0131\u015f sa\u011flad\u0131\u011f\u0131n\u0131, Alman yat\u0131r\u0131mc\u0131 say\u0131s\u0131n\u0131n artt\u0131\u011f\u0131n\u0131, d\u00f6viz yedeklerimizin oldu\u011funu, savunma alan\u0131nda ABD\u2019den sonra yat\u0131r\u0131m say\u0131s\u0131 bak\u0131m\u0131ndan ikinci s\u0131rada yer ald\u0131\u011f\u0131m\u0131z\u0131 belirtti.<\/p>\n<p>\u0130ki h\u00fck\u00fcmet y\u00f6neticisi son y\u0131llarda ger\u00e7ekle\u015ftirilen yo\u011fun siyasi temaslardan, i\u00e7i\u015fleri, g\u00fcvenlik ve turizm alanlar\u0131ndaki h\u0131zl\u0131 ili\u015fkilerden memnuniyetini dile getirdi.Ba\u015fbakan Borisov bunun ard\u0131ndan Almanya Cumhurba\u015fkan\u0131 Frank-Walter Steinmeyer ile g\u00f6r\u00fc\u015ft\u00fc.<\/p>\n<p>\u0130kisi, Avrupa\u2019n\u0131n\u00a0 meydan okumalar kar\u015f\u0131s\u0131nda birle\u015fik kal\u0131p yurtta\u015flar\u0131na g\u00fcvenlik ve ilerleme sa\u011flamas\u0131 gerekti\u011fi g\u00f6r\u00fc\u015f\u00fcnde birle\u015fti,ikili temaslar\u0131 \u00a0geni\u015fletme olanaklar\u0131n\u0131 ele ald\u0131lar.<\/p>\n<p>Ba\u015fbakan Borisov, \u00fclkemizdeki m\u00fckemmel i\u015f yapma olanaklar\u0131n\u0131 vurgulayarak, Bulgaristan\u2019\u0131n Bulgar \u00fcr\u00fcnlerinin elektronik, elektroteknik, makine yap\u0131m\u0131, ileti\u015fim teknolojileri sekt\u00f6rlerinde \u00a0Alman piyasas\u0131ndaki varl\u0131\u011f\u0131n\u0131 art\u0131rma \u00e7al\u0131\u015fmalar\u0131n\u0131 s\u00fcrd\u00fcrece\u011fini s\u00f6yledi.<\/p><div id=\"bghab-1030646849\" class=\"bghab-icerik-icine bghab-entity-placement\"><script async src=\"\/\/pagead2.googlesyndication.com\/pagead\/js\/adsbygoogle.js?client=ca-pub-6203283170189293\" crossorigin=\"anonymous\"><\/script><ins class=\"adsbygoogle\" style=\"display:block; text-align:center;\" data-ad-client=\"ca-pub-6203283170189293\" \ndata-ad-slot=\"7303146466\" \ndata-ad-layout=\"in-article\"\ndata-ad-format=\"fluid\" data-full-width-responsive=\"true\"><\/ins>\n<script> \n(adsbygoogle = window.adsbygoogle || []).push({}); \n<\/script>\n<\/div>\n<p>&nbsp;<\/p>\n<p>BNR<\/p>\n<div id=\"bghab-699652571\" class=\"bghab-yazi-altinda bghab-entity-placement\"><script async src=\"https:\/\/pagead2.googlesyndication.com\/pagead\/js\/adsbygoogle.js\"><\/script>\r\n<!-- bghaber-yaz\u0131-sonu -->\r\n<ins class=\"adsbygoogle\"\r\n     style=\"display:block\"\r\n     data-ad-client=\"ca-pub-6203283170189293\"\r\n     data-ad-slot=\"4222328180\"\r\n     data-ad-format=\"auto\"\r\n     data-full-width-responsive=\"true\"><\/ins>\r\n<script>\r\n     (adsbygoogle = window.adsbygoogle || []).push({});\r\n<\/script><\/div><br style=\"clear: both; display: block; float: none;\"\/>","protected":false},"excerpt":{"rendered":"<p>M\u00fcnih G\u00fcvenlik Konferans\u0131 \u00e7er\u00e7evesinde\u00a0 Ba\u015fbakan Boyko Borisov Bavyera Ba\u015fbakan\u0131\u00a0 Markus S\u00f6der ile temasta bulundu. G\u00f6r\u00fc\u015fme esnas\u0131nda ba\u015fbakan Borisov, Bulgaristan\u2019\u0131n\u00a0 yasad\u0131\u015f\u0131 g\u00f6\u00e7 ile\u00a0 ba\u015fedebilen\u00a0 tek \u00fclke<\/p>\n","protected":false},"author":29,"featured_media":41770,"comment_status":"closed","ping_status":"closed","sticky":false,"template":"","format":"standard","meta":{"advanced_seo_description":"","jetpack_seo_html_title":"","jetpack_seo_noindex":false,"jetpack_seo_schema_type":"","_jetpack_newsletter_access":"","_jetpack_dont_email_post_to_subs":false,"_jetpack_newsletter_tier_id":0,"_jetpack_memberships_contains_paywalled_content":false,"_jetpack_feature_clip_id":0,"_jetpack_memberships_contains_paid_content":false,"footnotes":"","jetpack_post_was_ever_published":false},"categories":[1,4],"tags":[122,30,1458],"class_list":["post-44488","post","type-post","status-publish","format-standard","has-post-thumbnail","hentry","category-haberler","category-siyaset","tag-boyko-borisov","tag-bulgaristan","tag-goc"],"jetpack_sharing_enabled":true,"jetpack_likes_enabled":true,"jetpack-related-posts":[],"jetpack_shortlink":"https:\/\/wp.me\/pc2PfJ-bzy","jetpack_featured_media_url":"https:\/\/i0.wp.com\/www.bghaber.org\/bghaber\/wp-content\/uploads\/2019\/11\/boyko-borisov-bulgaristan-ba%C5%9Fbakani-2019.jpg?fit=925%2C520&ssl=1","_links":{"self":[{"href":"https:\/\/www.bghaber.org\/bghaber\/wp-json\/wp\/v2\/posts\/44488","targetHints":{"allow":["GET"]}}],"collection":[{"href":"https:\/\/www.bghaber.org\/bghaber\/wp-json\/wp\/v2\/posts"}],"about":[{"href":"https:\/\/www.bghaber.org\/bghaber\/wp-json\/wp\/v2\/types\/post"}],"author":[{"embeddable":true,"href":"https:\/\/www.bghaber.org\/bghaber\/wp-json\/wp\/v2\/users\/29"}],"replies":[{"embeddable":true,"href":"https:\/\/www.bghaber.org\/bghaber\/wp-json\/wp\/v2\/comments?post=44488"}],"version-history":[{"count":0,"href":"https:\/\/www.bghaber.org\/bghaber\/wp-json\/wp\/v2\/posts\/44488\/revisions"}],"wp:featuredmedia":[{"embeddable":true,"href":"https:\/\/www.bghaber.org\/bghaber\/wp-json\/wp\/v2\/media\/41770"}],"wp:attachment":[{"href":"https:\/\/www.bghaber.org\/bghaber\/wp-json\/wp\/v2\/media?parent=44488"}],"wp:term":[{"taxonomy":"category","embeddable":true,"href":"https:\/\/www.bghaber.org\/bghaber\/wp-json\/wp\/v2\/categories?post=44488"},{"taxonomy":"post_tag","embeddable":true,"href":"https:\/\/www.bghaber.org\/bghaber\/wp-json\/wp\/v2\/tags?post=44488"}],"curies":[{"name":"wp","href":"https:\/\/api.w.org\/{rel}","templated":true}]}}