{"id":44443,"date":"2020-02-18T03:30:07","date_gmt":"2020-02-18T00:30:07","guid":{"rendered":"https:\/\/www.bghaber.org\/bghaber\/?p=44443"},"modified":"2020-02-18T00:35:16","modified_gmt":"2020-02-17T21:35:16","slug":"bulgaristanda-secimlerde-oylama-makinesi-kullanilacak","status":"publish","type":"post","link":"https:\/\/www.bghaber.org\/bghaber\/bulgaristanda-secimlerde-oylama-makinesi-kullanilacak\/","title":{"rendered":"Bulgaristan&#8217;da se\u00e7imlerde oylama makinesi kullan\u0131lacak"},"content":{"rendered":"<p>Ba\u015fbakan Boyko Borisov, bir sonraki parlamento se\u00e7imlerinde her se\u00e7im yerinde oylama makinesi olacak ve makine oylamas\u0131 yap\u0131lacak. Se\u00e7im Yasas\u0131nda yaz\u0131lanlar\u0131 yerine getirmemiz gerekiyor, dedi.<\/p>\n<p>Ba\u015fbakan Yard\u0131mc\u0131s\u0131 Tomislav Don\u00e7ev, Merkez Se\u00e7im Komisyonu taraf\u0131ndan 15 bin oylama makinesinin sat\u0131n almas\u0131n\u0131n gerekti\u011fini ve bunun maliyetinin onlarca milyon leva oldu\u011funu belirtti.<\/p>\n<p>Hem makine, hem de ka\u011f\u0131t oyunun kullan\u0131lmas\u0131n\u0131n aptalca olaca\u011f\u0131n\u0131 ve se\u00e7imlerin daha da pahal\u0131 olaca\u011f\u0131n\u0131 belirten \u00a0Tomislav Don\u00e7ev, bundan sonra sadece makine oylamas\u0131 olaca\u011f\u0131ndan dolay\u0131, oylama makinelerinin kiral\u0131k yerine sat\u0131n al\u0131nmal\u0131d\u0131r, \u015feklinde konu\u015ftu.<\/p>\n<p>&nbsp;<\/p>\n<p>BNR<\/p>\n<div id=\"bghab-661831802\" class=\"bghab-yazi-altinda bghab-entity-placement\"><script async src=\"https:\/\/pagead2.googlesyndication.com\/pagead\/js\/adsbygoogle.js\"><\/script>\r\n<!-- bghaber-yaz\u0131-sonu -->\r\n<ins class=\"adsbygoogle\"\r\n     style=\"display:block\"\r\n     data-ad-client=\"ca-pub-6203283170189293\"\r\n     data-ad-slot=\"4222328180\"\r\n     data-ad-format=\"auto\"\r\n     data-full-width-responsive=\"true\"><\/ins>\r\n<script>\r\n     (adsbygoogle = window.adsbygoogle || []).push({});\r\n<\/script><\/div><br style=\"clear: both; display: block; float: none;\"\/>","protected":false},"excerpt":{"rendered":"<p>Ba\u015fbakan Boyko Borisov, bir sonraki parlamento se\u00e7imlerinde her se\u00e7im yerinde oylama makinesi olacak ve makine oylamas\u0131 yap\u0131lacak. Se\u00e7im Yasas\u0131nda yaz\u0131lanlar\u0131 yerine getirmemiz gerekiyor, dedi. Ba\u015fbakan<\/p>\n","protected":false},"author":29,"featured_media":44444,"comment_status":"closed","ping_status":"closed","sticky":false,"template":"","format":"standard","meta":{"advanced_seo_description":"","jetpack_seo_html_title":"","jetpack_seo_noindex":false,"jetpack_seo_schema_type":"","_jetpack_newsletter_access":"","_jetpack_dont_email_post_to_subs":false,"_jetpack_newsletter_tier_id":0,"_jetpack_memberships_contains_paywalled_content":false,"_jetpack_feature_clip_id":0,"_jetpack_memberships_contains_paid_content":false,"footnotes":"","jetpack_post_was_ever_published":false},"categories":[1,4],"tags":[30,2932,2933,604],"class_list":["post-44443","post","type-post","status-publish","format-standard","has-post-thumbnail","hentry","category-haberler","category-siyaset","tag-bulgaristan","tag-makine","tag-oy","tag-secim"],"jetpack_sharing_enabled":true,"jetpack_likes_enabled":true,"jetpack-related-posts":[],"jetpack_shortlink":"https:\/\/wp.me\/pc2PfJ-byP","jetpack_featured_media_url":"https:\/\/i0.wp.com\/www.bghaber.org\/bghaber\/wp-content\/uploads\/2020\/02\/se%C3%A7im-oylama-makinesi.jpg?fit=610%2C343&ssl=1","_links":{"self":[{"href":"https:\/\/www.bghaber.org\/bghaber\/wp-json\/wp\/v2\/posts\/44443","targetHints":{"allow":["GET"]}}],"collection":[{"href":"https:\/\/www.bghaber.org\/bghaber\/wp-json\/wp\/v2\/posts"}],"about":[{"href":"https:\/\/www.bghaber.org\/bghaber\/wp-json\/wp\/v2\/types\/post"}],"author":[{"embeddable":true,"href":"https:\/\/www.bghaber.org\/bghaber\/wp-json\/wp\/v2\/users\/29"}],"replies":[{"embeddable":true,"href":"https:\/\/www.bghaber.org\/bghaber\/wp-json\/wp\/v2\/comments?post=44443"}],"version-history":[{"count":0,"href":"https:\/\/www.bghaber.org\/bghaber\/wp-json\/wp\/v2\/posts\/44443\/revisions"}],"wp:featuredmedia":[{"embeddable":true,"href":"https:\/\/www.bghaber.org\/bghaber\/wp-json\/wp\/v2\/media\/44444"}],"wp:attachment":[{"href":"https:\/\/www.bghaber.org\/bghaber\/wp-json\/wp\/v2\/media?parent=44443"}],"wp:term":[{"taxonomy":"category","embeddable":true,"href":"https:\/\/www.bghaber.org\/bghaber\/wp-json\/wp\/v2\/categories?post=44443"},{"taxonomy":"post_tag","embeddable":true,"href":"https:\/\/www.bghaber.org\/bghaber\/wp-json\/wp\/v2\/tags?post=44443"}],"curies":[{"name":"wp","href":"https:\/\/api.w.org\/{rel}","templated":true}]}}