{"id":44441,"date":"2020-02-18T03:00:04","date_gmt":"2020-02-18T00:00:04","guid":{"rendered":"https:\/\/www.bghaber.org\/bghaber\/?p=44441"},"modified":"2020-02-18T00:31:55","modified_gmt":"2020-02-17T21:31:55","slug":"bulgaristanin-yuzde-23u-normalden-daha-dusuk-gelire-sahip","status":"publish","type":"post","link":"https:\/\/www.bghaber.org\/bghaber\/bulgaristanin-yuzde-23u-normalden-daha-dusuk-gelire-sahip\/","title":{"rendered":"Bulgaristan&#8217;\u0131n y\u00fczde 23\u2019\u00fc normalden daha d\u00fc\u015f\u00fck gelire sahip"},"content":{"rendered":"<p>Sendikalar\u0131n 2019 y\u0131l\u0131n\u0131n\u00a0 son \u00e7eyre\u011fine ait verilelerine g\u00f6re, 2 yeti\u015fkin ve 2 \u00e7ocuktan olu\u015fan 4 ki\u015filik bir\u00a0 hanenin ayl\u0131k ihtiyac\u0131 1287 avroyu buluyor.<\/p>\n<p>4 ki\u015filik bir haneden insan ba\u015f\u0131na gereken \u00a0para 322 avrodur.Ge\u00e7imini sa\u011flamak i\u00e7in, vergilerin d\u00fc\u015f\u00fclmesinden sonraki net \u00fccret, iki yeti\u015fkinin her biri i\u00e7in 644 avrodan az olmamal\u0131d\u0131r.<\/p>\n<p>2019 y\u0131l\u0131n\u0131n \u00fc\u00e7\u00fcnc\u00fc \u00e7eyre\u011fine ili\u015fkin veriler, Bulgaristan&#8217;daki ortalama net \u00fccretin 495 avro veya gerekenden y\u00fczde \u00a023 oran\u0131nda daha d\u00fc\u015f\u00fck oldu\u011funu g\u00f6steriyor. B\u00f6lgelere g\u00f6re gelir e\u015fitsizli\u011fi de devam ediyor.<\/p>\n<p>Ba\u015fkent Sofya, GSY\u0130H\u2019nin y\u00fczde 40,4&#8217;\u00fc, \u00a0Sofya, Varna, Burgas, Stara Zagora ve Plovdiv olmak \u00fczere be\u015f b\u00f6lge ise \u00a0GSY\u0130H&#8217;n\u0131n \u00fc\u00e7te ikisini olu\u015fturuyor.<\/p>\n<p>&nbsp;<\/p>\n<p>BNR<\/p><div id=\"bghab-2778309107\" class=\"bghab-icerik-icine bghab-entity-placement\"><script async src=\"\/\/pagead2.googlesyndication.com\/pagead\/js\/adsbygoogle.js?client=ca-pub-6203283170189293\" crossorigin=\"anonymous\"><\/script><ins class=\"adsbygoogle\" style=\"display:block; text-align:center;\" data-ad-client=\"ca-pub-6203283170189293\" \ndata-ad-slot=\"7303146466\" \ndata-ad-layout=\"in-article\"\ndata-ad-format=\"fluid\" data-full-width-responsive=\"true\"><\/ins>\n<script> \n(adsbygoogle = window.adsbygoogle || []).push({}); \n<\/script>\n<\/div>\n<div id=\"bghab-402000915\" class=\"bghab-yazi-altinda bghab-entity-placement\"><script async src=\"https:\/\/pagead2.googlesyndication.com\/pagead\/js\/adsbygoogle.js\"><\/script>\r\n<!-- bghaber-yaz\u0131-sonu -->\r\n<ins class=\"adsbygoogle\"\r\n     style=\"display:block\"\r\n     data-ad-client=\"ca-pub-6203283170189293\"\r\n     data-ad-slot=\"4222328180\"\r\n     data-ad-format=\"auto\"\r\n     data-full-width-responsive=\"true\"><\/ins>\r\n<script>\r\n     (adsbygoogle = window.adsbygoogle || []).push({});\r\n<\/script><\/div><br style=\"clear: both; display: block; float: none;\"\/>","protected":false},"excerpt":{"rendered":"<p>Sendikalar\u0131n 2019 y\u0131l\u0131n\u0131n\u00a0 son \u00e7eyre\u011fine ait verilelerine g\u00f6re, 2 yeti\u015fkin ve 2 \u00e7ocuktan olu\u015fan 4 ki\u015filik bir\u00a0 hanenin ayl\u0131k ihtiyac\u0131 1287 avroyu buluyor. 4 ki\u015filik<\/p>\n","protected":false},"author":29,"featured_media":27683,"comment_status":"closed","ping_status":"closed","sticky":false,"template":"","format":"standard","meta":{"advanced_seo_description":"","jetpack_seo_html_title":"","jetpack_seo_noindex":false,"jetpack_seo_schema_type":"","_jetpack_newsletter_access":"","_jetpack_dont_email_post_to_subs":false,"_jetpack_newsletter_tier_id":0,"_jetpack_memberships_contains_paywalled_content":false,"_jetpack_feature_clip_id":0,"_jetpack_memberships_contains_paid_content":false,"footnotes":"","jetpack_post_was_ever_published":false},"categories":[5],"tags":[30,2340,1187],"class_list":["post-44441","post","type-post","status-publish","format-standard","has-post-thumbnail","hentry","category-yasam","tag-bulgaristan","tag-fakir","tag-gelir"],"jetpack_sharing_enabled":true,"jetpack_likes_enabled":true,"jetpack-related-posts":[],"jetpack_shortlink":"https:\/\/wp.me\/pc2PfJ-byN","jetpack_featured_media_url":"https:\/\/i0.wp.com\/www.bghaber.org\/bghaber\/wp-content\/uploads\/2018\/02\/leva-para-bulgar.jpg?fit=728%2C416&ssl=1","_links":{"self":[{"href":"https:\/\/www.bghaber.org\/bghaber\/wp-json\/wp\/v2\/posts\/44441","targetHints":{"allow":["GET"]}}],"collection":[{"href":"https:\/\/www.bghaber.org\/bghaber\/wp-json\/wp\/v2\/posts"}],"about":[{"href":"https:\/\/www.bghaber.org\/bghaber\/wp-json\/wp\/v2\/types\/post"}],"author":[{"embeddable":true,"href":"https:\/\/www.bghaber.org\/bghaber\/wp-json\/wp\/v2\/users\/29"}],"replies":[{"embeddable":true,"href":"https:\/\/www.bghaber.org\/bghaber\/wp-json\/wp\/v2\/comments?post=44441"}],"version-history":[{"count":0,"href":"https:\/\/www.bghaber.org\/bghaber\/wp-json\/wp\/v2\/posts\/44441\/revisions"}],"wp:featuredmedia":[{"embeddable":true,"href":"https:\/\/www.bghaber.org\/bghaber\/wp-json\/wp\/v2\/media\/27683"}],"wp:attachment":[{"href":"https:\/\/www.bghaber.org\/bghaber\/wp-json\/wp\/v2\/media?parent=44441"}],"wp:term":[{"taxonomy":"category","embeddable":true,"href":"https:\/\/www.bghaber.org\/bghaber\/wp-json\/wp\/v2\/categories?post=44441"},{"taxonomy":"post_tag","embeddable":true,"href":"https:\/\/www.bghaber.org\/bghaber\/wp-json\/wp\/v2\/tags?post=44441"}],"curies":[{"name":"wp","href":"https:\/\/api.w.org\/{rel}","templated":true}]}}