{"id":44118,"date":"2020-02-04T01:42:31","date_gmt":"2020-02-03T22:42:31","guid":{"rendered":"https:\/\/www.bghaber.org\/bghaber\/?p=44118"},"modified":"2020-02-04T20:50:58","modified_gmt":"2020-02-04T17:50:58","slug":"tc-sofya-buyukelcisi-gorevine-basladi","status":"publish","type":"post","link":"https:\/\/www.bghaber.org\/bghaber\/tc-sofya-buyukelcisi-gorevine-basladi\/","title":{"rendered":"TC Sofya B\u00fcy\u00fckel\u00e7isi g\u00f6revine ba\u015flad\u0131"},"content":{"rendered":"<p><span style=\"font-size: 1rem;\">B\u00fcy\u00fckel\u00e7inin \u00d6zge\u00e7mi\u015fi<\/span><\/p>\n<div class=\"ks-announcement-content\">\n<p><span lang=\"tr\">B\u00fcy\u00fckel\u00e7i Aylin Sekizk\u00f6k 22 Aral\u0131k 1970 tarihinde Amasya\u2019n\u0131n Suluova il\u00e7esinde d\u00fcnyaya gelmi\u015ftir. Ankara\u2019da bulunan Orta Do\u011fu Teknik \u00dcniversitesi\u2019nin Uluslararas\u0131 \u0130li\u015fkiler B\u00f6l\u00fcm\u00fc\u2019nden 1991 y\u0131l\u0131nda mezun olmu\u015f, ayn\u0131 y\u0131l T.C. D\u0131\u015fi\u015fleri Bakanl\u0131\u011f\u0131\u2019na intisap etmi\u015ftir. Evli ve iki \u00e7ocuklu olan B\u00fcy\u00fckel\u00e7i Sekizk\u00f6k, 15 Ocak 2020 tarihinde T\u00fcrkiye Cumhuriyeti\u2019nin Sofya B\u00fcy\u00fckel\u00e7isi olarak g\u00f6revine ba\u015flam\u0131\u015ft\u0131r.<\/span><\/p>\n<p style=\"text-align: center;\"><img data-recalc-dims=\"1\" decoding=\"async\" src=\"https:\/\/i0.wp.com\/edirnesonhaber.com\/wp-content\/uploads\/2019\/09\/Aylin-Sekizko%CC%88k.jpg?w=640&#038;ssl=1\" alt=\"Aylin Sekizk\u00f6k B\u00fcy\u00fckel\u00e7i ile ilgili g\u00f6rsel sonucu&quot;\" \/><br \/>\n<strong>Aylin Sekizk\u00f6k &#8211; Sofya <small>B\u00fcy\u00fckel\u00e7isi<\/small><\/strong><\/p>\n<p><span lang=\"tr\">B\u00fcy\u00fckel\u00e7i Sekizk\u00f6k, Kiev, Stokholm, Berlin ve Amman B\u00fcy\u00fckel\u00e7iliklerinde \u00e7e\u015fitli kademelerde \u00e7al\u0131\u015fm\u0131\u015f, 2011-2015 y\u0131llar\u0131nda T.C. Milano Ba\u015fkonsolosu olarak g\u00f6rev yapm\u0131\u015ft\u0131r. Merkezde, ikili ekonomik ili\u015fkilerden sorumlu dairede, Denizcilik ve Havac\u0131l\u0131k Genel M\u00fcd\u00fcr Yard\u0131mc\u0131l\u0131\u011f\u0131\u2019nda, Siyaset Planlama biriminde ve G\u00fcvenlik ve Ter\u00f6rle M\u00fccadele Genel M\u00fcd\u00fcr Yard\u0131mc\u0131l\u0131\u011f\u0131\u2019nda g\u00f6rev alm\u0131\u015ft\u0131r. Son olarak Sofya\u2019ya atanmadan \u00f6nce, 2015-2019 y\u0131llar\u0131 aras\u0131nda G\u00fcvenlik ve \u0130stihbarat Genel M\u00fcd\u00fcr Yard\u0131mc\u0131s\u0131 olarak \u00e7al\u0131\u015fm\u0131\u015ft\u0131r.<\/span><\/p>\n<p>Al\u0131nt\u0131: http:\/\/sofya.be.mfa.gov.tr\/Mission\/Biography<\/p>\n<\/div>\n<p><strong>Atamalar\u0131 yap\u0131lan b\u00fcy\u00fckel\u00e7i ve daimi temsilciler \u015f\u00f6yle:<\/strong><\/p>\n<p>Haldun Tekneci\u00a0\u2013 Hanoi B\u00fcy\u00fckel\u00e7isi \/ Vietnam<br \/>\nMehmet Metin Eker\u00a0\u2013 \u0130slam \u0130\u015fbirli\u011fi Te\u015fkilat\u0131 (\u0130\u0130T) Nezdinde T\u00fcrkiye Cumhuriyeti Daimi Temsilcisi<br \/>\nTogan Oral\u00a0\u2013 A\u015fkabat B\u00fcy\u00fckel\u00e7isi \/ T\u00fcrkmenistan<br \/>\nMustafa Osman Turan\u00a0\u2013 Dakka B\u00fcy\u00fckel\u00e7isi \/ Banglade\u015f<br \/>\nMahinur \u00d6zdemir G\u00f6kta\u015f\u00a0\u2013 Cezayir B\u00fcy\u00fckel\u00e7isi \/ Cezayir<br \/>\nRakibe Demet \u015eekercio\u011flu\u00a0\u2013 Kolombo B\u00fcy\u00fckel\u00e7isi \/ Sri Lanka<br \/>\nHasan Mehmet Sekizk\u00f6k\u00a0\u2013 \u00dcsk\u00fcp B\u00fcy\u00fckel\u00e7isi \/ Kuzey Makedonya Cumhuriyeti<br \/>\nMustafa \u00d6zcan\u00a0\u2013 Minsk B\u00fcy\u00fckel\u00e7isi \/ Belarus Cumhuriyeti<br \/>\nSuat Hayri Aka\u00a0\u2013 Uluslararas\u0131 Sivil Havac\u0131l\u0131k Te\u015fkilat\u0131 (ICAO) Nezdinde T\u00fcrkiye Cumhuriyeti Daimi Temsilcisi<br \/>\nS\u00fcleyman \u0130nan \u00d6zy\u0131ld\u0131z\u00a0\u2013 Tallin B\u00fcy\u00fckel\u00e7isi \/ Estonya<br \/>\nUfuk Ekici\u00a0\u2013 Nur-Sultan B\u00fcy\u00fckel\u00e7isi \/ Kazakistan Cumhuriyeti<br \/>\n<strong>\u0130smail Aramaz\u00a0\u2013 Amman B\u00fcy\u00fckel\u00e7isi \/ \u00dcrd\u00fcn<\/strong><br \/>\nMehmet Erkan Aytun\u00a0\u2013 Guatemala B\u00fcy\u00fckel\u00e7isi \/ Guatemala Cumhuriyeti<br \/>\n<strong>Hasan Ulusoy\u00a0\u2013 Br\u00fcksel B\u00fcy\u00fckel\u00e7isi \/ Bel\u00e7ika<\/strong><br \/>\n<span style=\"color: #ff0000;\"><strong>Aylin Sekizk\u00f6k\u00a0\u2013 Sofya B\u00fcy\u00fckel\u00e7isi \/ Bulgaristan Cumhuriyeti<\/strong><\/span><br \/>\nNuri Kaya Bakkalba\u015f\u0131\u00a0\u2013 Antananarivo B\u00fcy\u00fckel\u00e7isi \/ Madagaskar Cumhuriyeti<br \/>\nFatma Pihava \u00dcnl\u00fc\u00a0\u2013 San Hose B\u00fcy\u00fckel\u00e7isi \/ Kosta Rika<br \/>\nYe\u015fim Kebap\u00e7\u0131o\u011flu\u00a0\u2013 Santo Domingo B\u00fcy\u00fckel\u00e7isi \/ Dominik Cumhuriyeti<br \/>\nBeng\u00fc Yi\u011fitg\u00fcden\u00a0\u2013 Port of Spain B\u00fcy\u00fckel\u00e7isi \/ Trinidad ve Tobago Cumhuriyeti<br \/>\nTolga Bermek\u00a0\u2013 Banjul B\u00fcy\u00fckel\u00e7isi \/ Gambiya<br \/>\nKemal Kayg\u0131s\u0131z\u00a0\u2013 Encemine B\u00fcy\u00fckel\u00e7isi \/ \u00c7ad Cumhuriyeti<br \/>\nOrhan I\u015f\u0131k\u00a0\u2013 Viyentiyan B\u00fcy\u00fckel\u00e7isi \/ Laos Demokratik Halk Cumhuriyeti<br \/>\nG\u00fclcan Ako\u011fuz\u00a0\u2013 Santiago B\u00fcy\u00fckel\u00e7isi \/ \u015eili<br \/>\nNil\u00fcfer Erdem Kayg\u0131s\u0131z\u00a0\u2013 Librevil B\u00fcy\u00fckel\u00e7isi \/ Gabon Cumhuriyeti<\/p>\n<div id=\"bghab-970146368\" class=\"bghab-yazi-altinda bghab-entity-placement\"><script async src=\"https:\/\/pagead2.googlesyndication.com\/pagead\/js\/adsbygoogle.js\"><\/script>\r\n<!-- bghaber-yaz\u0131-sonu -->\r\n<ins class=\"adsbygoogle\"\r\n     style=\"display:block\"\r\n     data-ad-client=\"ca-pub-6203283170189293\"\r\n     data-ad-slot=\"4222328180\"\r\n     data-ad-format=\"auto\"\r\n     data-full-width-responsive=\"true\"><\/ins>\r\n<script>\r\n     (adsbygoogle = window.adsbygoogle || []).push({});\r\n<\/script><\/div><br style=\"clear: both; display: block; float: none;\"\/>","protected":false},"excerpt":{"rendered":"<p>B\u00fcy\u00fckel\u00e7inin \u00d6zge\u00e7mi\u015fi B\u00fcy\u00fckel\u00e7i Aylin Sekizk\u00f6k 22 Aral\u0131k 1970 tarihinde Amasya\u2019n\u0131n Suluova il\u00e7esinde d\u00fcnyaya gelmi\u015ftir. Ankara\u2019da bulunan Orta Do\u011fu Teknik \u00dcniversitesi\u2019nin Uluslararas\u0131 \u0130li\u015fkiler B\u00f6l\u00fcm\u00fc\u2019nden 1991 y\u0131l\u0131nda<\/p>\n","protected":false},"author":13,"featured_media":44119,"comment_status":"closed","ping_status":"closed","sticky":false,"template":"","format":"standard","meta":{"advanced_seo_description":"","jetpack_seo_html_title":"","jetpack_seo_noindex":false,"jetpack_seo_schema_type":"","_jetpack_newsletter_access":"","_jetpack_dont_email_post_to_subs":false,"_jetpack_newsletter_tier_id":0,"_jetpack_memberships_contains_paywalled_content":false,"_jetpack_feature_clip_id":0,"_jetpack_memberships_contains_paid_content":false,"footnotes":"","jetpack_post_was_ever_published":false},"categories":[1,4],"tags":[2798,30,51],"class_list":["post-44118","post","type-post","status-publish","format-standard","has-post-thumbnail","hentry","category-haberler","category-siyaset","tag-aylin-sekizkok","tag-bulgaristan","tag-sofya"],"jetpack_sharing_enabled":true,"jetpack_likes_enabled":true,"jetpack-related-posts":[],"jetpack_shortlink":"https:\/\/wp.me\/pc2PfJ-btA","jetpack_featured_media_url":"https:\/\/i0.wp.com\/www.bghaber.org\/bghaber\/wp-content\/uploads\/2020\/02\/sofya-Aylin-buyukelci.jpg?fit=925%2C520&ssl=1","_links":{"self":[{"href":"https:\/\/www.bghaber.org\/bghaber\/wp-json\/wp\/v2\/posts\/44118","targetHints":{"allow":["GET"]}}],"collection":[{"href":"https:\/\/www.bghaber.org\/bghaber\/wp-json\/wp\/v2\/posts"}],"about":[{"href":"https:\/\/www.bghaber.org\/bghaber\/wp-json\/wp\/v2\/types\/post"}],"author":[{"embeddable":true,"href":"https:\/\/www.bghaber.org\/bghaber\/wp-json\/wp\/v2\/users\/13"}],"replies":[{"embeddable":true,"href":"https:\/\/www.bghaber.org\/bghaber\/wp-json\/wp\/v2\/comments?post=44118"}],"version-history":[{"count":0,"href":"https:\/\/www.bghaber.org\/bghaber\/wp-json\/wp\/v2\/posts\/44118\/revisions"}],"wp:featuredmedia":[{"embeddable":true,"href":"https:\/\/www.bghaber.org\/bghaber\/wp-json\/wp\/v2\/media\/44119"}],"wp:attachment":[{"href":"https:\/\/www.bghaber.org\/bghaber\/wp-json\/wp\/v2\/media?parent=44118"}],"wp:term":[{"taxonomy":"category","embeddable":true,"href":"https:\/\/www.bghaber.org\/bghaber\/wp-json\/wp\/v2\/categories?post=44118"},{"taxonomy":"post_tag","embeddable":true,"href":"https:\/\/www.bghaber.org\/bghaber\/wp-json\/wp\/v2\/tags?post=44118"}],"curies":[{"name":"wp","href":"https:\/\/api.w.org\/{rel}","templated":true}]}}