{"id":44115,"date":"2020-02-04T01:33:40","date_gmt":"2020-02-03T22:33:40","guid":{"rendered":"https:\/\/www.bghaber.org\/bghaber\/?p=44115"},"modified":"2020-02-04T20:54:34","modified_gmt":"2020-02-04T17:54:34","slug":"bulgaristan-ve-bulgaristan-turkleri-kitabi","status":"publish","type":"post","link":"https:\/\/www.bghaber.org\/bghaber\/bulgaristan-ve-bulgaristan-turkleri-kitabi\/","title":{"rendered":"&#8220;Bulgaristan ve Bulgaristan T\u00fcrkleri 1878-1938&#8221; kitab\u0131"},"content":{"rendered":"<p>Trakya \u00dcniversitesi (T\u00dc)\u00a0Edebiyat Fak\u00fcltesi Tarih B\u00f6l\u00fcm\u00fc T\u00fcrkiye Cumhuriyeti Tarihi Anabilim Dal\u0131\u00a0\u00d6\u011fretim \u00dcyesi\u00a0Do\u00e7. Dr. B\u00fclent Y\u0131ld\u0131r\u0131m&#8217;\u0131n &#8220;Bulgaristan ve Bulgaristan T\u00fcrkleri (1878-1938)&#8221; kitab\u0131 yay\u0131mland\u0131.<\/p>\n<p><a href=\"https:\/\/i0.wp.com\/www.bghaber.org\/bghaber\/wp-content\/uploads\/2020\/02\/y%C4%B1ld%C4%B1r%C4%B1m.jpg?ssl=1\"><img data-recalc-dims=\"1\" loading=\"lazy\" decoding=\"async\" class=\"size-full wp-image-44116 aligncenter\" src=\"https:\/\/i0.wp.com\/www.bghaber.org\/bghaber\/wp-content\/uploads\/2020\/02\/y%C4%B1ld%C4%B1r%C4%B1m.jpg?resize=200%2C200&#038;ssl=1\" alt=\"\" width=\"200\" height=\"200\" srcset=\"https:\/\/i0.wp.com\/www.bghaber.org\/bghaber\/wp-content\/uploads\/2020\/02\/y%C4%B1ld%C4%B1r%C4%B1m.jpg?w=200&amp;ssl=1 200w, https:\/\/i0.wp.com\/www.bghaber.org\/bghaber\/wp-content\/uploads\/2020\/02\/y%C4%B1ld%C4%B1r%C4%B1m.jpg?resize=150%2C150&amp;ssl=1 150w, https:\/\/i0.wp.com\/www.bghaber.org\/bghaber\/wp-content\/uploads\/2020\/02\/y%C4%B1ld%C4%B1r%C4%B1m.jpg?resize=65%2C65&amp;ssl=1 65w\" sizes=\"auto, (max-width: 200px) 100vw, 200px\" \/><\/a><\/p>\n<p>Y\u0131ld\u0131r\u0131m, yapt\u0131\u011f\u0131 yaz\u0131l\u0131 a\u00e7\u0131klamada, kitab\u0131n Bulgaristan T\u00fcrkleri ile ilgili\u00a0makale ve tebli\u011flerden olu\u015fmakla birlikte, kronolojik olarak okuyucunun zihninde bir b\u00fct\u00fcnl\u00fck sa\u011flayaca\u011f\u0131n\u0131 belirtti.<br \/>\nY\u0131ld\u0131r\u0131m, kitab\u0131yla ilgili \u015fu bilgileri aktard\u0131:<br \/>\n&#8220;Balkan Sava\u015flar\u0131 d\u00f6nemini ihtiva eden birinci b\u00f6l\u00fcmde T\u00fcrkiye&#8217;de ilk defa\u00a02010 y\u0131l\u0131nda Bulgaristan Askeri Tarih Ar\u015fivi belgeleri ve T\u00fcrk ar\u015fiv belgeleriyle mukayeseli olarak ortaya konan Balkan Sava\u015flar\u0131nda Bulgar ordusundaki G\u00f6n\u00fcll\u00fc Ta\u015fnak Ermeni B\u00f6l\u00fc\u011f\u00fc ele al\u0131nd\u0131ktan sonra Balkan Sava\u015flar\u0131 s\u0131ras\u0131nda Bulgar ordusunun Rodoplar, Bat\u0131 ve Do\u011fu Trakya&#8217;daki harekatlar\u0131 ile buralarda ya\u015fanan olaylar iki ayr\u0131 ba\u015fl\u0131k halinde incelenmi\u015ftir.&#8221;<br \/>\nY\u0131ld\u0131r\u0131m, \u015funlar\u0131 kaydetti:<br \/>\n&#8220;Eserin ikinci b\u00f6l\u00fcm\u00fcnde ise Atat\u00fcrk d\u00f6neminde Bulgaristan&#8217;daki M\u00fcsl\u00fcman T\u00fcrk az\u0131nl\u0131\u011f\u0131n g\u00f6\u00e7leri, u\u011frad\u0131klar\u0131 bask\u0131lar, suikastlar, T\u00fcrkiye Cumhuriyeti&#8217;nin Bulgaristan T\u00fcrklerinin sorunlar\u0131 ve u\u011frad\u0131klar\u0131 bask\u0131lara kar\u015f\u0131 diplomatik \u00e7abalar\u0131, buradaki T\u00fcrk az\u0131nl\u0131\u011f\u0131n T\u00fcrkiye ile Latin harflerine ge\u00e7i\u015f s\u00fcrecinde T\u00fcrkiye&#8217;nin ayni ve nakdi yard\u0131mlar\u0131 gibi hususlar\u0131 ihtiva eden konular ile ilgili \u00e7al\u0131\u015fmalara yer verilmi\u015ftir.&#8221;<\/p>\n<div id=\"bghab-2379996315\" class=\"bghab-yazi-altinda bghab-entity-placement\"><script async src=\"https:\/\/pagead2.googlesyndication.com\/pagead\/js\/adsbygoogle.js\"><\/script>\r\n<!-- bghaber-yaz\u0131-sonu -->\r\n<ins class=\"adsbygoogle\"\r\n     style=\"display:block\"\r\n     data-ad-client=\"ca-pub-6203283170189293\"\r\n     data-ad-slot=\"4222328180\"\r\n     data-ad-format=\"auto\"\r\n     data-full-width-responsive=\"true\"><\/ins>\r\n<script>\r\n     (adsbygoogle = window.adsbygoogle || []).push({});\r\n<\/script><\/div><br style=\"clear: both; display: block; float: none;\"\/>","protected":false},"excerpt":{"rendered":"<p>Trakya \u00dcniversitesi (T\u00dc)\u00a0Edebiyat Fak\u00fcltesi Tarih B\u00f6l\u00fcm\u00fc T\u00fcrkiye Cumhuriyeti Tarihi Anabilim Dal\u0131\u00a0\u00d6\u011fretim \u00dcyesi\u00a0Do\u00e7. Dr. B\u00fclent Y\u0131ld\u0131r\u0131m&#8217;\u0131n &#8220;Bulgaristan ve Bulgaristan T\u00fcrkleri (1878-1938)&#8221; kitab\u0131 yay\u0131mland\u0131. Y\u0131ld\u0131r\u0131m, yapt\u0131\u011f\u0131 yaz\u0131l\u0131<\/p>\n","protected":false},"author":13,"featured_media":44130,"comment_status":"closed","ping_status":"closed","sticky":false,"template":"","format":"standard","meta":{"advanced_seo_description":"","jetpack_seo_html_title":"","jetpack_seo_noindex":false,"jetpack_seo_schema_type":"","_jetpack_newsletter_access":"","_jetpack_dont_email_post_to_subs":false,"_jetpack_newsletter_tier_id":0,"_jetpack_memberships_contains_paywalled_content":false,"_jetpack_feature_clip_id":0,"_jetpack_memberships_contains_paid_content":false,"footnotes":"","jetpack_post_was_ever_published":false},"categories":[211],"tags":[30,646],"class_list":["post-44115","post","type-post","status-publish","format-standard","has-post-thumbnail","hentry","category-kitap","tag-bulgaristan","tag-bulgaristan-turkleri"],"jetpack_sharing_enabled":true,"jetpack_likes_enabled":true,"jetpack-related-posts":[],"jetpack_shortlink":"https:\/\/wp.me\/pc2PfJ-btx","jetpack_featured_media_url":"https:\/\/i0.wp.com\/www.bghaber.org\/bghaber\/wp-content\/uploads\/2020\/02\/bulgaristan-ve-bulgaristan-t%C3%BCrkleri-1878-1938-kitap.jpg?fit=640%2C638&ssl=1","_links":{"self":[{"href":"https:\/\/www.bghaber.org\/bghaber\/wp-json\/wp\/v2\/posts\/44115","targetHints":{"allow":["GET"]}}],"collection":[{"href":"https:\/\/www.bghaber.org\/bghaber\/wp-json\/wp\/v2\/posts"}],"about":[{"href":"https:\/\/www.bghaber.org\/bghaber\/wp-json\/wp\/v2\/types\/post"}],"author":[{"embeddable":true,"href":"https:\/\/www.bghaber.org\/bghaber\/wp-json\/wp\/v2\/users\/13"}],"replies":[{"embeddable":true,"href":"https:\/\/www.bghaber.org\/bghaber\/wp-json\/wp\/v2\/comments?post=44115"}],"version-history":[{"count":0,"href":"https:\/\/www.bghaber.org\/bghaber\/wp-json\/wp\/v2\/posts\/44115\/revisions"}],"wp:featuredmedia":[{"embeddable":true,"href":"https:\/\/www.bghaber.org\/bghaber\/wp-json\/wp\/v2\/media\/44130"}],"wp:attachment":[{"href":"https:\/\/www.bghaber.org\/bghaber\/wp-json\/wp\/v2\/media?parent=44115"}],"wp:term":[{"taxonomy":"category","embeddable":true,"href":"https:\/\/www.bghaber.org\/bghaber\/wp-json\/wp\/v2\/categories?post=44115"},{"taxonomy":"post_tag","embeddable":true,"href":"https:\/\/www.bghaber.org\/bghaber\/wp-json\/wp\/v2\/tags?post=44115"}],"curies":[{"name":"wp","href":"https:\/\/api.w.org\/{rel}","templated":true}]}}